{"id":1692,"date":"2019-05-17T13:03:34","date_gmt":"2019-05-17T16:03:34","guid":{"rendered":"https:\/\/rotario.com.br\/site\/?p=1692"},"modified":"2019-05-17T13:03:39","modified_gmt":"2019-05-17T16:03:39","slug":"5a-feira-do-livro-de-resende-sera-realizada-em-junho","status":"publish","type":"post","link":"https:\/\/rotario.com.br\/site\/5a-feira-do-livro-de-resende-sera-realizada-em-junho\/","title":{"rendered":"5\u00aa Feira do Livro de Resende ser\u00e1 realizada em junho"},"content":{"rendered":"\n<p>Resende vai sediar entre os dias 06 e 09 de junho, a 5\u00aa\nedi\u00e7\u00e3o da Feira do Livro, a FLIR. O evento vai acontecer na \u00c1rea de Exposi\u00e7\u00f5es\nda cidade.<\/p>\n\n\n\n<p>Este ano, o evento vai homenagear a poeta, jornalista e\nativista social Narcisa Am\u00e1lia, primeira mulher a atuar como jornalista no\nBrasil, sendo conhecida por todo pa\u00eds pelos artigos e prosas em apoio ao fim da\nescravid\u00e3o, al\u00e9m de ser defensora da mulher e de minorias. Uma exposi\u00e7\u00e3o na\nentrada do evento vai mostrar a sua trajet\u00f3ria. &nbsp;Tamb\u00e9m ter\u00e1 uma mesa de conversa sobre a vida\nda poeta, na ocasi\u00e3o, estar\u00e3o presentes o professor Julio Fidelis, economista e\nmestre em hist\u00f3ria social, criador do artigo &#8220;Reflexos de Narcisa &#8211;\nPoetisa das N\u00e9voas&#8221; e representantes do coletivo Nebulosas. O encontro\nser\u00e1 no dia 8 de junho, \u00e0s 13h, no Audit\u00f3rio Liter\u00e1rio FLIR.<\/p>\n\n\n\n<p>A FLIR vai contar ainda com a Caravana da Ci\u00eancia &#8211; Funda\u00e7\u00e3o\nCECIERJ. Trata-se de um centro de ci\u00eancias itinerante que percorre os\nmunic\u00edpios do Estado do Rio de Janeiro. Sua estrutura f\u00edsica \u00e9 composta por:\numa carreta especialmente adaptada (com uma porta palco) com sala de\nexposi\u00e7\u00f5es, tendas, planet\u00e1rio infl\u00e1vel, jogos e experimentos cient\u00edficos interativos.\n&nbsp;O objetivo \u00e9 oferecer ao aluno, aos\nprofessores e \u00e0 popula\u00e7\u00e3o um ambiente de educa\u00e7\u00e3o informal, onde o visitante\ntenha um contato l\u00fadico, direto e din\u00e2mico com a ci\u00eancia. <\/p>\n\n\n\n<p>Dentre os convidados especiais est\u00e3o: Daniel Munduruku, um\ndos primeiros escritores ind\u00edgenas a escrever, para seu povo e para os n\u00e3o\nind\u00edgenas. O Autor de 52 livros para crian\u00e7as, jovens e educadores, vai se\napresentar no dia 06\/06, na 1\u00aa Sess\u00e3o, \u00e0s 10h e na 2\u00aa Sess\u00e3o, \u00e0s 13h30.<\/p>\n\n\n\n<p>O compositor, m\u00fasico e escritor, Cristiano Gouveia, ser\u00e1\noutro destaque do evento, e vai se apresentar no dia 07\/06, na 1\u00aa Sess\u00e3o, \u00e0s\n10h e na 2\u00aa Sess\u00e3o, \u00e0s 14h30.<\/p>\n\n\n\n<p>Outro convidado especial \u00e9 o escritor e roteirista de\nquadrinhos, Felipe Castilho, que participar\u00e1 do evento no dia 09\/06, \u00e0s 15h. A\nprograma\u00e7\u00e3o completa ser\u00e1 divulgada em breve. <\/p>\n","protected":false},"excerpt":{"rendered":"<p>Resende vai sediar entre os dias 06 e 09 de junho, a 5\u00aa edi\u00e7\u00e3o da Feira do Livro, a FLIR. O evento vai acontecer na \u00c1rea de Exposi\u00e7\u00f5es da cidade. Este ano, o evento vai homenagear a poeta, jornalista e ativista social Narcisa Am\u00e1lia, primeira mulher a atuar como jornalista no Brasil, sendo conhecida por [&hellip;]<\/p>\n","protected":false},"author":2,"featured_media":1693,"comment_status":"open","ping_status":"open","sticky":false,"template":"","format":"standard","meta":{"footnotes":""},"categories":[5,90],"tags":[470,472],"class_list":["post-1692","post","type-post","status-publish","format-standard","has-post-thumbnail","hentry","category-agulhas-negras","category-resende","tag-flir","tag-resende"],"yoast_head":"<!-- This site is optimized with the Yoast SEO plugin v26.5 - https:\/\/yoast.com\/wordpress\/plugins\/seo\/ -->\n<title>5\u00aa Feira do Livro de Resende ser\u00e1 realizada em junho - Rota Rio<\/title>\n<meta name=\"robots\" content=\"index, follow, max-snippet:-1, max-image-preview:large, max-video-preview:-1\" \/>\n<link rel=\"canonical\" href=\"https:\/\/rotario.com.br\/site\/5a-feira-do-livro-de-resende-sera-realizada-em-junho\/\" \/>\n<meta property=\"og:locale\" content=\"pt_BR\" \/>\n<meta property=\"og:type\" content=\"article\" \/>\n<meta property=\"og:title\" content=\"5\u00aa Feira do Livro de Resende ser\u00e1 realizada em junho - Rota Rio\" \/>\n<meta property=\"og:description\" content=\"Resende vai sediar entre os dias 06 e 09 de junho, a 5\u00aa edi\u00e7\u00e3o da Feira do Livro, a FLIR. O evento vai acontecer na \u00c1rea de Exposi\u00e7\u00f5es da cidade. Este ano, o evento vai homenagear a poeta, jornalista e ativista social Narcisa Am\u00e1lia, primeira mulher a atuar como jornalista no Brasil, sendo conhecida por [&hellip;]\" \/>\n<meta property=\"og:url\" content=\"https:\/\/rotario.com.br\/site\/5a-feira-do-livro-de-resende-sera-realizada-em-junho\/\" \/>\n<meta property=\"og:site_name\" content=\"Rota Rio\" \/>\n<meta property=\"article:published_time\" content=\"2019-05-17T16:03:34+00:00\" \/>\n<meta property=\"article:modified_time\" content=\"2019-05-17T16:03:39+00:00\" \/>\n<meta property=\"og:image\" content=\"https:\/\/rotario.com.br\/site\/wp-content\/uploads\/2019\/05\/1-36.jpg\" \/>\n\t<meta property=\"og:image:width\" content=\"600\" \/>\n\t<meta property=\"og:image:height\" content=\"367\" \/>\n\t<meta property=\"og:image:type\" content=\"image\/jpeg\" \/>\n<meta name=\"author\" content=\"Galv\u00e3o\" \/>\n<meta name=\"twitter:card\" content=\"summary_large_image\" \/>\n<meta name=\"twitter:label1\" content=\"Escrito por\" \/>\n\t<meta name=\"twitter:data1\" content=\"Galv\u00e3o\" \/>\n\t<meta name=\"twitter:label2\" content=\"Est. tempo de leitura\" \/>\n\t<meta name=\"twitter:data2\" content=\"2 minutos\" \/>\n<script type=\"application\/ld+json\" class=\"yoast-schema-graph\">{\"@context\":\"https:\/\/schema.org\",\"@graph\":[{\"@type\":\"Article\",\"@id\":\"https:\/\/rotario.com.br\/site\/5a-feira-do-livro-de-resende-sera-realizada-em-junho\/#article\",\"isPartOf\":{\"@id\":\"https:\/\/rotario.com.br\/site\/5a-feira-do-livro-de-resende-sera-realizada-em-junho\/\"},\"author\":{\"name\":\"Galv\u00e3o\",\"@id\":\"https:\/\/rotario.com.br\/site\/#\/schema\/person\/fd89bbbf4136f7e8a21e0dd67b8a66c7\"},\"headline\":\"5\u00aa Feira do Livro de Resende ser\u00e1 realizada em junho\",\"datePublished\":\"2019-05-17T16:03:34+00:00\",\"dateModified\":\"2019-05-17T16:03:39+00:00\",\"mainEntityOfPage\":{\"@id\":\"https:\/\/rotario.com.br\/site\/5a-feira-do-livro-de-resende-sera-realizada-em-junho\/\"},\"wordCount\":368,\"commentCount\":0,\"publisher\":{\"@id\":\"https:\/\/rotario.com.br\/site\/#organization\"},\"image\":{\"@id\":\"https:\/\/rotario.com.br\/site\/5a-feira-do-livro-de-resende-sera-realizada-em-junho\/#primaryimage\"},\"thumbnailUrl\":\"https:\/\/rotario.com.br\/site\/wp-content\/uploads\/2019\/05\/1-36.jpg\",\"keywords\":[\"FLIR\",\"Resende\"],\"articleSection\":[\"Agulhas Negras\",\"Resende\"],\"inLanguage\":\"pt-BR\",\"potentialAction\":[{\"@type\":\"CommentAction\",\"name\":\"Comment\",\"target\":[\"https:\/\/rotario.com.br\/site\/5a-feira-do-livro-de-resende-sera-realizada-em-junho\/#respond\"]}]},{\"@type\":\"WebPage\",\"@id\":\"https:\/\/rotario.com.br\/site\/5a-feira-do-livro-de-resende-sera-realizada-em-junho\/\",\"url\":\"https:\/\/rotario.com.br\/site\/5a-feira-do-livro-de-resende-sera-realizada-em-junho\/\",\"name\":\"5\u00aa Feira do Livro de Resende ser\u00e1 realizada em junho - Rota Rio\",\"isPartOf\":{\"@id\":\"https:\/\/rotario.com.br\/site\/#website\"},\"primaryImageOfPage\":{\"@id\":\"https:\/\/rotario.com.br\/site\/5a-feira-do-livro-de-resende-sera-realizada-em-junho\/#primaryimage\"},\"image\":{\"@id\":\"https:\/\/rotario.com.br\/site\/5a-feira-do-livro-de-resende-sera-realizada-em-junho\/#primaryimage\"},\"thumbnailUrl\":\"https:\/\/rotario.com.br\/site\/wp-content\/uploads\/2019\/05\/1-36.jpg\",\"datePublished\":\"2019-05-17T16:03:34+00:00\",\"dateModified\":\"2019-05-17T16:03:39+00:00\",\"breadcrumb\":{\"@id\":\"https:\/\/rotario.com.br\/site\/5a-feira-do-livro-de-resende-sera-realizada-em-junho\/#breadcrumb\"},\"inLanguage\":\"pt-BR\",\"potentialAction\":[{\"@type\":\"ReadAction\",\"target\":[\"https:\/\/rotario.com.br\/site\/5a-feira-do-livro-de-resende-sera-realizada-em-junho\/\"]}]},{\"@type\":\"ImageObject\",\"inLanguage\":\"pt-BR\",\"@id\":\"https:\/\/rotario.com.br\/site\/5a-feira-do-livro-de-resende-sera-realizada-em-junho\/#primaryimage\",\"url\":\"https:\/\/rotario.com.br\/site\/wp-content\/uploads\/2019\/05\/1-36.jpg\",\"contentUrl\":\"https:\/\/rotario.com.br\/site\/wp-content\/uploads\/2019\/05\/1-36.jpg\",\"width\":600,\"height\":367},{\"@type\":\"BreadcrumbList\",\"@id\":\"https:\/\/rotario.com.br\/site\/5a-feira-do-livro-de-resende-sera-realizada-em-junho\/#breadcrumb\",\"itemListElement\":[{\"@type\":\"ListItem\",\"position\":1,\"name\":\"In\u00edcio\",\"item\":\"https:\/\/rotario.com.br\/site\/\"},{\"@type\":\"ListItem\",\"position\":2,\"name\":\"5\u00aa Feira do Livro de Resende ser\u00e1 realizada em junho\"}]},{\"@type\":\"WebSite\",\"@id\":\"https:\/\/rotario.com.br\/site\/#website\",\"url\":\"https:\/\/rotario.com.br\/site\/\",\"name\":\"Rota Rio\",\"description\":\"Aqui, o Rio de Janeiro \u00e9 a pauta!\",\"publisher\":{\"@id\":\"https:\/\/rotario.com.br\/site\/#organization\"},\"potentialAction\":[{\"@type\":\"SearchAction\",\"target\":{\"@type\":\"EntryPoint\",\"urlTemplate\":\"https:\/\/rotario.com.br\/site\/?s={search_term_string}\"},\"query-input\":{\"@type\":\"PropertyValueSpecification\",\"valueRequired\":true,\"valueName\":\"search_term_string\"}}],\"inLanguage\":\"pt-BR\"},{\"@type\":\"Organization\",\"@id\":\"https:\/\/rotario.com.br\/site\/#organization\",\"name\":\"Rota Rio\",\"url\":\"https:\/\/rotario.com.br\/site\/\",\"logo\":{\"@type\":\"ImageObject\",\"inLanguage\":\"pt-BR\",\"@id\":\"https:\/\/rotario.com.br\/site\/#\/schema\/logo\/image\/\",\"url\":\"https:\/\/rotario.com.br\/site\/wp-content\/uploads\/2022\/04\/cropped-ROTARIO-LOGO-Prancheta-1-1-2048x654-1.png\",\"contentUrl\":\"https:\/\/rotario.com.br\/site\/wp-content\/uploads\/2022\/04\/cropped-ROTARIO-LOGO-Prancheta-1-1-2048x654-1.png\",\"width\":2048,\"height\":654,\"caption\":\"Rota Rio\"},\"image\":{\"@id\":\"https:\/\/rotario.com.br\/site\/#\/schema\/logo\/image\/\"}},{\"@type\":\"Person\",\"@id\":\"https:\/\/rotario.com.br\/site\/#\/schema\/person\/fd89bbbf4136f7e8a21e0dd67b8a66c7\",\"name\":\"Galv\u00e3o\",\"url\":\"https:\/\/rotario.com.br\/site\/author\/daniel\/\"}]}<\/script>\n<!-- \/ Yoast SEO plugin. -->","yoast_head_json":{"title":"5\u00aa Feira do Livro de Resende ser\u00e1 realizada em junho - Rota Rio","robots":{"index":"index","follow":"follow","max-snippet":"max-snippet:-1","max-image-preview":"max-image-preview:large","max-video-preview":"max-video-preview:-1"},"canonical":"https:\/\/rotario.com.br\/site\/5a-feira-do-livro-de-resende-sera-realizada-em-junho\/","og_locale":"pt_BR","og_type":"article","og_title":"5\u00aa Feira do Livro de Resende ser\u00e1 realizada em junho - Rota Rio","og_description":"Resende vai sediar entre os dias 06 e 09 de junho, a 5\u00aa edi\u00e7\u00e3o da Feira do Livro, a FLIR. O evento vai acontecer na \u00c1rea de Exposi\u00e7\u00f5es da cidade. Este ano, o evento vai homenagear a poeta, jornalista e ativista social Narcisa Am\u00e1lia, primeira mulher a atuar como jornalista no Brasil, sendo conhecida por [&hellip;]","og_url":"https:\/\/rotario.com.br\/site\/5a-feira-do-livro-de-resende-sera-realizada-em-junho\/","og_site_name":"Rota Rio","article_published_time":"2019-05-17T16:03:34+00:00","article_modified_time":"2019-05-17T16:03:39+00:00","og_image":[{"width":600,"height":367,"url":"https:\/\/rotario.com.br\/site\/wp-content\/uploads\/2019\/05\/1-36.jpg","type":"image\/jpeg"}],"author":"Galv\u00e3o","twitter_card":"summary_large_image","twitter_misc":{"Escrito por":"Galv\u00e3o","Est. tempo de leitura":"2 minutos"},"schema":{"@context":"https:\/\/schema.org","@graph":[{"@type":"Article","@id":"https:\/\/rotario.com.br\/site\/5a-feira-do-livro-de-resende-sera-realizada-em-junho\/#article","isPartOf":{"@id":"https:\/\/rotario.com.br\/site\/5a-feira-do-livro-de-resende-sera-realizada-em-junho\/"},"author":{"name":"Galv\u00e3o","@id":"https:\/\/rotario.com.br\/site\/#\/schema\/person\/fd89bbbf4136f7e8a21e0dd67b8a66c7"},"headline":"5\u00aa Feira do Livro de Resende ser\u00e1 realizada em junho","datePublished":"2019-05-17T16:03:34+00:00","dateModified":"2019-05-17T16:03:39+00:00","mainEntityOfPage":{"@id":"https:\/\/rotario.com.br\/site\/5a-feira-do-livro-de-resende-sera-realizada-em-junho\/"},"wordCount":368,"commentCount":0,"publisher":{"@id":"https:\/\/rotario.com.br\/site\/#organization"},"image":{"@id":"https:\/\/rotario.com.br\/site\/5a-feira-do-livro-de-resende-sera-realizada-em-junho\/#primaryimage"},"thumbnailUrl":"https:\/\/rotario.com.br\/site\/wp-content\/uploads\/2019\/05\/1-36.jpg","keywords":["FLIR","Resende"],"articleSection":["Agulhas Negras","Resende"],"inLanguage":"pt-BR","potentialAction":[{"@type":"CommentAction","name":"Comment","target":["https:\/\/rotario.com.br\/site\/5a-feira-do-livro-de-resende-sera-realizada-em-junho\/#respond"]}]},{"@type":"WebPage","@id":"https:\/\/rotario.com.br\/site\/5a-feira-do-livro-de-resende-sera-realizada-em-junho\/","url":"https:\/\/rotario.com.br\/site\/5a-feira-do-livro-de-resende-sera-realizada-em-junho\/","name":"5\u00aa Feira do Livro de Resende ser\u00e1 realizada em junho - Rota Rio","isPartOf":{"@id":"https:\/\/rotario.com.br\/site\/#website"},"primaryImageOfPage":{"@id":"https:\/\/rotario.com.br\/site\/5a-feira-do-livro-de-resende-sera-realizada-em-junho\/#primaryimage"},"image":{"@id":"https:\/\/rotario.com.br\/site\/5a-feira-do-livro-de-resende-sera-realizada-em-junho\/#primaryimage"},"thumbnailUrl":"https:\/\/rotario.com.br\/site\/wp-content\/uploads\/2019\/05\/1-36.jpg","datePublished":"2019-05-17T16:03:34+00:00","dateModified":"2019-05-17T16:03:39+00:00","breadcrumb":{"@id":"https:\/\/rotario.com.br\/site\/5a-feira-do-livro-de-resende-sera-realizada-em-junho\/#breadcrumb"},"inLanguage":"pt-BR","potentialAction":[{"@type":"ReadAction","target":["https:\/\/rotario.com.br\/site\/5a-feira-do-livro-de-resende-sera-realizada-em-junho\/"]}]},{"@type":"ImageObject","inLanguage":"pt-BR","@id":"https:\/\/rotario.com.br\/site\/5a-feira-do-livro-de-resende-sera-realizada-em-junho\/#primaryimage","url":"https:\/\/rotario.com.br\/site\/wp-content\/uploads\/2019\/05\/1-36.jpg","contentUrl":"https:\/\/rotario.com.br\/site\/wp-content\/uploads\/2019\/05\/1-36.jpg","width":600,"height":367},{"@type":"BreadcrumbList","@id":"https:\/\/rotario.com.br\/site\/5a-feira-do-livro-de-resende-sera-realizada-em-junho\/#breadcrumb","itemListElement":[{"@type":"ListItem","position":1,"name":"In\u00edcio","item":"https:\/\/rotario.com.br\/site\/"},{"@type":"ListItem","position":2,"name":"5\u00aa Feira do Livro de Resende ser\u00e1 realizada em junho"}]},{"@type":"WebSite","@id":"https:\/\/rotario.com.br\/site\/#website","url":"https:\/\/rotario.com.br\/site\/","name":"Rota Rio","description":"Aqui, o Rio de Janeiro \u00e9 a pauta!","publisher":{"@id":"https:\/\/rotario.com.br\/site\/#organization"},"potentialAction":[{"@type":"SearchAction","target":{"@type":"EntryPoint","urlTemplate":"https:\/\/rotario.com.br\/site\/?s={search_term_string}"},"query-input":{"@type":"PropertyValueSpecification","valueRequired":true,"valueName":"search_term_string"}}],"inLanguage":"pt-BR"},{"@type":"Organization","@id":"https:\/\/rotario.com.br\/site\/#organization","name":"Rota Rio","url":"https:\/\/rotario.com.br\/site\/","logo":{"@type":"ImageObject","inLanguage":"pt-BR","@id":"https:\/\/rotario.com.br\/site\/#\/schema\/logo\/image\/","url":"https:\/\/rotario.com.br\/site\/wp-content\/uploads\/2022\/04\/cropped-ROTARIO-LOGO-Prancheta-1-1-2048x654-1.png","contentUrl":"https:\/\/rotario.com.br\/site\/wp-content\/uploads\/2022\/04\/cropped-ROTARIO-LOGO-Prancheta-1-1-2048x654-1.png","width":2048,"height":654,"caption":"Rota Rio"},"image":{"@id":"https:\/\/rotario.com.br\/site\/#\/schema\/logo\/image\/"}},{"@type":"Person","@id":"https:\/\/rotario.com.br\/site\/#\/schema\/person\/fd89bbbf4136f7e8a21e0dd67b8a66c7","name":"Galv\u00e3o","url":"https:\/\/rotario.com.br\/site\/author\/daniel\/"}]}},"_links":{"self":[{"href":"https:\/\/rotario.com.br\/site\/wp-json\/wp\/v2\/posts\/1692","targetHints":{"allow":["GET"]}}],"collection":[{"href":"https:\/\/rotario.com.br\/site\/wp-json\/wp\/v2\/posts"}],"about":[{"href":"https:\/\/rotario.com.br\/site\/wp-json\/wp\/v2\/types\/post"}],"author":[{"embeddable":true,"href":"https:\/\/rotario.com.br\/site\/wp-json\/wp\/v2\/users\/2"}],"replies":[{"embeddable":true,"href":"https:\/\/rotario.com.br\/site\/wp-json\/wp\/v2\/comments?post=1692"}],"version-history":[{"count":0,"href":"https:\/\/rotario.com.br\/site\/wp-json\/wp\/v2\/posts\/1692\/revisions"}],"wp:featuredmedia":[{"embeddable":true,"href":"https:\/\/rotario.com.br\/site\/wp-json\/wp\/v2\/media\/1693"}],"wp:attachment":[{"href":"https:\/\/rotario.com.br\/site\/wp-json\/wp\/v2\/media?parent=1692"}],"wp:term":[{"taxonomy":"category","embeddable":true,"href":"https:\/\/rotario.com.br\/site\/wp-json\/wp\/v2\/categories?post=1692"},{"taxonomy":"post_tag","embeddable":true,"href":"https:\/\/rotario.com.br\/site\/wp-json\/wp\/v2\/tags?post=1692"}],"curies":[{"name":"wp","href":"https:\/\/api.w.org\/{rel}","templated":true}]}}