{"id":33555,"date":"2026-03-03T11:29:59","date_gmt":"2026-03-03T14:29:59","guid":{"rendered":"https:\/\/rotario.com.br\/site\/?p=33555"},"modified":"2026-03-03T11:30:13","modified_gmt":"2026-03-03T14:30:13","slug":"acao-da-pm-em-macae-prende-homem-e-detem-adolescente-de-14-anos-por-trafico","status":"publish","type":"post","link":"https:\/\/rotario.com.br\/site\/acao-da-pm-em-macae-prende-homem-e-detem-adolescente-de-14-anos-por-trafico\/","title":{"rendered":"A\u00e7\u00e3o da PM em Maca\u00e9 prende homem e det\u00e9m adolescente de 14 anos por tr\u00e1fico"},"content":{"rendered":"\n<p>Duas pessoas foram detidas por envolvimento com o tr\u00e1fico de drogas em a\u00e7\u00e3o realizada pelo 32\u00ba Batalh\u00e3o da Pol\u00edcia Militar (32\u00ba BPM) nesse fim de semana, na Comunidade da Linha, no bairro Alto dos Cajueiros, em Maca\u00e9.<\/p>\n\n\n\n<p>De acordo com a PM, os agentes teriam entrado na comunidade de maneira estrat\u00e9gica, identificando a atua\u00e7\u00e3o de duas pessoas, que tentaram fugir ao perceber a aproxima\u00e7\u00e3o policial, usando uma motocicleta sem placa.<\/p>\n\n\n\n<p>Em a\u00e7\u00e3o r\u00e1pida, os policiais conseguiram interceptar e capturar os suspeitos, sendo 1 homem de 25 anos e 1 adolescente de 14 anos, que estava na garupa da moto Honda Sahara 300 cilindradas (cc) vermelha.<\/p>\n\n\n\n<p>Com o adolescente, os agentes apreenderam 52 c\u00e1psulas de coca\u00edna, 137 pedras de crack, 48 sacol\u00e9s de maconha, 18 por\u00e7\u00f5es de haxixe, e 8 por\u00e7\u00f5es de ice, al\u00e9m de 10 reais em dinheiro e 2 telefones celulares.<\/p>\n\n\n\n<p>Segundo a PM, o homem tinha ficha criminal com uma anota\u00e7\u00e3o por desobedi\u00eancia, como \u00e9 chamado o crime de desobedecer a ordem legal de funcion\u00e1rio p\u00fablico, cuja pena varia de 15 dias a 6 meses de pris\u00e3o, al\u00e9m de multa.<\/p>\n\n\n\n<p>Os 2 foram levados, juntamente com todo o material apreendido, incluindo a moto, para a 128\u00aa Delegacia de Pol\u00edcia Civil (128\u00aa DP), de Rio das Ostras, onde o homem foi preso pelos crimes de tr\u00e1fico de drogas e associa\u00e7\u00e3o para o tr\u00e1fico, enquanto o adolescente foi apreendido por fato an\u00e1logos aos mesmos crimes.<\/p>\n","protected":false},"excerpt":{"rendered":"<p>Duas pessoas foram detidas por envolvimento com o tr\u00e1fico de drogas em a\u00e7\u00e3o realizada pelo 32\u00ba Batalh\u00e3o da Pol\u00edcia Militar (32\u00ba BPM) nesse fim de semana, na Comunidade da Linha, no bairro Alto dos Cajueiros, em Maca\u00e9. De acordo com a PM, os agentes teriam entrado na comunidade de maneira estrat\u00e9gica, identificando a atua\u00e7\u00e3o de [&hellip;]<\/p>\n","protected":false},"author":2,"featured_media":33556,"comment_status":"open","ping_status":"closed","sticky":false,"template":"","format":"standard","meta":{"footnotes":""},"categories":[1160],"tags":[],"class_list":["post-33555","post","type-post","status-publish","format-standard","has-post-thumbnail","hentry","category-policia"],"yoast_head":"<!-- This site is optimized with the Yoast SEO plugin v26.5 - https:\/\/yoast.com\/wordpress\/plugins\/seo\/ -->\n<title>A\u00e7\u00e3o da PM em Maca\u00e9 prende homem e det\u00e9m adolescente de 14 anos por tr\u00e1fico - Rota Rio<\/title>\n<meta name=\"robots\" content=\"index, follow, max-snippet:-1, max-image-preview:large, max-video-preview:-1\" \/>\n<link rel=\"canonical\" href=\"https:\/\/rotario.com.br\/site\/acao-da-pm-em-macae-prende-homem-e-detem-adolescente-de-14-anos-por-trafico\/\" \/>\n<meta property=\"og:locale\" content=\"pt_BR\" \/>\n<meta property=\"og:type\" content=\"article\" \/>\n<meta property=\"og:title\" content=\"A\u00e7\u00e3o da PM em Maca\u00e9 prende homem e det\u00e9m adolescente de 14 anos por tr\u00e1fico - Rota Rio\" \/>\n<meta property=\"og:description\" content=\"Duas pessoas foram detidas por envolvimento com o tr\u00e1fico de drogas em a\u00e7\u00e3o realizada pelo 32\u00ba Batalh\u00e3o da Pol\u00edcia Militar (32\u00ba BPM) nesse fim de semana, na Comunidade da Linha, no bairro Alto dos Cajueiros, em Maca\u00e9. De acordo com a PM, os agentes teriam entrado na comunidade de maneira estrat\u00e9gica, identificando a atua\u00e7\u00e3o de [&hellip;]\" \/>\n<meta property=\"og:url\" content=\"https:\/\/rotario.com.br\/site\/acao-da-pm-em-macae-prende-homem-e-detem-adolescente-de-14-anos-por-trafico\/\" \/>\n<meta property=\"og:site_name\" content=\"Rota Rio\" \/>\n<meta property=\"article:published_time\" content=\"2026-03-03T14:29:59+00:00\" \/>\n<meta property=\"article:modified_time\" content=\"2026-03-03T14:30:13+00:00\" \/>\n<meta property=\"og:image\" content=\"https:\/\/rotario.com.br\/site\/wp-content\/uploads\/2026\/03\/WhatsApp-Image-2026-03-03-at-10.01.08.jpeg\" \/>\n\t<meta property=\"og:image:width\" content=\"800\" \/>\n\t<meta property=\"og:image:height\" content=\"600\" \/>\n\t<meta property=\"og:image:type\" content=\"image\/jpeg\" \/>\n<meta name=\"author\" content=\"Galv\u00e3o\" \/>\n<meta name=\"twitter:card\" content=\"summary_large_image\" \/>\n<meta name=\"twitter:label1\" content=\"Escrito por\" \/>\n\t<meta name=\"twitter:data1\" content=\"Galv\u00e3o\" \/>\n\t<meta name=\"twitter:label2\" content=\"Est. tempo de leitura\" \/>\n\t<meta name=\"twitter:data2\" content=\"2 minutos\" \/>\n<script type=\"application\/ld+json\" class=\"yoast-schema-graph\">{\"@context\":\"https:\/\/schema.org\",\"@graph\":[{\"@type\":\"Article\",\"@id\":\"https:\/\/rotario.com.br\/site\/acao-da-pm-em-macae-prende-homem-e-detem-adolescente-de-14-anos-por-trafico\/#article\",\"isPartOf\":{\"@id\":\"https:\/\/rotario.com.br\/site\/acao-da-pm-em-macae-prende-homem-e-detem-adolescente-de-14-anos-por-trafico\/\"},\"author\":{\"name\":\"Galv\u00e3o\",\"@id\":\"https:\/\/rotario.com.br\/site\/#\/schema\/person\/fd89bbbf4136f7e8a21e0dd67b8a66c7\"},\"headline\":\"A\u00e7\u00e3o da PM em Maca\u00e9 prende homem e det\u00e9m adolescente de 14 anos por tr\u00e1fico\",\"datePublished\":\"2026-03-03T14:29:59+00:00\",\"dateModified\":\"2026-03-03T14:30:13+00:00\",\"mainEntityOfPage\":{\"@id\":\"https:\/\/rotario.com.br\/site\/acao-da-pm-em-macae-prende-homem-e-detem-adolescente-de-14-anos-por-trafico\/\"},\"wordCount\":258,\"commentCount\":0,\"publisher\":{\"@id\":\"https:\/\/rotario.com.br\/site\/#organization\"},\"image\":{\"@id\":\"https:\/\/rotario.com.br\/site\/acao-da-pm-em-macae-prende-homem-e-detem-adolescente-de-14-anos-por-trafico\/#primaryimage\"},\"thumbnailUrl\":\"https:\/\/rotario.com.br\/site\/wp-content\/uploads\/2026\/03\/WhatsApp-Image-2026-03-03-at-10.01.08.jpeg\",\"articleSection\":[\"Pol\u00edcia\"],\"inLanguage\":\"pt-BR\",\"potentialAction\":[{\"@type\":\"CommentAction\",\"name\":\"Comment\",\"target\":[\"https:\/\/rotario.com.br\/site\/acao-da-pm-em-macae-prende-homem-e-detem-adolescente-de-14-anos-por-trafico\/#respond\"]}]},{\"@type\":\"WebPage\",\"@id\":\"https:\/\/rotario.com.br\/site\/acao-da-pm-em-macae-prende-homem-e-detem-adolescente-de-14-anos-por-trafico\/\",\"url\":\"https:\/\/rotario.com.br\/site\/acao-da-pm-em-macae-prende-homem-e-detem-adolescente-de-14-anos-por-trafico\/\",\"name\":\"A\u00e7\u00e3o da PM em Maca\u00e9 prende homem e det\u00e9m adolescente de 14 anos por tr\u00e1fico - Rota Rio\",\"isPartOf\":{\"@id\":\"https:\/\/rotario.com.br\/site\/#website\"},\"primaryImageOfPage\":{\"@id\":\"https:\/\/rotario.com.br\/site\/acao-da-pm-em-macae-prende-homem-e-detem-adolescente-de-14-anos-por-trafico\/#primaryimage\"},\"image\":{\"@id\":\"https:\/\/rotario.com.br\/site\/acao-da-pm-em-macae-prende-homem-e-detem-adolescente-de-14-anos-por-trafico\/#primaryimage\"},\"thumbnailUrl\":\"https:\/\/rotario.com.br\/site\/wp-content\/uploads\/2026\/03\/WhatsApp-Image-2026-03-03-at-10.01.08.jpeg\",\"datePublished\":\"2026-03-03T14:29:59+00:00\",\"dateModified\":\"2026-03-03T14:30:13+00:00\",\"breadcrumb\":{\"@id\":\"https:\/\/rotario.com.br\/site\/acao-da-pm-em-macae-prende-homem-e-detem-adolescente-de-14-anos-por-trafico\/#breadcrumb\"},\"inLanguage\":\"pt-BR\",\"potentialAction\":[{\"@type\":\"ReadAction\",\"target\":[\"https:\/\/rotario.com.br\/site\/acao-da-pm-em-macae-prende-homem-e-detem-adolescente-de-14-anos-por-trafico\/\"]}]},{\"@type\":\"ImageObject\",\"inLanguage\":\"pt-BR\",\"@id\":\"https:\/\/rotario.com.br\/site\/acao-da-pm-em-macae-prende-homem-e-detem-adolescente-de-14-anos-por-trafico\/#primaryimage\",\"url\":\"https:\/\/rotario.com.br\/site\/wp-content\/uploads\/2026\/03\/WhatsApp-Image-2026-03-03-at-10.01.08.jpeg\",\"contentUrl\":\"https:\/\/rotario.com.br\/site\/wp-content\/uploads\/2026\/03\/WhatsApp-Image-2026-03-03-at-10.01.08.jpeg\",\"width\":800,\"height\":600},{\"@type\":\"BreadcrumbList\",\"@id\":\"https:\/\/rotario.com.br\/site\/acao-da-pm-em-macae-prende-homem-e-detem-adolescente-de-14-anos-por-trafico\/#breadcrumb\",\"itemListElement\":[{\"@type\":\"ListItem\",\"position\":1,\"name\":\"In\u00edcio\",\"item\":\"https:\/\/rotario.com.br\/site\/\"},{\"@type\":\"ListItem\",\"position\":2,\"name\":\"A\u00e7\u00e3o da PM em Maca\u00e9 prende homem e det\u00e9m adolescente de 14 anos por tr\u00e1fico\"}]},{\"@type\":\"WebSite\",\"@id\":\"https:\/\/rotario.com.br\/site\/#website\",\"url\":\"https:\/\/rotario.com.br\/site\/\",\"name\":\"Rota Rio\",\"description\":\"Aqui, o Rio de Janeiro \u00e9 a pauta!\",\"publisher\":{\"@id\":\"https:\/\/rotario.com.br\/site\/#organization\"},\"potentialAction\":[{\"@type\":\"SearchAction\",\"target\":{\"@type\":\"EntryPoint\",\"urlTemplate\":\"https:\/\/rotario.com.br\/site\/?s={search_term_string}\"},\"query-input\":{\"@type\":\"PropertyValueSpecification\",\"valueRequired\":true,\"valueName\":\"search_term_string\"}}],\"inLanguage\":\"pt-BR\"},{\"@type\":\"Organization\",\"@id\":\"https:\/\/rotario.com.br\/site\/#organization\",\"name\":\"Rota Rio\",\"url\":\"https:\/\/rotario.com.br\/site\/\",\"logo\":{\"@type\":\"ImageObject\",\"inLanguage\":\"pt-BR\",\"@id\":\"https:\/\/rotario.com.br\/site\/#\/schema\/logo\/image\/\",\"url\":\"https:\/\/rotario.com.br\/site\/wp-content\/uploads\/2022\/04\/cropped-ROTARIO-LOGO-Prancheta-1-1-2048x654-1.png\",\"contentUrl\":\"https:\/\/rotario.com.br\/site\/wp-content\/uploads\/2022\/04\/cropped-ROTARIO-LOGO-Prancheta-1-1-2048x654-1.png\",\"width\":2048,\"height\":654,\"caption\":\"Rota Rio\"},\"image\":{\"@id\":\"https:\/\/rotario.com.br\/site\/#\/schema\/logo\/image\/\"}},{\"@type\":\"Person\",\"@id\":\"https:\/\/rotario.com.br\/site\/#\/schema\/person\/fd89bbbf4136f7e8a21e0dd67b8a66c7\",\"name\":\"Galv\u00e3o\",\"url\":\"https:\/\/rotario.com.br\/site\/author\/daniel\/\"}]}<\/script>\n<!-- \/ Yoast SEO plugin. -->","yoast_head_json":{"title":"A\u00e7\u00e3o da PM em Maca\u00e9 prende homem e det\u00e9m adolescente de 14 anos por tr\u00e1fico - Rota Rio","robots":{"index":"index","follow":"follow","max-snippet":"max-snippet:-1","max-image-preview":"max-image-preview:large","max-video-preview":"max-video-preview:-1"},"canonical":"https:\/\/rotario.com.br\/site\/acao-da-pm-em-macae-prende-homem-e-detem-adolescente-de-14-anos-por-trafico\/","og_locale":"pt_BR","og_type":"article","og_title":"A\u00e7\u00e3o da PM em Maca\u00e9 prende homem e det\u00e9m adolescente de 14 anos por tr\u00e1fico - Rota Rio","og_description":"Duas pessoas foram detidas por envolvimento com o tr\u00e1fico de drogas em a\u00e7\u00e3o realizada pelo 32\u00ba Batalh\u00e3o da Pol\u00edcia Militar (32\u00ba BPM) nesse fim de semana, na Comunidade da Linha, no bairro Alto dos Cajueiros, em Maca\u00e9. De acordo com a PM, os agentes teriam entrado na comunidade de maneira estrat\u00e9gica, identificando a atua\u00e7\u00e3o de [&hellip;]","og_url":"https:\/\/rotario.com.br\/site\/acao-da-pm-em-macae-prende-homem-e-detem-adolescente-de-14-anos-por-trafico\/","og_site_name":"Rota Rio","article_published_time":"2026-03-03T14:29:59+00:00","article_modified_time":"2026-03-03T14:30:13+00:00","og_image":[{"width":800,"height":600,"url":"https:\/\/rotario.com.br\/site\/wp-content\/uploads\/2026\/03\/WhatsApp-Image-2026-03-03-at-10.01.08.jpeg","type":"image\/jpeg"}],"author":"Galv\u00e3o","twitter_card":"summary_large_image","twitter_misc":{"Escrito por":"Galv\u00e3o","Est. tempo de leitura":"2 minutos"},"schema":{"@context":"https:\/\/schema.org","@graph":[{"@type":"Article","@id":"https:\/\/rotario.com.br\/site\/acao-da-pm-em-macae-prende-homem-e-detem-adolescente-de-14-anos-por-trafico\/#article","isPartOf":{"@id":"https:\/\/rotario.com.br\/site\/acao-da-pm-em-macae-prende-homem-e-detem-adolescente-de-14-anos-por-trafico\/"},"author":{"name":"Galv\u00e3o","@id":"https:\/\/rotario.com.br\/site\/#\/schema\/person\/fd89bbbf4136f7e8a21e0dd67b8a66c7"},"headline":"A\u00e7\u00e3o da PM em Maca\u00e9 prende homem e det\u00e9m adolescente de 14 anos por tr\u00e1fico","datePublished":"2026-03-03T14:29:59+00:00","dateModified":"2026-03-03T14:30:13+00:00","mainEntityOfPage":{"@id":"https:\/\/rotario.com.br\/site\/acao-da-pm-em-macae-prende-homem-e-detem-adolescente-de-14-anos-por-trafico\/"},"wordCount":258,"commentCount":0,"publisher":{"@id":"https:\/\/rotario.com.br\/site\/#organization"},"image":{"@id":"https:\/\/rotario.com.br\/site\/acao-da-pm-em-macae-prende-homem-e-detem-adolescente-de-14-anos-por-trafico\/#primaryimage"},"thumbnailUrl":"https:\/\/rotario.com.br\/site\/wp-content\/uploads\/2026\/03\/WhatsApp-Image-2026-03-03-at-10.01.08.jpeg","articleSection":["Pol\u00edcia"],"inLanguage":"pt-BR","potentialAction":[{"@type":"CommentAction","name":"Comment","target":["https:\/\/rotario.com.br\/site\/acao-da-pm-em-macae-prende-homem-e-detem-adolescente-de-14-anos-por-trafico\/#respond"]}]},{"@type":"WebPage","@id":"https:\/\/rotario.com.br\/site\/acao-da-pm-em-macae-prende-homem-e-detem-adolescente-de-14-anos-por-trafico\/","url":"https:\/\/rotario.com.br\/site\/acao-da-pm-em-macae-prende-homem-e-detem-adolescente-de-14-anos-por-trafico\/","name":"A\u00e7\u00e3o da PM em Maca\u00e9 prende homem e det\u00e9m adolescente de 14 anos por tr\u00e1fico - Rota Rio","isPartOf":{"@id":"https:\/\/rotario.com.br\/site\/#website"},"primaryImageOfPage":{"@id":"https:\/\/rotario.com.br\/site\/acao-da-pm-em-macae-prende-homem-e-detem-adolescente-de-14-anos-por-trafico\/#primaryimage"},"image":{"@id":"https:\/\/rotario.com.br\/site\/acao-da-pm-em-macae-prende-homem-e-detem-adolescente-de-14-anos-por-trafico\/#primaryimage"},"thumbnailUrl":"https:\/\/rotario.com.br\/site\/wp-content\/uploads\/2026\/03\/WhatsApp-Image-2026-03-03-at-10.01.08.jpeg","datePublished":"2026-03-03T14:29:59+00:00","dateModified":"2026-03-03T14:30:13+00:00","breadcrumb":{"@id":"https:\/\/rotario.com.br\/site\/acao-da-pm-em-macae-prende-homem-e-detem-adolescente-de-14-anos-por-trafico\/#breadcrumb"},"inLanguage":"pt-BR","potentialAction":[{"@type":"ReadAction","target":["https:\/\/rotario.com.br\/site\/acao-da-pm-em-macae-prende-homem-e-detem-adolescente-de-14-anos-por-trafico\/"]}]},{"@type":"ImageObject","inLanguage":"pt-BR","@id":"https:\/\/rotario.com.br\/site\/acao-da-pm-em-macae-prende-homem-e-detem-adolescente-de-14-anos-por-trafico\/#primaryimage","url":"https:\/\/rotario.com.br\/site\/wp-content\/uploads\/2026\/03\/WhatsApp-Image-2026-03-03-at-10.01.08.jpeg","contentUrl":"https:\/\/rotario.com.br\/site\/wp-content\/uploads\/2026\/03\/WhatsApp-Image-2026-03-03-at-10.01.08.jpeg","width":800,"height":600},{"@type":"BreadcrumbList","@id":"https:\/\/rotario.com.br\/site\/acao-da-pm-em-macae-prende-homem-e-detem-adolescente-de-14-anos-por-trafico\/#breadcrumb","itemListElement":[{"@type":"ListItem","position":1,"name":"In\u00edcio","item":"https:\/\/rotario.com.br\/site\/"},{"@type":"ListItem","position":2,"name":"A\u00e7\u00e3o da PM em Maca\u00e9 prende homem e det\u00e9m adolescente de 14 anos por tr\u00e1fico"}]},{"@type":"WebSite","@id":"https:\/\/rotario.com.br\/site\/#website","url":"https:\/\/rotario.com.br\/site\/","name":"Rota Rio","description":"Aqui, o Rio de Janeiro \u00e9 a pauta!","publisher":{"@id":"https:\/\/rotario.com.br\/site\/#organization"},"potentialAction":[{"@type":"SearchAction","target":{"@type":"EntryPoint","urlTemplate":"https:\/\/rotario.com.br\/site\/?s={search_term_string}"},"query-input":{"@type":"PropertyValueSpecification","valueRequired":true,"valueName":"search_term_string"}}],"inLanguage":"pt-BR"},{"@type":"Organization","@id":"https:\/\/rotario.com.br\/site\/#organization","name":"Rota Rio","url":"https:\/\/rotario.com.br\/site\/","logo":{"@type":"ImageObject","inLanguage":"pt-BR","@id":"https:\/\/rotario.com.br\/site\/#\/schema\/logo\/image\/","url":"https:\/\/rotario.com.br\/site\/wp-content\/uploads\/2022\/04\/cropped-ROTARIO-LOGO-Prancheta-1-1-2048x654-1.png","contentUrl":"https:\/\/rotario.com.br\/site\/wp-content\/uploads\/2022\/04\/cropped-ROTARIO-LOGO-Prancheta-1-1-2048x654-1.png","width":2048,"height":654,"caption":"Rota Rio"},"image":{"@id":"https:\/\/rotario.com.br\/site\/#\/schema\/logo\/image\/"}},{"@type":"Person","@id":"https:\/\/rotario.com.br\/site\/#\/schema\/person\/fd89bbbf4136f7e8a21e0dd67b8a66c7","name":"Galv\u00e3o","url":"https:\/\/rotario.com.br\/site\/author\/daniel\/"}]}},"_links":{"self":[{"href":"https:\/\/rotario.com.br\/site\/wp-json\/wp\/v2\/posts\/33555","targetHints":{"allow":["GET"]}}],"collection":[{"href":"https:\/\/rotario.com.br\/site\/wp-json\/wp\/v2\/posts"}],"about":[{"href":"https:\/\/rotario.com.br\/site\/wp-json\/wp\/v2\/types\/post"}],"author":[{"embeddable":true,"href":"https:\/\/rotario.com.br\/site\/wp-json\/wp\/v2\/users\/2"}],"replies":[{"embeddable":true,"href":"https:\/\/rotario.com.br\/site\/wp-json\/wp\/v2\/comments?post=33555"}],"version-history":[{"count":1,"href":"https:\/\/rotario.com.br\/site\/wp-json\/wp\/v2\/posts\/33555\/revisions"}],"predecessor-version":[{"id":33557,"href":"https:\/\/rotario.com.br\/site\/wp-json\/wp\/v2\/posts\/33555\/revisions\/33557"}],"wp:featuredmedia":[{"embeddable":true,"href":"https:\/\/rotario.com.br\/site\/wp-json\/wp\/v2\/media\/33556"}],"wp:attachment":[{"href":"https:\/\/rotario.com.br\/site\/wp-json\/wp\/v2\/media?parent=33555"}],"wp:term":[{"taxonomy":"category","embeddable":true,"href":"https:\/\/rotario.com.br\/site\/wp-json\/wp\/v2\/categories?post=33555"},{"taxonomy":"post_tag","embeddable":true,"href":"https:\/\/rotario.com.br\/site\/wp-json\/wp\/v2\/tags?post=33555"}],"curies":[{"name":"wp","href":"https:\/\/api.w.org\/{rel}","templated":true}]}}