{"id":33591,"date":"2026-03-03T17:39:26","date_gmt":"2026-03-03T20:39:26","guid":{"rendered":"https:\/\/rotario.com.br\/site\/?p=33591"},"modified":"2026-03-03T17:39:32","modified_gmt":"2026-03-03T20:39:32","slug":"representantes-do-governo-federal-se-reunem-com-a-prefeitura-para-planejar-acoes-em-rio-das-ostras","status":"publish","type":"post","link":"https:\/\/rotario.com.br\/site\/representantes-do-governo-federal-se-reunem-com-a-prefeitura-para-planejar-acoes-em-rio-das-ostras\/","title":{"rendered":"Representantes do governo federal se re\u00fanem com a prefeitura para planejar a\u00e7\u00f5es em Rio das Ostras"},"content":{"rendered":"\n<p>A cidade de Rio das Ostras recebeu, nessa semana, a visita da deputada federal Daniela do Waguinho (UNI\u00c3O-RJ), que veio acompanhar de perto a situa\u00e7\u00e3o dos estragos provocados pelas chuvas que ca\u00edram no munic\u00edpio na \u00faltima semana.<\/p>\n\n\n\n<p>Durante a visita, a congressista, que esteve acompanhada do t\u00e9cnico do Minist\u00e9rio da Integra\u00e7\u00e3o e Desenvolvimento Regional, Leonardo Ferreira, e do prefeito Carlos Augusto (PL), conheceu a realidade de v\u00e1rios bairros e localidades da cidade.<\/p>\n\n\n\n<p>\u201c\u00c9 uma satisfa\u00e7\u00e3o muito grande ter a presen\u00e7a da deputada Daniela Carneiro, nossa querida Daniela do Waguinho, que sempre se fez presente aqui em Rio das Ostras, mas hoje \u00e9 um momento muito importante porque na nossa dor, na dor de nossa cidade; hoje \u00e9 o 4\u00ba dia ap\u00f3s esse fen\u00f4meno clim\u00e1tico que atingiu a mais de 100 mil habitantes da nossa cidade. Mas hoje, com a vinda do Leonardo Ferreira, que \u00e9 analista do Minist\u00e9rio da Integra\u00e7\u00e3o, junto com a Defesa Civil do Estado do Rio de Janeiro, estamos unindo esfor\u00e7os para que o governo federal tenha uma atua\u00e7\u00e3o que minimize o sofrimento e as perdas daqueles que foram atingidos por essa chuva\u201d, contou Carlos Augusto.<\/p>\n\n\n\n<p>Al\u00e9m da visita a diversos bairros atingidos pelas chuvas, a agenda com a deputada federal de Campos dos Goytacazes contou com reuni\u00f5es com a presen\u00e7a de representantes da prefeitura e da Secretaria Estadual de Defesa Civil do Rio.<\/p>\n\n\n\n<p>Em pauta, foram discutidas medidas e a\u00e7\u00f5es emergenciais, al\u00e9m de investimentos e planejamento para que a cidad\u00e3 consiga lidar com os impactos provocados pelos temporais que deixaram bairros alagados e fam\u00edlias desabrigadas ou desalojadas.<\/p>\n\n\n\n<p>\u201cEstamos aqui no Serramar, estamos visitando v\u00e1rias \u00e1reas do munic\u00edpio de Rio das Ostras. Fizemos algumas reuni\u00f5es indicando para a prefeitura as a\u00e7\u00f5es de resposta, assist\u00eancia humanit\u00e1ria, restabelecimento e reconstru\u00e7\u00e3o, que possivelmente o Minist\u00e9rio da Integra\u00e7\u00e3o e Desenvolvimento Regional, em nome do governo federal, poder\u00e1 auxiliar a prefeitura nesse momento t\u00e3o dif\u00edcil que voc\u00eas est\u00e3o passando\u201d, explicou Leonardo Ferreira, representante do Minist\u00e9rio da Integra\u00e7\u00e3o e do Desenvolvimento Regional.<\/p>\n\n\n\n<p>Desde o in\u00edcio dessa semana, ap\u00f3s o fim das chuvas, Rio das Ostras tem recebido diversas a\u00e7\u00f5es, em parceria com a Defesa Civil do Estado, e at\u00e9 com o Ex\u00e9rcito, para prestar atendimento \u00e0s fam\u00edlias de \u00e1reas mais atingidas pelas chuvas.<\/p>\n\n\n\n<p>De acordo com a prefeitura, as parcerias com o Ex\u00e9rcito e com o Governo do Estado v\u00eam possibilitando que donativos e insumos cheguem at\u00e9 \u00e0 popula\u00e7\u00e3o, como \u00e1gua, cestas b\u00e1sicas e colch\u00f5es, al\u00e9m de kit de limpeza, de higiene e dormit\u00f3rio.<\/p>\n\n\n\n<p>\u201cA prefeitura segue adentrando nas \u00e1reas com acessos comprometidos a fim de garantir o atendimento a todos os moradores que precisam de ajuda humanit\u00e1ria. As equipes trabalham em regime de mutir\u00e3o e de forma ininterrupta at\u00e9 que a situa\u00e7\u00e3o em todo o munic\u00edpio seja normalizada\u201d, completou o governo municipal.<\/p>\n","protected":false},"excerpt":{"rendered":"<p>A cidade de Rio das Ostras recebeu, nessa semana, a visita da deputada federal Daniela do Waguinho (UNI\u00c3O-RJ), que veio acompanhar de perto a situa\u00e7\u00e3o dos estragos provocados pelas chuvas que ca\u00edram no munic\u00edpio na \u00faltima semana. Durante a visita, a congressista, que esteve acompanhada do t\u00e9cnico do Minist\u00e9rio da Integra\u00e7\u00e3o e Desenvolvimento Regional, Leonardo [&hellip;]<\/p>\n","protected":false},"author":2,"featured_media":33597,"comment_status":"open","ping_status":"closed","sticky":false,"template":"","format":"standard","meta":{"footnotes":""},"categories":[32],"tags":[],"class_list":["post-33591","post","type-post","status-publish","format-standard","has-post-thumbnail","hentry","category-rio-das-ostras"],"yoast_head":"<!-- This site is optimized with the Yoast SEO plugin v26.5 - https:\/\/yoast.com\/wordpress\/plugins\/seo\/ -->\n<title>Representantes do governo federal se re\u00fanem com a prefeitura para planejar a\u00e7\u00f5es em Rio das Ostras - Rota Rio<\/title>\n<meta name=\"robots\" content=\"index, follow, max-snippet:-1, max-image-preview:large, max-video-preview:-1\" \/>\n<link rel=\"canonical\" href=\"https:\/\/rotario.com.br\/site\/representantes-do-governo-federal-se-reunem-com-a-prefeitura-para-planejar-acoes-em-rio-das-ostras\/\" \/>\n<meta property=\"og:locale\" content=\"pt_BR\" \/>\n<meta property=\"og:type\" content=\"article\" \/>\n<meta property=\"og:title\" content=\"Representantes do governo federal se re\u00fanem com a prefeitura para planejar a\u00e7\u00f5es em Rio das Ostras - Rota Rio\" \/>\n<meta property=\"og:description\" content=\"A cidade de Rio das Ostras recebeu, nessa semana, a visita da deputada federal Daniela do Waguinho (UNI\u00c3O-RJ), que veio acompanhar de perto a situa\u00e7\u00e3o dos estragos provocados pelas chuvas que ca\u00edram no munic\u00edpio na \u00faltima semana. Durante a visita, a congressista, que esteve acompanhada do t\u00e9cnico do Minist\u00e9rio da Integra\u00e7\u00e3o e Desenvolvimento Regional, Leonardo [&hellip;]\" \/>\n<meta property=\"og:url\" content=\"https:\/\/rotario.com.br\/site\/representantes-do-governo-federal-se-reunem-com-a-prefeitura-para-planejar-acoes-em-rio-das-ostras\/\" \/>\n<meta property=\"og:site_name\" content=\"Rota Rio\" \/>\n<meta property=\"article:published_time\" content=\"2026-03-03T20:39:26+00:00\" \/>\n<meta property=\"article:modified_time\" content=\"2026-03-03T20:39:32+00:00\" \/>\n<meta property=\"og:image\" content=\"https:\/\/rotario.com.br\/site\/wp-content\/uploads\/2026\/03\/WhatsApp-Image-2026-03-03-at-16.18.39-1.jpeg\" \/>\n\t<meta property=\"og:image:width\" content=\"800\" \/>\n\t<meta property=\"og:image:height\" content=\"600\" \/>\n\t<meta property=\"og:image:type\" content=\"image\/jpeg\" \/>\n<meta name=\"author\" content=\"Galv\u00e3o\" \/>\n<meta name=\"twitter:card\" content=\"summary_large_image\" \/>\n<meta name=\"twitter:label1\" content=\"Escrito por\" \/>\n\t<meta name=\"twitter:data1\" content=\"Galv\u00e3o\" \/>\n\t<meta name=\"twitter:label2\" content=\"Est. tempo de leitura\" \/>\n\t<meta name=\"twitter:data2\" content=\"3 minutos\" \/>\n<script type=\"application\/ld+json\" class=\"yoast-schema-graph\">{\"@context\":\"https:\/\/schema.org\",\"@graph\":[{\"@type\":\"Article\",\"@id\":\"https:\/\/rotario.com.br\/site\/representantes-do-governo-federal-se-reunem-com-a-prefeitura-para-planejar-acoes-em-rio-das-ostras\/#article\",\"isPartOf\":{\"@id\":\"https:\/\/rotario.com.br\/site\/representantes-do-governo-federal-se-reunem-com-a-prefeitura-para-planejar-acoes-em-rio-das-ostras\/\"},\"author\":{\"name\":\"Galv\u00e3o\",\"@id\":\"https:\/\/rotario.com.br\/site\/#\/schema\/person\/fd89bbbf4136f7e8a21e0dd67b8a66c7\"},\"headline\":\"Representantes do governo federal se re\u00fanem com a prefeitura para planejar a\u00e7\u00f5es em Rio das Ostras\",\"datePublished\":\"2026-03-03T20:39:26+00:00\",\"dateModified\":\"2026-03-03T20:39:32+00:00\",\"mainEntityOfPage\":{\"@id\":\"https:\/\/rotario.com.br\/site\/representantes-do-governo-federal-se-reunem-com-a-prefeitura-para-planejar-acoes-em-rio-das-ostras\/\"},\"wordCount\":525,\"commentCount\":0,\"publisher\":{\"@id\":\"https:\/\/rotario.com.br\/site\/#organization\"},\"image\":{\"@id\":\"https:\/\/rotario.com.br\/site\/representantes-do-governo-federal-se-reunem-com-a-prefeitura-para-planejar-acoes-em-rio-das-ostras\/#primaryimage\"},\"thumbnailUrl\":\"https:\/\/rotario.com.br\/site\/wp-content\/uploads\/2026\/03\/WhatsApp-Image-2026-03-03-at-16.18.39-1.jpeg\",\"articleSection\":[\"Rio das Ostras\"],\"inLanguage\":\"pt-BR\",\"potentialAction\":[{\"@type\":\"CommentAction\",\"name\":\"Comment\",\"target\":[\"https:\/\/rotario.com.br\/site\/representantes-do-governo-federal-se-reunem-com-a-prefeitura-para-planejar-acoes-em-rio-das-ostras\/#respond\"]}]},{\"@type\":\"WebPage\",\"@id\":\"https:\/\/rotario.com.br\/site\/representantes-do-governo-federal-se-reunem-com-a-prefeitura-para-planejar-acoes-em-rio-das-ostras\/\",\"url\":\"https:\/\/rotario.com.br\/site\/representantes-do-governo-federal-se-reunem-com-a-prefeitura-para-planejar-acoes-em-rio-das-ostras\/\",\"name\":\"Representantes do governo federal se re\u00fanem com a prefeitura para planejar a\u00e7\u00f5es em Rio das Ostras - Rota Rio\",\"isPartOf\":{\"@id\":\"https:\/\/rotario.com.br\/site\/#website\"},\"primaryImageOfPage\":{\"@id\":\"https:\/\/rotario.com.br\/site\/representantes-do-governo-federal-se-reunem-com-a-prefeitura-para-planejar-acoes-em-rio-das-ostras\/#primaryimage\"},\"image\":{\"@id\":\"https:\/\/rotario.com.br\/site\/representantes-do-governo-federal-se-reunem-com-a-prefeitura-para-planejar-acoes-em-rio-das-ostras\/#primaryimage\"},\"thumbnailUrl\":\"https:\/\/rotario.com.br\/site\/wp-content\/uploads\/2026\/03\/WhatsApp-Image-2026-03-03-at-16.18.39-1.jpeg\",\"datePublished\":\"2026-03-03T20:39:26+00:00\",\"dateModified\":\"2026-03-03T20:39:32+00:00\",\"breadcrumb\":{\"@id\":\"https:\/\/rotario.com.br\/site\/representantes-do-governo-federal-se-reunem-com-a-prefeitura-para-planejar-acoes-em-rio-das-ostras\/#breadcrumb\"},\"inLanguage\":\"pt-BR\",\"potentialAction\":[{\"@type\":\"ReadAction\",\"target\":[\"https:\/\/rotario.com.br\/site\/representantes-do-governo-federal-se-reunem-com-a-prefeitura-para-planejar-acoes-em-rio-das-ostras\/\"]}]},{\"@type\":\"ImageObject\",\"inLanguage\":\"pt-BR\",\"@id\":\"https:\/\/rotario.com.br\/site\/representantes-do-governo-federal-se-reunem-com-a-prefeitura-para-planejar-acoes-em-rio-das-ostras\/#primaryimage\",\"url\":\"https:\/\/rotario.com.br\/site\/wp-content\/uploads\/2026\/03\/WhatsApp-Image-2026-03-03-at-16.18.39-1.jpeg\",\"contentUrl\":\"https:\/\/rotario.com.br\/site\/wp-content\/uploads\/2026\/03\/WhatsApp-Image-2026-03-03-at-16.18.39-1.jpeg\",\"width\":800,\"height\":600},{\"@type\":\"BreadcrumbList\",\"@id\":\"https:\/\/rotario.com.br\/site\/representantes-do-governo-federal-se-reunem-com-a-prefeitura-para-planejar-acoes-em-rio-das-ostras\/#breadcrumb\",\"itemListElement\":[{\"@type\":\"ListItem\",\"position\":1,\"name\":\"In\u00edcio\",\"item\":\"https:\/\/rotario.com.br\/site\/\"},{\"@type\":\"ListItem\",\"position\":2,\"name\":\"Representantes do governo federal se re\u00fanem com a prefeitura para planejar a\u00e7\u00f5es em Rio das Ostras\"}]},{\"@type\":\"WebSite\",\"@id\":\"https:\/\/rotario.com.br\/site\/#website\",\"url\":\"https:\/\/rotario.com.br\/site\/\",\"name\":\"Rota Rio\",\"description\":\"Aqui, o Rio de Janeiro \u00e9 a pauta!\",\"publisher\":{\"@id\":\"https:\/\/rotario.com.br\/site\/#organization\"},\"potentialAction\":[{\"@type\":\"SearchAction\",\"target\":{\"@type\":\"EntryPoint\",\"urlTemplate\":\"https:\/\/rotario.com.br\/site\/?s={search_term_string}\"},\"query-input\":{\"@type\":\"PropertyValueSpecification\",\"valueRequired\":true,\"valueName\":\"search_term_string\"}}],\"inLanguage\":\"pt-BR\"},{\"@type\":\"Organization\",\"@id\":\"https:\/\/rotario.com.br\/site\/#organization\",\"name\":\"Rota Rio\",\"url\":\"https:\/\/rotario.com.br\/site\/\",\"logo\":{\"@type\":\"ImageObject\",\"inLanguage\":\"pt-BR\",\"@id\":\"https:\/\/rotario.com.br\/site\/#\/schema\/logo\/image\/\",\"url\":\"https:\/\/rotario.com.br\/site\/wp-content\/uploads\/2022\/04\/cropped-ROTARIO-LOGO-Prancheta-1-1-2048x654-1.png\",\"contentUrl\":\"https:\/\/rotario.com.br\/site\/wp-content\/uploads\/2022\/04\/cropped-ROTARIO-LOGO-Prancheta-1-1-2048x654-1.png\",\"width\":2048,\"height\":654,\"caption\":\"Rota Rio\"},\"image\":{\"@id\":\"https:\/\/rotario.com.br\/site\/#\/schema\/logo\/image\/\"}},{\"@type\":\"Person\",\"@id\":\"https:\/\/rotario.com.br\/site\/#\/schema\/person\/fd89bbbf4136f7e8a21e0dd67b8a66c7\",\"name\":\"Galv\u00e3o\",\"url\":\"https:\/\/rotario.com.br\/site\/author\/daniel\/\"}]}<\/script>\n<!-- \/ Yoast SEO plugin. -->","yoast_head_json":{"title":"Representantes do governo federal se re\u00fanem com a prefeitura para planejar a\u00e7\u00f5es em Rio das Ostras - Rota Rio","robots":{"index":"index","follow":"follow","max-snippet":"max-snippet:-1","max-image-preview":"max-image-preview:large","max-video-preview":"max-video-preview:-1"},"canonical":"https:\/\/rotario.com.br\/site\/representantes-do-governo-federal-se-reunem-com-a-prefeitura-para-planejar-acoes-em-rio-das-ostras\/","og_locale":"pt_BR","og_type":"article","og_title":"Representantes do governo federal se re\u00fanem com a prefeitura para planejar a\u00e7\u00f5es em Rio das Ostras - Rota Rio","og_description":"A cidade de Rio das Ostras recebeu, nessa semana, a visita da deputada federal Daniela do Waguinho (UNI\u00c3O-RJ), que veio acompanhar de perto a situa\u00e7\u00e3o dos estragos provocados pelas chuvas que ca\u00edram no munic\u00edpio na \u00faltima semana. Durante a visita, a congressista, que esteve acompanhada do t\u00e9cnico do Minist\u00e9rio da Integra\u00e7\u00e3o e Desenvolvimento Regional, Leonardo [&hellip;]","og_url":"https:\/\/rotario.com.br\/site\/representantes-do-governo-federal-se-reunem-com-a-prefeitura-para-planejar-acoes-em-rio-das-ostras\/","og_site_name":"Rota Rio","article_published_time":"2026-03-03T20:39:26+00:00","article_modified_time":"2026-03-03T20:39:32+00:00","og_image":[{"width":800,"height":600,"url":"https:\/\/rotario.com.br\/site\/wp-content\/uploads\/2026\/03\/WhatsApp-Image-2026-03-03-at-16.18.39-1.jpeg","type":"image\/jpeg"}],"author":"Galv\u00e3o","twitter_card":"summary_large_image","twitter_misc":{"Escrito por":"Galv\u00e3o","Est. tempo de leitura":"3 minutos"},"schema":{"@context":"https:\/\/schema.org","@graph":[{"@type":"Article","@id":"https:\/\/rotario.com.br\/site\/representantes-do-governo-federal-se-reunem-com-a-prefeitura-para-planejar-acoes-em-rio-das-ostras\/#article","isPartOf":{"@id":"https:\/\/rotario.com.br\/site\/representantes-do-governo-federal-se-reunem-com-a-prefeitura-para-planejar-acoes-em-rio-das-ostras\/"},"author":{"name":"Galv\u00e3o","@id":"https:\/\/rotario.com.br\/site\/#\/schema\/person\/fd89bbbf4136f7e8a21e0dd67b8a66c7"},"headline":"Representantes do governo federal se re\u00fanem com a prefeitura para planejar a\u00e7\u00f5es em Rio das Ostras","datePublished":"2026-03-03T20:39:26+00:00","dateModified":"2026-03-03T20:39:32+00:00","mainEntityOfPage":{"@id":"https:\/\/rotario.com.br\/site\/representantes-do-governo-federal-se-reunem-com-a-prefeitura-para-planejar-acoes-em-rio-das-ostras\/"},"wordCount":525,"commentCount":0,"publisher":{"@id":"https:\/\/rotario.com.br\/site\/#organization"},"image":{"@id":"https:\/\/rotario.com.br\/site\/representantes-do-governo-federal-se-reunem-com-a-prefeitura-para-planejar-acoes-em-rio-das-ostras\/#primaryimage"},"thumbnailUrl":"https:\/\/rotario.com.br\/site\/wp-content\/uploads\/2026\/03\/WhatsApp-Image-2026-03-03-at-16.18.39-1.jpeg","articleSection":["Rio das Ostras"],"inLanguage":"pt-BR","potentialAction":[{"@type":"CommentAction","name":"Comment","target":["https:\/\/rotario.com.br\/site\/representantes-do-governo-federal-se-reunem-com-a-prefeitura-para-planejar-acoes-em-rio-das-ostras\/#respond"]}]},{"@type":"WebPage","@id":"https:\/\/rotario.com.br\/site\/representantes-do-governo-federal-se-reunem-com-a-prefeitura-para-planejar-acoes-em-rio-das-ostras\/","url":"https:\/\/rotario.com.br\/site\/representantes-do-governo-federal-se-reunem-com-a-prefeitura-para-planejar-acoes-em-rio-das-ostras\/","name":"Representantes do governo federal se re\u00fanem com a prefeitura para planejar a\u00e7\u00f5es em Rio das Ostras - Rota Rio","isPartOf":{"@id":"https:\/\/rotario.com.br\/site\/#website"},"primaryImageOfPage":{"@id":"https:\/\/rotario.com.br\/site\/representantes-do-governo-federal-se-reunem-com-a-prefeitura-para-planejar-acoes-em-rio-das-ostras\/#primaryimage"},"image":{"@id":"https:\/\/rotario.com.br\/site\/representantes-do-governo-federal-se-reunem-com-a-prefeitura-para-planejar-acoes-em-rio-das-ostras\/#primaryimage"},"thumbnailUrl":"https:\/\/rotario.com.br\/site\/wp-content\/uploads\/2026\/03\/WhatsApp-Image-2026-03-03-at-16.18.39-1.jpeg","datePublished":"2026-03-03T20:39:26+00:00","dateModified":"2026-03-03T20:39:32+00:00","breadcrumb":{"@id":"https:\/\/rotario.com.br\/site\/representantes-do-governo-federal-se-reunem-com-a-prefeitura-para-planejar-acoes-em-rio-das-ostras\/#breadcrumb"},"inLanguage":"pt-BR","potentialAction":[{"@type":"ReadAction","target":["https:\/\/rotario.com.br\/site\/representantes-do-governo-federal-se-reunem-com-a-prefeitura-para-planejar-acoes-em-rio-das-ostras\/"]}]},{"@type":"ImageObject","inLanguage":"pt-BR","@id":"https:\/\/rotario.com.br\/site\/representantes-do-governo-federal-se-reunem-com-a-prefeitura-para-planejar-acoes-em-rio-das-ostras\/#primaryimage","url":"https:\/\/rotario.com.br\/site\/wp-content\/uploads\/2026\/03\/WhatsApp-Image-2026-03-03-at-16.18.39-1.jpeg","contentUrl":"https:\/\/rotario.com.br\/site\/wp-content\/uploads\/2026\/03\/WhatsApp-Image-2026-03-03-at-16.18.39-1.jpeg","width":800,"height":600},{"@type":"BreadcrumbList","@id":"https:\/\/rotario.com.br\/site\/representantes-do-governo-federal-se-reunem-com-a-prefeitura-para-planejar-acoes-em-rio-das-ostras\/#breadcrumb","itemListElement":[{"@type":"ListItem","position":1,"name":"In\u00edcio","item":"https:\/\/rotario.com.br\/site\/"},{"@type":"ListItem","position":2,"name":"Representantes do governo federal se re\u00fanem com a prefeitura para planejar a\u00e7\u00f5es em Rio das Ostras"}]},{"@type":"WebSite","@id":"https:\/\/rotario.com.br\/site\/#website","url":"https:\/\/rotario.com.br\/site\/","name":"Rota Rio","description":"Aqui, o Rio de Janeiro \u00e9 a pauta!","publisher":{"@id":"https:\/\/rotario.com.br\/site\/#organization"},"potentialAction":[{"@type":"SearchAction","target":{"@type":"EntryPoint","urlTemplate":"https:\/\/rotario.com.br\/site\/?s={search_term_string}"},"query-input":{"@type":"PropertyValueSpecification","valueRequired":true,"valueName":"search_term_string"}}],"inLanguage":"pt-BR"},{"@type":"Organization","@id":"https:\/\/rotario.com.br\/site\/#organization","name":"Rota Rio","url":"https:\/\/rotario.com.br\/site\/","logo":{"@type":"ImageObject","inLanguage":"pt-BR","@id":"https:\/\/rotario.com.br\/site\/#\/schema\/logo\/image\/","url":"https:\/\/rotario.com.br\/site\/wp-content\/uploads\/2022\/04\/cropped-ROTARIO-LOGO-Prancheta-1-1-2048x654-1.png","contentUrl":"https:\/\/rotario.com.br\/site\/wp-content\/uploads\/2022\/04\/cropped-ROTARIO-LOGO-Prancheta-1-1-2048x654-1.png","width":2048,"height":654,"caption":"Rota Rio"},"image":{"@id":"https:\/\/rotario.com.br\/site\/#\/schema\/logo\/image\/"}},{"@type":"Person","@id":"https:\/\/rotario.com.br\/site\/#\/schema\/person\/fd89bbbf4136f7e8a21e0dd67b8a66c7","name":"Galv\u00e3o","url":"https:\/\/rotario.com.br\/site\/author\/daniel\/"}]}},"_links":{"self":[{"href":"https:\/\/rotario.com.br\/site\/wp-json\/wp\/v2\/posts\/33591","targetHints":{"allow":["GET"]}}],"collection":[{"href":"https:\/\/rotario.com.br\/site\/wp-json\/wp\/v2\/posts"}],"about":[{"href":"https:\/\/rotario.com.br\/site\/wp-json\/wp\/v2\/types\/post"}],"author":[{"embeddable":true,"href":"https:\/\/rotario.com.br\/site\/wp-json\/wp\/v2\/users\/2"}],"replies":[{"embeddable":true,"href":"https:\/\/rotario.com.br\/site\/wp-json\/wp\/v2\/comments?post=33591"}],"version-history":[{"count":2,"href":"https:\/\/rotario.com.br\/site\/wp-json\/wp\/v2\/posts\/33591\/revisions"}],"predecessor-version":[{"id":33599,"href":"https:\/\/rotario.com.br\/site\/wp-json\/wp\/v2\/posts\/33591\/revisions\/33599"}],"wp:featuredmedia":[{"embeddable":true,"href":"https:\/\/rotario.com.br\/site\/wp-json\/wp\/v2\/media\/33597"}],"wp:attachment":[{"href":"https:\/\/rotario.com.br\/site\/wp-json\/wp\/v2\/media?parent=33591"}],"wp:term":[{"taxonomy":"category","embeddable":true,"href":"https:\/\/rotario.com.br\/site\/wp-json\/wp\/v2\/categories?post=33591"},{"taxonomy":"post_tag","embeddable":true,"href":"https:\/\/rotario.com.br\/site\/wp-json\/wp\/v2\/tags?post=33591"}],"curies":[{"name":"wp","href":"https:\/\/api.w.org\/{rel}","templated":true}]}}