{"id":33594,"date":"2026-03-03T17:26:38","date_gmt":"2026-03-03T20:26:38","guid":{"rendered":"https:\/\/rotario.com.br\/site\/?p=33594"},"modified":"2026-03-03T17:26:44","modified_gmt":"2026-03-03T20:26:44","slug":"mostra-integra-artes-visuais-e-literatura-para-celebrar-protagonismo-feminino-em-cabo-frio","status":"publish","type":"post","link":"https:\/\/rotario.com.br\/site\/mostra-integra-artes-visuais-e-literatura-para-celebrar-protagonismo-feminino-em-cabo-frio\/","title":{"rendered":"Mostra integra artes visuais e literatura para celebrar protagonismo feminino em Cabo Frio"},"content":{"rendered":"\n<p>O ser\u00e1 palco, a partir desta sexta-feira (6), do projeto Cultura Mulher Territ\u00f3rio da Cria\u00e7\u00e3o. A abertura acontece \u00e0s 18h, com vernissage e o Sarau Flores Liter\u00e1rias. A programa\u00e7\u00e3o \u00e9 gratuita e segue at\u00e9 o dia 19 de mar\u00e7o.<\/p>\n\n\n\n<p>A iniciativa \u00e9 realizada pela, por meio da Secretaria de Cultura, e re\u00fane exposi\u00e7\u00e3o de pinturas, ilustra\u00e7\u00f5es, t\u00e9cnicas mistas, livros e produ\u00e7\u00f5es autorais, al\u00e9m de m\u00fasica, declama\u00e7\u00f5es po\u00e9ticas, oficinas e rodas de conversa.<\/p>\n\n\n\n<p>A proposta \u00e9 consolidar um espa\u00e7o de visibilidade para mulheres artistas do munic\u00edpio e da Regi\u00e3o, fortalecendo o reconhecimento e a valoriza\u00e7\u00e3o da produ\u00e7\u00e3o feminina nas artes pl\u00e1sticas e na literatura. Mais do que uma mostra coletiva, o projeto se apresenta como ambiente de pertencimento, onde a cria\u00e7\u00e3o art\u00edstica se afirma como instrumento de identidade e transforma\u00e7\u00e3o social.<\/p>\n\n\n\n<p>A agenda dialoga com o Dia Internacional da Mulher, celebrado em 8 de mar\u00e7o. A superintendente municipal de Cultura, Jaqueline Brum, ressaltou que realizar o projeto neste per\u00edodo simb\u00f3lico refor\u00e7a o compromisso com a equidade de g\u00eanero no campo cultural e amplia o acesso da popula\u00e7\u00e3o \u00e0s produ\u00e7\u00f5es desenvolvidas por mulheres. Segundo ela, ocupar um patrim\u00f4nio hist\u00f3rico da cidade com essa proposta amplia a visibilidade da pot\u00eancia criativa feminina e incentiva novas gera\u00e7\u00f5es.<\/p>\n\n\n\n<p><strong>Programa\u00e7\u00e3o:<\/strong><\/p>\n\n\n\n<p><strong>06\/03 \u2013 18h<\/strong><\/p>\n\n\n\n<p>Abertura com Vernissage e Sarau Flores Liter\u00e1rias<\/p>\n\n\n\n<p>Apresenta\u00e7\u00e3o Amor em Canto com o Coral de Cantoterapia da Amigas da Mama<\/p>\n\n\n\n<p>Exposi\u00e7\u00e3o aberta at\u00e9 19\/03<\/p>\n\n\n\n<p><strong>10\/03 \u2013 18h<\/strong><\/p>\n\n\n\n<p>Rodas de conversa e visitas mediadas<\/p>\n\n\n\n<p><strong>12\/03 \u2013 18h<\/strong><\/p>\n\n\n\n<p>Oficina de Escrita Intuitiva com Jaqueline Brum<\/p>\n\n\n\n<p>Inscri\u00e7\u00f5es no local \u2013 30 vagas<\/p>\n\n\n\n<p><strong>13\/03 \u2013 14h<\/strong><\/p>\n\n\n\n<p>Oficina de Cer\u00e2mica com Elis D\u00e1lete<\/p>\n\n\n\n<p>Inscri\u00e7\u00f5es no local \u2013 30 vagas<\/p>\n\n\n\n<p>Participam da mostra artistas das artes pl\u00e1sticas e da literatura como Elis D\u00e1lete, Dora Portugal, Chris Maria, Clikilson, Lara Schellemberg, Jucielly Vasconcellos, Rayra Artes, Ti\u00edta Machado (In Memoriam), Rosana Andr\u00e9ia, Jaqueline Brum, Marta Sportitsch, Rosana Silva, Raiane Ara\u00fajo, Luciane Quintanilha, Bia Fernandes e Maria M\u00f3r.&nbsp;&nbsp;&nbsp;&nbsp;<\/p>\n","protected":false},"excerpt":{"rendered":"<p>O ser\u00e1 palco, a partir desta sexta-feira (6), do projeto Cultura Mulher Territ\u00f3rio da Cria\u00e7\u00e3o. A abertura acontece \u00e0s 18h, com vernissage e o Sarau Flores Liter\u00e1rias. A programa\u00e7\u00e3o \u00e9 gratuita e segue at\u00e9 o dia 19 de mar\u00e7o. A iniciativa \u00e9 realizada pela, por meio da Secretaria de Cultura, e re\u00fane exposi\u00e7\u00e3o de pinturas, [&hellip;]<\/p>\n","protected":false},"author":2,"featured_media":33595,"comment_status":"open","ping_status":"closed","sticky":false,"template":"","format":"standard","meta":{"footnotes":""},"categories":[225],"tags":[],"class_list":["post-33594","post","type-post","status-publish","format-standard","has-post-thumbnail","hentry","category-destaque"],"yoast_head":"<!-- This site is optimized with the Yoast SEO plugin v26.5 - https:\/\/yoast.com\/wordpress\/plugins\/seo\/ -->\n<title>Mostra integra artes visuais e literatura para celebrar protagonismo feminino em Cabo Frio - Rota Rio<\/title>\n<meta name=\"robots\" content=\"index, follow, max-snippet:-1, max-image-preview:large, max-video-preview:-1\" \/>\n<link rel=\"canonical\" href=\"https:\/\/rotario.com.br\/site\/mostra-integra-artes-visuais-e-literatura-para-celebrar-protagonismo-feminino-em-cabo-frio\/\" \/>\n<meta property=\"og:locale\" content=\"pt_BR\" \/>\n<meta property=\"og:type\" content=\"article\" \/>\n<meta property=\"og:title\" content=\"Mostra integra artes visuais e literatura para celebrar protagonismo feminino em Cabo Frio - Rota Rio\" \/>\n<meta property=\"og:description\" content=\"O ser\u00e1 palco, a partir desta sexta-feira (6), do projeto Cultura Mulher Territ\u00f3rio da Cria\u00e7\u00e3o. A abertura acontece \u00e0s 18h, com vernissage e o Sarau Flores Liter\u00e1rias. A programa\u00e7\u00e3o \u00e9 gratuita e segue at\u00e9 o dia 19 de mar\u00e7o. A iniciativa \u00e9 realizada pela, por meio da Secretaria de Cultura, e re\u00fane exposi\u00e7\u00e3o de pinturas, [&hellip;]\" \/>\n<meta property=\"og:url\" content=\"https:\/\/rotario.com.br\/site\/mostra-integra-artes-visuais-e-literatura-para-celebrar-protagonismo-feminino-em-cabo-frio\/\" \/>\n<meta property=\"og:site_name\" content=\"Rota Rio\" \/>\n<meta property=\"article:published_time\" content=\"2026-03-03T20:26:38+00:00\" \/>\n<meta property=\"article:modified_time\" content=\"2026-03-03T20:26:44+00:00\" \/>\n<meta property=\"og:image\" content=\"https:\/\/rotario.com.br\/site\/wp-content\/uploads\/2026\/03\/WhatsApp-Image-2026-03-03-at-16.30.03.jpeg\" \/>\n\t<meta property=\"og:image:width\" content=\"1012\" \/>\n\t<meta property=\"og:image:height\" content=\"687\" \/>\n\t<meta property=\"og:image:type\" content=\"image\/jpeg\" \/>\n<meta name=\"author\" content=\"Galv\u00e3o\" \/>\n<meta name=\"twitter:card\" content=\"summary_large_image\" \/>\n<meta name=\"twitter:label1\" content=\"Escrito por\" \/>\n\t<meta name=\"twitter:data1\" content=\"Galv\u00e3o\" \/>\n\t<meta name=\"twitter:label2\" content=\"Est. tempo de leitura\" \/>\n\t<meta name=\"twitter:data2\" content=\"2 minutos\" \/>\n<script type=\"application\/ld+json\" class=\"yoast-schema-graph\">{\"@context\":\"https:\/\/schema.org\",\"@graph\":[{\"@type\":\"Article\",\"@id\":\"https:\/\/rotario.com.br\/site\/mostra-integra-artes-visuais-e-literatura-para-celebrar-protagonismo-feminino-em-cabo-frio\/#article\",\"isPartOf\":{\"@id\":\"https:\/\/rotario.com.br\/site\/mostra-integra-artes-visuais-e-literatura-para-celebrar-protagonismo-feminino-em-cabo-frio\/\"},\"author\":{\"name\":\"Galv\u00e3o\",\"@id\":\"https:\/\/rotario.com.br\/site\/#\/schema\/person\/fd89bbbf4136f7e8a21e0dd67b8a66c7\"},\"headline\":\"Mostra integra artes visuais e literatura para celebrar protagonismo feminino em Cabo Frio\",\"datePublished\":\"2026-03-03T20:26:38+00:00\",\"dateModified\":\"2026-03-03T20:26:44+00:00\",\"mainEntityOfPage\":{\"@id\":\"https:\/\/rotario.com.br\/site\/mostra-integra-artes-visuais-e-literatura-para-celebrar-protagonismo-feminino-em-cabo-frio\/\"},\"wordCount\":362,\"commentCount\":0,\"publisher\":{\"@id\":\"https:\/\/rotario.com.br\/site\/#organization\"},\"image\":{\"@id\":\"https:\/\/rotario.com.br\/site\/mostra-integra-artes-visuais-e-literatura-para-celebrar-protagonismo-feminino-em-cabo-frio\/#primaryimage\"},\"thumbnailUrl\":\"https:\/\/rotario.com.br\/site\/wp-content\/uploads\/2026\/03\/WhatsApp-Image-2026-03-03-at-16.30.03.jpeg\",\"articleSection\":[\"Destaque\"],\"inLanguage\":\"pt-BR\",\"potentialAction\":[{\"@type\":\"CommentAction\",\"name\":\"Comment\",\"target\":[\"https:\/\/rotario.com.br\/site\/mostra-integra-artes-visuais-e-literatura-para-celebrar-protagonismo-feminino-em-cabo-frio\/#respond\"]}]},{\"@type\":\"WebPage\",\"@id\":\"https:\/\/rotario.com.br\/site\/mostra-integra-artes-visuais-e-literatura-para-celebrar-protagonismo-feminino-em-cabo-frio\/\",\"url\":\"https:\/\/rotario.com.br\/site\/mostra-integra-artes-visuais-e-literatura-para-celebrar-protagonismo-feminino-em-cabo-frio\/\",\"name\":\"Mostra integra artes visuais e literatura para celebrar protagonismo feminino em Cabo Frio - Rota Rio\",\"isPartOf\":{\"@id\":\"https:\/\/rotario.com.br\/site\/#website\"},\"primaryImageOfPage\":{\"@id\":\"https:\/\/rotario.com.br\/site\/mostra-integra-artes-visuais-e-literatura-para-celebrar-protagonismo-feminino-em-cabo-frio\/#primaryimage\"},\"image\":{\"@id\":\"https:\/\/rotario.com.br\/site\/mostra-integra-artes-visuais-e-literatura-para-celebrar-protagonismo-feminino-em-cabo-frio\/#primaryimage\"},\"thumbnailUrl\":\"https:\/\/rotario.com.br\/site\/wp-content\/uploads\/2026\/03\/WhatsApp-Image-2026-03-03-at-16.30.03.jpeg\",\"datePublished\":\"2026-03-03T20:26:38+00:00\",\"dateModified\":\"2026-03-03T20:26:44+00:00\",\"breadcrumb\":{\"@id\":\"https:\/\/rotario.com.br\/site\/mostra-integra-artes-visuais-e-literatura-para-celebrar-protagonismo-feminino-em-cabo-frio\/#breadcrumb\"},\"inLanguage\":\"pt-BR\",\"potentialAction\":[{\"@type\":\"ReadAction\",\"target\":[\"https:\/\/rotario.com.br\/site\/mostra-integra-artes-visuais-e-literatura-para-celebrar-protagonismo-feminino-em-cabo-frio\/\"]}]},{\"@type\":\"ImageObject\",\"inLanguage\":\"pt-BR\",\"@id\":\"https:\/\/rotario.com.br\/site\/mostra-integra-artes-visuais-e-literatura-para-celebrar-protagonismo-feminino-em-cabo-frio\/#primaryimage\",\"url\":\"https:\/\/rotario.com.br\/site\/wp-content\/uploads\/2026\/03\/WhatsApp-Image-2026-03-03-at-16.30.03.jpeg\",\"contentUrl\":\"https:\/\/rotario.com.br\/site\/wp-content\/uploads\/2026\/03\/WhatsApp-Image-2026-03-03-at-16.30.03.jpeg\",\"width\":1012,\"height\":687},{\"@type\":\"BreadcrumbList\",\"@id\":\"https:\/\/rotario.com.br\/site\/mostra-integra-artes-visuais-e-literatura-para-celebrar-protagonismo-feminino-em-cabo-frio\/#breadcrumb\",\"itemListElement\":[{\"@type\":\"ListItem\",\"position\":1,\"name\":\"In\u00edcio\",\"item\":\"https:\/\/rotario.com.br\/site\/\"},{\"@type\":\"ListItem\",\"position\":2,\"name\":\"Mostra integra artes visuais e literatura para celebrar protagonismo feminino em Cabo Frio\"}]},{\"@type\":\"WebSite\",\"@id\":\"https:\/\/rotario.com.br\/site\/#website\",\"url\":\"https:\/\/rotario.com.br\/site\/\",\"name\":\"Rota Rio\",\"description\":\"Aqui, o Rio de Janeiro \u00e9 a pauta!\",\"publisher\":{\"@id\":\"https:\/\/rotario.com.br\/site\/#organization\"},\"potentialAction\":[{\"@type\":\"SearchAction\",\"target\":{\"@type\":\"EntryPoint\",\"urlTemplate\":\"https:\/\/rotario.com.br\/site\/?s={search_term_string}\"},\"query-input\":{\"@type\":\"PropertyValueSpecification\",\"valueRequired\":true,\"valueName\":\"search_term_string\"}}],\"inLanguage\":\"pt-BR\"},{\"@type\":\"Organization\",\"@id\":\"https:\/\/rotario.com.br\/site\/#organization\",\"name\":\"Rota Rio\",\"url\":\"https:\/\/rotario.com.br\/site\/\",\"logo\":{\"@type\":\"ImageObject\",\"inLanguage\":\"pt-BR\",\"@id\":\"https:\/\/rotario.com.br\/site\/#\/schema\/logo\/image\/\",\"url\":\"https:\/\/rotario.com.br\/site\/wp-content\/uploads\/2022\/04\/cropped-ROTARIO-LOGO-Prancheta-1-1-2048x654-1.png\",\"contentUrl\":\"https:\/\/rotario.com.br\/site\/wp-content\/uploads\/2022\/04\/cropped-ROTARIO-LOGO-Prancheta-1-1-2048x654-1.png\",\"width\":2048,\"height\":654,\"caption\":\"Rota Rio\"},\"image\":{\"@id\":\"https:\/\/rotario.com.br\/site\/#\/schema\/logo\/image\/\"}},{\"@type\":\"Person\",\"@id\":\"https:\/\/rotario.com.br\/site\/#\/schema\/person\/fd89bbbf4136f7e8a21e0dd67b8a66c7\",\"name\":\"Galv\u00e3o\",\"url\":\"https:\/\/rotario.com.br\/site\/author\/daniel\/\"}]}<\/script>\n<!-- \/ Yoast SEO plugin. -->","yoast_head_json":{"title":"Mostra integra artes visuais e literatura para celebrar protagonismo feminino em Cabo Frio - Rota Rio","robots":{"index":"index","follow":"follow","max-snippet":"max-snippet:-1","max-image-preview":"max-image-preview:large","max-video-preview":"max-video-preview:-1"},"canonical":"https:\/\/rotario.com.br\/site\/mostra-integra-artes-visuais-e-literatura-para-celebrar-protagonismo-feminino-em-cabo-frio\/","og_locale":"pt_BR","og_type":"article","og_title":"Mostra integra artes visuais e literatura para celebrar protagonismo feminino em Cabo Frio - Rota Rio","og_description":"O ser\u00e1 palco, a partir desta sexta-feira (6), do projeto Cultura Mulher Territ\u00f3rio da Cria\u00e7\u00e3o. A abertura acontece \u00e0s 18h, com vernissage e o Sarau Flores Liter\u00e1rias. A programa\u00e7\u00e3o \u00e9 gratuita e segue at\u00e9 o dia 19 de mar\u00e7o. A iniciativa \u00e9 realizada pela, por meio da Secretaria de Cultura, e re\u00fane exposi\u00e7\u00e3o de pinturas, [&hellip;]","og_url":"https:\/\/rotario.com.br\/site\/mostra-integra-artes-visuais-e-literatura-para-celebrar-protagonismo-feminino-em-cabo-frio\/","og_site_name":"Rota Rio","article_published_time":"2026-03-03T20:26:38+00:00","article_modified_time":"2026-03-03T20:26:44+00:00","og_image":[{"width":1012,"height":687,"url":"https:\/\/rotario.com.br\/site\/wp-content\/uploads\/2026\/03\/WhatsApp-Image-2026-03-03-at-16.30.03.jpeg","type":"image\/jpeg"}],"author":"Galv\u00e3o","twitter_card":"summary_large_image","twitter_misc":{"Escrito por":"Galv\u00e3o","Est. tempo de leitura":"2 minutos"},"schema":{"@context":"https:\/\/schema.org","@graph":[{"@type":"Article","@id":"https:\/\/rotario.com.br\/site\/mostra-integra-artes-visuais-e-literatura-para-celebrar-protagonismo-feminino-em-cabo-frio\/#article","isPartOf":{"@id":"https:\/\/rotario.com.br\/site\/mostra-integra-artes-visuais-e-literatura-para-celebrar-protagonismo-feminino-em-cabo-frio\/"},"author":{"name":"Galv\u00e3o","@id":"https:\/\/rotario.com.br\/site\/#\/schema\/person\/fd89bbbf4136f7e8a21e0dd67b8a66c7"},"headline":"Mostra integra artes visuais e literatura para celebrar protagonismo feminino em Cabo Frio","datePublished":"2026-03-03T20:26:38+00:00","dateModified":"2026-03-03T20:26:44+00:00","mainEntityOfPage":{"@id":"https:\/\/rotario.com.br\/site\/mostra-integra-artes-visuais-e-literatura-para-celebrar-protagonismo-feminino-em-cabo-frio\/"},"wordCount":362,"commentCount":0,"publisher":{"@id":"https:\/\/rotario.com.br\/site\/#organization"},"image":{"@id":"https:\/\/rotario.com.br\/site\/mostra-integra-artes-visuais-e-literatura-para-celebrar-protagonismo-feminino-em-cabo-frio\/#primaryimage"},"thumbnailUrl":"https:\/\/rotario.com.br\/site\/wp-content\/uploads\/2026\/03\/WhatsApp-Image-2026-03-03-at-16.30.03.jpeg","articleSection":["Destaque"],"inLanguage":"pt-BR","potentialAction":[{"@type":"CommentAction","name":"Comment","target":["https:\/\/rotario.com.br\/site\/mostra-integra-artes-visuais-e-literatura-para-celebrar-protagonismo-feminino-em-cabo-frio\/#respond"]}]},{"@type":"WebPage","@id":"https:\/\/rotario.com.br\/site\/mostra-integra-artes-visuais-e-literatura-para-celebrar-protagonismo-feminino-em-cabo-frio\/","url":"https:\/\/rotario.com.br\/site\/mostra-integra-artes-visuais-e-literatura-para-celebrar-protagonismo-feminino-em-cabo-frio\/","name":"Mostra integra artes visuais e literatura para celebrar protagonismo feminino em Cabo Frio - Rota Rio","isPartOf":{"@id":"https:\/\/rotario.com.br\/site\/#website"},"primaryImageOfPage":{"@id":"https:\/\/rotario.com.br\/site\/mostra-integra-artes-visuais-e-literatura-para-celebrar-protagonismo-feminino-em-cabo-frio\/#primaryimage"},"image":{"@id":"https:\/\/rotario.com.br\/site\/mostra-integra-artes-visuais-e-literatura-para-celebrar-protagonismo-feminino-em-cabo-frio\/#primaryimage"},"thumbnailUrl":"https:\/\/rotario.com.br\/site\/wp-content\/uploads\/2026\/03\/WhatsApp-Image-2026-03-03-at-16.30.03.jpeg","datePublished":"2026-03-03T20:26:38+00:00","dateModified":"2026-03-03T20:26:44+00:00","breadcrumb":{"@id":"https:\/\/rotario.com.br\/site\/mostra-integra-artes-visuais-e-literatura-para-celebrar-protagonismo-feminino-em-cabo-frio\/#breadcrumb"},"inLanguage":"pt-BR","potentialAction":[{"@type":"ReadAction","target":["https:\/\/rotario.com.br\/site\/mostra-integra-artes-visuais-e-literatura-para-celebrar-protagonismo-feminino-em-cabo-frio\/"]}]},{"@type":"ImageObject","inLanguage":"pt-BR","@id":"https:\/\/rotario.com.br\/site\/mostra-integra-artes-visuais-e-literatura-para-celebrar-protagonismo-feminino-em-cabo-frio\/#primaryimage","url":"https:\/\/rotario.com.br\/site\/wp-content\/uploads\/2026\/03\/WhatsApp-Image-2026-03-03-at-16.30.03.jpeg","contentUrl":"https:\/\/rotario.com.br\/site\/wp-content\/uploads\/2026\/03\/WhatsApp-Image-2026-03-03-at-16.30.03.jpeg","width":1012,"height":687},{"@type":"BreadcrumbList","@id":"https:\/\/rotario.com.br\/site\/mostra-integra-artes-visuais-e-literatura-para-celebrar-protagonismo-feminino-em-cabo-frio\/#breadcrumb","itemListElement":[{"@type":"ListItem","position":1,"name":"In\u00edcio","item":"https:\/\/rotario.com.br\/site\/"},{"@type":"ListItem","position":2,"name":"Mostra integra artes visuais e literatura para celebrar protagonismo feminino em Cabo Frio"}]},{"@type":"WebSite","@id":"https:\/\/rotario.com.br\/site\/#website","url":"https:\/\/rotario.com.br\/site\/","name":"Rota Rio","description":"Aqui, o Rio de Janeiro \u00e9 a pauta!","publisher":{"@id":"https:\/\/rotario.com.br\/site\/#organization"},"potentialAction":[{"@type":"SearchAction","target":{"@type":"EntryPoint","urlTemplate":"https:\/\/rotario.com.br\/site\/?s={search_term_string}"},"query-input":{"@type":"PropertyValueSpecification","valueRequired":true,"valueName":"search_term_string"}}],"inLanguage":"pt-BR"},{"@type":"Organization","@id":"https:\/\/rotario.com.br\/site\/#organization","name":"Rota Rio","url":"https:\/\/rotario.com.br\/site\/","logo":{"@type":"ImageObject","inLanguage":"pt-BR","@id":"https:\/\/rotario.com.br\/site\/#\/schema\/logo\/image\/","url":"https:\/\/rotario.com.br\/site\/wp-content\/uploads\/2022\/04\/cropped-ROTARIO-LOGO-Prancheta-1-1-2048x654-1.png","contentUrl":"https:\/\/rotario.com.br\/site\/wp-content\/uploads\/2022\/04\/cropped-ROTARIO-LOGO-Prancheta-1-1-2048x654-1.png","width":2048,"height":654,"caption":"Rota Rio"},"image":{"@id":"https:\/\/rotario.com.br\/site\/#\/schema\/logo\/image\/"}},{"@type":"Person","@id":"https:\/\/rotario.com.br\/site\/#\/schema\/person\/fd89bbbf4136f7e8a21e0dd67b8a66c7","name":"Galv\u00e3o","url":"https:\/\/rotario.com.br\/site\/author\/daniel\/"}]}},"_links":{"self":[{"href":"https:\/\/rotario.com.br\/site\/wp-json\/wp\/v2\/posts\/33594","targetHints":{"allow":["GET"]}}],"collection":[{"href":"https:\/\/rotario.com.br\/site\/wp-json\/wp\/v2\/posts"}],"about":[{"href":"https:\/\/rotario.com.br\/site\/wp-json\/wp\/v2\/types\/post"}],"author":[{"embeddable":true,"href":"https:\/\/rotario.com.br\/site\/wp-json\/wp\/v2\/users\/2"}],"replies":[{"embeddable":true,"href":"https:\/\/rotario.com.br\/site\/wp-json\/wp\/v2\/comments?post=33594"}],"version-history":[{"count":1,"href":"https:\/\/rotario.com.br\/site\/wp-json\/wp\/v2\/posts\/33594\/revisions"}],"predecessor-version":[{"id":33596,"href":"https:\/\/rotario.com.br\/site\/wp-json\/wp\/v2\/posts\/33594\/revisions\/33596"}],"wp:featuredmedia":[{"embeddable":true,"href":"https:\/\/rotario.com.br\/site\/wp-json\/wp\/v2\/media\/33595"}],"wp:attachment":[{"href":"https:\/\/rotario.com.br\/site\/wp-json\/wp\/v2\/media?parent=33594"}],"wp:term":[{"taxonomy":"category","embeddable":true,"href":"https:\/\/rotario.com.br\/site\/wp-json\/wp\/v2\/categories?post=33594"},{"taxonomy":"post_tag","embeddable":true,"href":"https:\/\/rotario.com.br\/site\/wp-json\/wp\/v2\/tags?post=33594"}],"curies":[{"name":"wp","href":"https:\/\/api.w.org\/{rel}","templated":true}]}}