{"id":33613,"date":"2026-03-04T11:39:22","date_gmt":"2026-03-04T14:39:22","guid":{"rendered":"https:\/\/rotario.com.br\/site\/?p=33613"},"modified":"2026-03-04T11:39:27","modified_gmt":"2026-03-04T14:39:27","slug":"cabo-frio-inicia-aplicacao-de-medicamento-contra-virus-respiratorio-em-bebes-de-risco","status":"publish","type":"post","link":"https:\/\/rotario.com.br\/site\/cabo-frio-inicia-aplicacao-de-medicamento-contra-virus-respiratorio-em-bebes-de-risco\/","title":{"rendered":"Cabo Frio inicia aplica\u00e7\u00e3o de medicamento contra v\u00edrus respirat\u00f3rio em beb\u00eas de risco"},"content":{"rendered":"\n<p>A Prefeitura de Cabo Frio, por meio da Secretaria de Sa\u00fade, deu in\u00edcio nesta ter\u00e7a-feira (3) \u00e0 aplica\u00e7\u00e3o das primeiras doses do medicamento contra o v\u00edrus sincicial respirat\u00f3rio (VSR) em crian\u00e7as prematuras e com doen\u00e7as associadas. O v\u00edrus \u00e9 o principal respons\u00e1vel pelos quadros de bronquiolite em beb\u00eas.<\/p>\n\n\n\n<p>As doses do Nirsevimabe, anticorpo monoclonal que oferece prote\u00e7\u00e3o contra o VSR, foram encaminhadas pelo Minist\u00e9rio da Sa\u00fade e est\u00e3o sendo administradas no Hospital Municipal da Mulher.<\/p>\n\n\n\n<p>T\u00eam direito ao medicamento crian\u00e7as prematuras com menos de 36 semanas e seis dias de gesta\u00e7\u00e3o, com at\u00e9 seis meses de vida, al\u00e9m de crian\u00e7as de at\u00e9 24 meses incompletos que apresentem comorbidades. Entre as condi\u00e7\u00f5es priorit\u00e1rias est\u00e3o cardiopatia cong\u00eanita, doen\u00e7a pulmonar cr\u00f4nica da prematuridade, s\u00edndrome de Down, fibrose c\u00edstica, imunocomprometimento grave, doen\u00e7as neuromusculares severas, anomalias das vias a\u00e9reas e doen\u00e7as pulmonares graves.<\/p>\n\n\n\n<p>A solicita\u00e7\u00e3o deve ser feita por meio do formul\u00e1rio de vacina especial nas unidades b\u00e1sicas de sa\u00fade, como ESFs e UBSs, com a devida indica\u00e7\u00e3o cl\u00ednica. O pedido \u00e9 analisado e encaminhado \u00e0 Central de Imuniza\u00e7\u00e3o.<\/p>\n\n\n\n<p>A aplica\u00e7\u00e3o ocorre \u00e0s ter\u00e7as-feiras, das 9h \u00e0s 16h, no Hospital da Mulher, seguindo rigorosamente os crit\u00e9rios estabelecidos pelo Minist\u00e9rio da Sa\u00fade.<\/p>\n\n\n\n<p>\u201cDepois de garantirmos a vacina\u00e7\u00e3o contra o v\u00edrus sincicial respirat\u00f3rio para gestantes, agora ampliamos a prote\u00e7\u00e3o para as crian\u00e7as que mais precisam. Essa imuniza\u00e7\u00e3o \u00e9 fundamental para reduzir casos graves de bronquiolite. As m\u00e3es devem procurar as unidades de sa\u00fade para assegurar esse direito\u201d, afirmou a secret\u00e1ria de Sa\u00fade, Beatriz Trindade.<\/p>\n\n\n\n<p>A medida refor\u00e7a a estrat\u00e9gia de preven\u00e7\u00e3o voltada \u00e0 primeira inf\u00e2ncia, p\u00fablico mais vulner\u00e1vel \u00e0s complica\u00e7\u00f5es respirat\u00f3rias.&nbsp;&nbsp;&nbsp;&nbsp;<\/p>\n","protected":false},"excerpt":{"rendered":"<p>A Prefeitura de Cabo Frio, por meio da Secretaria de Sa\u00fade, deu in\u00edcio nesta ter\u00e7a-feira (3) \u00e0 aplica\u00e7\u00e3o das primeiras doses do medicamento contra o v\u00edrus sincicial respirat\u00f3rio (VSR) em crian\u00e7as prematuras e com doen\u00e7as associadas. O v\u00edrus \u00e9 o principal respons\u00e1vel pelos quadros de bronquiolite em beb\u00eas. As doses do Nirsevimabe, anticorpo monoclonal que [&hellip;]<\/p>\n","protected":false},"author":2,"featured_media":33614,"comment_status":"open","ping_status":"closed","sticky":false,"template":"","format":"standard","meta":{"footnotes":""},"categories":[31],"tags":[],"class_list":["post-33613","post","type-post","status-publish","format-standard","has-post-thumbnail","hentry","category-cabo-frio"],"yoast_head":"<!-- This site is optimized with the Yoast SEO plugin v26.5 - https:\/\/yoast.com\/wordpress\/plugins\/seo\/ -->\n<title>Cabo Frio inicia aplica\u00e7\u00e3o de medicamento contra v\u00edrus respirat\u00f3rio em beb\u00eas de risco - Rota Rio<\/title>\n<meta name=\"robots\" content=\"index, follow, max-snippet:-1, max-image-preview:large, max-video-preview:-1\" \/>\n<link rel=\"canonical\" href=\"https:\/\/rotario.com.br\/site\/cabo-frio-inicia-aplicacao-de-medicamento-contra-virus-respiratorio-em-bebes-de-risco\/\" \/>\n<meta property=\"og:locale\" content=\"pt_BR\" \/>\n<meta property=\"og:type\" content=\"article\" \/>\n<meta property=\"og:title\" content=\"Cabo Frio inicia aplica\u00e7\u00e3o de medicamento contra v\u00edrus respirat\u00f3rio em beb\u00eas de risco - Rota Rio\" \/>\n<meta property=\"og:description\" content=\"A Prefeitura de Cabo Frio, por meio da Secretaria de Sa\u00fade, deu in\u00edcio nesta ter\u00e7a-feira (3) \u00e0 aplica\u00e7\u00e3o das primeiras doses do medicamento contra o v\u00edrus sincicial respirat\u00f3rio (VSR) em crian\u00e7as prematuras e com doen\u00e7as associadas. O v\u00edrus \u00e9 o principal respons\u00e1vel pelos quadros de bronquiolite em beb\u00eas. As doses do Nirsevimabe, anticorpo monoclonal que [&hellip;]\" \/>\n<meta property=\"og:url\" content=\"https:\/\/rotario.com.br\/site\/cabo-frio-inicia-aplicacao-de-medicamento-contra-virus-respiratorio-em-bebes-de-risco\/\" \/>\n<meta property=\"og:site_name\" content=\"Rota Rio\" \/>\n<meta property=\"article:published_time\" content=\"2026-03-04T14:39:22+00:00\" \/>\n<meta property=\"article:modified_time\" content=\"2026-03-04T14:39:27+00:00\" \/>\n<meta property=\"og:image\" content=\"https:\/\/rotario.com.br\/site\/wp-content\/uploads\/2026\/03\/WhatsApp-Image-2026-03-04-at-10.11.53.jpeg\" \/>\n\t<meta property=\"og:image:width\" content=\"866\" \/>\n\t<meta property=\"og:image:height\" content=\"787\" \/>\n\t<meta property=\"og:image:type\" content=\"image\/jpeg\" \/>\n<meta name=\"author\" content=\"Galv\u00e3o\" \/>\n<meta name=\"twitter:card\" content=\"summary_large_image\" \/>\n<meta name=\"twitter:label1\" content=\"Escrito por\" \/>\n\t<meta name=\"twitter:data1\" content=\"Galv\u00e3o\" \/>\n\t<meta name=\"twitter:label2\" content=\"Est. tempo de leitura\" \/>\n\t<meta name=\"twitter:data2\" content=\"2 minutos\" \/>\n<script type=\"application\/ld+json\" class=\"yoast-schema-graph\">{\"@context\":\"https:\/\/schema.org\",\"@graph\":[{\"@type\":\"Article\",\"@id\":\"https:\/\/rotario.com.br\/site\/cabo-frio-inicia-aplicacao-de-medicamento-contra-virus-respiratorio-em-bebes-de-risco\/#article\",\"isPartOf\":{\"@id\":\"https:\/\/rotario.com.br\/site\/cabo-frio-inicia-aplicacao-de-medicamento-contra-virus-respiratorio-em-bebes-de-risco\/\"},\"author\":{\"name\":\"Galv\u00e3o\",\"@id\":\"https:\/\/rotario.com.br\/site\/#\/schema\/person\/fd89bbbf4136f7e8a21e0dd67b8a66c7\"},\"headline\":\"Cabo Frio inicia aplica\u00e7\u00e3o de medicamento contra v\u00edrus respirat\u00f3rio em beb\u00eas de risco\",\"datePublished\":\"2026-03-04T14:39:22+00:00\",\"dateModified\":\"2026-03-04T14:39:27+00:00\",\"mainEntityOfPage\":{\"@id\":\"https:\/\/rotario.com.br\/site\/cabo-frio-inicia-aplicacao-de-medicamento-contra-virus-respiratorio-em-bebes-de-risco\/\"},\"wordCount\":337,\"commentCount\":0,\"publisher\":{\"@id\":\"https:\/\/rotario.com.br\/site\/#organization\"},\"image\":{\"@id\":\"https:\/\/rotario.com.br\/site\/cabo-frio-inicia-aplicacao-de-medicamento-contra-virus-respiratorio-em-bebes-de-risco\/#primaryimage\"},\"thumbnailUrl\":\"https:\/\/rotario.com.br\/site\/wp-content\/uploads\/2026\/03\/WhatsApp-Image-2026-03-04-at-10.11.53.jpeg\",\"articleSection\":[\"Cabo Frio\"],\"inLanguage\":\"pt-BR\",\"potentialAction\":[{\"@type\":\"CommentAction\",\"name\":\"Comment\",\"target\":[\"https:\/\/rotario.com.br\/site\/cabo-frio-inicia-aplicacao-de-medicamento-contra-virus-respiratorio-em-bebes-de-risco\/#respond\"]}]},{\"@type\":\"WebPage\",\"@id\":\"https:\/\/rotario.com.br\/site\/cabo-frio-inicia-aplicacao-de-medicamento-contra-virus-respiratorio-em-bebes-de-risco\/\",\"url\":\"https:\/\/rotario.com.br\/site\/cabo-frio-inicia-aplicacao-de-medicamento-contra-virus-respiratorio-em-bebes-de-risco\/\",\"name\":\"Cabo Frio inicia aplica\u00e7\u00e3o de medicamento contra v\u00edrus respirat\u00f3rio em beb\u00eas de risco - Rota Rio\",\"isPartOf\":{\"@id\":\"https:\/\/rotario.com.br\/site\/#website\"},\"primaryImageOfPage\":{\"@id\":\"https:\/\/rotario.com.br\/site\/cabo-frio-inicia-aplicacao-de-medicamento-contra-virus-respiratorio-em-bebes-de-risco\/#primaryimage\"},\"image\":{\"@id\":\"https:\/\/rotario.com.br\/site\/cabo-frio-inicia-aplicacao-de-medicamento-contra-virus-respiratorio-em-bebes-de-risco\/#primaryimage\"},\"thumbnailUrl\":\"https:\/\/rotario.com.br\/site\/wp-content\/uploads\/2026\/03\/WhatsApp-Image-2026-03-04-at-10.11.53.jpeg\",\"datePublished\":\"2026-03-04T14:39:22+00:00\",\"dateModified\":\"2026-03-04T14:39:27+00:00\",\"breadcrumb\":{\"@id\":\"https:\/\/rotario.com.br\/site\/cabo-frio-inicia-aplicacao-de-medicamento-contra-virus-respiratorio-em-bebes-de-risco\/#breadcrumb\"},\"inLanguage\":\"pt-BR\",\"potentialAction\":[{\"@type\":\"ReadAction\",\"target\":[\"https:\/\/rotario.com.br\/site\/cabo-frio-inicia-aplicacao-de-medicamento-contra-virus-respiratorio-em-bebes-de-risco\/\"]}]},{\"@type\":\"ImageObject\",\"inLanguage\":\"pt-BR\",\"@id\":\"https:\/\/rotario.com.br\/site\/cabo-frio-inicia-aplicacao-de-medicamento-contra-virus-respiratorio-em-bebes-de-risco\/#primaryimage\",\"url\":\"https:\/\/rotario.com.br\/site\/wp-content\/uploads\/2026\/03\/WhatsApp-Image-2026-03-04-at-10.11.53.jpeg\",\"contentUrl\":\"https:\/\/rotario.com.br\/site\/wp-content\/uploads\/2026\/03\/WhatsApp-Image-2026-03-04-at-10.11.53.jpeg\",\"width\":866,\"height\":787},{\"@type\":\"BreadcrumbList\",\"@id\":\"https:\/\/rotario.com.br\/site\/cabo-frio-inicia-aplicacao-de-medicamento-contra-virus-respiratorio-em-bebes-de-risco\/#breadcrumb\",\"itemListElement\":[{\"@type\":\"ListItem\",\"position\":1,\"name\":\"In\u00edcio\",\"item\":\"https:\/\/rotario.com.br\/site\/\"},{\"@type\":\"ListItem\",\"position\":2,\"name\":\"Cabo Frio inicia aplica\u00e7\u00e3o de medicamento contra v\u00edrus respirat\u00f3rio em beb\u00eas de risco\"}]},{\"@type\":\"WebSite\",\"@id\":\"https:\/\/rotario.com.br\/site\/#website\",\"url\":\"https:\/\/rotario.com.br\/site\/\",\"name\":\"Rota Rio\",\"description\":\"Aqui, o Rio de Janeiro \u00e9 a pauta!\",\"publisher\":{\"@id\":\"https:\/\/rotario.com.br\/site\/#organization\"},\"potentialAction\":[{\"@type\":\"SearchAction\",\"target\":{\"@type\":\"EntryPoint\",\"urlTemplate\":\"https:\/\/rotario.com.br\/site\/?s={search_term_string}\"},\"query-input\":{\"@type\":\"PropertyValueSpecification\",\"valueRequired\":true,\"valueName\":\"search_term_string\"}}],\"inLanguage\":\"pt-BR\"},{\"@type\":\"Organization\",\"@id\":\"https:\/\/rotario.com.br\/site\/#organization\",\"name\":\"Rota Rio\",\"url\":\"https:\/\/rotario.com.br\/site\/\",\"logo\":{\"@type\":\"ImageObject\",\"inLanguage\":\"pt-BR\",\"@id\":\"https:\/\/rotario.com.br\/site\/#\/schema\/logo\/image\/\",\"url\":\"https:\/\/rotario.com.br\/site\/wp-content\/uploads\/2022\/04\/cropped-ROTARIO-LOGO-Prancheta-1-1-2048x654-1.png\",\"contentUrl\":\"https:\/\/rotario.com.br\/site\/wp-content\/uploads\/2022\/04\/cropped-ROTARIO-LOGO-Prancheta-1-1-2048x654-1.png\",\"width\":2048,\"height\":654,\"caption\":\"Rota Rio\"},\"image\":{\"@id\":\"https:\/\/rotario.com.br\/site\/#\/schema\/logo\/image\/\"}},{\"@type\":\"Person\",\"@id\":\"https:\/\/rotario.com.br\/site\/#\/schema\/person\/fd89bbbf4136f7e8a21e0dd67b8a66c7\",\"name\":\"Galv\u00e3o\",\"url\":\"https:\/\/rotario.com.br\/site\/author\/daniel\/\"}]}<\/script>\n<!-- \/ Yoast SEO plugin. -->","yoast_head_json":{"title":"Cabo Frio inicia aplica\u00e7\u00e3o de medicamento contra v\u00edrus respirat\u00f3rio em beb\u00eas de risco - Rota Rio","robots":{"index":"index","follow":"follow","max-snippet":"max-snippet:-1","max-image-preview":"max-image-preview:large","max-video-preview":"max-video-preview:-1"},"canonical":"https:\/\/rotario.com.br\/site\/cabo-frio-inicia-aplicacao-de-medicamento-contra-virus-respiratorio-em-bebes-de-risco\/","og_locale":"pt_BR","og_type":"article","og_title":"Cabo Frio inicia aplica\u00e7\u00e3o de medicamento contra v\u00edrus respirat\u00f3rio em beb\u00eas de risco - Rota Rio","og_description":"A Prefeitura de Cabo Frio, por meio da Secretaria de Sa\u00fade, deu in\u00edcio nesta ter\u00e7a-feira (3) \u00e0 aplica\u00e7\u00e3o das primeiras doses do medicamento contra o v\u00edrus sincicial respirat\u00f3rio (VSR) em crian\u00e7as prematuras e com doen\u00e7as associadas. O v\u00edrus \u00e9 o principal respons\u00e1vel pelos quadros de bronquiolite em beb\u00eas. As doses do Nirsevimabe, anticorpo monoclonal que [&hellip;]","og_url":"https:\/\/rotario.com.br\/site\/cabo-frio-inicia-aplicacao-de-medicamento-contra-virus-respiratorio-em-bebes-de-risco\/","og_site_name":"Rota Rio","article_published_time":"2026-03-04T14:39:22+00:00","article_modified_time":"2026-03-04T14:39:27+00:00","og_image":[{"width":866,"height":787,"url":"https:\/\/rotario.com.br\/site\/wp-content\/uploads\/2026\/03\/WhatsApp-Image-2026-03-04-at-10.11.53.jpeg","type":"image\/jpeg"}],"author":"Galv\u00e3o","twitter_card":"summary_large_image","twitter_misc":{"Escrito por":"Galv\u00e3o","Est. tempo de leitura":"2 minutos"},"schema":{"@context":"https:\/\/schema.org","@graph":[{"@type":"Article","@id":"https:\/\/rotario.com.br\/site\/cabo-frio-inicia-aplicacao-de-medicamento-contra-virus-respiratorio-em-bebes-de-risco\/#article","isPartOf":{"@id":"https:\/\/rotario.com.br\/site\/cabo-frio-inicia-aplicacao-de-medicamento-contra-virus-respiratorio-em-bebes-de-risco\/"},"author":{"name":"Galv\u00e3o","@id":"https:\/\/rotario.com.br\/site\/#\/schema\/person\/fd89bbbf4136f7e8a21e0dd67b8a66c7"},"headline":"Cabo Frio inicia aplica\u00e7\u00e3o de medicamento contra v\u00edrus respirat\u00f3rio em beb\u00eas de risco","datePublished":"2026-03-04T14:39:22+00:00","dateModified":"2026-03-04T14:39:27+00:00","mainEntityOfPage":{"@id":"https:\/\/rotario.com.br\/site\/cabo-frio-inicia-aplicacao-de-medicamento-contra-virus-respiratorio-em-bebes-de-risco\/"},"wordCount":337,"commentCount":0,"publisher":{"@id":"https:\/\/rotario.com.br\/site\/#organization"},"image":{"@id":"https:\/\/rotario.com.br\/site\/cabo-frio-inicia-aplicacao-de-medicamento-contra-virus-respiratorio-em-bebes-de-risco\/#primaryimage"},"thumbnailUrl":"https:\/\/rotario.com.br\/site\/wp-content\/uploads\/2026\/03\/WhatsApp-Image-2026-03-04-at-10.11.53.jpeg","articleSection":["Cabo Frio"],"inLanguage":"pt-BR","potentialAction":[{"@type":"CommentAction","name":"Comment","target":["https:\/\/rotario.com.br\/site\/cabo-frio-inicia-aplicacao-de-medicamento-contra-virus-respiratorio-em-bebes-de-risco\/#respond"]}]},{"@type":"WebPage","@id":"https:\/\/rotario.com.br\/site\/cabo-frio-inicia-aplicacao-de-medicamento-contra-virus-respiratorio-em-bebes-de-risco\/","url":"https:\/\/rotario.com.br\/site\/cabo-frio-inicia-aplicacao-de-medicamento-contra-virus-respiratorio-em-bebes-de-risco\/","name":"Cabo Frio inicia aplica\u00e7\u00e3o de medicamento contra v\u00edrus respirat\u00f3rio em beb\u00eas de risco - Rota Rio","isPartOf":{"@id":"https:\/\/rotario.com.br\/site\/#website"},"primaryImageOfPage":{"@id":"https:\/\/rotario.com.br\/site\/cabo-frio-inicia-aplicacao-de-medicamento-contra-virus-respiratorio-em-bebes-de-risco\/#primaryimage"},"image":{"@id":"https:\/\/rotario.com.br\/site\/cabo-frio-inicia-aplicacao-de-medicamento-contra-virus-respiratorio-em-bebes-de-risco\/#primaryimage"},"thumbnailUrl":"https:\/\/rotario.com.br\/site\/wp-content\/uploads\/2026\/03\/WhatsApp-Image-2026-03-04-at-10.11.53.jpeg","datePublished":"2026-03-04T14:39:22+00:00","dateModified":"2026-03-04T14:39:27+00:00","breadcrumb":{"@id":"https:\/\/rotario.com.br\/site\/cabo-frio-inicia-aplicacao-de-medicamento-contra-virus-respiratorio-em-bebes-de-risco\/#breadcrumb"},"inLanguage":"pt-BR","potentialAction":[{"@type":"ReadAction","target":["https:\/\/rotario.com.br\/site\/cabo-frio-inicia-aplicacao-de-medicamento-contra-virus-respiratorio-em-bebes-de-risco\/"]}]},{"@type":"ImageObject","inLanguage":"pt-BR","@id":"https:\/\/rotario.com.br\/site\/cabo-frio-inicia-aplicacao-de-medicamento-contra-virus-respiratorio-em-bebes-de-risco\/#primaryimage","url":"https:\/\/rotario.com.br\/site\/wp-content\/uploads\/2026\/03\/WhatsApp-Image-2026-03-04-at-10.11.53.jpeg","contentUrl":"https:\/\/rotario.com.br\/site\/wp-content\/uploads\/2026\/03\/WhatsApp-Image-2026-03-04-at-10.11.53.jpeg","width":866,"height":787},{"@type":"BreadcrumbList","@id":"https:\/\/rotario.com.br\/site\/cabo-frio-inicia-aplicacao-de-medicamento-contra-virus-respiratorio-em-bebes-de-risco\/#breadcrumb","itemListElement":[{"@type":"ListItem","position":1,"name":"In\u00edcio","item":"https:\/\/rotario.com.br\/site\/"},{"@type":"ListItem","position":2,"name":"Cabo Frio inicia aplica\u00e7\u00e3o de medicamento contra v\u00edrus respirat\u00f3rio em beb\u00eas de risco"}]},{"@type":"WebSite","@id":"https:\/\/rotario.com.br\/site\/#website","url":"https:\/\/rotario.com.br\/site\/","name":"Rota Rio","description":"Aqui, o Rio de Janeiro \u00e9 a pauta!","publisher":{"@id":"https:\/\/rotario.com.br\/site\/#organization"},"potentialAction":[{"@type":"SearchAction","target":{"@type":"EntryPoint","urlTemplate":"https:\/\/rotario.com.br\/site\/?s={search_term_string}"},"query-input":{"@type":"PropertyValueSpecification","valueRequired":true,"valueName":"search_term_string"}}],"inLanguage":"pt-BR"},{"@type":"Organization","@id":"https:\/\/rotario.com.br\/site\/#organization","name":"Rota Rio","url":"https:\/\/rotario.com.br\/site\/","logo":{"@type":"ImageObject","inLanguage":"pt-BR","@id":"https:\/\/rotario.com.br\/site\/#\/schema\/logo\/image\/","url":"https:\/\/rotario.com.br\/site\/wp-content\/uploads\/2022\/04\/cropped-ROTARIO-LOGO-Prancheta-1-1-2048x654-1.png","contentUrl":"https:\/\/rotario.com.br\/site\/wp-content\/uploads\/2022\/04\/cropped-ROTARIO-LOGO-Prancheta-1-1-2048x654-1.png","width":2048,"height":654,"caption":"Rota Rio"},"image":{"@id":"https:\/\/rotario.com.br\/site\/#\/schema\/logo\/image\/"}},{"@type":"Person","@id":"https:\/\/rotario.com.br\/site\/#\/schema\/person\/fd89bbbf4136f7e8a21e0dd67b8a66c7","name":"Galv\u00e3o","url":"https:\/\/rotario.com.br\/site\/author\/daniel\/"}]}},"_links":{"self":[{"href":"https:\/\/rotario.com.br\/site\/wp-json\/wp\/v2\/posts\/33613","targetHints":{"allow":["GET"]}}],"collection":[{"href":"https:\/\/rotario.com.br\/site\/wp-json\/wp\/v2\/posts"}],"about":[{"href":"https:\/\/rotario.com.br\/site\/wp-json\/wp\/v2\/types\/post"}],"author":[{"embeddable":true,"href":"https:\/\/rotario.com.br\/site\/wp-json\/wp\/v2\/users\/2"}],"replies":[{"embeddable":true,"href":"https:\/\/rotario.com.br\/site\/wp-json\/wp\/v2\/comments?post=33613"}],"version-history":[{"count":1,"href":"https:\/\/rotario.com.br\/site\/wp-json\/wp\/v2\/posts\/33613\/revisions"}],"predecessor-version":[{"id":33615,"href":"https:\/\/rotario.com.br\/site\/wp-json\/wp\/v2\/posts\/33613\/revisions\/33615"}],"wp:featuredmedia":[{"embeddable":true,"href":"https:\/\/rotario.com.br\/site\/wp-json\/wp\/v2\/media\/33614"}],"wp:attachment":[{"href":"https:\/\/rotario.com.br\/site\/wp-json\/wp\/v2\/media?parent=33613"}],"wp:term":[{"taxonomy":"category","embeddable":true,"href":"https:\/\/rotario.com.br\/site\/wp-json\/wp\/v2\/categories?post=33613"},{"taxonomy":"post_tag","embeddable":true,"href":"https:\/\/rotario.com.br\/site\/wp-json\/wp\/v2\/tags?post=33613"}],"curies":[{"name":"wp","href":"https:\/\/api.w.org\/{rel}","templated":true}]}}