{"id":33616,"date":"2026-03-04T11:43:21","date_gmt":"2026-03-04T14:43:21","guid":{"rendered":"https:\/\/rotario.com.br\/site\/?p=33616"},"modified":"2026-03-04T11:43:25","modified_gmt":"2026-03-04T14:43:25","slug":"prefeitura-intensifica-combate-a-veiculos-irregulares-nas-ruas-de-cabo-frio","status":"publish","type":"post","link":"https:\/\/rotario.com.br\/site\/prefeitura-intensifica-combate-a-veiculos-irregulares-nas-ruas-de-cabo-frio\/","title":{"rendered":"Prefeitura intensifica combate a ve\u00edculos irregulares nas ruas de Cabo Frio"},"content":{"rendered":"\n<p>A Prefeitura de Cabo Frio promoveu, nesta ter\u00e7a-feira (3), mais uma etapa da Opera\u00e7\u00e3o Cabo Frio em Ordem, voltada \u00e0 identifica\u00e7\u00e3o de autom\u00f3veis em aparente estado de abandono nas ruas da cidade.<\/p>\n\n\n\n<p>Coordenada pela Secretaria Adjunta de Licenciamento e Fiscaliza\u00e7\u00e3o, ligada \u00e0 Secretaria de Seguran\u00e7a e Ordem P\u00fablica, a a\u00e7\u00e3o passou pelos bairros Palmeiras, Parque Burle e Jardim Olinda, al\u00e9m de incluir a vistoria em uma oficina mec\u00e2nica. Ao todo, foram emitidas 12 notifica\u00e7\u00f5es: sete nas Palmeiras, tr\u00eas no Parque Burle, uma no Jardim Olinda e uma em estabelecimento comercial.<\/p>\n\n\n\n<p>Na semana anterior, a for\u00e7a-tarefa esteve nos bairros Guarani e Vila do Sol, onde 32 ve\u00edculos foram notificados, sendo 25 no Guarani e sete na Vila do Sol.<\/p>\n\n\n\n<p>Para caracterizar poss\u00edvel abandono, os agentes utilizam crit\u00e9rios t\u00e9cnicos como perman\u00eancia prolongada no mesmo ponto, pneus murchos, danos estruturais, ferrugem acentuada e ac\u00famulo de sujeira sob o autom\u00f3vel. Quando o propriet\u00e1rio \u00e9 identificado no momento da fiscaliza\u00e7\u00e3o, recebe orienta\u00e7\u00e3o imediata. Nos demais casos, o aviso \u00e9 afixado no pr\u00f3prio ve\u00edculo.<\/p>\n\n\n\n<p>Ap\u00f3s a notifica\u00e7\u00e3o, o respons\u00e1vel tem prazo de dez dias para regularizar a situa\u00e7\u00e3o ou remover o autom\u00f3vel da via p\u00fablica. Caso n\u00e3o haja provid\u00eancias dentro do per\u00edodo estabelecido, o ve\u00edculo poder\u00e1 ser recolhido.<\/p>\n\n\n\n<p>A opera\u00e7\u00e3o integra um conjunto permanente de medidas de ordenamento urbano e deve alcan\u00e7ar novos bairros conforme o cronograma da equipe e as solicita\u00e7\u00f5es encaminhadas pela popula\u00e7\u00e3o.&nbsp;&nbsp;&nbsp;&nbsp;<\/p>\n","protected":false},"excerpt":{"rendered":"<p>A Prefeitura de Cabo Frio promoveu, nesta ter\u00e7a-feira (3), mais uma etapa da Opera\u00e7\u00e3o Cabo Frio em Ordem, voltada \u00e0 identifica\u00e7\u00e3o de autom\u00f3veis em aparente estado de abandono nas ruas da cidade. Coordenada pela Secretaria Adjunta de Licenciamento e Fiscaliza\u00e7\u00e3o, ligada \u00e0 Secretaria de Seguran\u00e7a e Ordem P\u00fablica, a a\u00e7\u00e3o passou pelos bairros Palmeiras, Parque [&hellip;]<\/p>\n","protected":false},"author":2,"featured_media":33617,"comment_status":"open","ping_status":"closed","sticky":false,"template":"","format":"standard","meta":{"footnotes":""},"categories":[31],"tags":[],"class_list":["post-33616","post","type-post","status-publish","format-standard","has-post-thumbnail","hentry","category-cabo-frio"],"yoast_head":"<!-- This site is optimized with the Yoast SEO plugin v26.5 - https:\/\/yoast.com\/wordpress\/plugins\/seo\/ -->\n<title>Prefeitura intensifica combate a ve\u00edculos irregulares nas ruas de Cabo Frio - Rota Rio<\/title>\n<meta name=\"robots\" content=\"index, follow, max-snippet:-1, max-image-preview:large, max-video-preview:-1\" \/>\n<link rel=\"canonical\" href=\"https:\/\/rotario.com.br\/site\/prefeitura-intensifica-combate-a-veiculos-irregulares-nas-ruas-de-cabo-frio\/\" \/>\n<meta property=\"og:locale\" content=\"pt_BR\" \/>\n<meta property=\"og:type\" content=\"article\" \/>\n<meta property=\"og:title\" content=\"Prefeitura intensifica combate a ve\u00edculos irregulares nas ruas de Cabo Frio - Rota Rio\" \/>\n<meta property=\"og:description\" content=\"A Prefeitura de Cabo Frio promoveu, nesta ter\u00e7a-feira (3), mais uma etapa da Opera\u00e7\u00e3o Cabo Frio em Ordem, voltada \u00e0 identifica\u00e7\u00e3o de autom\u00f3veis em aparente estado de abandono nas ruas da cidade. Coordenada pela Secretaria Adjunta de Licenciamento e Fiscaliza\u00e7\u00e3o, ligada \u00e0 Secretaria de Seguran\u00e7a e Ordem P\u00fablica, a a\u00e7\u00e3o passou pelos bairros Palmeiras, Parque [&hellip;]\" \/>\n<meta property=\"og:url\" content=\"https:\/\/rotario.com.br\/site\/prefeitura-intensifica-combate-a-veiculos-irregulares-nas-ruas-de-cabo-frio\/\" \/>\n<meta property=\"og:site_name\" content=\"Rota Rio\" \/>\n<meta property=\"article:published_time\" content=\"2026-03-04T14:43:21+00:00\" \/>\n<meta property=\"article:modified_time\" content=\"2026-03-04T14:43:25+00:00\" \/>\n<meta property=\"og:image\" content=\"https:\/\/rotario.com.br\/site\/wp-content\/uploads\/2026\/03\/WhatsApp-Image-2026-03-04-at-10.13.45.jpeg\" \/>\n\t<meta property=\"og:image:width\" content=\"1012\" \/>\n\t<meta property=\"og:image:height\" content=\"687\" \/>\n\t<meta property=\"og:image:type\" content=\"image\/jpeg\" \/>\n<meta name=\"author\" content=\"Galv\u00e3o\" \/>\n<meta name=\"twitter:card\" content=\"summary_large_image\" \/>\n<meta name=\"twitter:label1\" content=\"Escrito por\" \/>\n\t<meta name=\"twitter:data1\" content=\"Galv\u00e3o\" \/>\n\t<meta name=\"twitter:label2\" content=\"Est. tempo de leitura\" \/>\n\t<meta name=\"twitter:data2\" content=\"2 minutos\" \/>\n<script type=\"application\/ld+json\" class=\"yoast-schema-graph\">{\"@context\":\"https:\/\/schema.org\",\"@graph\":[{\"@type\":\"Article\",\"@id\":\"https:\/\/rotario.com.br\/site\/prefeitura-intensifica-combate-a-veiculos-irregulares-nas-ruas-de-cabo-frio\/#article\",\"isPartOf\":{\"@id\":\"https:\/\/rotario.com.br\/site\/prefeitura-intensifica-combate-a-veiculos-irregulares-nas-ruas-de-cabo-frio\/\"},\"author\":{\"name\":\"Galv\u00e3o\",\"@id\":\"https:\/\/rotario.com.br\/site\/#\/schema\/person\/fd89bbbf4136f7e8a21e0dd67b8a66c7\"},\"headline\":\"Prefeitura intensifica combate a ve\u00edculos irregulares nas ruas de Cabo Frio\",\"datePublished\":\"2026-03-04T14:43:21+00:00\",\"dateModified\":\"2026-03-04T14:43:25+00:00\",\"mainEntityOfPage\":{\"@id\":\"https:\/\/rotario.com.br\/site\/prefeitura-intensifica-combate-a-veiculos-irregulares-nas-ruas-de-cabo-frio\/\"},\"wordCount\":276,\"commentCount\":0,\"publisher\":{\"@id\":\"https:\/\/rotario.com.br\/site\/#organization\"},\"image\":{\"@id\":\"https:\/\/rotario.com.br\/site\/prefeitura-intensifica-combate-a-veiculos-irregulares-nas-ruas-de-cabo-frio\/#primaryimage\"},\"thumbnailUrl\":\"https:\/\/rotario.com.br\/site\/wp-content\/uploads\/2026\/03\/WhatsApp-Image-2026-03-04-at-10.13.45.jpeg\",\"articleSection\":[\"Cabo Frio\"],\"inLanguage\":\"pt-BR\",\"potentialAction\":[{\"@type\":\"CommentAction\",\"name\":\"Comment\",\"target\":[\"https:\/\/rotario.com.br\/site\/prefeitura-intensifica-combate-a-veiculos-irregulares-nas-ruas-de-cabo-frio\/#respond\"]}]},{\"@type\":\"WebPage\",\"@id\":\"https:\/\/rotario.com.br\/site\/prefeitura-intensifica-combate-a-veiculos-irregulares-nas-ruas-de-cabo-frio\/\",\"url\":\"https:\/\/rotario.com.br\/site\/prefeitura-intensifica-combate-a-veiculos-irregulares-nas-ruas-de-cabo-frio\/\",\"name\":\"Prefeitura intensifica combate a ve\u00edculos irregulares nas ruas de Cabo Frio - Rota Rio\",\"isPartOf\":{\"@id\":\"https:\/\/rotario.com.br\/site\/#website\"},\"primaryImageOfPage\":{\"@id\":\"https:\/\/rotario.com.br\/site\/prefeitura-intensifica-combate-a-veiculos-irregulares-nas-ruas-de-cabo-frio\/#primaryimage\"},\"image\":{\"@id\":\"https:\/\/rotario.com.br\/site\/prefeitura-intensifica-combate-a-veiculos-irregulares-nas-ruas-de-cabo-frio\/#primaryimage\"},\"thumbnailUrl\":\"https:\/\/rotario.com.br\/site\/wp-content\/uploads\/2026\/03\/WhatsApp-Image-2026-03-04-at-10.13.45.jpeg\",\"datePublished\":\"2026-03-04T14:43:21+00:00\",\"dateModified\":\"2026-03-04T14:43:25+00:00\",\"breadcrumb\":{\"@id\":\"https:\/\/rotario.com.br\/site\/prefeitura-intensifica-combate-a-veiculos-irregulares-nas-ruas-de-cabo-frio\/#breadcrumb\"},\"inLanguage\":\"pt-BR\",\"potentialAction\":[{\"@type\":\"ReadAction\",\"target\":[\"https:\/\/rotario.com.br\/site\/prefeitura-intensifica-combate-a-veiculos-irregulares-nas-ruas-de-cabo-frio\/\"]}]},{\"@type\":\"ImageObject\",\"inLanguage\":\"pt-BR\",\"@id\":\"https:\/\/rotario.com.br\/site\/prefeitura-intensifica-combate-a-veiculos-irregulares-nas-ruas-de-cabo-frio\/#primaryimage\",\"url\":\"https:\/\/rotario.com.br\/site\/wp-content\/uploads\/2026\/03\/WhatsApp-Image-2026-03-04-at-10.13.45.jpeg\",\"contentUrl\":\"https:\/\/rotario.com.br\/site\/wp-content\/uploads\/2026\/03\/WhatsApp-Image-2026-03-04-at-10.13.45.jpeg\",\"width\":1012,\"height\":687},{\"@type\":\"BreadcrumbList\",\"@id\":\"https:\/\/rotario.com.br\/site\/prefeitura-intensifica-combate-a-veiculos-irregulares-nas-ruas-de-cabo-frio\/#breadcrumb\",\"itemListElement\":[{\"@type\":\"ListItem\",\"position\":1,\"name\":\"In\u00edcio\",\"item\":\"https:\/\/rotario.com.br\/site\/\"},{\"@type\":\"ListItem\",\"position\":2,\"name\":\"Prefeitura intensifica combate a ve\u00edculos irregulares nas ruas de Cabo Frio\"}]},{\"@type\":\"WebSite\",\"@id\":\"https:\/\/rotario.com.br\/site\/#website\",\"url\":\"https:\/\/rotario.com.br\/site\/\",\"name\":\"Rota Rio\",\"description\":\"Aqui, o Rio de Janeiro \u00e9 a pauta!\",\"publisher\":{\"@id\":\"https:\/\/rotario.com.br\/site\/#organization\"},\"potentialAction\":[{\"@type\":\"SearchAction\",\"target\":{\"@type\":\"EntryPoint\",\"urlTemplate\":\"https:\/\/rotario.com.br\/site\/?s={search_term_string}\"},\"query-input\":{\"@type\":\"PropertyValueSpecification\",\"valueRequired\":true,\"valueName\":\"search_term_string\"}}],\"inLanguage\":\"pt-BR\"},{\"@type\":\"Organization\",\"@id\":\"https:\/\/rotario.com.br\/site\/#organization\",\"name\":\"Rota Rio\",\"url\":\"https:\/\/rotario.com.br\/site\/\",\"logo\":{\"@type\":\"ImageObject\",\"inLanguage\":\"pt-BR\",\"@id\":\"https:\/\/rotario.com.br\/site\/#\/schema\/logo\/image\/\",\"url\":\"https:\/\/rotario.com.br\/site\/wp-content\/uploads\/2022\/04\/cropped-ROTARIO-LOGO-Prancheta-1-1-2048x654-1.png\",\"contentUrl\":\"https:\/\/rotario.com.br\/site\/wp-content\/uploads\/2022\/04\/cropped-ROTARIO-LOGO-Prancheta-1-1-2048x654-1.png\",\"width\":2048,\"height\":654,\"caption\":\"Rota Rio\"},\"image\":{\"@id\":\"https:\/\/rotario.com.br\/site\/#\/schema\/logo\/image\/\"}},{\"@type\":\"Person\",\"@id\":\"https:\/\/rotario.com.br\/site\/#\/schema\/person\/fd89bbbf4136f7e8a21e0dd67b8a66c7\",\"name\":\"Galv\u00e3o\",\"url\":\"https:\/\/rotario.com.br\/site\/author\/daniel\/\"}]}<\/script>\n<!-- \/ Yoast SEO plugin. -->","yoast_head_json":{"title":"Prefeitura intensifica combate a ve\u00edculos irregulares nas ruas de Cabo Frio - Rota Rio","robots":{"index":"index","follow":"follow","max-snippet":"max-snippet:-1","max-image-preview":"max-image-preview:large","max-video-preview":"max-video-preview:-1"},"canonical":"https:\/\/rotario.com.br\/site\/prefeitura-intensifica-combate-a-veiculos-irregulares-nas-ruas-de-cabo-frio\/","og_locale":"pt_BR","og_type":"article","og_title":"Prefeitura intensifica combate a ve\u00edculos irregulares nas ruas de Cabo Frio - Rota Rio","og_description":"A Prefeitura de Cabo Frio promoveu, nesta ter\u00e7a-feira (3), mais uma etapa da Opera\u00e7\u00e3o Cabo Frio em Ordem, voltada \u00e0 identifica\u00e7\u00e3o de autom\u00f3veis em aparente estado de abandono nas ruas da cidade. Coordenada pela Secretaria Adjunta de Licenciamento e Fiscaliza\u00e7\u00e3o, ligada \u00e0 Secretaria de Seguran\u00e7a e Ordem P\u00fablica, a a\u00e7\u00e3o passou pelos bairros Palmeiras, Parque [&hellip;]","og_url":"https:\/\/rotario.com.br\/site\/prefeitura-intensifica-combate-a-veiculos-irregulares-nas-ruas-de-cabo-frio\/","og_site_name":"Rota Rio","article_published_time":"2026-03-04T14:43:21+00:00","article_modified_time":"2026-03-04T14:43:25+00:00","og_image":[{"width":1012,"height":687,"url":"https:\/\/rotario.com.br\/site\/wp-content\/uploads\/2026\/03\/WhatsApp-Image-2026-03-04-at-10.13.45.jpeg","type":"image\/jpeg"}],"author":"Galv\u00e3o","twitter_card":"summary_large_image","twitter_misc":{"Escrito por":"Galv\u00e3o","Est. tempo de leitura":"2 minutos"},"schema":{"@context":"https:\/\/schema.org","@graph":[{"@type":"Article","@id":"https:\/\/rotario.com.br\/site\/prefeitura-intensifica-combate-a-veiculos-irregulares-nas-ruas-de-cabo-frio\/#article","isPartOf":{"@id":"https:\/\/rotario.com.br\/site\/prefeitura-intensifica-combate-a-veiculos-irregulares-nas-ruas-de-cabo-frio\/"},"author":{"name":"Galv\u00e3o","@id":"https:\/\/rotario.com.br\/site\/#\/schema\/person\/fd89bbbf4136f7e8a21e0dd67b8a66c7"},"headline":"Prefeitura intensifica combate a ve\u00edculos irregulares nas ruas de Cabo Frio","datePublished":"2026-03-04T14:43:21+00:00","dateModified":"2026-03-04T14:43:25+00:00","mainEntityOfPage":{"@id":"https:\/\/rotario.com.br\/site\/prefeitura-intensifica-combate-a-veiculos-irregulares-nas-ruas-de-cabo-frio\/"},"wordCount":276,"commentCount":0,"publisher":{"@id":"https:\/\/rotario.com.br\/site\/#organization"},"image":{"@id":"https:\/\/rotario.com.br\/site\/prefeitura-intensifica-combate-a-veiculos-irregulares-nas-ruas-de-cabo-frio\/#primaryimage"},"thumbnailUrl":"https:\/\/rotario.com.br\/site\/wp-content\/uploads\/2026\/03\/WhatsApp-Image-2026-03-04-at-10.13.45.jpeg","articleSection":["Cabo Frio"],"inLanguage":"pt-BR","potentialAction":[{"@type":"CommentAction","name":"Comment","target":["https:\/\/rotario.com.br\/site\/prefeitura-intensifica-combate-a-veiculos-irregulares-nas-ruas-de-cabo-frio\/#respond"]}]},{"@type":"WebPage","@id":"https:\/\/rotario.com.br\/site\/prefeitura-intensifica-combate-a-veiculos-irregulares-nas-ruas-de-cabo-frio\/","url":"https:\/\/rotario.com.br\/site\/prefeitura-intensifica-combate-a-veiculos-irregulares-nas-ruas-de-cabo-frio\/","name":"Prefeitura intensifica combate a ve\u00edculos irregulares nas ruas de Cabo Frio - Rota Rio","isPartOf":{"@id":"https:\/\/rotario.com.br\/site\/#website"},"primaryImageOfPage":{"@id":"https:\/\/rotario.com.br\/site\/prefeitura-intensifica-combate-a-veiculos-irregulares-nas-ruas-de-cabo-frio\/#primaryimage"},"image":{"@id":"https:\/\/rotario.com.br\/site\/prefeitura-intensifica-combate-a-veiculos-irregulares-nas-ruas-de-cabo-frio\/#primaryimage"},"thumbnailUrl":"https:\/\/rotario.com.br\/site\/wp-content\/uploads\/2026\/03\/WhatsApp-Image-2026-03-04-at-10.13.45.jpeg","datePublished":"2026-03-04T14:43:21+00:00","dateModified":"2026-03-04T14:43:25+00:00","breadcrumb":{"@id":"https:\/\/rotario.com.br\/site\/prefeitura-intensifica-combate-a-veiculos-irregulares-nas-ruas-de-cabo-frio\/#breadcrumb"},"inLanguage":"pt-BR","potentialAction":[{"@type":"ReadAction","target":["https:\/\/rotario.com.br\/site\/prefeitura-intensifica-combate-a-veiculos-irregulares-nas-ruas-de-cabo-frio\/"]}]},{"@type":"ImageObject","inLanguage":"pt-BR","@id":"https:\/\/rotario.com.br\/site\/prefeitura-intensifica-combate-a-veiculos-irregulares-nas-ruas-de-cabo-frio\/#primaryimage","url":"https:\/\/rotario.com.br\/site\/wp-content\/uploads\/2026\/03\/WhatsApp-Image-2026-03-04-at-10.13.45.jpeg","contentUrl":"https:\/\/rotario.com.br\/site\/wp-content\/uploads\/2026\/03\/WhatsApp-Image-2026-03-04-at-10.13.45.jpeg","width":1012,"height":687},{"@type":"BreadcrumbList","@id":"https:\/\/rotario.com.br\/site\/prefeitura-intensifica-combate-a-veiculos-irregulares-nas-ruas-de-cabo-frio\/#breadcrumb","itemListElement":[{"@type":"ListItem","position":1,"name":"In\u00edcio","item":"https:\/\/rotario.com.br\/site\/"},{"@type":"ListItem","position":2,"name":"Prefeitura intensifica combate a ve\u00edculos irregulares nas ruas de Cabo Frio"}]},{"@type":"WebSite","@id":"https:\/\/rotario.com.br\/site\/#website","url":"https:\/\/rotario.com.br\/site\/","name":"Rota Rio","description":"Aqui, o Rio de Janeiro \u00e9 a pauta!","publisher":{"@id":"https:\/\/rotario.com.br\/site\/#organization"},"potentialAction":[{"@type":"SearchAction","target":{"@type":"EntryPoint","urlTemplate":"https:\/\/rotario.com.br\/site\/?s={search_term_string}"},"query-input":{"@type":"PropertyValueSpecification","valueRequired":true,"valueName":"search_term_string"}}],"inLanguage":"pt-BR"},{"@type":"Organization","@id":"https:\/\/rotario.com.br\/site\/#organization","name":"Rota Rio","url":"https:\/\/rotario.com.br\/site\/","logo":{"@type":"ImageObject","inLanguage":"pt-BR","@id":"https:\/\/rotario.com.br\/site\/#\/schema\/logo\/image\/","url":"https:\/\/rotario.com.br\/site\/wp-content\/uploads\/2022\/04\/cropped-ROTARIO-LOGO-Prancheta-1-1-2048x654-1.png","contentUrl":"https:\/\/rotario.com.br\/site\/wp-content\/uploads\/2022\/04\/cropped-ROTARIO-LOGO-Prancheta-1-1-2048x654-1.png","width":2048,"height":654,"caption":"Rota Rio"},"image":{"@id":"https:\/\/rotario.com.br\/site\/#\/schema\/logo\/image\/"}},{"@type":"Person","@id":"https:\/\/rotario.com.br\/site\/#\/schema\/person\/fd89bbbf4136f7e8a21e0dd67b8a66c7","name":"Galv\u00e3o","url":"https:\/\/rotario.com.br\/site\/author\/daniel\/"}]}},"_links":{"self":[{"href":"https:\/\/rotario.com.br\/site\/wp-json\/wp\/v2\/posts\/33616","targetHints":{"allow":["GET"]}}],"collection":[{"href":"https:\/\/rotario.com.br\/site\/wp-json\/wp\/v2\/posts"}],"about":[{"href":"https:\/\/rotario.com.br\/site\/wp-json\/wp\/v2\/types\/post"}],"author":[{"embeddable":true,"href":"https:\/\/rotario.com.br\/site\/wp-json\/wp\/v2\/users\/2"}],"replies":[{"embeddable":true,"href":"https:\/\/rotario.com.br\/site\/wp-json\/wp\/v2\/comments?post=33616"}],"version-history":[{"count":1,"href":"https:\/\/rotario.com.br\/site\/wp-json\/wp\/v2\/posts\/33616\/revisions"}],"predecessor-version":[{"id":33618,"href":"https:\/\/rotario.com.br\/site\/wp-json\/wp\/v2\/posts\/33616\/revisions\/33618"}],"wp:featuredmedia":[{"embeddable":true,"href":"https:\/\/rotario.com.br\/site\/wp-json\/wp\/v2\/media\/33617"}],"wp:attachment":[{"href":"https:\/\/rotario.com.br\/site\/wp-json\/wp\/v2\/media?parent=33616"}],"wp:term":[{"taxonomy":"category","embeddable":true,"href":"https:\/\/rotario.com.br\/site\/wp-json\/wp\/v2\/categories?post=33616"},{"taxonomy":"post_tag","embeddable":true,"href":"https:\/\/rotario.com.br\/site\/wp-json\/wp\/v2\/tags?post=33616"}],"curies":[{"name":"wp","href":"https:\/\/api.w.org\/{rel}","templated":true}]}}