{"id":33622,"date":"2026-03-04T11:51:28","date_gmt":"2026-03-04T14:51:28","guid":{"rendered":"https:\/\/rotario.com.br\/site\/?p=33622"},"modified":"2026-03-04T11:51:33","modified_gmt":"2026-03-04T14:51:33","slug":"acao-conjunta-garante-socorro-a-animal-silvestre-em-cabo-frio","status":"publish","type":"post","link":"https:\/\/rotario.com.br\/site\/acao-conjunta-garante-socorro-a-animal-silvestre-em-cabo-frio\/","title":{"rendered":"A\u00e7\u00e3o conjunta garante socorro a animal silvestre em Cabo Frio"},"content":{"rendered":"\n<p>A Guarda Mar\u00edtima e Ambiental da Guarda Civil Municipal de Cabo Frio realizou, nesta ter\u00e7a-feira (3), o resgate de um gavi\u00e3o-sorridente encontrado ferido na Rua do Val\u00e3o, no bairro Jardim Esperan\u00e7a.<\/p>\n\n\n\n<p>A equipe foi acionada por funcion\u00e1rios da Companhia de Servi\u00e7os de Cabo Frio (Comsercaf), que executavam trabalhos na regi\u00e3o e identificaram a ave ca\u00edda no ch\u00e3o. Os agentes, que atuavam em conjunto com a Secretaria de Meio Ambiente, Clima e Saneamento, se deslocaram at\u00e9 o local para realizar o recolhimento.<\/p>\n\n\n\n<p>O animal foi identificado como gavi\u00e3o-sorridente, conhecido popularmente como gavi\u00e3o-reidor, da esp\u00e9cie Herpetotheres cachinnans. Ele apresentava ferimentos nas asas, dificuldade de movimenta\u00e7\u00e3o e uma unha quebrada, o que pode comprometer sua capacidade de ca\u00e7a e defesa na natureza.<\/p>\n\n\n\n<p>A avalia\u00e7\u00e3o preliminar aponta ind\u00edcios de que a ave possa ter sido mantida em cativeiro, hip\u00f3tese que ser\u00e1 investigada pelos \u00f3rg\u00e3os competentes. A pr\u00e1tica de aprisionar animais silvestres, al\u00e9m de ilegal, provoca estresse, debilita\u00e7\u00e3o f\u00edsica e reduz as chances de sobreviv\u00eancia quando o animal retorna ao ambiente natural, especialmente em esp\u00e9cies de h\u00e1bito predador, como o gavi\u00e3o-sorridente.<\/p>\n\n\n\n<p>Ap\u00f3s o resgate, o animal foi encaminhado para atendimento veterin\u00e1rio e, posteriormente, ser\u00e1 transferido para uma unidade especializada em reabilita\u00e7\u00e3o de fauna silvestre no munic\u00edpio de Araruama, onde passar\u00e1 por acompanhamento at\u00e9 que haja condi\u00e7\u00f5es seguras de reintrodu\u00e7\u00e3o ao habitat.<\/p>\n\n\n\n<p>A Guarda Civil refor\u00e7a que manter animais silvestres em cativeiro \u00e9 crime ambiental. Em casos de fauna machucada ou em situa\u00e7\u00e3o de risco, a popula\u00e7\u00e3o deve acionar a corpora\u00e7\u00e3o pelo telefone 153.&nbsp;&nbsp;&nbsp;&nbsp;&nbsp;<\/p>\n","protected":false},"excerpt":{"rendered":"<p>A Guarda Mar\u00edtima e Ambiental da Guarda Civil Municipal de Cabo Frio realizou, nesta ter\u00e7a-feira (3), o resgate de um gavi\u00e3o-sorridente encontrado ferido na Rua do Val\u00e3o, no bairro Jardim Esperan\u00e7a. A equipe foi acionada por funcion\u00e1rios da Companhia de Servi\u00e7os de Cabo Frio (Comsercaf), que executavam trabalhos na regi\u00e3o e identificaram a ave ca\u00edda [&hellip;]<\/p>\n","protected":false},"author":2,"featured_media":33623,"comment_status":"open","ping_status":"closed","sticky":false,"template":"","format":"standard","meta":{"footnotes":""},"categories":[31],"tags":[],"class_list":["post-33622","post","type-post","status-publish","format-standard","has-post-thumbnail","hentry","category-cabo-frio"],"yoast_head":"<!-- This site is optimized with the Yoast SEO plugin v26.5 - https:\/\/yoast.com\/wordpress\/plugins\/seo\/ -->\n<title>A\u00e7\u00e3o conjunta garante socorro a animal silvestre em Cabo Frio - Rota Rio<\/title>\n<meta name=\"robots\" content=\"index, follow, max-snippet:-1, max-image-preview:large, max-video-preview:-1\" \/>\n<link rel=\"canonical\" href=\"https:\/\/rotario.com.br\/site\/acao-conjunta-garante-socorro-a-animal-silvestre-em-cabo-frio\/\" \/>\n<meta property=\"og:locale\" content=\"pt_BR\" \/>\n<meta property=\"og:type\" content=\"article\" \/>\n<meta property=\"og:title\" content=\"A\u00e7\u00e3o conjunta garante socorro a animal silvestre em Cabo Frio - Rota Rio\" \/>\n<meta property=\"og:description\" content=\"A Guarda Mar\u00edtima e Ambiental da Guarda Civil Municipal de Cabo Frio realizou, nesta ter\u00e7a-feira (3), o resgate de um gavi\u00e3o-sorridente encontrado ferido na Rua do Val\u00e3o, no bairro Jardim Esperan\u00e7a. A equipe foi acionada por funcion\u00e1rios da Companhia de Servi\u00e7os de Cabo Frio (Comsercaf), que executavam trabalhos na regi\u00e3o e identificaram a ave ca\u00edda [&hellip;]\" \/>\n<meta property=\"og:url\" content=\"https:\/\/rotario.com.br\/site\/acao-conjunta-garante-socorro-a-animal-silvestre-em-cabo-frio\/\" \/>\n<meta property=\"og:site_name\" content=\"Rota Rio\" \/>\n<meta property=\"article:published_time\" content=\"2026-03-04T14:51:28+00:00\" \/>\n<meta property=\"article:modified_time\" content=\"2026-03-04T14:51:33+00:00\" \/>\n<meta property=\"og:image\" content=\"https:\/\/rotario.com.br\/site\/wp-content\/uploads\/2026\/03\/WhatsApp-Image-2026-03-04-at-10.18.07.jpeg\" \/>\n\t<meta property=\"og:image:width\" content=\"866\" \/>\n\t<meta property=\"og:image:height\" content=\"787\" \/>\n\t<meta property=\"og:image:type\" content=\"image\/jpeg\" \/>\n<meta name=\"author\" content=\"Galv\u00e3o\" \/>\n<meta name=\"twitter:card\" content=\"summary_large_image\" \/>\n<meta name=\"twitter:label1\" content=\"Escrito por\" \/>\n\t<meta name=\"twitter:data1\" content=\"Galv\u00e3o\" \/>\n\t<meta name=\"twitter:label2\" content=\"Est. tempo de leitura\" \/>\n\t<meta name=\"twitter:data2\" content=\"2 minutos\" \/>\n<script type=\"application\/ld+json\" class=\"yoast-schema-graph\">{\"@context\":\"https:\/\/schema.org\",\"@graph\":[{\"@type\":\"Article\",\"@id\":\"https:\/\/rotario.com.br\/site\/acao-conjunta-garante-socorro-a-animal-silvestre-em-cabo-frio\/#article\",\"isPartOf\":{\"@id\":\"https:\/\/rotario.com.br\/site\/acao-conjunta-garante-socorro-a-animal-silvestre-em-cabo-frio\/\"},\"author\":{\"name\":\"Galv\u00e3o\",\"@id\":\"https:\/\/rotario.com.br\/site\/#\/schema\/person\/fd89bbbf4136f7e8a21e0dd67b8a66c7\"},\"headline\":\"A\u00e7\u00e3o conjunta garante socorro a animal silvestre em Cabo Frio\",\"datePublished\":\"2026-03-04T14:51:28+00:00\",\"dateModified\":\"2026-03-04T14:51:33+00:00\",\"mainEntityOfPage\":{\"@id\":\"https:\/\/rotario.com.br\/site\/acao-conjunta-garante-socorro-a-animal-silvestre-em-cabo-frio\/\"},\"wordCount\":298,\"commentCount\":0,\"publisher\":{\"@id\":\"https:\/\/rotario.com.br\/site\/#organization\"},\"image\":{\"@id\":\"https:\/\/rotario.com.br\/site\/acao-conjunta-garante-socorro-a-animal-silvestre-em-cabo-frio\/#primaryimage\"},\"thumbnailUrl\":\"https:\/\/rotario.com.br\/site\/wp-content\/uploads\/2026\/03\/WhatsApp-Image-2026-03-04-at-10.18.07.jpeg\",\"articleSection\":[\"Cabo Frio\"],\"inLanguage\":\"pt-BR\",\"potentialAction\":[{\"@type\":\"CommentAction\",\"name\":\"Comment\",\"target\":[\"https:\/\/rotario.com.br\/site\/acao-conjunta-garante-socorro-a-animal-silvestre-em-cabo-frio\/#respond\"]}]},{\"@type\":\"WebPage\",\"@id\":\"https:\/\/rotario.com.br\/site\/acao-conjunta-garante-socorro-a-animal-silvestre-em-cabo-frio\/\",\"url\":\"https:\/\/rotario.com.br\/site\/acao-conjunta-garante-socorro-a-animal-silvestre-em-cabo-frio\/\",\"name\":\"A\u00e7\u00e3o conjunta garante socorro a animal silvestre em Cabo Frio - Rota Rio\",\"isPartOf\":{\"@id\":\"https:\/\/rotario.com.br\/site\/#website\"},\"primaryImageOfPage\":{\"@id\":\"https:\/\/rotario.com.br\/site\/acao-conjunta-garante-socorro-a-animal-silvestre-em-cabo-frio\/#primaryimage\"},\"image\":{\"@id\":\"https:\/\/rotario.com.br\/site\/acao-conjunta-garante-socorro-a-animal-silvestre-em-cabo-frio\/#primaryimage\"},\"thumbnailUrl\":\"https:\/\/rotario.com.br\/site\/wp-content\/uploads\/2026\/03\/WhatsApp-Image-2026-03-04-at-10.18.07.jpeg\",\"datePublished\":\"2026-03-04T14:51:28+00:00\",\"dateModified\":\"2026-03-04T14:51:33+00:00\",\"breadcrumb\":{\"@id\":\"https:\/\/rotario.com.br\/site\/acao-conjunta-garante-socorro-a-animal-silvestre-em-cabo-frio\/#breadcrumb\"},\"inLanguage\":\"pt-BR\",\"potentialAction\":[{\"@type\":\"ReadAction\",\"target\":[\"https:\/\/rotario.com.br\/site\/acao-conjunta-garante-socorro-a-animal-silvestre-em-cabo-frio\/\"]}]},{\"@type\":\"ImageObject\",\"inLanguage\":\"pt-BR\",\"@id\":\"https:\/\/rotario.com.br\/site\/acao-conjunta-garante-socorro-a-animal-silvestre-em-cabo-frio\/#primaryimage\",\"url\":\"https:\/\/rotario.com.br\/site\/wp-content\/uploads\/2026\/03\/WhatsApp-Image-2026-03-04-at-10.18.07.jpeg\",\"contentUrl\":\"https:\/\/rotario.com.br\/site\/wp-content\/uploads\/2026\/03\/WhatsApp-Image-2026-03-04-at-10.18.07.jpeg\",\"width\":866,\"height\":787},{\"@type\":\"BreadcrumbList\",\"@id\":\"https:\/\/rotario.com.br\/site\/acao-conjunta-garante-socorro-a-animal-silvestre-em-cabo-frio\/#breadcrumb\",\"itemListElement\":[{\"@type\":\"ListItem\",\"position\":1,\"name\":\"In\u00edcio\",\"item\":\"https:\/\/rotario.com.br\/site\/\"},{\"@type\":\"ListItem\",\"position\":2,\"name\":\"A\u00e7\u00e3o conjunta garante socorro a animal silvestre em Cabo Frio\"}]},{\"@type\":\"WebSite\",\"@id\":\"https:\/\/rotario.com.br\/site\/#website\",\"url\":\"https:\/\/rotario.com.br\/site\/\",\"name\":\"Rota Rio\",\"description\":\"Aqui, o Rio de Janeiro \u00e9 a pauta!\",\"publisher\":{\"@id\":\"https:\/\/rotario.com.br\/site\/#organization\"},\"potentialAction\":[{\"@type\":\"SearchAction\",\"target\":{\"@type\":\"EntryPoint\",\"urlTemplate\":\"https:\/\/rotario.com.br\/site\/?s={search_term_string}\"},\"query-input\":{\"@type\":\"PropertyValueSpecification\",\"valueRequired\":true,\"valueName\":\"search_term_string\"}}],\"inLanguage\":\"pt-BR\"},{\"@type\":\"Organization\",\"@id\":\"https:\/\/rotario.com.br\/site\/#organization\",\"name\":\"Rota Rio\",\"url\":\"https:\/\/rotario.com.br\/site\/\",\"logo\":{\"@type\":\"ImageObject\",\"inLanguage\":\"pt-BR\",\"@id\":\"https:\/\/rotario.com.br\/site\/#\/schema\/logo\/image\/\",\"url\":\"https:\/\/rotario.com.br\/site\/wp-content\/uploads\/2022\/04\/cropped-ROTARIO-LOGO-Prancheta-1-1-2048x654-1.png\",\"contentUrl\":\"https:\/\/rotario.com.br\/site\/wp-content\/uploads\/2022\/04\/cropped-ROTARIO-LOGO-Prancheta-1-1-2048x654-1.png\",\"width\":2048,\"height\":654,\"caption\":\"Rota Rio\"},\"image\":{\"@id\":\"https:\/\/rotario.com.br\/site\/#\/schema\/logo\/image\/\"}},{\"@type\":\"Person\",\"@id\":\"https:\/\/rotario.com.br\/site\/#\/schema\/person\/fd89bbbf4136f7e8a21e0dd67b8a66c7\",\"name\":\"Galv\u00e3o\",\"url\":\"https:\/\/rotario.com.br\/site\/author\/daniel\/\"}]}<\/script>\n<!-- \/ Yoast SEO plugin. -->","yoast_head_json":{"title":"A\u00e7\u00e3o conjunta garante socorro a animal silvestre em Cabo Frio - Rota Rio","robots":{"index":"index","follow":"follow","max-snippet":"max-snippet:-1","max-image-preview":"max-image-preview:large","max-video-preview":"max-video-preview:-1"},"canonical":"https:\/\/rotario.com.br\/site\/acao-conjunta-garante-socorro-a-animal-silvestre-em-cabo-frio\/","og_locale":"pt_BR","og_type":"article","og_title":"A\u00e7\u00e3o conjunta garante socorro a animal silvestre em Cabo Frio - Rota Rio","og_description":"A Guarda Mar\u00edtima e Ambiental da Guarda Civil Municipal de Cabo Frio realizou, nesta ter\u00e7a-feira (3), o resgate de um gavi\u00e3o-sorridente encontrado ferido na Rua do Val\u00e3o, no bairro Jardim Esperan\u00e7a. A equipe foi acionada por funcion\u00e1rios da Companhia de Servi\u00e7os de Cabo Frio (Comsercaf), que executavam trabalhos na regi\u00e3o e identificaram a ave ca\u00edda [&hellip;]","og_url":"https:\/\/rotario.com.br\/site\/acao-conjunta-garante-socorro-a-animal-silvestre-em-cabo-frio\/","og_site_name":"Rota Rio","article_published_time":"2026-03-04T14:51:28+00:00","article_modified_time":"2026-03-04T14:51:33+00:00","og_image":[{"width":866,"height":787,"url":"https:\/\/rotario.com.br\/site\/wp-content\/uploads\/2026\/03\/WhatsApp-Image-2026-03-04-at-10.18.07.jpeg","type":"image\/jpeg"}],"author":"Galv\u00e3o","twitter_card":"summary_large_image","twitter_misc":{"Escrito por":"Galv\u00e3o","Est. tempo de leitura":"2 minutos"},"schema":{"@context":"https:\/\/schema.org","@graph":[{"@type":"Article","@id":"https:\/\/rotario.com.br\/site\/acao-conjunta-garante-socorro-a-animal-silvestre-em-cabo-frio\/#article","isPartOf":{"@id":"https:\/\/rotario.com.br\/site\/acao-conjunta-garante-socorro-a-animal-silvestre-em-cabo-frio\/"},"author":{"name":"Galv\u00e3o","@id":"https:\/\/rotario.com.br\/site\/#\/schema\/person\/fd89bbbf4136f7e8a21e0dd67b8a66c7"},"headline":"A\u00e7\u00e3o conjunta garante socorro a animal silvestre em Cabo Frio","datePublished":"2026-03-04T14:51:28+00:00","dateModified":"2026-03-04T14:51:33+00:00","mainEntityOfPage":{"@id":"https:\/\/rotario.com.br\/site\/acao-conjunta-garante-socorro-a-animal-silvestre-em-cabo-frio\/"},"wordCount":298,"commentCount":0,"publisher":{"@id":"https:\/\/rotario.com.br\/site\/#organization"},"image":{"@id":"https:\/\/rotario.com.br\/site\/acao-conjunta-garante-socorro-a-animal-silvestre-em-cabo-frio\/#primaryimage"},"thumbnailUrl":"https:\/\/rotario.com.br\/site\/wp-content\/uploads\/2026\/03\/WhatsApp-Image-2026-03-04-at-10.18.07.jpeg","articleSection":["Cabo Frio"],"inLanguage":"pt-BR","potentialAction":[{"@type":"CommentAction","name":"Comment","target":["https:\/\/rotario.com.br\/site\/acao-conjunta-garante-socorro-a-animal-silvestre-em-cabo-frio\/#respond"]}]},{"@type":"WebPage","@id":"https:\/\/rotario.com.br\/site\/acao-conjunta-garante-socorro-a-animal-silvestre-em-cabo-frio\/","url":"https:\/\/rotario.com.br\/site\/acao-conjunta-garante-socorro-a-animal-silvestre-em-cabo-frio\/","name":"A\u00e7\u00e3o conjunta garante socorro a animal silvestre em Cabo Frio - Rota Rio","isPartOf":{"@id":"https:\/\/rotario.com.br\/site\/#website"},"primaryImageOfPage":{"@id":"https:\/\/rotario.com.br\/site\/acao-conjunta-garante-socorro-a-animal-silvestre-em-cabo-frio\/#primaryimage"},"image":{"@id":"https:\/\/rotario.com.br\/site\/acao-conjunta-garante-socorro-a-animal-silvestre-em-cabo-frio\/#primaryimage"},"thumbnailUrl":"https:\/\/rotario.com.br\/site\/wp-content\/uploads\/2026\/03\/WhatsApp-Image-2026-03-04-at-10.18.07.jpeg","datePublished":"2026-03-04T14:51:28+00:00","dateModified":"2026-03-04T14:51:33+00:00","breadcrumb":{"@id":"https:\/\/rotario.com.br\/site\/acao-conjunta-garante-socorro-a-animal-silvestre-em-cabo-frio\/#breadcrumb"},"inLanguage":"pt-BR","potentialAction":[{"@type":"ReadAction","target":["https:\/\/rotario.com.br\/site\/acao-conjunta-garante-socorro-a-animal-silvestre-em-cabo-frio\/"]}]},{"@type":"ImageObject","inLanguage":"pt-BR","@id":"https:\/\/rotario.com.br\/site\/acao-conjunta-garante-socorro-a-animal-silvestre-em-cabo-frio\/#primaryimage","url":"https:\/\/rotario.com.br\/site\/wp-content\/uploads\/2026\/03\/WhatsApp-Image-2026-03-04-at-10.18.07.jpeg","contentUrl":"https:\/\/rotario.com.br\/site\/wp-content\/uploads\/2026\/03\/WhatsApp-Image-2026-03-04-at-10.18.07.jpeg","width":866,"height":787},{"@type":"BreadcrumbList","@id":"https:\/\/rotario.com.br\/site\/acao-conjunta-garante-socorro-a-animal-silvestre-em-cabo-frio\/#breadcrumb","itemListElement":[{"@type":"ListItem","position":1,"name":"In\u00edcio","item":"https:\/\/rotario.com.br\/site\/"},{"@type":"ListItem","position":2,"name":"A\u00e7\u00e3o conjunta garante socorro a animal silvestre em Cabo Frio"}]},{"@type":"WebSite","@id":"https:\/\/rotario.com.br\/site\/#website","url":"https:\/\/rotario.com.br\/site\/","name":"Rota Rio","description":"Aqui, o Rio de Janeiro \u00e9 a pauta!","publisher":{"@id":"https:\/\/rotario.com.br\/site\/#organization"},"potentialAction":[{"@type":"SearchAction","target":{"@type":"EntryPoint","urlTemplate":"https:\/\/rotario.com.br\/site\/?s={search_term_string}"},"query-input":{"@type":"PropertyValueSpecification","valueRequired":true,"valueName":"search_term_string"}}],"inLanguage":"pt-BR"},{"@type":"Organization","@id":"https:\/\/rotario.com.br\/site\/#organization","name":"Rota Rio","url":"https:\/\/rotario.com.br\/site\/","logo":{"@type":"ImageObject","inLanguage":"pt-BR","@id":"https:\/\/rotario.com.br\/site\/#\/schema\/logo\/image\/","url":"https:\/\/rotario.com.br\/site\/wp-content\/uploads\/2022\/04\/cropped-ROTARIO-LOGO-Prancheta-1-1-2048x654-1.png","contentUrl":"https:\/\/rotario.com.br\/site\/wp-content\/uploads\/2022\/04\/cropped-ROTARIO-LOGO-Prancheta-1-1-2048x654-1.png","width":2048,"height":654,"caption":"Rota Rio"},"image":{"@id":"https:\/\/rotario.com.br\/site\/#\/schema\/logo\/image\/"}},{"@type":"Person","@id":"https:\/\/rotario.com.br\/site\/#\/schema\/person\/fd89bbbf4136f7e8a21e0dd67b8a66c7","name":"Galv\u00e3o","url":"https:\/\/rotario.com.br\/site\/author\/daniel\/"}]}},"_links":{"self":[{"href":"https:\/\/rotario.com.br\/site\/wp-json\/wp\/v2\/posts\/33622","targetHints":{"allow":["GET"]}}],"collection":[{"href":"https:\/\/rotario.com.br\/site\/wp-json\/wp\/v2\/posts"}],"about":[{"href":"https:\/\/rotario.com.br\/site\/wp-json\/wp\/v2\/types\/post"}],"author":[{"embeddable":true,"href":"https:\/\/rotario.com.br\/site\/wp-json\/wp\/v2\/users\/2"}],"replies":[{"embeddable":true,"href":"https:\/\/rotario.com.br\/site\/wp-json\/wp\/v2\/comments?post=33622"}],"version-history":[{"count":1,"href":"https:\/\/rotario.com.br\/site\/wp-json\/wp\/v2\/posts\/33622\/revisions"}],"predecessor-version":[{"id":33624,"href":"https:\/\/rotario.com.br\/site\/wp-json\/wp\/v2\/posts\/33622\/revisions\/33624"}],"wp:featuredmedia":[{"embeddable":true,"href":"https:\/\/rotario.com.br\/site\/wp-json\/wp\/v2\/media\/33623"}],"wp:attachment":[{"href":"https:\/\/rotario.com.br\/site\/wp-json\/wp\/v2\/media?parent=33622"}],"wp:term":[{"taxonomy":"category","embeddable":true,"href":"https:\/\/rotario.com.br\/site\/wp-json\/wp\/v2\/categories?post=33622"},{"taxonomy":"post_tag","embeddable":true,"href":"https:\/\/rotario.com.br\/site\/wp-json\/wp\/v2\/tags?post=33622"}],"curies":[{"name":"wp","href":"https:\/\/api.w.org\/{rel}","templated":true}]}}