{"id":33625,"date":"2026-03-04T11:54:26","date_gmt":"2026-03-04T14:54:26","guid":{"rendered":"https:\/\/rotario.com.br\/site\/?p=33625"},"modified":"2026-03-04T11:54:31","modified_gmt":"2026-03-04T14:54:31","slug":"portal-conecta-empresas-e-trabalhadores-em-29-bairros-de-cabo-frio","status":"publish","type":"post","link":"https:\/\/rotario.com.br\/site\/portal-conecta-empresas-e-trabalhadores-em-29-bairros-de-cabo-frio\/","title":{"rendered":"Portal conecta empresas e trabalhadores em 29 bairros de Cabo Frio"},"content":{"rendered":"\n<p>A Prefeitura de Cabo Frio divulgou o balan\u00e7o de fevereiro de 2026 do programa Emprego J\u00e1, coordenado pela Secretaria Municipal de Desenvolvimento Econ\u00f4mico. Os n\u00fameros apontam avan\u00e7o na participa\u00e7\u00e3o de candidatos e empresas ao longo do m\u00eas.<\/p>\n\n\n\n<p>Ao todo, foram disponibilizadas 675 vagas, sendo 664 destinadas \u00e0 ampla concorr\u00eancia e 11 exclusivas para Pessoas com Defici\u00eancia. Durante os 28 dias de fevereiro, 154 profissionais inclu\u00edram seus curr\u00edculos na plataforma, fazendo o banco municipal alcan\u00e7ar a marca de 5.100 perfis cadastrados.<\/p>\n\n\n\n<p>O atendimento ao p\u00fablico tamb\u00e9m se manteve ativo pelo WhatsApp, com 132 registros no per\u00edodo. O canal \u00e9 utilizado para esclarecimento de d\u00favidas, envio e atualiza\u00e7\u00e3o de curr\u00edculos e inclus\u00e3o de novas oportunidades por parte dos setores de Recursos Humanos das empresas parceiras.<\/p>\n\n\n\n<p>Atualmente, 137 empresas distribu\u00eddas em 29 bairros utilizam o portal como ferramenta de recrutamento, fortalecendo a proposta de aproximar quem busca emprego de quem precisa contratar, com menos burocracia e mais agilidade.<\/p>\n\n\n\n<p>Entre as fun\u00e7\u00f5es com maior n\u00famero de vagas est\u00e3o vendedor, com 59 oportunidades; operador de caixa, com 44; operador de loja, com 40; auxiliar de produ\u00e7\u00e3o, com 30; e atendente, com 22.<\/p>\n\n\n\n<p>Empres\u00e1rios interessados podem realizar cadastro na plataforma digital do programa. J\u00e1 os candidatos podem acessar o portal oficial da Prefeitura para se inscrever e acompanhar as vagas dispon\u00edveis.&nbsp;&nbsp;&nbsp;&nbsp;<\/p>\n","protected":false},"excerpt":{"rendered":"<p>A Prefeitura de Cabo Frio divulgou o balan\u00e7o de fevereiro de 2026 do programa Emprego J\u00e1, coordenado pela Secretaria Municipal de Desenvolvimento Econ\u00f4mico. Os n\u00fameros apontam avan\u00e7o na participa\u00e7\u00e3o de candidatos e empresas ao longo do m\u00eas. Ao todo, foram disponibilizadas 675 vagas, sendo 664 destinadas \u00e0 ampla concorr\u00eancia e 11 exclusivas para Pessoas com [&hellip;]<\/p>\n","protected":false},"author":2,"featured_media":33626,"comment_status":"open","ping_status":"closed","sticky":false,"template":"","format":"standard","meta":{"footnotes":""},"categories":[31],"tags":[],"class_list":["post-33625","post","type-post","status-publish","format-standard","has-post-thumbnail","hentry","category-cabo-frio"],"yoast_head":"<!-- This site is optimized with the Yoast SEO plugin v26.5 - https:\/\/yoast.com\/wordpress\/plugins\/seo\/ -->\n<title>Portal conecta empresas e trabalhadores em 29 bairros de Cabo Frio - Rota Rio<\/title>\n<meta name=\"robots\" content=\"index, follow, max-snippet:-1, max-image-preview:large, max-video-preview:-1\" \/>\n<link rel=\"canonical\" href=\"https:\/\/rotario.com.br\/site\/portal-conecta-empresas-e-trabalhadores-em-29-bairros-de-cabo-frio\/\" \/>\n<meta property=\"og:locale\" content=\"pt_BR\" \/>\n<meta property=\"og:type\" content=\"article\" \/>\n<meta property=\"og:title\" content=\"Portal conecta empresas e trabalhadores em 29 bairros de Cabo Frio - Rota Rio\" \/>\n<meta property=\"og:description\" content=\"A Prefeitura de Cabo Frio divulgou o balan\u00e7o de fevereiro de 2026 do programa Emprego J\u00e1, coordenado pela Secretaria Municipal de Desenvolvimento Econ\u00f4mico. Os n\u00fameros apontam avan\u00e7o na participa\u00e7\u00e3o de candidatos e empresas ao longo do m\u00eas. Ao todo, foram disponibilizadas 675 vagas, sendo 664 destinadas \u00e0 ampla concorr\u00eancia e 11 exclusivas para Pessoas com [&hellip;]\" \/>\n<meta property=\"og:url\" content=\"https:\/\/rotario.com.br\/site\/portal-conecta-empresas-e-trabalhadores-em-29-bairros-de-cabo-frio\/\" \/>\n<meta property=\"og:site_name\" content=\"Rota Rio\" \/>\n<meta property=\"article:published_time\" content=\"2026-03-04T14:54:26+00:00\" \/>\n<meta property=\"article:modified_time\" content=\"2026-03-04T14:54:31+00:00\" \/>\n<meta property=\"og:image\" content=\"https:\/\/rotario.com.br\/site\/wp-content\/uploads\/2026\/03\/WhatsApp-Image-2026-03-04-at-11.29.24.jpeg\" \/>\n\t<meta property=\"og:image:width\" content=\"1012\" \/>\n\t<meta property=\"og:image:height\" content=\"687\" \/>\n\t<meta property=\"og:image:type\" content=\"image\/jpeg\" \/>\n<meta name=\"author\" content=\"Galv\u00e3o\" \/>\n<meta name=\"twitter:card\" content=\"summary_large_image\" \/>\n<meta name=\"twitter:label1\" content=\"Escrito por\" \/>\n\t<meta name=\"twitter:data1\" content=\"Galv\u00e3o\" \/>\n\t<meta name=\"twitter:label2\" content=\"Est. tempo de leitura\" \/>\n\t<meta name=\"twitter:data2\" content=\"2 minutos\" \/>\n<script type=\"application\/ld+json\" class=\"yoast-schema-graph\">{\"@context\":\"https:\/\/schema.org\",\"@graph\":[{\"@type\":\"Article\",\"@id\":\"https:\/\/rotario.com.br\/site\/portal-conecta-empresas-e-trabalhadores-em-29-bairros-de-cabo-frio\/#article\",\"isPartOf\":{\"@id\":\"https:\/\/rotario.com.br\/site\/portal-conecta-empresas-e-trabalhadores-em-29-bairros-de-cabo-frio\/\"},\"author\":{\"name\":\"Galv\u00e3o\",\"@id\":\"https:\/\/rotario.com.br\/site\/#\/schema\/person\/fd89bbbf4136f7e8a21e0dd67b8a66c7\"},\"headline\":\"Portal conecta empresas e trabalhadores em 29 bairros de Cabo Frio\",\"datePublished\":\"2026-03-04T14:54:26+00:00\",\"dateModified\":\"2026-03-04T14:54:31+00:00\",\"mainEntityOfPage\":{\"@id\":\"https:\/\/rotario.com.br\/site\/portal-conecta-empresas-e-trabalhadores-em-29-bairros-de-cabo-frio\/\"},\"wordCount\":237,\"commentCount\":0,\"publisher\":{\"@id\":\"https:\/\/rotario.com.br\/site\/#organization\"},\"image\":{\"@id\":\"https:\/\/rotario.com.br\/site\/portal-conecta-empresas-e-trabalhadores-em-29-bairros-de-cabo-frio\/#primaryimage\"},\"thumbnailUrl\":\"https:\/\/rotario.com.br\/site\/wp-content\/uploads\/2026\/03\/WhatsApp-Image-2026-03-04-at-11.29.24.jpeg\",\"articleSection\":[\"Cabo Frio\"],\"inLanguage\":\"pt-BR\",\"potentialAction\":[{\"@type\":\"CommentAction\",\"name\":\"Comment\",\"target\":[\"https:\/\/rotario.com.br\/site\/portal-conecta-empresas-e-trabalhadores-em-29-bairros-de-cabo-frio\/#respond\"]}]},{\"@type\":\"WebPage\",\"@id\":\"https:\/\/rotario.com.br\/site\/portal-conecta-empresas-e-trabalhadores-em-29-bairros-de-cabo-frio\/\",\"url\":\"https:\/\/rotario.com.br\/site\/portal-conecta-empresas-e-trabalhadores-em-29-bairros-de-cabo-frio\/\",\"name\":\"Portal conecta empresas e trabalhadores em 29 bairros de Cabo Frio - Rota Rio\",\"isPartOf\":{\"@id\":\"https:\/\/rotario.com.br\/site\/#website\"},\"primaryImageOfPage\":{\"@id\":\"https:\/\/rotario.com.br\/site\/portal-conecta-empresas-e-trabalhadores-em-29-bairros-de-cabo-frio\/#primaryimage\"},\"image\":{\"@id\":\"https:\/\/rotario.com.br\/site\/portal-conecta-empresas-e-trabalhadores-em-29-bairros-de-cabo-frio\/#primaryimage\"},\"thumbnailUrl\":\"https:\/\/rotario.com.br\/site\/wp-content\/uploads\/2026\/03\/WhatsApp-Image-2026-03-04-at-11.29.24.jpeg\",\"datePublished\":\"2026-03-04T14:54:26+00:00\",\"dateModified\":\"2026-03-04T14:54:31+00:00\",\"breadcrumb\":{\"@id\":\"https:\/\/rotario.com.br\/site\/portal-conecta-empresas-e-trabalhadores-em-29-bairros-de-cabo-frio\/#breadcrumb\"},\"inLanguage\":\"pt-BR\",\"potentialAction\":[{\"@type\":\"ReadAction\",\"target\":[\"https:\/\/rotario.com.br\/site\/portal-conecta-empresas-e-trabalhadores-em-29-bairros-de-cabo-frio\/\"]}]},{\"@type\":\"ImageObject\",\"inLanguage\":\"pt-BR\",\"@id\":\"https:\/\/rotario.com.br\/site\/portal-conecta-empresas-e-trabalhadores-em-29-bairros-de-cabo-frio\/#primaryimage\",\"url\":\"https:\/\/rotario.com.br\/site\/wp-content\/uploads\/2026\/03\/WhatsApp-Image-2026-03-04-at-11.29.24.jpeg\",\"contentUrl\":\"https:\/\/rotario.com.br\/site\/wp-content\/uploads\/2026\/03\/WhatsApp-Image-2026-03-04-at-11.29.24.jpeg\",\"width\":1012,\"height\":687},{\"@type\":\"BreadcrumbList\",\"@id\":\"https:\/\/rotario.com.br\/site\/portal-conecta-empresas-e-trabalhadores-em-29-bairros-de-cabo-frio\/#breadcrumb\",\"itemListElement\":[{\"@type\":\"ListItem\",\"position\":1,\"name\":\"In\u00edcio\",\"item\":\"https:\/\/rotario.com.br\/site\/\"},{\"@type\":\"ListItem\",\"position\":2,\"name\":\"Portal conecta empresas e trabalhadores em 29 bairros de Cabo Frio\"}]},{\"@type\":\"WebSite\",\"@id\":\"https:\/\/rotario.com.br\/site\/#website\",\"url\":\"https:\/\/rotario.com.br\/site\/\",\"name\":\"Rota Rio\",\"description\":\"Aqui, o Rio de Janeiro \u00e9 a pauta!\",\"publisher\":{\"@id\":\"https:\/\/rotario.com.br\/site\/#organization\"},\"potentialAction\":[{\"@type\":\"SearchAction\",\"target\":{\"@type\":\"EntryPoint\",\"urlTemplate\":\"https:\/\/rotario.com.br\/site\/?s={search_term_string}\"},\"query-input\":{\"@type\":\"PropertyValueSpecification\",\"valueRequired\":true,\"valueName\":\"search_term_string\"}}],\"inLanguage\":\"pt-BR\"},{\"@type\":\"Organization\",\"@id\":\"https:\/\/rotario.com.br\/site\/#organization\",\"name\":\"Rota Rio\",\"url\":\"https:\/\/rotario.com.br\/site\/\",\"logo\":{\"@type\":\"ImageObject\",\"inLanguage\":\"pt-BR\",\"@id\":\"https:\/\/rotario.com.br\/site\/#\/schema\/logo\/image\/\",\"url\":\"https:\/\/rotario.com.br\/site\/wp-content\/uploads\/2022\/04\/cropped-ROTARIO-LOGO-Prancheta-1-1-2048x654-1.png\",\"contentUrl\":\"https:\/\/rotario.com.br\/site\/wp-content\/uploads\/2022\/04\/cropped-ROTARIO-LOGO-Prancheta-1-1-2048x654-1.png\",\"width\":2048,\"height\":654,\"caption\":\"Rota Rio\"},\"image\":{\"@id\":\"https:\/\/rotario.com.br\/site\/#\/schema\/logo\/image\/\"}},{\"@type\":\"Person\",\"@id\":\"https:\/\/rotario.com.br\/site\/#\/schema\/person\/fd89bbbf4136f7e8a21e0dd67b8a66c7\",\"name\":\"Galv\u00e3o\",\"url\":\"https:\/\/rotario.com.br\/site\/author\/daniel\/\"}]}<\/script>\n<!-- \/ Yoast SEO plugin. -->","yoast_head_json":{"title":"Portal conecta empresas e trabalhadores em 29 bairros de Cabo Frio - Rota Rio","robots":{"index":"index","follow":"follow","max-snippet":"max-snippet:-1","max-image-preview":"max-image-preview:large","max-video-preview":"max-video-preview:-1"},"canonical":"https:\/\/rotario.com.br\/site\/portal-conecta-empresas-e-trabalhadores-em-29-bairros-de-cabo-frio\/","og_locale":"pt_BR","og_type":"article","og_title":"Portal conecta empresas e trabalhadores em 29 bairros de Cabo Frio - Rota Rio","og_description":"A Prefeitura de Cabo Frio divulgou o balan\u00e7o de fevereiro de 2026 do programa Emprego J\u00e1, coordenado pela Secretaria Municipal de Desenvolvimento Econ\u00f4mico. Os n\u00fameros apontam avan\u00e7o na participa\u00e7\u00e3o de candidatos e empresas ao longo do m\u00eas. Ao todo, foram disponibilizadas 675 vagas, sendo 664 destinadas \u00e0 ampla concorr\u00eancia e 11 exclusivas para Pessoas com [&hellip;]","og_url":"https:\/\/rotario.com.br\/site\/portal-conecta-empresas-e-trabalhadores-em-29-bairros-de-cabo-frio\/","og_site_name":"Rota Rio","article_published_time":"2026-03-04T14:54:26+00:00","article_modified_time":"2026-03-04T14:54:31+00:00","og_image":[{"width":1012,"height":687,"url":"https:\/\/rotario.com.br\/site\/wp-content\/uploads\/2026\/03\/WhatsApp-Image-2026-03-04-at-11.29.24.jpeg","type":"image\/jpeg"}],"author":"Galv\u00e3o","twitter_card":"summary_large_image","twitter_misc":{"Escrito por":"Galv\u00e3o","Est. tempo de leitura":"2 minutos"},"schema":{"@context":"https:\/\/schema.org","@graph":[{"@type":"Article","@id":"https:\/\/rotario.com.br\/site\/portal-conecta-empresas-e-trabalhadores-em-29-bairros-de-cabo-frio\/#article","isPartOf":{"@id":"https:\/\/rotario.com.br\/site\/portal-conecta-empresas-e-trabalhadores-em-29-bairros-de-cabo-frio\/"},"author":{"name":"Galv\u00e3o","@id":"https:\/\/rotario.com.br\/site\/#\/schema\/person\/fd89bbbf4136f7e8a21e0dd67b8a66c7"},"headline":"Portal conecta empresas e trabalhadores em 29 bairros de Cabo Frio","datePublished":"2026-03-04T14:54:26+00:00","dateModified":"2026-03-04T14:54:31+00:00","mainEntityOfPage":{"@id":"https:\/\/rotario.com.br\/site\/portal-conecta-empresas-e-trabalhadores-em-29-bairros-de-cabo-frio\/"},"wordCount":237,"commentCount":0,"publisher":{"@id":"https:\/\/rotario.com.br\/site\/#organization"},"image":{"@id":"https:\/\/rotario.com.br\/site\/portal-conecta-empresas-e-trabalhadores-em-29-bairros-de-cabo-frio\/#primaryimage"},"thumbnailUrl":"https:\/\/rotario.com.br\/site\/wp-content\/uploads\/2026\/03\/WhatsApp-Image-2026-03-04-at-11.29.24.jpeg","articleSection":["Cabo Frio"],"inLanguage":"pt-BR","potentialAction":[{"@type":"CommentAction","name":"Comment","target":["https:\/\/rotario.com.br\/site\/portal-conecta-empresas-e-trabalhadores-em-29-bairros-de-cabo-frio\/#respond"]}]},{"@type":"WebPage","@id":"https:\/\/rotario.com.br\/site\/portal-conecta-empresas-e-trabalhadores-em-29-bairros-de-cabo-frio\/","url":"https:\/\/rotario.com.br\/site\/portal-conecta-empresas-e-trabalhadores-em-29-bairros-de-cabo-frio\/","name":"Portal conecta empresas e trabalhadores em 29 bairros de Cabo Frio - Rota Rio","isPartOf":{"@id":"https:\/\/rotario.com.br\/site\/#website"},"primaryImageOfPage":{"@id":"https:\/\/rotario.com.br\/site\/portal-conecta-empresas-e-trabalhadores-em-29-bairros-de-cabo-frio\/#primaryimage"},"image":{"@id":"https:\/\/rotario.com.br\/site\/portal-conecta-empresas-e-trabalhadores-em-29-bairros-de-cabo-frio\/#primaryimage"},"thumbnailUrl":"https:\/\/rotario.com.br\/site\/wp-content\/uploads\/2026\/03\/WhatsApp-Image-2026-03-04-at-11.29.24.jpeg","datePublished":"2026-03-04T14:54:26+00:00","dateModified":"2026-03-04T14:54:31+00:00","breadcrumb":{"@id":"https:\/\/rotario.com.br\/site\/portal-conecta-empresas-e-trabalhadores-em-29-bairros-de-cabo-frio\/#breadcrumb"},"inLanguage":"pt-BR","potentialAction":[{"@type":"ReadAction","target":["https:\/\/rotario.com.br\/site\/portal-conecta-empresas-e-trabalhadores-em-29-bairros-de-cabo-frio\/"]}]},{"@type":"ImageObject","inLanguage":"pt-BR","@id":"https:\/\/rotario.com.br\/site\/portal-conecta-empresas-e-trabalhadores-em-29-bairros-de-cabo-frio\/#primaryimage","url":"https:\/\/rotario.com.br\/site\/wp-content\/uploads\/2026\/03\/WhatsApp-Image-2026-03-04-at-11.29.24.jpeg","contentUrl":"https:\/\/rotario.com.br\/site\/wp-content\/uploads\/2026\/03\/WhatsApp-Image-2026-03-04-at-11.29.24.jpeg","width":1012,"height":687},{"@type":"BreadcrumbList","@id":"https:\/\/rotario.com.br\/site\/portal-conecta-empresas-e-trabalhadores-em-29-bairros-de-cabo-frio\/#breadcrumb","itemListElement":[{"@type":"ListItem","position":1,"name":"In\u00edcio","item":"https:\/\/rotario.com.br\/site\/"},{"@type":"ListItem","position":2,"name":"Portal conecta empresas e trabalhadores em 29 bairros de Cabo Frio"}]},{"@type":"WebSite","@id":"https:\/\/rotario.com.br\/site\/#website","url":"https:\/\/rotario.com.br\/site\/","name":"Rota Rio","description":"Aqui, o Rio de Janeiro \u00e9 a pauta!","publisher":{"@id":"https:\/\/rotario.com.br\/site\/#organization"},"potentialAction":[{"@type":"SearchAction","target":{"@type":"EntryPoint","urlTemplate":"https:\/\/rotario.com.br\/site\/?s={search_term_string}"},"query-input":{"@type":"PropertyValueSpecification","valueRequired":true,"valueName":"search_term_string"}}],"inLanguage":"pt-BR"},{"@type":"Organization","@id":"https:\/\/rotario.com.br\/site\/#organization","name":"Rota Rio","url":"https:\/\/rotario.com.br\/site\/","logo":{"@type":"ImageObject","inLanguage":"pt-BR","@id":"https:\/\/rotario.com.br\/site\/#\/schema\/logo\/image\/","url":"https:\/\/rotario.com.br\/site\/wp-content\/uploads\/2022\/04\/cropped-ROTARIO-LOGO-Prancheta-1-1-2048x654-1.png","contentUrl":"https:\/\/rotario.com.br\/site\/wp-content\/uploads\/2022\/04\/cropped-ROTARIO-LOGO-Prancheta-1-1-2048x654-1.png","width":2048,"height":654,"caption":"Rota Rio"},"image":{"@id":"https:\/\/rotario.com.br\/site\/#\/schema\/logo\/image\/"}},{"@type":"Person","@id":"https:\/\/rotario.com.br\/site\/#\/schema\/person\/fd89bbbf4136f7e8a21e0dd67b8a66c7","name":"Galv\u00e3o","url":"https:\/\/rotario.com.br\/site\/author\/daniel\/"}]}},"_links":{"self":[{"href":"https:\/\/rotario.com.br\/site\/wp-json\/wp\/v2\/posts\/33625","targetHints":{"allow":["GET"]}}],"collection":[{"href":"https:\/\/rotario.com.br\/site\/wp-json\/wp\/v2\/posts"}],"about":[{"href":"https:\/\/rotario.com.br\/site\/wp-json\/wp\/v2\/types\/post"}],"author":[{"embeddable":true,"href":"https:\/\/rotario.com.br\/site\/wp-json\/wp\/v2\/users\/2"}],"replies":[{"embeddable":true,"href":"https:\/\/rotario.com.br\/site\/wp-json\/wp\/v2\/comments?post=33625"}],"version-history":[{"count":1,"href":"https:\/\/rotario.com.br\/site\/wp-json\/wp\/v2\/posts\/33625\/revisions"}],"predecessor-version":[{"id":33627,"href":"https:\/\/rotario.com.br\/site\/wp-json\/wp\/v2\/posts\/33625\/revisions\/33627"}],"wp:featuredmedia":[{"embeddable":true,"href":"https:\/\/rotario.com.br\/site\/wp-json\/wp\/v2\/media\/33626"}],"wp:attachment":[{"href":"https:\/\/rotario.com.br\/site\/wp-json\/wp\/v2\/media?parent=33625"}],"wp:term":[{"taxonomy":"category","embeddable":true,"href":"https:\/\/rotario.com.br\/site\/wp-json\/wp\/v2\/categories?post=33625"},{"taxonomy":"post_tag","embeddable":true,"href":"https:\/\/rotario.com.br\/site\/wp-json\/wp\/v2\/tags?post=33625"}],"curies":[{"name":"wp","href":"https:\/\/api.w.org\/{rel}","templated":true}]}}