{"id":33628,"date":"2026-03-04T12:28:52","date_gmt":"2026-03-04T15:28:52","guid":{"rendered":"https:\/\/rotario.com.br\/site\/?p=33628"},"modified":"2026-03-04T12:28:55","modified_gmt":"2026-03-04T15:28:55","slug":"grupo-e-preso-na-regiao-dos-lagos-por-ter-atuado-por-cinco-anos-explorando-falhas-em-plataformas-digitais","status":"publish","type":"post","link":"https:\/\/rotario.com.br\/site\/grupo-e-preso-na-regiao-dos-lagos-por-ter-atuado-por-cinco-anos-explorando-falhas-em-plataformas-digitais\/","title":{"rendered":"Grupo \u00e9 preso na Regi\u00e3o dos Lagos por ter atuado por cinco anos explorando falhas em plataformas digitais"},"content":{"rendered":"\n<p>Na manh\u00e3 desta quarta-feira (4), a Pol\u00edcia Civil do Rio de Janeiro e o Minist\u00e9rio P\u00fablico do Rio de Janeiro deflagraram a Opera\u00e7\u00e3o Pecunia Obscura. A a\u00e7\u00e3o apura crimes praticados principalmente na Regi\u00e3o dos Lagos, com desdobramentos em Minas Gerais e no Maranh\u00e3o. At\u00e9 a \u00faltima atualiza\u00e7\u00e3o, tr\u00eas pessoas haviam sido presas.<\/p>\n\n\n\n<p>As investiga\u00e7\u00f5es continuam em curso e novas medidas judiciais n\u00e3o est\u00e3o descartadas. A ofensiva mira um grupo suspeito de estruturar um esquema milion\u00e1rio de fraudes contra fintechs, com ramifica\u00e7\u00f5es que ultrapassam o estado do Rio de Janeiro.<\/p>\n\n\n\n<p>A ofensiva \u00e9 conduzida por agentes da Delegacia de Roubos e Furtos de Cargas, em conjunto com promotores do N\u00facleo de Combate aos Crimes Cibern\u00e9ticos do Grupo de Atua\u00e7\u00e3o Especializada de Combate ao Crime Organizado. Ao todo, a Justi\u00e7a expediu quatro mandados de pris\u00e3o e 23 de busca e apreens\u00e3o. Onze pessoas foram denunciadas pelo Minist\u00e9rio P\u00fablico.<\/p>\n\n\n\n<p>Os mandados s\u00e3o cumpridos em Arma\u00e7\u00e3o dos B\u00fazios, Saquarema e Araruama, na Regi\u00e3o dos Lagos, al\u00e9m de endere\u00e7os nas zonas Norte e Sudoeste da capital fluminense, em Niter\u00f3i e S\u00e3o Gon\u00e7alo. No Maranh\u00e3o, a opera\u00e7\u00e3o conta com apoio da pol\u00edcia civil local.<\/p>\n\n\n\n<p>A Justi\u00e7a tamb\u00e9m determinou o sequestro de bens m\u00f3veis e im\u00f3veis e o bloqueio de at\u00e9 R$ 150 milh\u00f5es, numa tentativa de assegurar o ressarcimento dos preju\u00edzos estimados.<\/p>\n\n\n\n<p>De acordo com o inqu\u00e9rito, o grupo teria desviado aproximadamente R$ 322 milh\u00f5es ao longo de cinco anos. As apura\u00e7\u00f5es indicam que os investigados chegaram a negociar valores com empresas ligadas a Glaidson Ac\u00e1cio dos Santos, conhecido como \u201cFara\u00f3 dos Bitcoins\u201d. Ele, contudo, n\u00e3o \u00e9 alvo desta opera\u00e7\u00e3o.<\/p>\n\n\n\n<p>Entre os alvos est\u00e3o Alex Maylon Passinho Dominici e Celis de Castro Medeiros J\u00fanior, presos no Maranh\u00e3o; Yago de Araujo Silva, detido no Rio de Janeiro; e Saulo Zanibone de Paiva, que permanece foragido. O grupo responde por organiza\u00e7\u00e3o criminosa, estelionato, falsifica\u00e7\u00e3o e uso de documento falso, al\u00e9m de lavagem de dinheiro.&nbsp;&nbsp;&nbsp;&nbsp;<\/p>\n\n\n\n<p><strong>Como era feito o Esquema<\/strong><\/p>\n\n\n\n<p>&nbsp;A apura\u00e7\u00e3o come\u00e7ou em mar\u00e7o de 2021, ap\u00f3s uma fintech comunicar \u00e0s autoridades um preju\u00edzo inicial de R$ 1 milh\u00e3o causado por um golpe. A partir dessa den\u00fancia, os investigadores identificaram um padr\u00e3o de atua\u00e7\u00e3o baseado na explora\u00e7\u00e3o de vulnerabilidades em sistemas de institui\u00e7\u00f5es financeiras digitais e plataformas de pagamento.<\/p>\n\n\n\n<p>Uma das empresas afetadas detectou a abertura de ao menos 238 contas digitais com documentos falsificados, utilizadas para movimenta\u00e7\u00f5es fraudulentas. Com o avan\u00e7o das dilig\u00eancias, o Conselho de Controle de Atividades Financeiras foi acionado, permitindo rastrear fluxos financeiros muito superiores aos valores inicialmente conhecidos.<\/p>\n\n\n\n<p>Segundo o Minist\u00e9rio P\u00fablico, os denunciados estruturaram um sofisticado mecanismo de lavagem de dinheiro para mascarar a origem il\u00edcita dos recursos. Entre as estrat\u00e9gias apontadas est\u00e3o opera\u00e7\u00f5es com criptoativos, simula\u00e7\u00f5es de compra e venda de ve\u00edculos, aquisi\u00e7\u00e3o de terrenos e im\u00f3veis e utiliza\u00e7\u00e3o de empresas de fachada.<\/p>\n\n\n\n<p>Parte expressiva do montante teria sido enviada ao exterior por meio de plataformas de criptomoedas, dificultando o rastreamento e eventual recupera\u00e7\u00e3o dos valores. As investiga\u00e7\u00f5es tamb\u00e9m identificaram transa\u00e7\u00f5es realizadas por Yago de Araujo Silva em favor da GAS Consultoria, empresa vinculada a Glaidson Ac\u00e1cio dos Santos, o que ampliou o escopo das apura\u00e7\u00f5es.&nbsp;&nbsp;&nbsp;<\/p>\n","protected":false},"excerpt":{"rendered":"<p>Na manh\u00e3 desta quarta-feira (4), a Pol\u00edcia Civil do Rio de Janeiro e o Minist\u00e9rio P\u00fablico do Rio de Janeiro deflagraram a Opera\u00e7\u00e3o Pecunia Obscura. A a\u00e7\u00e3o apura crimes praticados principalmente na Regi\u00e3o dos Lagos, com desdobramentos em Minas Gerais e no Maranh\u00e3o. At\u00e9 a \u00faltima atualiza\u00e7\u00e3o, tr\u00eas pessoas haviam sido presas. As investiga\u00e7\u00f5es continuam [&hellip;]<\/p>\n","protected":false},"author":2,"featured_media":33632,"comment_status":"open","ping_status":"closed","sticky":false,"template":"","format":"standard","meta":{"footnotes":""},"categories":[1102],"tags":[],"class_list":["post-33628","post","type-post","status-publish","format-standard","has-post-thumbnail","hentry","category-regiao-dos-lagos"],"yoast_head":"<!-- This site is optimized with the Yoast SEO plugin v26.5 - https:\/\/yoast.com\/wordpress\/plugins\/seo\/ -->\n<title>Grupo \u00e9 preso na Regi\u00e3o dos Lagos por ter atuado por cinco anos explorando falhas em plataformas digitais - Rota Rio<\/title>\n<meta name=\"robots\" content=\"index, follow, max-snippet:-1, max-image-preview:large, max-video-preview:-1\" \/>\n<link rel=\"canonical\" href=\"https:\/\/rotario.com.br\/site\/grupo-e-preso-na-regiao-dos-lagos-por-ter-atuado-por-cinco-anos-explorando-falhas-em-plataformas-digitais\/\" \/>\n<meta property=\"og:locale\" content=\"pt_BR\" \/>\n<meta property=\"og:type\" content=\"article\" \/>\n<meta property=\"og:title\" content=\"Grupo \u00e9 preso na Regi\u00e3o dos Lagos por ter atuado por cinco anos explorando falhas em plataformas digitais - Rota Rio\" \/>\n<meta property=\"og:description\" content=\"Na manh\u00e3 desta quarta-feira (4), a Pol\u00edcia Civil do Rio de Janeiro e o Minist\u00e9rio P\u00fablico do Rio de Janeiro deflagraram a Opera\u00e7\u00e3o Pecunia Obscura. A a\u00e7\u00e3o apura crimes praticados principalmente na Regi\u00e3o dos Lagos, com desdobramentos em Minas Gerais e no Maranh\u00e3o. At\u00e9 a \u00faltima atualiza\u00e7\u00e3o, tr\u00eas pessoas haviam sido presas. As investiga\u00e7\u00f5es continuam [&hellip;]\" \/>\n<meta property=\"og:url\" content=\"https:\/\/rotario.com.br\/site\/grupo-e-preso-na-regiao-dos-lagos-por-ter-atuado-por-cinco-anos-explorando-falhas-em-plataformas-digitais\/\" \/>\n<meta property=\"og:site_name\" content=\"Rota Rio\" \/>\n<meta property=\"article:published_time\" content=\"2026-03-04T15:28:52+00:00\" \/>\n<meta property=\"article:modified_time\" content=\"2026-03-04T15:28:55+00:00\" \/>\n<meta property=\"og:image\" content=\"https:\/\/rotario.com.br\/site\/wp-content\/uploads\/2026\/03\/WhatsApp-Image-2026-03-04-at-11.49.58.jpeg\" \/>\n\t<meta property=\"og:image:width\" content=\"1012\" \/>\n\t<meta property=\"og:image:height\" content=\"687\" \/>\n\t<meta property=\"og:image:type\" content=\"image\/jpeg\" \/>\n<meta name=\"author\" content=\"Galv\u00e3o\" \/>\n<meta name=\"twitter:card\" content=\"summary_large_image\" \/>\n<meta name=\"twitter:label1\" content=\"Escrito por\" \/>\n\t<meta name=\"twitter:data1\" content=\"Galv\u00e3o\" \/>\n\t<meta name=\"twitter:label2\" content=\"Est. tempo de leitura\" \/>\n\t<meta name=\"twitter:data2\" content=\"4 minutos\" \/>\n<script type=\"application\/ld+json\" class=\"yoast-schema-graph\">{\"@context\":\"https:\/\/schema.org\",\"@graph\":[{\"@type\":\"Article\",\"@id\":\"https:\/\/rotario.com.br\/site\/grupo-e-preso-na-regiao-dos-lagos-por-ter-atuado-por-cinco-anos-explorando-falhas-em-plataformas-digitais\/#article\",\"isPartOf\":{\"@id\":\"https:\/\/rotario.com.br\/site\/grupo-e-preso-na-regiao-dos-lagos-por-ter-atuado-por-cinco-anos-explorando-falhas-em-plataformas-digitais\/\"},\"author\":{\"name\":\"Galv\u00e3o\",\"@id\":\"https:\/\/rotario.com.br\/site\/#\/schema\/person\/fd89bbbf4136f7e8a21e0dd67b8a66c7\"},\"headline\":\"Grupo \u00e9 preso na Regi\u00e3o dos Lagos por ter atuado por cinco anos explorando falhas em plataformas digitais\",\"datePublished\":\"2026-03-04T15:28:52+00:00\",\"dateModified\":\"2026-03-04T15:28:55+00:00\",\"mainEntityOfPage\":{\"@id\":\"https:\/\/rotario.com.br\/site\/grupo-e-preso-na-regiao-dos-lagos-por-ter-atuado-por-cinco-anos-explorando-falhas-em-plataformas-digitais\/\"},\"wordCount\":615,\"commentCount\":0,\"publisher\":{\"@id\":\"https:\/\/rotario.com.br\/site\/#organization\"},\"image\":{\"@id\":\"https:\/\/rotario.com.br\/site\/grupo-e-preso-na-regiao-dos-lagos-por-ter-atuado-por-cinco-anos-explorando-falhas-em-plataformas-digitais\/#primaryimage\"},\"thumbnailUrl\":\"https:\/\/rotario.com.br\/site\/wp-content\/uploads\/2026\/03\/WhatsApp-Image-2026-03-04-at-11.49.58.jpeg\",\"articleSection\":[\"Regi\u00e3o dos lagos\"],\"inLanguage\":\"pt-BR\",\"potentialAction\":[{\"@type\":\"CommentAction\",\"name\":\"Comment\",\"target\":[\"https:\/\/rotario.com.br\/site\/grupo-e-preso-na-regiao-dos-lagos-por-ter-atuado-por-cinco-anos-explorando-falhas-em-plataformas-digitais\/#respond\"]}]},{\"@type\":\"WebPage\",\"@id\":\"https:\/\/rotario.com.br\/site\/grupo-e-preso-na-regiao-dos-lagos-por-ter-atuado-por-cinco-anos-explorando-falhas-em-plataformas-digitais\/\",\"url\":\"https:\/\/rotario.com.br\/site\/grupo-e-preso-na-regiao-dos-lagos-por-ter-atuado-por-cinco-anos-explorando-falhas-em-plataformas-digitais\/\",\"name\":\"Grupo \u00e9 preso na Regi\u00e3o dos Lagos por ter atuado por cinco anos explorando falhas em plataformas digitais - Rota Rio\",\"isPartOf\":{\"@id\":\"https:\/\/rotario.com.br\/site\/#website\"},\"primaryImageOfPage\":{\"@id\":\"https:\/\/rotario.com.br\/site\/grupo-e-preso-na-regiao-dos-lagos-por-ter-atuado-por-cinco-anos-explorando-falhas-em-plataformas-digitais\/#primaryimage\"},\"image\":{\"@id\":\"https:\/\/rotario.com.br\/site\/grupo-e-preso-na-regiao-dos-lagos-por-ter-atuado-por-cinco-anos-explorando-falhas-em-plataformas-digitais\/#primaryimage\"},\"thumbnailUrl\":\"https:\/\/rotario.com.br\/site\/wp-content\/uploads\/2026\/03\/WhatsApp-Image-2026-03-04-at-11.49.58.jpeg\",\"datePublished\":\"2026-03-04T15:28:52+00:00\",\"dateModified\":\"2026-03-04T15:28:55+00:00\",\"breadcrumb\":{\"@id\":\"https:\/\/rotario.com.br\/site\/grupo-e-preso-na-regiao-dos-lagos-por-ter-atuado-por-cinco-anos-explorando-falhas-em-plataformas-digitais\/#breadcrumb\"},\"inLanguage\":\"pt-BR\",\"potentialAction\":[{\"@type\":\"ReadAction\",\"target\":[\"https:\/\/rotario.com.br\/site\/grupo-e-preso-na-regiao-dos-lagos-por-ter-atuado-por-cinco-anos-explorando-falhas-em-plataformas-digitais\/\"]}]},{\"@type\":\"ImageObject\",\"inLanguage\":\"pt-BR\",\"@id\":\"https:\/\/rotario.com.br\/site\/grupo-e-preso-na-regiao-dos-lagos-por-ter-atuado-por-cinco-anos-explorando-falhas-em-plataformas-digitais\/#primaryimage\",\"url\":\"https:\/\/rotario.com.br\/site\/wp-content\/uploads\/2026\/03\/WhatsApp-Image-2026-03-04-at-11.49.58.jpeg\",\"contentUrl\":\"https:\/\/rotario.com.br\/site\/wp-content\/uploads\/2026\/03\/WhatsApp-Image-2026-03-04-at-11.49.58.jpeg\",\"width\":1012,\"height\":687},{\"@type\":\"BreadcrumbList\",\"@id\":\"https:\/\/rotario.com.br\/site\/grupo-e-preso-na-regiao-dos-lagos-por-ter-atuado-por-cinco-anos-explorando-falhas-em-plataformas-digitais\/#breadcrumb\",\"itemListElement\":[{\"@type\":\"ListItem\",\"position\":1,\"name\":\"In\u00edcio\",\"item\":\"https:\/\/rotario.com.br\/site\/\"},{\"@type\":\"ListItem\",\"position\":2,\"name\":\"Grupo \u00e9 preso na Regi\u00e3o dos Lagos por ter atuado por cinco anos explorando falhas em plataformas digitais\"}]},{\"@type\":\"WebSite\",\"@id\":\"https:\/\/rotario.com.br\/site\/#website\",\"url\":\"https:\/\/rotario.com.br\/site\/\",\"name\":\"Rota Rio\",\"description\":\"Aqui, o Rio de Janeiro \u00e9 a pauta!\",\"publisher\":{\"@id\":\"https:\/\/rotario.com.br\/site\/#organization\"},\"potentialAction\":[{\"@type\":\"SearchAction\",\"target\":{\"@type\":\"EntryPoint\",\"urlTemplate\":\"https:\/\/rotario.com.br\/site\/?s={search_term_string}\"},\"query-input\":{\"@type\":\"PropertyValueSpecification\",\"valueRequired\":true,\"valueName\":\"search_term_string\"}}],\"inLanguage\":\"pt-BR\"},{\"@type\":\"Organization\",\"@id\":\"https:\/\/rotario.com.br\/site\/#organization\",\"name\":\"Rota Rio\",\"url\":\"https:\/\/rotario.com.br\/site\/\",\"logo\":{\"@type\":\"ImageObject\",\"inLanguage\":\"pt-BR\",\"@id\":\"https:\/\/rotario.com.br\/site\/#\/schema\/logo\/image\/\",\"url\":\"https:\/\/rotario.com.br\/site\/wp-content\/uploads\/2022\/04\/cropped-ROTARIO-LOGO-Prancheta-1-1-2048x654-1.png\",\"contentUrl\":\"https:\/\/rotario.com.br\/site\/wp-content\/uploads\/2022\/04\/cropped-ROTARIO-LOGO-Prancheta-1-1-2048x654-1.png\",\"width\":2048,\"height\":654,\"caption\":\"Rota Rio\"},\"image\":{\"@id\":\"https:\/\/rotario.com.br\/site\/#\/schema\/logo\/image\/\"}},{\"@type\":\"Person\",\"@id\":\"https:\/\/rotario.com.br\/site\/#\/schema\/person\/fd89bbbf4136f7e8a21e0dd67b8a66c7\",\"name\":\"Galv\u00e3o\",\"url\":\"https:\/\/rotario.com.br\/site\/author\/daniel\/\"}]}<\/script>\n<!-- \/ Yoast SEO plugin. -->","yoast_head_json":{"title":"Grupo \u00e9 preso na Regi\u00e3o dos Lagos por ter atuado por cinco anos explorando falhas em plataformas digitais - Rota Rio","robots":{"index":"index","follow":"follow","max-snippet":"max-snippet:-1","max-image-preview":"max-image-preview:large","max-video-preview":"max-video-preview:-1"},"canonical":"https:\/\/rotario.com.br\/site\/grupo-e-preso-na-regiao-dos-lagos-por-ter-atuado-por-cinco-anos-explorando-falhas-em-plataformas-digitais\/","og_locale":"pt_BR","og_type":"article","og_title":"Grupo \u00e9 preso na Regi\u00e3o dos Lagos por ter atuado por cinco anos explorando falhas em plataformas digitais - Rota Rio","og_description":"Na manh\u00e3 desta quarta-feira (4), a Pol\u00edcia Civil do Rio de Janeiro e o Minist\u00e9rio P\u00fablico do Rio de Janeiro deflagraram a Opera\u00e7\u00e3o Pecunia Obscura. A a\u00e7\u00e3o apura crimes praticados principalmente na Regi\u00e3o dos Lagos, com desdobramentos em Minas Gerais e no Maranh\u00e3o. At\u00e9 a \u00faltima atualiza\u00e7\u00e3o, tr\u00eas pessoas haviam sido presas. As investiga\u00e7\u00f5es continuam [&hellip;]","og_url":"https:\/\/rotario.com.br\/site\/grupo-e-preso-na-regiao-dos-lagos-por-ter-atuado-por-cinco-anos-explorando-falhas-em-plataformas-digitais\/","og_site_name":"Rota Rio","article_published_time":"2026-03-04T15:28:52+00:00","article_modified_time":"2026-03-04T15:28:55+00:00","og_image":[{"width":1012,"height":687,"url":"https:\/\/rotario.com.br\/site\/wp-content\/uploads\/2026\/03\/WhatsApp-Image-2026-03-04-at-11.49.58.jpeg","type":"image\/jpeg"}],"author":"Galv\u00e3o","twitter_card":"summary_large_image","twitter_misc":{"Escrito por":"Galv\u00e3o","Est. tempo de leitura":"4 minutos"},"schema":{"@context":"https:\/\/schema.org","@graph":[{"@type":"Article","@id":"https:\/\/rotario.com.br\/site\/grupo-e-preso-na-regiao-dos-lagos-por-ter-atuado-por-cinco-anos-explorando-falhas-em-plataformas-digitais\/#article","isPartOf":{"@id":"https:\/\/rotario.com.br\/site\/grupo-e-preso-na-regiao-dos-lagos-por-ter-atuado-por-cinco-anos-explorando-falhas-em-plataformas-digitais\/"},"author":{"name":"Galv\u00e3o","@id":"https:\/\/rotario.com.br\/site\/#\/schema\/person\/fd89bbbf4136f7e8a21e0dd67b8a66c7"},"headline":"Grupo \u00e9 preso na Regi\u00e3o dos Lagos por ter atuado por cinco anos explorando falhas em plataformas digitais","datePublished":"2026-03-04T15:28:52+00:00","dateModified":"2026-03-04T15:28:55+00:00","mainEntityOfPage":{"@id":"https:\/\/rotario.com.br\/site\/grupo-e-preso-na-regiao-dos-lagos-por-ter-atuado-por-cinco-anos-explorando-falhas-em-plataformas-digitais\/"},"wordCount":615,"commentCount":0,"publisher":{"@id":"https:\/\/rotario.com.br\/site\/#organization"},"image":{"@id":"https:\/\/rotario.com.br\/site\/grupo-e-preso-na-regiao-dos-lagos-por-ter-atuado-por-cinco-anos-explorando-falhas-em-plataformas-digitais\/#primaryimage"},"thumbnailUrl":"https:\/\/rotario.com.br\/site\/wp-content\/uploads\/2026\/03\/WhatsApp-Image-2026-03-04-at-11.49.58.jpeg","articleSection":["Regi\u00e3o dos lagos"],"inLanguage":"pt-BR","potentialAction":[{"@type":"CommentAction","name":"Comment","target":["https:\/\/rotario.com.br\/site\/grupo-e-preso-na-regiao-dos-lagos-por-ter-atuado-por-cinco-anos-explorando-falhas-em-plataformas-digitais\/#respond"]}]},{"@type":"WebPage","@id":"https:\/\/rotario.com.br\/site\/grupo-e-preso-na-regiao-dos-lagos-por-ter-atuado-por-cinco-anos-explorando-falhas-em-plataformas-digitais\/","url":"https:\/\/rotario.com.br\/site\/grupo-e-preso-na-regiao-dos-lagos-por-ter-atuado-por-cinco-anos-explorando-falhas-em-plataformas-digitais\/","name":"Grupo \u00e9 preso na Regi\u00e3o dos Lagos por ter atuado por cinco anos explorando falhas em plataformas digitais - Rota Rio","isPartOf":{"@id":"https:\/\/rotario.com.br\/site\/#website"},"primaryImageOfPage":{"@id":"https:\/\/rotario.com.br\/site\/grupo-e-preso-na-regiao-dos-lagos-por-ter-atuado-por-cinco-anos-explorando-falhas-em-plataformas-digitais\/#primaryimage"},"image":{"@id":"https:\/\/rotario.com.br\/site\/grupo-e-preso-na-regiao-dos-lagos-por-ter-atuado-por-cinco-anos-explorando-falhas-em-plataformas-digitais\/#primaryimage"},"thumbnailUrl":"https:\/\/rotario.com.br\/site\/wp-content\/uploads\/2026\/03\/WhatsApp-Image-2026-03-04-at-11.49.58.jpeg","datePublished":"2026-03-04T15:28:52+00:00","dateModified":"2026-03-04T15:28:55+00:00","breadcrumb":{"@id":"https:\/\/rotario.com.br\/site\/grupo-e-preso-na-regiao-dos-lagos-por-ter-atuado-por-cinco-anos-explorando-falhas-em-plataformas-digitais\/#breadcrumb"},"inLanguage":"pt-BR","potentialAction":[{"@type":"ReadAction","target":["https:\/\/rotario.com.br\/site\/grupo-e-preso-na-regiao-dos-lagos-por-ter-atuado-por-cinco-anos-explorando-falhas-em-plataformas-digitais\/"]}]},{"@type":"ImageObject","inLanguage":"pt-BR","@id":"https:\/\/rotario.com.br\/site\/grupo-e-preso-na-regiao-dos-lagos-por-ter-atuado-por-cinco-anos-explorando-falhas-em-plataformas-digitais\/#primaryimage","url":"https:\/\/rotario.com.br\/site\/wp-content\/uploads\/2026\/03\/WhatsApp-Image-2026-03-04-at-11.49.58.jpeg","contentUrl":"https:\/\/rotario.com.br\/site\/wp-content\/uploads\/2026\/03\/WhatsApp-Image-2026-03-04-at-11.49.58.jpeg","width":1012,"height":687},{"@type":"BreadcrumbList","@id":"https:\/\/rotario.com.br\/site\/grupo-e-preso-na-regiao-dos-lagos-por-ter-atuado-por-cinco-anos-explorando-falhas-em-plataformas-digitais\/#breadcrumb","itemListElement":[{"@type":"ListItem","position":1,"name":"In\u00edcio","item":"https:\/\/rotario.com.br\/site\/"},{"@type":"ListItem","position":2,"name":"Grupo \u00e9 preso na Regi\u00e3o dos Lagos por ter atuado por cinco anos explorando falhas em plataformas digitais"}]},{"@type":"WebSite","@id":"https:\/\/rotario.com.br\/site\/#website","url":"https:\/\/rotario.com.br\/site\/","name":"Rota Rio","description":"Aqui, o Rio de Janeiro \u00e9 a pauta!","publisher":{"@id":"https:\/\/rotario.com.br\/site\/#organization"},"potentialAction":[{"@type":"SearchAction","target":{"@type":"EntryPoint","urlTemplate":"https:\/\/rotario.com.br\/site\/?s={search_term_string}"},"query-input":{"@type":"PropertyValueSpecification","valueRequired":true,"valueName":"search_term_string"}}],"inLanguage":"pt-BR"},{"@type":"Organization","@id":"https:\/\/rotario.com.br\/site\/#organization","name":"Rota Rio","url":"https:\/\/rotario.com.br\/site\/","logo":{"@type":"ImageObject","inLanguage":"pt-BR","@id":"https:\/\/rotario.com.br\/site\/#\/schema\/logo\/image\/","url":"https:\/\/rotario.com.br\/site\/wp-content\/uploads\/2022\/04\/cropped-ROTARIO-LOGO-Prancheta-1-1-2048x654-1.png","contentUrl":"https:\/\/rotario.com.br\/site\/wp-content\/uploads\/2022\/04\/cropped-ROTARIO-LOGO-Prancheta-1-1-2048x654-1.png","width":2048,"height":654,"caption":"Rota Rio"},"image":{"@id":"https:\/\/rotario.com.br\/site\/#\/schema\/logo\/image\/"}},{"@type":"Person","@id":"https:\/\/rotario.com.br\/site\/#\/schema\/person\/fd89bbbf4136f7e8a21e0dd67b8a66c7","name":"Galv\u00e3o","url":"https:\/\/rotario.com.br\/site\/author\/daniel\/"}]}},"_links":{"self":[{"href":"https:\/\/rotario.com.br\/site\/wp-json\/wp\/v2\/posts\/33628","targetHints":{"allow":["GET"]}}],"collection":[{"href":"https:\/\/rotario.com.br\/site\/wp-json\/wp\/v2\/posts"}],"about":[{"href":"https:\/\/rotario.com.br\/site\/wp-json\/wp\/v2\/types\/post"}],"author":[{"embeddable":true,"href":"https:\/\/rotario.com.br\/site\/wp-json\/wp\/v2\/users\/2"}],"replies":[{"embeddable":true,"href":"https:\/\/rotario.com.br\/site\/wp-json\/wp\/v2\/comments?post=33628"}],"version-history":[{"count":1,"href":"https:\/\/rotario.com.br\/site\/wp-json\/wp\/v2\/posts\/33628\/revisions"}],"predecessor-version":[{"id":33633,"href":"https:\/\/rotario.com.br\/site\/wp-json\/wp\/v2\/posts\/33628\/revisions\/33633"}],"wp:featuredmedia":[{"embeddable":true,"href":"https:\/\/rotario.com.br\/site\/wp-json\/wp\/v2\/media\/33632"}],"wp:attachment":[{"href":"https:\/\/rotario.com.br\/site\/wp-json\/wp\/v2\/media?parent=33628"}],"wp:term":[{"taxonomy":"category","embeddable":true,"href":"https:\/\/rotario.com.br\/site\/wp-json\/wp\/v2\/categories?post=33628"},{"taxonomy":"post_tag","embeddable":true,"href":"https:\/\/rotario.com.br\/site\/wp-json\/wp\/v2\/tags?post=33628"}],"curies":[{"name":"wp","href":"https:\/\/api.w.org\/{rel}","templated":true}]}}