{"id":33629,"date":"2026-03-04T12:17:40","date_gmt":"2026-03-04T15:17:40","guid":{"rendered":"https:\/\/rotario.com.br\/site\/?p=33629"},"modified":"2026-03-04T15:52:50","modified_gmt":"2026-03-04T18:52:50","slug":"prefeitura-inaugura-novo-colegio-estadual-em-macae-em-parceria-com-o-estado","status":"publish","type":"post","link":"https:\/\/rotario.com.br\/site\/prefeitura-inaugura-novo-colegio-estadual-em-macae-em-parceria-com-o-estado\/","title":{"rendered":"Prefeitura inaugura novo col\u00e9gio estadual em Maca\u00e9 em parceria com o Estado"},"content":{"rendered":"\n<p><\/p>\n\n\n\n<p><strong>Por Tunan Teixeira<\/strong> &#8211;<\/p>\n\n\n\n<p>Em solenidade realizada na manh\u00e3 dessa quarta-feira, 4, o prefeito de Maca\u00e9, Welberth Rezende (CIDADANIA), recebeu o governador do Rio, Cl\u00e1udio Castro (PL), para a entrega do novo Col\u00e9gio Estadual Carlos Walter Marinho Campos.<\/p>\n\n\n\n<p>O evento, que reuniu representantes do governo municipal e estadual, refor\u00e7ou a parceria entre o Estado e o munic\u00edpio, como lembrou o governador, citando uma rela\u00e7\u00e3o que vem desde os tempos de Welberth como deputado estadual na Assembleia Legislativa do Estado do Rio (Alerj).<\/p>\n\n\n\n<p>\u201cEstamos aqui hoje (quarta, 4) s\u00f3 para celebrar e agradecer ao prefeito, ele ter terminado essa obra com recursos da prefeitura, e a gente poder continuar essa grande parceria, que amizade n\u00f3s j\u00e1 termos desde quando ele era deputado\u201d, falou Cl\u00e1udio Castro.<\/p>\n\n\n\n<p>A fala do governador reconhece os esfor\u00e7os da prefeitura, que assumiu as obras da unidade estadual, que estavam paradas h\u00e1 17 anos, s\u00f3 no \u201cesqueleto\u201d, como lembrou Welberth em publica\u00e7\u00e3o nas redes sociais nessa ter\u00e7a-feira, 3.<\/p>\n\n\n\n<p>\u201cN\u00f3s encontramos essa obra parada, interditada; isso aqui era um grande esqueleto. E n\u00f3s demos prosseguimentos a essa obra, obra de um col\u00e9gio estadual, mas que a prefeitura fez um conv\u00eanio para que pudesse terminar e assim trazer para o bairro Lagomar o t\u00e3o sonhado curso do ensino m\u00e9dio. Ent\u00e3o os jovens aqui dessa regi\u00e3o v\u00e3o poder estudar aqui mesmo, sem precisar se descolar para o centro da cidade\u201d, explicou o prefeito, em v\u00eddeo.<\/p>\n\n\n\n<p>Em agenda que segue para o Centro, para o lan\u00e7amento da pedra fundamental do Batalh\u00e3o Rodovi\u00e1rio de Maca\u00e9, na Pra\u00e7a Washington Luiz, com a entrega de 20 viaturas blindadas doadas pela Pol\u00edcia Militar (PM), governador aproveitou para lembrar que as entregas dessa quarta s\u00e3o mais algumas de muitas que ainda vir\u00e3o em Maca\u00e9.<\/p>\n\n\n\n<p>\u201cTemos a rodovi\u00e1ria, que, em breve, o prefeito tamb\u00e9m vai estar entregando, a maior rodovi\u00e1ria na hist\u00f3ria da cidade. Temos obras nas Malvinas, temos um monte de coisas para entregar juntos. Eu n\u00e3o tenho d\u00favida de que essa amizade virou uma grande alian\u00e7a e virou entrega para a popula\u00e7\u00e3o\u201d, afirmou Cl\u00e1udio Castro.\u00a0\u00a0\u00a0\u00a0  <\/p>\n\n\n\n<p>       <\/p>\n\n\n\n<p>Foto: Rui Porto Filho        <\/p>\n","protected":false},"excerpt":{"rendered":"<p>Por Tunan Teixeira &#8211; Em solenidade realizada na manh\u00e3 dessa quarta-feira, 4, o prefeito de Maca\u00e9, Welberth Rezende (CIDADANIA), recebeu o governador do Rio, Cl\u00e1udio Castro (PL), para a entrega do novo Col\u00e9gio Estadual Carlos Walter Marinho Campos. O evento, que reuniu representantes do governo municipal e estadual, refor\u00e7ou a parceria entre o Estado e [&hellip;]<\/p>\n","protected":false},"author":2,"featured_media":33636,"comment_status":"open","ping_status":"closed","sticky":false,"template":"","format":"standard","meta":{"footnotes":""},"categories":[119],"tags":[],"class_list":["post-33629","post","type-post","status-publish","format-standard","has-post-thumbnail","hentry","category-macae-costa-do-sol"],"yoast_head":"<!-- This site is optimized with the Yoast SEO plugin v26.5 - https:\/\/yoast.com\/wordpress\/plugins\/seo\/ -->\n<title>Prefeitura inaugura novo col\u00e9gio estadual em Maca\u00e9 em parceria com o Estado - Rota Rio<\/title>\n<meta name=\"robots\" content=\"index, follow, max-snippet:-1, max-image-preview:large, max-video-preview:-1\" \/>\n<link rel=\"canonical\" href=\"https:\/\/rotario.com.br\/site\/prefeitura-inaugura-novo-colegio-estadual-em-macae-em-parceria-com-o-estado\/\" \/>\n<meta property=\"og:locale\" content=\"pt_BR\" \/>\n<meta property=\"og:type\" content=\"article\" \/>\n<meta property=\"og:title\" content=\"Prefeitura inaugura novo col\u00e9gio estadual em Maca\u00e9 em parceria com o Estado - Rota Rio\" \/>\n<meta property=\"og:description\" content=\"Por Tunan Teixeira &#8211; Em solenidade realizada na manh\u00e3 dessa quarta-feira, 4, o prefeito de Maca\u00e9, Welberth Rezende (CIDADANIA), recebeu o governador do Rio, Cl\u00e1udio Castro (PL), para a entrega do novo Col\u00e9gio Estadual Carlos Walter Marinho Campos. O evento, que reuniu representantes do governo municipal e estadual, refor\u00e7ou a parceria entre o Estado e [&hellip;]\" \/>\n<meta property=\"og:url\" content=\"https:\/\/rotario.com.br\/site\/prefeitura-inaugura-novo-colegio-estadual-em-macae-em-parceria-com-o-estado\/\" \/>\n<meta property=\"og:site_name\" content=\"Rota Rio\" \/>\n<meta property=\"article:published_time\" content=\"2026-03-04T15:17:40+00:00\" \/>\n<meta property=\"article:modified_time\" content=\"2026-03-04T18:52:50+00:00\" \/>\n<meta property=\"og:image\" content=\"https:\/\/rotario.com.br\/site\/wp-content\/uploads\/2026\/03\/04-Educacao-Macae-Rui-Porto-Filho-8.jpg\" \/>\n\t<meta property=\"og:image:width\" content=\"1500\" \/>\n\t<meta property=\"og:image:height\" content=\"1000\" \/>\n\t<meta property=\"og:image:type\" content=\"image\/jpeg\" \/>\n<meta name=\"author\" content=\"Galv\u00e3o\" \/>\n<meta name=\"twitter:card\" content=\"summary_large_image\" \/>\n<meta name=\"twitter:label1\" content=\"Escrito por\" \/>\n\t<meta name=\"twitter:data1\" content=\"Galv\u00e3o\" \/>\n\t<meta name=\"twitter:label2\" content=\"Est. tempo de leitura\" \/>\n\t<meta name=\"twitter:data2\" content=\"3 minutos\" \/>\n<script type=\"application\/ld+json\" class=\"yoast-schema-graph\">{\"@context\":\"https:\/\/schema.org\",\"@graph\":[{\"@type\":\"Article\",\"@id\":\"https:\/\/rotario.com.br\/site\/prefeitura-inaugura-novo-colegio-estadual-em-macae-em-parceria-com-o-estado\/#article\",\"isPartOf\":{\"@id\":\"https:\/\/rotario.com.br\/site\/prefeitura-inaugura-novo-colegio-estadual-em-macae-em-parceria-com-o-estado\/\"},\"author\":{\"name\":\"Galv\u00e3o\",\"@id\":\"https:\/\/rotario.com.br\/site\/#\/schema\/person\/fd89bbbf4136f7e8a21e0dd67b8a66c7\"},\"headline\":\"Prefeitura inaugura novo col\u00e9gio estadual em Maca\u00e9 em parceria com o Estado\",\"datePublished\":\"2026-03-04T15:17:40+00:00\",\"dateModified\":\"2026-03-04T18:52:50+00:00\",\"mainEntityOfPage\":{\"@id\":\"https:\/\/rotario.com.br\/site\/prefeitura-inaugura-novo-colegio-estadual-em-macae-em-parceria-com-o-estado\/\"},\"wordCount\":387,\"commentCount\":0,\"publisher\":{\"@id\":\"https:\/\/rotario.com.br\/site\/#organization\"},\"image\":{\"@id\":\"https:\/\/rotario.com.br\/site\/prefeitura-inaugura-novo-colegio-estadual-em-macae-em-parceria-com-o-estado\/#primaryimage\"},\"thumbnailUrl\":\"https:\/\/rotario.com.br\/site\/wp-content\/uploads\/2026\/03\/04-Educacao-Macae-Rui-Porto-Filho-8.jpg\",\"articleSection\":[\"Maca\u00e9\"],\"inLanguage\":\"pt-BR\",\"potentialAction\":[{\"@type\":\"CommentAction\",\"name\":\"Comment\",\"target\":[\"https:\/\/rotario.com.br\/site\/prefeitura-inaugura-novo-colegio-estadual-em-macae-em-parceria-com-o-estado\/#respond\"]}]},{\"@type\":\"WebPage\",\"@id\":\"https:\/\/rotario.com.br\/site\/prefeitura-inaugura-novo-colegio-estadual-em-macae-em-parceria-com-o-estado\/\",\"url\":\"https:\/\/rotario.com.br\/site\/prefeitura-inaugura-novo-colegio-estadual-em-macae-em-parceria-com-o-estado\/\",\"name\":\"Prefeitura inaugura novo col\u00e9gio estadual em Maca\u00e9 em parceria com o Estado - Rota Rio\",\"isPartOf\":{\"@id\":\"https:\/\/rotario.com.br\/site\/#website\"},\"primaryImageOfPage\":{\"@id\":\"https:\/\/rotario.com.br\/site\/prefeitura-inaugura-novo-colegio-estadual-em-macae-em-parceria-com-o-estado\/#primaryimage\"},\"image\":{\"@id\":\"https:\/\/rotario.com.br\/site\/prefeitura-inaugura-novo-colegio-estadual-em-macae-em-parceria-com-o-estado\/#primaryimage\"},\"thumbnailUrl\":\"https:\/\/rotario.com.br\/site\/wp-content\/uploads\/2026\/03\/04-Educacao-Macae-Rui-Porto-Filho-8.jpg\",\"datePublished\":\"2026-03-04T15:17:40+00:00\",\"dateModified\":\"2026-03-04T18:52:50+00:00\",\"breadcrumb\":{\"@id\":\"https:\/\/rotario.com.br\/site\/prefeitura-inaugura-novo-colegio-estadual-em-macae-em-parceria-com-o-estado\/#breadcrumb\"},\"inLanguage\":\"pt-BR\",\"potentialAction\":[{\"@type\":\"ReadAction\",\"target\":[\"https:\/\/rotario.com.br\/site\/prefeitura-inaugura-novo-colegio-estadual-em-macae-em-parceria-com-o-estado\/\"]}]},{\"@type\":\"ImageObject\",\"inLanguage\":\"pt-BR\",\"@id\":\"https:\/\/rotario.com.br\/site\/prefeitura-inaugura-novo-colegio-estadual-em-macae-em-parceria-com-o-estado\/#primaryimage\",\"url\":\"https:\/\/rotario.com.br\/site\/wp-content\/uploads\/2026\/03\/04-Educacao-Macae-Rui-Porto-Filho-8.jpg\",\"contentUrl\":\"https:\/\/rotario.com.br\/site\/wp-content\/uploads\/2026\/03\/04-Educacao-Macae-Rui-Porto-Filho-8.jpg\",\"width\":1500,\"height\":1000,\"caption\":\"Foto: Rui Porto Filho\"},{\"@type\":\"BreadcrumbList\",\"@id\":\"https:\/\/rotario.com.br\/site\/prefeitura-inaugura-novo-colegio-estadual-em-macae-em-parceria-com-o-estado\/#breadcrumb\",\"itemListElement\":[{\"@type\":\"ListItem\",\"position\":1,\"name\":\"In\u00edcio\",\"item\":\"https:\/\/rotario.com.br\/site\/\"},{\"@type\":\"ListItem\",\"position\":2,\"name\":\"Prefeitura inaugura novo col\u00e9gio estadual em Maca\u00e9 em parceria com o Estado\"}]},{\"@type\":\"WebSite\",\"@id\":\"https:\/\/rotario.com.br\/site\/#website\",\"url\":\"https:\/\/rotario.com.br\/site\/\",\"name\":\"Rota Rio\",\"description\":\"Aqui, o Rio de Janeiro \u00e9 a pauta!\",\"publisher\":{\"@id\":\"https:\/\/rotario.com.br\/site\/#organization\"},\"potentialAction\":[{\"@type\":\"SearchAction\",\"target\":{\"@type\":\"EntryPoint\",\"urlTemplate\":\"https:\/\/rotario.com.br\/site\/?s={search_term_string}\"},\"query-input\":{\"@type\":\"PropertyValueSpecification\",\"valueRequired\":true,\"valueName\":\"search_term_string\"}}],\"inLanguage\":\"pt-BR\"},{\"@type\":\"Organization\",\"@id\":\"https:\/\/rotario.com.br\/site\/#organization\",\"name\":\"Rota Rio\",\"url\":\"https:\/\/rotario.com.br\/site\/\",\"logo\":{\"@type\":\"ImageObject\",\"inLanguage\":\"pt-BR\",\"@id\":\"https:\/\/rotario.com.br\/site\/#\/schema\/logo\/image\/\",\"url\":\"https:\/\/rotario.com.br\/site\/wp-content\/uploads\/2022\/04\/cropped-ROTARIO-LOGO-Prancheta-1-1-2048x654-1.png\",\"contentUrl\":\"https:\/\/rotario.com.br\/site\/wp-content\/uploads\/2022\/04\/cropped-ROTARIO-LOGO-Prancheta-1-1-2048x654-1.png\",\"width\":2048,\"height\":654,\"caption\":\"Rota Rio\"},\"image\":{\"@id\":\"https:\/\/rotario.com.br\/site\/#\/schema\/logo\/image\/\"}},{\"@type\":\"Person\",\"@id\":\"https:\/\/rotario.com.br\/site\/#\/schema\/person\/fd89bbbf4136f7e8a21e0dd67b8a66c7\",\"name\":\"Galv\u00e3o\",\"url\":\"https:\/\/rotario.com.br\/site\/author\/daniel\/\"}]}<\/script>\n<!-- \/ Yoast SEO plugin. -->","yoast_head_json":{"title":"Prefeitura inaugura novo col\u00e9gio estadual em Maca\u00e9 em parceria com o Estado - Rota Rio","robots":{"index":"index","follow":"follow","max-snippet":"max-snippet:-1","max-image-preview":"max-image-preview:large","max-video-preview":"max-video-preview:-1"},"canonical":"https:\/\/rotario.com.br\/site\/prefeitura-inaugura-novo-colegio-estadual-em-macae-em-parceria-com-o-estado\/","og_locale":"pt_BR","og_type":"article","og_title":"Prefeitura inaugura novo col\u00e9gio estadual em Maca\u00e9 em parceria com o Estado - Rota Rio","og_description":"Por Tunan Teixeira &#8211; Em solenidade realizada na manh\u00e3 dessa quarta-feira, 4, o prefeito de Maca\u00e9, Welberth Rezende (CIDADANIA), recebeu o governador do Rio, Cl\u00e1udio Castro (PL), para a entrega do novo Col\u00e9gio Estadual Carlos Walter Marinho Campos. O evento, que reuniu representantes do governo municipal e estadual, refor\u00e7ou a parceria entre o Estado e [&hellip;]","og_url":"https:\/\/rotario.com.br\/site\/prefeitura-inaugura-novo-colegio-estadual-em-macae-em-parceria-com-o-estado\/","og_site_name":"Rota Rio","article_published_time":"2026-03-04T15:17:40+00:00","article_modified_time":"2026-03-04T18:52:50+00:00","og_image":[{"width":1500,"height":1000,"url":"https:\/\/rotario.com.br\/site\/wp-content\/uploads\/2026\/03\/04-Educacao-Macae-Rui-Porto-Filho-8.jpg","type":"image\/jpeg"}],"author":"Galv\u00e3o","twitter_card":"summary_large_image","twitter_misc":{"Escrito por":"Galv\u00e3o","Est. tempo de leitura":"3 minutos"},"schema":{"@context":"https:\/\/schema.org","@graph":[{"@type":"Article","@id":"https:\/\/rotario.com.br\/site\/prefeitura-inaugura-novo-colegio-estadual-em-macae-em-parceria-com-o-estado\/#article","isPartOf":{"@id":"https:\/\/rotario.com.br\/site\/prefeitura-inaugura-novo-colegio-estadual-em-macae-em-parceria-com-o-estado\/"},"author":{"name":"Galv\u00e3o","@id":"https:\/\/rotario.com.br\/site\/#\/schema\/person\/fd89bbbf4136f7e8a21e0dd67b8a66c7"},"headline":"Prefeitura inaugura novo col\u00e9gio estadual em Maca\u00e9 em parceria com o Estado","datePublished":"2026-03-04T15:17:40+00:00","dateModified":"2026-03-04T18:52:50+00:00","mainEntityOfPage":{"@id":"https:\/\/rotario.com.br\/site\/prefeitura-inaugura-novo-colegio-estadual-em-macae-em-parceria-com-o-estado\/"},"wordCount":387,"commentCount":0,"publisher":{"@id":"https:\/\/rotario.com.br\/site\/#organization"},"image":{"@id":"https:\/\/rotario.com.br\/site\/prefeitura-inaugura-novo-colegio-estadual-em-macae-em-parceria-com-o-estado\/#primaryimage"},"thumbnailUrl":"https:\/\/rotario.com.br\/site\/wp-content\/uploads\/2026\/03\/04-Educacao-Macae-Rui-Porto-Filho-8.jpg","articleSection":["Maca\u00e9"],"inLanguage":"pt-BR","potentialAction":[{"@type":"CommentAction","name":"Comment","target":["https:\/\/rotario.com.br\/site\/prefeitura-inaugura-novo-colegio-estadual-em-macae-em-parceria-com-o-estado\/#respond"]}]},{"@type":"WebPage","@id":"https:\/\/rotario.com.br\/site\/prefeitura-inaugura-novo-colegio-estadual-em-macae-em-parceria-com-o-estado\/","url":"https:\/\/rotario.com.br\/site\/prefeitura-inaugura-novo-colegio-estadual-em-macae-em-parceria-com-o-estado\/","name":"Prefeitura inaugura novo col\u00e9gio estadual em Maca\u00e9 em parceria com o Estado - Rota Rio","isPartOf":{"@id":"https:\/\/rotario.com.br\/site\/#website"},"primaryImageOfPage":{"@id":"https:\/\/rotario.com.br\/site\/prefeitura-inaugura-novo-colegio-estadual-em-macae-em-parceria-com-o-estado\/#primaryimage"},"image":{"@id":"https:\/\/rotario.com.br\/site\/prefeitura-inaugura-novo-colegio-estadual-em-macae-em-parceria-com-o-estado\/#primaryimage"},"thumbnailUrl":"https:\/\/rotario.com.br\/site\/wp-content\/uploads\/2026\/03\/04-Educacao-Macae-Rui-Porto-Filho-8.jpg","datePublished":"2026-03-04T15:17:40+00:00","dateModified":"2026-03-04T18:52:50+00:00","breadcrumb":{"@id":"https:\/\/rotario.com.br\/site\/prefeitura-inaugura-novo-colegio-estadual-em-macae-em-parceria-com-o-estado\/#breadcrumb"},"inLanguage":"pt-BR","potentialAction":[{"@type":"ReadAction","target":["https:\/\/rotario.com.br\/site\/prefeitura-inaugura-novo-colegio-estadual-em-macae-em-parceria-com-o-estado\/"]}]},{"@type":"ImageObject","inLanguage":"pt-BR","@id":"https:\/\/rotario.com.br\/site\/prefeitura-inaugura-novo-colegio-estadual-em-macae-em-parceria-com-o-estado\/#primaryimage","url":"https:\/\/rotario.com.br\/site\/wp-content\/uploads\/2026\/03\/04-Educacao-Macae-Rui-Porto-Filho-8.jpg","contentUrl":"https:\/\/rotario.com.br\/site\/wp-content\/uploads\/2026\/03\/04-Educacao-Macae-Rui-Porto-Filho-8.jpg","width":1500,"height":1000,"caption":"Foto: Rui Porto Filho"},{"@type":"BreadcrumbList","@id":"https:\/\/rotario.com.br\/site\/prefeitura-inaugura-novo-colegio-estadual-em-macae-em-parceria-com-o-estado\/#breadcrumb","itemListElement":[{"@type":"ListItem","position":1,"name":"In\u00edcio","item":"https:\/\/rotario.com.br\/site\/"},{"@type":"ListItem","position":2,"name":"Prefeitura inaugura novo col\u00e9gio estadual em Maca\u00e9 em parceria com o Estado"}]},{"@type":"WebSite","@id":"https:\/\/rotario.com.br\/site\/#website","url":"https:\/\/rotario.com.br\/site\/","name":"Rota Rio","description":"Aqui, o Rio de Janeiro \u00e9 a pauta!","publisher":{"@id":"https:\/\/rotario.com.br\/site\/#organization"},"potentialAction":[{"@type":"SearchAction","target":{"@type":"EntryPoint","urlTemplate":"https:\/\/rotario.com.br\/site\/?s={search_term_string}"},"query-input":{"@type":"PropertyValueSpecification","valueRequired":true,"valueName":"search_term_string"}}],"inLanguage":"pt-BR"},{"@type":"Organization","@id":"https:\/\/rotario.com.br\/site\/#organization","name":"Rota Rio","url":"https:\/\/rotario.com.br\/site\/","logo":{"@type":"ImageObject","inLanguage":"pt-BR","@id":"https:\/\/rotario.com.br\/site\/#\/schema\/logo\/image\/","url":"https:\/\/rotario.com.br\/site\/wp-content\/uploads\/2022\/04\/cropped-ROTARIO-LOGO-Prancheta-1-1-2048x654-1.png","contentUrl":"https:\/\/rotario.com.br\/site\/wp-content\/uploads\/2022\/04\/cropped-ROTARIO-LOGO-Prancheta-1-1-2048x654-1.png","width":2048,"height":654,"caption":"Rota Rio"},"image":{"@id":"https:\/\/rotario.com.br\/site\/#\/schema\/logo\/image\/"}},{"@type":"Person","@id":"https:\/\/rotario.com.br\/site\/#\/schema\/person\/fd89bbbf4136f7e8a21e0dd67b8a66c7","name":"Galv\u00e3o","url":"https:\/\/rotario.com.br\/site\/author\/daniel\/"}]}},"_links":{"self":[{"href":"https:\/\/rotario.com.br\/site\/wp-json\/wp\/v2\/posts\/33629","targetHints":{"allow":["GET"]}}],"collection":[{"href":"https:\/\/rotario.com.br\/site\/wp-json\/wp\/v2\/posts"}],"about":[{"href":"https:\/\/rotario.com.br\/site\/wp-json\/wp\/v2\/types\/post"}],"author":[{"embeddable":true,"href":"https:\/\/rotario.com.br\/site\/wp-json\/wp\/v2\/users\/2"}],"replies":[{"embeddable":true,"href":"https:\/\/rotario.com.br\/site\/wp-json\/wp\/v2\/comments?post=33629"}],"version-history":[{"count":2,"href":"https:\/\/rotario.com.br\/site\/wp-json\/wp\/v2\/posts\/33629\/revisions"}],"predecessor-version":[{"id":33637,"href":"https:\/\/rotario.com.br\/site\/wp-json\/wp\/v2\/posts\/33629\/revisions\/33637"}],"wp:featuredmedia":[{"embeddable":true,"href":"https:\/\/rotario.com.br\/site\/wp-json\/wp\/v2\/media\/33636"}],"wp:attachment":[{"href":"https:\/\/rotario.com.br\/site\/wp-json\/wp\/v2\/media?parent=33629"}],"wp:term":[{"taxonomy":"category","embeddable":true,"href":"https:\/\/rotario.com.br\/site\/wp-json\/wp\/v2\/categories?post=33629"},{"taxonomy":"post_tag","embeddable":true,"href":"https:\/\/rotario.com.br\/site\/wp-json\/wp\/v2\/tags?post=33629"}],"curies":[{"name":"wp","href":"https:\/\/api.w.org\/{rel}","templated":true}]}}