{"id":33647,"date":"2026-03-04T18:54:12","date_gmt":"2026-03-04T21:54:12","guid":{"rendered":"https:\/\/rotario.com.br\/site\/?p=33647"},"modified":"2026-03-04T18:54:25","modified_gmt":"2026-03-04T21:54:25","slug":"macae-inicia-operacao-de-linha-de-onibus-cabeceira-do-sana-x-frade","status":"publish","type":"post","link":"https:\/\/rotario.com.br\/site\/macae-inicia-operacao-de-linha-de-onibus-cabeceira-do-sana-x-frade\/","title":{"rendered":"Maca\u00e9 inicia opera\u00e7\u00e3o de linha de \u00f4nibus Cabeceira do Sana x Frade"},"content":{"rendered":"\n<p>A Prefeitura de Maca\u00e9 iniciou, nessa quarta-feira, 4, a opera\u00e7\u00e3o de uma linha de \u00f4nibus na regi\u00e3o serrana do munic\u00edpio, que vai fazer o trajeto Cabeceira do Sana x Frade, com partida da ponte de pedestres na Cabeceira do Sana.<\/p>\n\n\n\n<p>O an\u00fancio foi feito na noite dessa ter\u00e7a-feira, 3, pela Coordenadoria de Transporte da Secretaria de Mobilidade Urbana, visando atender os usu\u00e1rios do transporte p\u00fablico que precisam se deslocar para seus afazeres na sede do munic\u00edpio ou em outros locais.<\/p>\n\n\n\n<p>De acordo com o munic\u00edpio, o servi\u00e7o especial da linha do Portal do Sana tamb\u00e9m foi estendido at\u00e9 a Cabeceira do Sana a partir dessa quarta, com objetivo de facilitar o acesso dos moradores da regi\u00e3o.<\/p>\n\n\n\n<p>\u201cO atendimento do transporte p\u00fablico municipal \u00e0 Cabeceira do Sana s\u00f3 foi poss\u00edvel retornar devido aos reparos emergenciais realizados pela prefeitura e conclu\u00eddos nesta ter\u00e7a-feira (3), ap\u00f3s \u00e0s fortes chuvas que atingiram a regi\u00e3o\u201d, justificou a prefeitura.<\/p>\n\n\n\n<p>Ainda sobre os transportes da cidade, a Secretaria de Mobilidade Urbana divulgou, na manh\u00e3 dessa quarta, um comunicado avisando sobre a normaliza\u00e7\u00e3o dos servi\u00e7os prestados pela concession\u00e1ria, cuja garagem foi alvo de uma manifesta\u00e7\u00e3o nessa madrugada.<\/p>\n\n\n\n<p>\u201cEste movimento n\u00e3o tem apoio do sindicato da categoria e nenhum motorista aderiu ao movimento por entender que a empresa est\u00e1 arcando com todos os compromissos trabalhistas. A manifesta\u00e7\u00e3o atrasou o in\u00edcio das opera\u00e7\u00f5es de sa\u00edda dos \u00f4nibus. Mas, neste momento, a situa\u00e7\u00e3o est\u00e1 normalizada: todos os 216 \u00f4nibus est\u00e3o nas ruas\u201d, garantiu a prefeitura.<\/p>\n\n\n\n<p>Ainda segundo o munic\u00edpio, as opera\u00e7\u00f5es de transporte p\u00fablico de passageiros seguem sob olhar atento e fiscaliza\u00e7\u00e3o do secret\u00e1rio de Mobilidade Urbana, Jayme Muniz, e das equipes da Coordenadoria de Transporte, que acompanham o servi\u00e7o das linhas de \u00f4nibus urbano pela cidade.<\/p>\n","protected":false},"excerpt":{"rendered":"<p>A Prefeitura de Maca\u00e9 iniciou, nessa quarta-feira, 4, a opera\u00e7\u00e3o de uma linha de \u00f4nibus na regi\u00e3o serrana do munic\u00edpio, que vai fazer o trajeto Cabeceira do Sana x Frade, com partida da ponte de pedestres na Cabeceira do Sana. O an\u00fancio foi feito na noite dessa ter\u00e7a-feira, 3, pela Coordenadoria de Transporte da Secretaria [&hellip;]<\/p>\n","protected":false},"author":2,"featured_media":33648,"comment_status":"open","ping_status":"closed","sticky":false,"template":"","format":"standard","meta":{"footnotes":""},"categories":[52],"tags":[],"class_list":["post-33647","post","type-post","status-publish","format-standard","has-post-thumbnail","hentry","category-macae"],"yoast_head":"<!-- This site is optimized with the Yoast SEO plugin v26.5 - https:\/\/yoast.com\/wordpress\/plugins\/seo\/ -->\n<title>Maca\u00e9 inicia opera\u00e7\u00e3o de linha de \u00f4nibus Cabeceira do Sana x Frade - Rota Rio<\/title>\n<meta name=\"robots\" content=\"index, follow, max-snippet:-1, max-image-preview:large, max-video-preview:-1\" \/>\n<link rel=\"canonical\" href=\"https:\/\/rotario.com.br\/site\/macae-inicia-operacao-de-linha-de-onibus-cabeceira-do-sana-x-frade\/\" \/>\n<meta property=\"og:locale\" content=\"pt_BR\" \/>\n<meta property=\"og:type\" content=\"article\" \/>\n<meta property=\"og:title\" content=\"Maca\u00e9 inicia opera\u00e7\u00e3o de linha de \u00f4nibus Cabeceira do Sana x Frade - Rota Rio\" \/>\n<meta property=\"og:description\" content=\"A Prefeitura de Maca\u00e9 iniciou, nessa quarta-feira, 4, a opera\u00e7\u00e3o de uma linha de \u00f4nibus na regi\u00e3o serrana do munic\u00edpio, que vai fazer o trajeto Cabeceira do Sana x Frade, com partida da ponte de pedestres na Cabeceira do Sana. O an\u00fancio foi feito na noite dessa ter\u00e7a-feira, 3, pela Coordenadoria de Transporte da Secretaria [&hellip;]\" \/>\n<meta property=\"og:url\" content=\"https:\/\/rotario.com.br\/site\/macae-inicia-operacao-de-linha-de-onibus-cabeceira-do-sana-x-frade\/\" \/>\n<meta property=\"og:site_name\" content=\"Rota Rio\" \/>\n<meta property=\"article:published_time\" content=\"2026-03-04T21:54:12+00:00\" \/>\n<meta property=\"article:modified_time\" content=\"2026-03-04T21:54:25+00:00\" \/>\n<meta property=\"og:image\" content=\"https:\/\/rotario.com.br\/site\/wp-content\/uploads\/2026\/03\/368791c3-fcec-471d-ab02-7b97cd180ecf.jpeg\" \/>\n\t<meta property=\"og:image:width\" content=\"800\" \/>\n\t<meta property=\"og:image:height\" content=\"600\" \/>\n\t<meta property=\"og:image:type\" content=\"image\/jpeg\" \/>\n<meta name=\"author\" content=\"Galv\u00e3o\" \/>\n<meta name=\"twitter:card\" content=\"summary_large_image\" \/>\n<meta name=\"twitter:label1\" content=\"Escrito por\" \/>\n\t<meta name=\"twitter:data1\" content=\"Galv\u00e3o\" \/>\n\t<meta name=\"twitter:label2\" content=\"Est. tempo de leitura\" \/>\n\t<meta name=\"twitter:data2\" content=\"2 minutos\" \/>\n<script type=\"application\/ld+json\" class=\"yoast-schema-graph\">{\"@context\":\"https:\/\/schema.org\",\"@graph\":[{\"@type\":\"Article\",\"@id\":\"https:\/\/rotario.com.br\/site\/macae-inicia-operacao-de-linha-de-onibus-cabeceira-do-sana-x-frade\/#article\",\"isPartOf\":{\"@id\":\"https:\/\/rotario.com.br\/site\/macae-inicia-operacao-de-linha-de-onibus-cabeceira-do-sana-x-frade\/\"},\"author\":{\"name\":\"Galv\u00e3o\",\"@id\":\"https:\/\/rotario.com.br\/site\/#\/schema\/person\/fd89bbbf4136f7e8a21e0dd67b8a66c7\"},\"headline\":\"Maca\u00e9 inicia opera\u00e7\u00e3o de linha de \u00f4nibus Cabeceira do Sana x Frade\",\"datePublished\":\"2026-03-04T21:54:12+00:00\",\"dateModified\":\"2026-03-04T21:54:25+00:00\",\"mainEntityOfPage\":{\"@id\":\"https:\/\/rotario.com.br\/site\/macae-inicia-operacao-de-linha-de-onibus-cabeceira-do-sana-x-frade\/\"},\"wordCount\":329,\"commentCount\":0,\"publisher\":{\"@id\":\"https:\/\/rotario.com.br\/site\/#organization\"},\"image\":{\"@id\":\"https:\/\/rotario.com.br\/site\/macae-inicia-operacao-de-linha-de-onibus-cabeceira-do-sana-x-frade\/#primaryimage\"},\"thumbnailUrl\":\"https:\/\/rotario.com.br\/site\/wp-content\/uploads\/2026\/03\/368791c3-fcec-471d-ab02-7b97cd180ecf.jpeg\",\"articleSection\":[\"Maca\u00e9\"],\"inLanguage\":\"pt-BR\",\"potentialAction\":[{\"@type\":\"CommentAction\",\"name\":\"Comment\",\"target\":[\"https:\/\/rotario.com.br\/site\/macae-inicia-operacao-de-linha-de-onibus-cabeceira-do-sana-x-frade\/#respond\"]}]},{\"@type\":\"WebPage\",\"@id\":\"https:\/\/rotario.com.br\/site\/macae-inicia-operacao-de-linha-de-onibus-cabeceira-do-sana-x-frade\/\",\"url\":\"https:\/\/rotario.com.br\/site\/macae-inicia-operacao-de-linha-de-onibus-cabeceira-do-sana-x-frade\/\",\"name\":\"Maca\u00e9 inicia opera\u00e7\u00e3o de linha de \u00f4nibus Cabeceira do Sana x Frade - Rota Rio\",\"isPartOf\":{\"@id\":\"https:\/\/rotario.com.br\/site\/#website\"},\"primaryImageOfPage\":{\"@id\":\"https:\/\/rotario.com.br\/site\/macae-inicia-operacao-de-linha-de-onibus-cabeceira-do-sana-x-frade\/#primaryimage\"},\"image\":{\"@id\":\"https:\/\/rotario.com.br\/site\/macae-inicia-operacao-de-linha-de-onibus-cabeceira-do-sana-x-frade\/#primaryimage\"},\"thumbnailUrl\":\"https:\/\/rotario.com.br\/site\/wp-content\/uploads\/2026\/03\/368791c3-fcec-471d-ab02-7b97cd180ecf.jpeg\",\"datePublished\":\"2026-03-04T21:54:12+00:00\",\"dateModified\":\"2026-03-04T21:54:25+00:00\",\"breadcrumb\":{\"@id\":\"https:\/\/rotario.com.br\/site\/macae-inicia-operacao-de-linha-de-onibus-cabeceira-do-sana-x-frade\/#breadcrumb\"},\"inLanguage\":\"pt-BR\",\"potentialAction\":[{\"@type\":\"ReadAction\",\"target\":[\"https:\/\/rotario.com.br\/site\/macae-inicia-operacao-de-linha-de-onibus-cabeceira-do-sana-x-frade\/\"]}]},{\"@type\":\"ImageObject\",\"inLanguage\":\"pt-BR\",\"@id\":\"https:\/\/rotario.com.br\/site\/macae-inicia-operacao-de-linha-de-onibus-cabeceira-do-sana-x-frade\/#primaryimage\",\"url\":\"https:\/\/rotario.com.br\/site\/wp-content\/uploads\/2026\/03\/368791c3-fcec-471d-ab02-7b97cd180ecf.jpeg\",\"contentUrl\":\"https:\/\/rotario.com.br\/site\/wp-content\/uploads\/2026\/03\/368791c3-fcec-471d-ab02-7b97cd180ecf.jpeg\",\"width\":800,\"height\":600},{\"@type\":\"BreadcrumbList\",\"@id\":\"https:\/\/rotario.com.br\/site\/macae-inicia-operacao-de-linha-de-onibus-cabeceira-do-sana-x-frade\/#breadcrumb\",\"itemListElement\":[{\"@type\":\"ListItem\",\"position\":1,\"name\":\"In\u00edcio\",\"item\":\"https:\/\/rotario.com.br\/site\/\"},{\"@type\":\"ListItem\",\"position\":2,\"name\":\"Maca\u00e9 inicia opera\u00e7\u00e3o de linha de \u00f4nibus Cabeceira do Sana x Frade\"}]},{\"@type\":\"WebSite\",\"@id\":\"https:\/\/rotario.com.br\/site\/#website\",\"url\":\"https:\/\/rotario.com.br\/site\/\",\"name\":\"Rota Rio\",\"description\":\"Aqui, o Rio de Janeiro \u00e9 a pauta!\",\"publisher\":{\"@id\":\"https:\/\/rotario.com.br\/site\/#organization\"},\"potentialAction\":[{\"@type\":\"SearchAction\",\"target\":{\"@type\":\"EntryPoint\",\"urlTemplate\":\"https:\/\/rotario.com.br\/site\/?s={search_term_string}\"},\"query-input\":{\"@type\":\"PropertyValueSpecification\",\"valueRequired\":true,\"valueName\":\"search_term_string\"}}],\"inLanguage\":\"pt-BR\"},{\"@type\":\"Organization\",\"@id\":\"https:\/\/rotario.com.br\/site\/#organization\",\"name\":\"Rota Rio\",\"url\":\"https:\/\/rotario.com.br\/site\/\",\"logo\":{\"@type\":\"ImageObject\",\"inLanguage\":\"pt-BR\",\"@id\":\"https:\/\/rotario.com.br\/site\/#\/schema\/logo\/image\/\",\"url\":\"https:\/\/rotario.com.br\/site\/wp-content\/uploads\/2022\/04\/cropped-ROTARIO-LOGO-Prancheta-1-1-2048x654-1.png\",\"contentUrl\":\"https:\/\/rotario.com.br\/site\/wp-content\/uploads\/2022\/04\/cropped-ROTARIO-LOGO-Prancheta-1-1-2048x654-1.png\",\"width\":2048,\"height\":654,\"caption\":\"Rota Rio\"},\"image\":{\"@id\":\"https:\/\/rotario.com.br\/site\/#\/schema\/logo\/image\/\"}},{\"@type\":\"Person\",\"@id\":\"https:\/\/rotario.com.br\/site\/#\/schema\/person\/fd89bbbf4136f7e8a21e0dd67b8a66c7\",\"name\":\"Galv\u00e3o\",\"url\":\"https:\/\/rotario.com.br\/site\/author\/daniel\/\"}]}<\/script>\n<!-- \/ Yoast SEO plugin. -->","yoast_head_json":{"title":"Maca\u00e9 inicia opera\u00e7\u00e3o de linha de \u00f4nibus Cabeceira do Sana x Frade - Rota Rio","robots":{"index":"index","follow":"follow","max-snippet":"max-snippet:-1","max-image-preview":"max-image-preview:large","max-video-preview":"max-video-preview:-1"},"canonical":"https:\/\/rotario.com.br\/site\/macae-inicia-operacao-de-linha-de-onibus-cabeceira-do-sana-x-frade\/","og_locale":"pt_BR","og_type":"article","og_title":"Maca\u00e9 inicia opera\u00e7\u00e3o de linha de \u00f4nibus Cabeceira do Sana x Frade - Rota Rio","og_description":"A Prefeitura de Maca\u00e9 iniciou, nessa quarta-feira, 4, a opera\u00e7\u00e3o de uma linha de \u00f4nibus na regi\u00e3o serrana do munic\u00edpio, que vai fazer o trajeto Cabeceira do Sana x Frade, com partida da ponte de pedestres na Cabeceira do Sana. O an\u00fancio foi feito na noite dessa ter\u00e7a-feira, 3, pela Coordenadoria de Transporte da Secretaria [&hellip;]","og_url":"https:\/\/rotario.com.br\/site\/macae-inicia-operacao-de-linha-de-onibus-cabeceira-do-sana-x-frade\/","og_site_name":"Rota Rio","article_published_time":"2026-03-04T21:54:12+00:00","article_modified_time":"2026-03-04T21:54:25+00:00","og_image":[{"width":800,"height":600,"url":"https:\/\/rotario.com.br\/site\/wp-content\/uploads\/2026\/03\/368791c3-fcec-471d-ab02-7b97cd180ecf.jpeg","type":"image\/jpeg"}],"author":"Galv\u00e3o","twitter_card":"summary_large_image","twitter_misc":{"Escrito por":"Galv\u00e3o","Est. tempo de leitura":"2 minutos"},"schema":{"@context":"https:\/\/schema.org","@graph":[{"@type":"Article","@id":"https:\/\/rotario.com.br\/site\/macae-inicia-operacao-de-linha-de-onibus-cabeceira-do-sana-x-frade\/#article","isPartOf":{"@id":"https:\/\/rotario.com.br\/site\/macae-inicia-operacao-de-linha-de-onibus-cabeceira-do-sana-x-frade\/"},"author":{"name":"Galv\u00e3o","@id":"https:\/\/rotario.com.br\/site\/#\/schema\/person\/fd89bbbf4136f7e8a21e0dd67b8a66c7"},"headline":"Maca\u00e9 inicia opera\u00e7\u00e3o de linha de \u00f4nibus Cabeceira do Sana x Frade","datePublished":"2026-03-04T21:54:12+00:00","dateModified":"2026-03-04T21:54:25+00:00","mainEntityOfPage":{"@id":"https:\/\/rotario.com.br\/site\/macae-inicia-operacao-de-linha-de-onibus-cabeceira-do-sana-x-frade\/"},"wordCount":329,"commentCount":0,"publisher":{"@id":"https:\/\/rotario.com.br\/site\/#organization"},"image":{"@id":"https:\/\/rotario.com.br\/site\/macae-inicia-operacao-de-linha-de-onibus-cabeceira-do-sana-x-frade\/#primaryimage"},"thumbnailUrl":"https:\/\/rotario.com.br\/site\/wp-content\/uploads\/2026\/03\/368791c3-fcec-471d-ab02-7b97cd180ecf.jpeg","articleSection":["Maca\u00e9"],"inLanguage":"pt-BR","potentialAction":[{"@type":"CommentAction","name":"Comment","target":["https:\/\/rotario.com.br\/site\/macae-inicia-operacao-de-linha-de-onibus-cabeceira-do-sana-x-frade\/#respond"]}]},{"@type":"WebPage","@id":"https:\/\/rotario.com.br\/site\/macae-inicia-operacao-de-linha-de-onibus-cabeceira-do-sana-x-frade\/","url":"https:\/\/rotario.com.br\/site\/macae-inicia-operacao-de-linha-de-onibus-cabeceira-do-sana-x-frade\/","name":"Maca\u00e9 inicia opera\u00e7\u00e3o de linha de \u00f4nibus Cabeceira do Sana x Frade - Rota Rio","isPartOf":{"@id":"https:\/\/rotario.com.br\/site\/#website"},"primaryImageOfPage":{"@id":"https:\/\/rotario.com.br\/site\/macae-inicia-operacao-de-linha-de-onibus-cabeceira-do-sana-x-frade\/#primaryimage"},"image":{"@id":"https:\/\/rotario.com.br\/site\/macae-inicia-operacao-de-linha-de-onibus-cabeceira-do-sana-x-frade\/#primaryimage"},"thumbnailUrl":"https:\/\/rotario.com.br\/site\/wp-content\/uploads\/2026\/03\/368791c3-fcec-471d-ab02-7b97cd180ecf.jpeg","datePublished":"2026-03-04T21:54:12+00:00","dateModified":"2026-03-04T21:54:25+00:00","breadcrumb":{"@id":"https:\/\/rotario.com.br\/site\/macae-inicia-operacao-de-linha-de-onibus-cabeceira-do-sana-x-frade\/#breadcrumb"},"inLanguage":"pt-BR","potentialAction":[{"@type":"ReadAction","target":["https:\/\/rotario.com.br\/site\/macae-inicia-operacao-de-linha-de-onibus-cabeceira-do-sana-x-frade\/"]}]},{"@type":"ImageObject","inLanguage":"pt-BR","@id":"https:\/\/rotario.com.br\/site\/macae-inicia-operacao-de-linha-de-onibus-cabeceira-do-sana-x-frade\/#primaryimage","url":"https:\/\/rotario.com.br\/site\/wp-content\/uploads\/2026\/03\/368791c3-fcec-471d-ab02-7b97cd180ecf.jpeg","contentUrl":"https:\/\/rotario.com.br\/site\/wp-content\/uploads\/2026\/03\/368791c3-fcec-471d-ab02-7b97cd180ecf.jpeg","width":800,"height":600},{"@type":"BreadcrumbList","@id":"https:\/\/rotario.com.br\/site\/macae-inicia-operacao-de-linha-de-onibus-cabeceira-do-sana-x-frade\/#breadcrumb","itemListElement":[{"@type":"ListItem","position":1,"name":"In\u00edcio","item":"https:\/\/rotario.com.br\/site\/"},{"@type":"ListItem","position":2,"name":"Maca\u00e9 inicia opera\u00e7\u00e3o de linha de \u00f4nibus Cabeceira do Sana x Frade"}]},{"@type":"WebSite","@id":"https:\/\/rotario.com.br\/site\/#website","url":"https:\/\/rotario.com.br\/site\/","name":"Rota Rio","description":"Aqui, o Rio de Janeiro \u00e9 a pauta!","publisher":{"@id":"https:\/\/rotario.com.br\/site\/#organization"},"potentialAction":[{"@type":"SearchAction","target":{"@type":"EntryPoint","urlTemplate":"https:\/\/rotario.com.br\/site\/?s={search_term_string}"},"query-input":{"@type":"PropertyValueSpecification","valueRequired":true,"valueName":"search_term_string"}}],"inLanguage":"pt-BR"},{"@type":"Organization","@id":"https:\/\/rotario.com.br\/site\/#organization","name":"Rota Rio","url":"https:\/\/rotario.com.br\/site\/","logo":{"@type":"ImageObject","inLanguage":"pt-BR","@id":"https:\/\/rotario.com.br\/site\/#\/schema\/logo\/image\/","url":"https:\/\/rotario.com.br\/site\/wp-content\/uploads\/2022\/04\/cropped-ROTARIO-LOGO-Prancheta-1-1-2048x654-1.png","contentUrl":"https:\/\/rotario.com.br\/site\/wp-content\/uploads\/2022\/04\/cropped-ROTARIO-LOGO-Prancheta-1-1-2048x654-1.png","width":2048,"height":654,"caption":"Rota Rio"},"image":{"@id":"https:\/\/rotario.com.br\/site\/#\/schema\/logo\/image\/"}},{"@type":"Person","@id":"https:\/\/rotario.com.br\/site\/#\/schema\/person\/fd89bbbf4136f7e8a21e0dd67b8a66c7","name":"Galv\u00e3o","url":"https:\/\/rotario.com.br\/site\/author\/daniel\/"}]}},"_links":{"self":[{"href":"https:\/\/rotario.com.br\/site\/wp-json\/wp\/v2\/posts\/33647","targetHints":{"allow":["GET"]}}],"collection":[{"href":"https:\/\/rotario.com.br\/site\/wp-json\/wp\/v2\/posts"}],"about":[{"href":"https:\/\/rotario.com.br\/site\/wp-json\/wp\/v2\/types\/post"}],"author":[{"embeddable":true,"href":"https:\/\/rotario.com.br\/site\/wp-json\/wp\/v2\/users\/2"}],"replies":[{"embeddable":true,"href":"https:\/\/rotario.com.br\/site\/wp-json\/wp\/v2\/comments?post=33647"}],"version-history":[{"count":1,"href":"https:\/\/rotario.com.br\/site\/wp-json\/wp\/v2\/posts\/33647\/revisions"}],"predecessor-version":[{"id":33649,"href":"https:\/\/rotario.com.br\/site\/wp-json\/wp\/v2\/posts\/33647\/revisions\/33649"}],"wp:featuredmedia":[{"embeddable":true,"href":"https:\/\/rotario.com.br\/site\/wp-json\/wp\/v2\/media\/33648"}],"wp:attachment":[{"href":"https:\/\/rotario.com.br\/site\/wp-json\/wp\/v2\/media?parent=33647"}],"wp:term":[{"taxonomy":"category","embeddable":true,"href":"https:\/\/rotario.com.br\/site\/wp-json\/wp\/v2\/categories?post=33647"},{"taxonomy":"post_tag","embeddable":true,"href":"https:\/\/rotario.com.br\/site\/wp-json\/wp\/v2\/tags?post=33647"}],"curies":[{"name":"wp","href":"https:\/\/api.w.org\/{rel}","templated":true}]}}