{"id":33662,"date":"2026-03-05T10:50:16","date_gmt":"2026-03-05T13:50:16","guid":{"rendered":"https:\/\/rotario.com.br\/site\/?p=33662"},"modified":"2026-03-05T10:50:23","modified_gmt":"2026-03-05T13:50:23","slug":"prefeitura-combate-fake-news-ao-explicar-verdade-sobre-caso-das-bicicletas","status":"publish","type":"post","link":"https:\/\/rotario.com.br\/site\/prefeitura-combate-fake-news-ao-explicar-verdade-sobre-caso-das-bicicletas\/","title":{"rendered":"Prefeitura combate fake news ao explicar verdade sobre caso das bicicletas"},"content":{"rendered":"\n<p>A Prefeitura de Maca\u00e9 divulgou uma nota na noite dessa quarta-feira, 4, desmentindo not\u00edcias falsas que v\u00eam circulando nas redes sociais sobre uma suposta fiscaliza\u00e7\u00e3o e apreens\u00e3o irregular de bicicletas na cidade.<\/p>\n\n\n\n<p>De acordo com o munic\u00edpio, que se posicionou atrav\u00e9s da Secretaria de Mobilidade Urbana, a publica\u00e7\u00e3o, que continha imagens de atua\u00e7\u00e3o de agentes da 123\u00aa Delegacia de Pol\u00edcia Civil (123\u00aa DP), n\u00e3o \u00e9 verdadeira.<\/p>\n\n\n\n<p>\u201cAs bicicletas em quest\u00e3o n\u00e3o foram apreendidas pelo poder p\u00fablico. Pelo contr\u00e1rio, elas foram recuperadas em a\u00e7\u00e3o de investiga\u00e7\u00e3o, que resultou na pris\u00e3o de suspeito de furtar in\u00fameras bicicletas na cidade. O material ocupava grande espa\u00e7o na delegacia, que solicitou apoio da Secretaria para transferir a guarda ao dep\u00f3sito p\u00fablico de Campos\u201d, explicou a prefeitura.<\/p>\n\n\n\n<p>Ainda segundo o munic\u00edpio, foi essa a\u00e7\u00e3o, que seguiu as diretrizes da parceria institucional, que acabou gerando interpreta\u00e7\u00f5es equivocadas e posterior divulga\u00e7\u00e3o das not\u00edcias falsas que circularam pelas redes.<\/p>\n\n\n\n<p>\u201cA prefeitura refor\u00e7a que a divulga\u00e7\u00e3o de not\u00edcias falsas prejudica e impacta negativamente o importante trabalho de fortalecimento da mobilidade ativa no munic\u00edpio e orienta a todos acompanharem os canais oficiais\u201d, completou o munic\u00edpio.<\/p>\n","protected":false},"excerpt":{"rendered":"<p>A Prefeitura de Maca\u00e9 divulgou uma nota na noite dessa quarta-feira, 4, desmentindo not\u00edcias falsas que v\u00eam circulando nas redes sociais sobre uma suposta fiscaliza\u00e7\u00e3o e apreens\u00e3o irregular de bicicletas na cidade. De acordo com o munic\u00edpio, que se posicionou atrav\u00e9s da Secretaria de Mobilidade Urbana, a publica\u00e7\u00e3o, que continha imagens de atua\u00e7\u00e3o de agentes [&hellip;]<\/p>\n","protected":false},"author":2,"featured_media":33663,"comment_status":"open","ping_status":"closed","sticky":false,"template":"","format":"standard","meta":{"footnotes":""},"categories":[52],"tags":[],"class_list":["post-33662","post","type-post","status-publish","format-standard","has-post-thumbnail","hentry","category-macae"],"yoast_head":"<!-- This site is optimized with the Yoast SEO plugin v26.5 - https:\/\/yoast.com\/wordpress\/plugins\/seo\/ -->\n<title>Prefeitura combate fake news ao explicar verdade sobre caso das bicicletas - Rota Rio<\/title>\n<meta name=\"robots\" content=\"index, follow, max-snippet:-1, max-image-preview:large, max-video-preview:-1\" \/>\n<link rel=\"canonical\" href=\"https:\/\/rotario.com.br\/site\/prefeitura-combate-fake-news-ao-explicar-verdade-sobre-caso-das-bicicletas\/\" \/>\n<meta property=\"og:locale\" content=\"pt_BR\" \/>\n<meta property=\"og:type\" content=\"article\" \/>\n<meta property=\"og:title\" content=\"Prefeitura combate fake news ao explicar verdade sobre caso das bicicletas - Rota Rio\" \/>\n<meta property=\"og:description\" content=\"A Prefeitura de Maca\u00e9 divulgou uma nota na noite dessa quarta-feira, 4, desmentindo not\u00edcias falsas que v\u00eam circulando nas redes sociais sobre uma suposta fiscaliza\u00e7\u00e3o e apreens\u00e3o irregular de bicicletas na cidade. De acordo com o munic\u00edpio, que se posicionou atrav\u00e9s da Secretaria de Mobilidade Urbana, a publica\u00e7\u00e3o, que continha imagens de atua\u00e7\u00e3o de agentes [&hellip;]\" \/>\n<meta property=\"og:url\" content=\"https:\/\/rotario.com.br\/site\/prefeitura-combate-fake-news-ao-explicar-verdade-sobre-caso-das-bicicletas\/\" \/>\n<meta property=\"og:site_name\" content=\"Rota Rio\" \/>\n<meta property=\"article:published_time\" content=\"2026-03-05T13:50:16+00:00\" \/>\n<meta property=\"article:modified_time\" content=\"2026-03-05T13:50:23+00:00\" \/>\n<meta property=\"og:image\" content=\"https:\/\/rotario.com.br\/site\/wp-content\/uploads\/2026\/03\/WhatsApp-Image-2026-03-05-at-09.54.23.jpeg\" \/>\n\t<meta property=\"og:image:width\" content=\"800\" \/>\n\t<meta property=\"og:image:height\" content=\"600\" \/>\n\t<meta property=\"og:image:type\" content=\"image\/jpeg\" \/>\n<meta name=\"author\" content=\"Galv\u00e3o\" \/>\n<meta name=\"twitter:card\" content=\"summary_large_image\" \/>\n<meta name=\"twitter:label1\" content=\"Escrito por\" \/>\n\t<meta name=\"twitter:data1\" content=\"Galv\u00e3o\" \/>\n\t<meta name=\"twitter:label2\" content=\"Est. tempo de leitura\" \/>\n\t<meta name=\"twitter:data2\" content=\"2 minutos\" \/>\n<script type=\"application\/ld+json\" class=\"yoast-schema-graph\">{\"@context\":\"https:\/\/schema.org\",\"@graph\":[{\"@type\":\"Article\",\"@id\":\"https:\/\/rotario.com.br\/site\/prefeitura-combate-fake-news-ao-explicar-verdade-sobre-caso-das-bicicletas\/#article\",\"isPartOf\":{\"@id\":\"https:\/\/rotario.com.br\/site\/prefeitura-combate-fake-news-ao-explicar-verdade-sobre-caso-das-bicicletas\/\"},\"author\":{\"name\":\"Galv\u00e3o\",\"@id\":\"https:\/\/rotario.com.br\/site\/#\/schema\/person\/fd89bbbf4136f7e8a21e0dd67b8a66c7\"},\"headline\":\"Prefeitura combate fake news ao explicar verdade sobre caso das bicicletas\",\"datePublished\":\"2026-03-05T13:50:16+00:00\",\"dateModified\":\"2026-03-05T13:50:23+00:00\",\"mainEntityOfPage\":{\"@id\":\"https:\/\/rotario.com.br\/site\/prefeitura-combate-fake-news-ao-explicar-verdade-sobre-caso-das-bicicletas\/\"},\"wordCount\":222,\"commentCount\":0,\"publisher\":{\"@id\":\"https:\/\/rotario.com.br\/site\/#organization\"},\"image\":{\"@id\":\"https:\/\/rotario.com.br\/site\/prefeitura-combate-fake-news-ao-explicar-verdade-sobre-caso-das-bicicletas\/#primaryimage\"},\"thumbnailUrl\":\"https:\/\/rotario.com.br\/site\/wp-content\/uploads\/2026\/03\/WhatsApp-Image-2026-03-05-at-09.54.23.jpeg\",\"articleSection\":[\"Maca\u00e9\"],\"inLanguage\":\"pt-BR\",\"potentialAction\":[{\"@type\":\"CommentAction\",\"name\":\"Comment\",\"target\":[\"https:\/\/rotario.com.br\/site\/prefeitura-combate-fake-news-ao-explicar-verdade-sobre-caso-das-bicicletas\/#respond\"]}]},{\"@type\":\"WebPage\",\"@id\":\"https:\/\/rotario.com.br\/site\/prefeitura-combate-fake-news-ao-explicar-verdade-sobre-caso-das-bicicletas\/\",\"url\":\"https:\/\/rotario.com.br\/site\/prefeitura-combate-fake-news-ao-explicar-verdade-sobre-caso-das-bicicletas\/\",\"name\":\"Prefeitura combate fake news ao explicar verdade sobre caso das bicicletas - Rota Rio\",\"isPartOf\":{\"@id\":\"https:\/\/rotario.com.br\/site\/#website\"},\"primaryImageOfPage\":{\"@id\":\"https:\/\/rotario.com.br\/site\/prefeitura-combate-fake-news-ao-explicar-verdade-sobre-caso-das-bicicletas\/#primaryimage\"},\"image\":{\"@id\":\"https:\/\/rotario.com.br\/site\/prefeitura-combate-fake-news-ao-explicar-verdade-sobre-caso-das-bicicletas\/#primaryimage\"},\"thumbnailUrl\":\"https:\/\/rotario.com.br\/site\/wp-content\/uploads\/2026\/03\/WhatsApp-Image-2026-03-05-at-09.54.23.jpeg\",\"datePublished\":\"2026-03-05T13:50:16+00:00\",\"dateModified\":\"2026-03-05T13:50:23+00:00\",\"breadcrumb\":{\"@id\":\"https:\/\/rotario.com.br\/site\/prefeitura-combate-fake-news-ao-explicar-verdade-sobre-caso-das-bicicletas\/#breadcrumb\"},\"inLanguage\":\"pt-BR\",\"potentialAction\":[{\"@type\":\"ReadAction\",\"target\":[\"https:\/\/rotario.com.br\/site\/prefeitura-combate-fake-news-ao-explicar-verdade-sobre-caso-das-bicicletas\/\"]}]},{\"@type\":\"ImageObject\",\"inLanguage\":\"pt-BR\",\"@id\":\"https:\/\/rotario.com.br\/site\/prefeitura-combate-fake-news-ao-explicar-verdade-sobre-caso-das-bicicletas\/#primaryimage\",\"url\":\"https:\/\/rotario.com.br\/site\/wp-content\/uploads\/2026\/03\/WhatsApp-Image-2026-03-05-at-09.54.23.jpeg\",\"contentUrl\":\"https:\/\/rotario.com.br\/site\/wp-content\/uploads\/2026\/03\/WhatsApp-Image-2026-03-05-at-09.54.23.jpeg\",\"width\":800,\"height\":600},{\"@type\":\"BreadcrumbList\",\"@id\":\"https:\/\/rotario.com.br\/site\/prefeitura-combate-fake-news-ao-explicar-verdade-sobre-caso-das-bicicletas\/#breadcrumb\",\"itemListElement\":[{\"@type\":\"ListItem\",\"position\":1,\"name\":\"In\u00edcio\",\"item\":\"https:\/\/rotario.com.br\/site\/\"},{\"@type\":\"ListItem\",\"position\":2,\"name\":\"Prefeitura combate fake news ao explicar verdade sobre caso das bicicletas\"}]},{\"@type\":\"WebSite\",\"@id\":\"https:\/\/rotario.com.br\/site\/#website\",\"url\":\"https:\/\/rotario.com.br\/site\/\",\"name\":\"Rota Rio\",\"description\":\"Aqui, o Rio de Janeiro \u00e9 a pauta!\",\"publisher\":{\"@id\":\"https:\/\/rotario.com.br\/site\/#organization\"},\"potentialAction\":[{\"@type\":\"SearchAction\",\"target\":{\"@type\":\"EntryPoint\",\"urlTemplate\":\"https:\/\/rotario.com.br\/site\/?s={search_term_string}\"},\"query-input\":{\"@type\":\"PropertyValueSpecification\",\"valueRequired\":true,\"valueName\":\"search_term_string\"}}],\"inLanguage\":\"pt-BR\"},{\"@type\":\"Organization\",\"@id\":\"https:\/\/rotario.com.br\/site\/#organization\",\"name\":\"Rota Rio\",\"url\":\"https:\/\/rotario.com.br\/site\/\",\"logo\":{\"@type\":\"ImageObject\",\"inLanguage\":\"pt-BR\",\"@id\":\"https:\/\/rotario.com.br\/site\/#\/schema\/logo\/image\/\",\"url\":\"https:\/\/rotario.com.br\/site\/wp-content\/uploads\/2022\/04\/cropped-ROTARIO-LOGO-Prancheta-1-1-2048x654-1.png\",\"contentUrl\":\"https:\/\/rotario.com.br\/site\/wp-content\/uploads\/2022\/04\/cropped-ROTARIO-LOGO-Prancheta-1-1-2048x654-1.png\",\"width\":2048,\"height\":654,\"caption\":\"Rota Rio\"},\"image\":{\"@id\":\"https:\/\/rotario.com.br\/site\/#\/schema\/logo\/image\/\"}},{\"@type\":\"Person\",\"@id\":\"https:\/\/rotario.com.br\/site\/#\/schema\/person\/fd89bbbf4136f7e8a21e0dd67b8a66c7\",\"name\":\"Galv\u00e3o\",\"url\":\"https:\/\/rotario.com.br\/site\/author\/daniel\/\"}]}<\/script>\n<!-- \/ Yoast SEO plugin. -->","yoast_head_json":{"title":"Prefeitura combate fake news ao explicar verdade sobre caso das bicicletas - Rota Rio","robots":{"index":"index","follow":"follow","max-snippet":"max-snippet:-1","max-image-preview":"max-image-preview:large","max-video-preview":"max-video-preview:-1"},"canonical":"https:\/\/rotario.com.br\/site\/prefeitura-combate-fake-news-ao-explicar-verdade-sobre-caso-das-bicicletas\/","og_locale":"pt_BR","og_type":"article","og_title":"Prefeitura combate fake news ao explicar verdade sobre caso das bicicletas - Rota Rio","og_description":"A Prefeitura de Maca\u00e9 divulgou uma nota na noite dessa quarta-feira, 4, desmentindo not\u00edcias falsas que v\u00eam circulando nas redes sociais sobre uma suposta fiscaliza\u00e7\u00e3o e apreens\u00e3o irregular de bicicletas na cidade. De acordo com o munic\u00edpio, que se posicionou atrav\u00e9s da Secretaria de Mobilidade Urbana, a publica\u00e7\u00e3o, que continha imagens de atua\u00e7\u00e3o de agentes [&hellip;]","og_url":"https:\/\/rotario.com.br\/site\/prefeitura-combate-fake-news-ao-explicar-verdade-sobre-caso-das-bicicletas\/","og_site_name":"Rota Rio","article_published_time":"2026-03-05T13:50:16+00:00","article_modified_time":"2026-03-05T13:50:23+00:00","og_image":[{"width":800,"height":600,"url":"https:\/\/rotario.com.br\/site\/wp-content\/uploads\/2026\/03\/WhatsApp-Image-2026-03-05-at-09.54.23.jpeg","type":"image\/jpeg"}],"author":"Galv\u00e3o","twitter_card":"summary_large_image","twitter_misc":{"Escrito por":"Galv\u00e3o","Est. tempo de leitura":"2 minutos"},"schema":{"@context":"https:\/\/schema.org","@graph":[{"@type":"Article","@id":"https:\/\/rotario.com.br\/site\/prefeitura-combate-fake-news-ao-explicar-verdade-sobre-caso-das-bicicletas\/#article","isPartOf":{"@id":"https:\/\/rotario.com.br\/site\/prefeitura-combate-fake-news-ao-explicar-verdade-sobre-caso-das-bicicletas\/"},"author":{"name":"Galv\u00e3o","@id":"https:\/\/rotario.com.br\/site\/#\/schema\/person\/fd89bbbf4136f7e8a21e0dd67b8a66c7"},"headline":"Prefeitura combate fake news ao explicar verdade sobre caso das bicicletas","datePublished":"2026-03-05T13:50:16+00:00","dateModified":"2026-03-05T13:50:23+00:00","mainEntityOfPage":{"@id":"https:\/\/rotario.com.br\/site\/prefeitura-combate-fake-news-ao-explicar-verdade-sobre-caso-das-bicicletas\/"},"wordCount":222,"commentCount":0,"publisher":{"@id":"https:\/\/rotario.com.br\/site\/#organization"},"image":{"@id":"https:\/\/rotario.com.br\/site\/prefeitura-combate-fake-news-ao-explicar-verdade-sobre-caso-das-bicicletas\/#primaryimage"},"thumbnailUrl":"https:\/\/rotario.com.br\/site\/wp-content\/uploads\/2026\/03\/WhatsApp-Image-2026-03-05-at-09.54.23.jpeg","articleSection":["Maca\u00e9"],"inLanguage":"pt-BR","potentialAction":[{"@type":"CommentAction","name":"Comment","target":["https:\/\/rotario.com.br\/site\/prefeitura-combate-fake-news-ao-explicar-verdade-sobre-caso-das-bicicletas\/#respond"]}]},{"@type":"WebPage","@id":"https:\/\/rotario.com.br\/site\/prefeitura-combate-fake-news-ao-explicar-verdade-sobre-caso-das-bicicletas\/","url":"https:\/\/rotario.com.br\/site\/prefeitura-combate-fake-news-ao-explicar-verdade-sobre-caso-das-bicicletas\/","name":"Prefeitura combate fake news ao explicar verdade sobre caso das bicicletas - Rota Rio","isPartOf":{"@id":"https:\/\/rotario.com.br\/site\/#website"},"primaryImageOfPage":{"@id":"https:\/\/rotario.com.br\/site\/prefeitura-combate-fake-news-ao-explicar-verdade-sobre-caso-das-bicicletas\/#primaryimage"},"image":{"@id":"https:\/\/rotario.com.br\/site\/prefeitura-combate-fake-news-ao-explicar-verdade-sobre-caso-das-bicicletas\/#primaryimage"},"thumbnailUrl":"https:\/\/rotario.com.br\/site\/wp-content\/uploads\/2026\/03\/WhatsApp-Image-2026-03-05-at-09.54.23.jpeg","datePublished":"2026-03-05T13:50:16+00:00","dateModified":"2026-03-05T13:50:23+00:00","breadcrumb":{"@id":"https:\/\/rotario.com.br\/site\/prefeitura-combate-fake-news-ao-explicar-verdade-sobre-caso-das-bicicletas\/#breadcrumb"},"inLanguage":"pt-BR","potentialAction":[{"@type":"ReadAction","target":["https:\/\/rotario.com.br\/site\/prefeitura-combate-fake-news-ao-explicar-verdade-sobre-caso-das-bicicletas\/"]}]},{"@type":"ImageObject","inLanguage":"pt-BR","@id":"https:\/\/rotario.com.br\/site\/prefeitura-combate-fake-news-ao-explicar-verdade-sobre-caso-das-bicicletas\/#primaryimage","url":"https:\/\/rotario.com.br\/site\/wp-content\/uploads\/2026\/03\/WhatsApp-Image-2026-03-05-at-09.54.23.jpeg","contentUrl":"https:\/\/rotario.com.br\/site\/wp-content\/uploads\/2026\/03\/WhatsApp-Image-2026-03-05-at-09.54.23.jpeg","width":800,"height":600},{"@type":"BreadcrumbList","@id":"https:\/\/rotario.com.br\/site\/prefeitura-combate-fake-news-ao-explicar-verdade-sobre-caso-das-bicicletas\/#breadcrumb","itemListElement":[{"@type":"ListItem","position":1,"name":"In\u00edcio","item":"https:\/\/rotario.com.br\/site\/"},{"@type":"ListItem","position":2,"name":"Prefeitura combate fake news ao explicar verdade sobre caso das bicicletas"}]},{"@type":"WebSite","@id":"https:\/\/rotario.com.br\/site\/#website","url":"https:\/\/rotario.com.br\/site\/","name":"Rota Rio","description":"Aqui, o Rio de Janeiro \u00e9 a pauta!","publisher":{"@id":"https:\/\/rotario.com.br\/site\/#organization"},"potentialAction":[{"@type":"SearchAction","target":{"@type":"EntryPoint","urlTemplate":"https:\/\/rotario.com.br\/site\/?s={search_term_string}"},"query-input":{"@type":"PropertyValueSpecification","valueRequired":true,"valueName":"search_term_string"}}],"inLanguage":"pt-BR"},{"@type":"Organization","@id":"https:\/\/rotario.com.br\/site\/#organization","name":"Rota Rio","url":"https:\/\/rotario.com.br\/site\/","logo":{"@type":"ImageObject","inLanguage":"pt-BR","@id":"https:\/\/rotario.com.br\/site\/#\/schema\/logo\/image\/","url":"https:\/\/rotario.com.br\/site\/wp-content\/uploads\/2022\/04\/cropped-ROTARIO-LOGO-Prancheta-1-1-2048x654-1.png","contentUrl":"https:\/\/rotario.com.br\/site\/wp-content\/uploads\/2022\/04\/cropped-ROTARIO-LOGO-Prancheta-1-1-2048x654-1.png","width":2048,"height":654,"caption":"Rota Rio"},"image":{"@id":"https:\/\/rotario.com.br\/site\/#\/schema\/logo\/image\/"}},{"@type":"Person","@id":"https:\/\/rotario.com.br\/site\/#\/schema\/person\/fd89bbbf4136f7e8a21e0dd67b8a66c7","name":"Galv\u00e3o","url":"https:\/\/rotario.com.br\/site\/author\/daniel\/"}]}},"_links":{"self":[{"href":"https:\/\/rotario.com.br\/site\/wp-json\/wp\/v2\/posts\/33662","targetHints":{"allow":["GET"]}}],"collection":[{"href":"https:\/\/rotario.com.br\/site\/wp-json\/wp\/v2\/posts"}],"about":[{"href":"https:\/\/rotario.com.br\/site\/wp-json\/wp\/v2\/types\/post"}],"author":[{"embeddable":true,"href":"https:\/\/rotario.com.br\/site\/wp-json\/wp\/v2\/users\/2"}],"replies":[{"embeddable":true,"href":"https:\/\/rotario.com.br\/site\/wp-json\/wp\/v2\/comments?post=33662"}],"version-history":[{"count":1,"href":"https:\/\/rotario.com.br\/site\/wp-json\/wp\/v2\/posts\/33662\/revisions"}],"predecessor-version":[{"id":33664,"href":"https:\/\/rotario.com.br\/site\/wp-json\/wp\/v2\/posts\/33662\/revisions\/33664"}],"wp:featuredmedia":[{"embeddable":true,"href":"https:\/\/rotario.com.br\/site\/wp-json\/wp\/v2\/media\/33663"}],"wp:attachment":[{"href":"https:\/\/rotario.com.br\/site\/wp-json\/wp\/v2\/media?parent=33662"}],"wp:term":[{"taxonomy":"category","embeddable":true,"href":"https:\/\/rotario.com.br\/site\/wp-json\/wp\/v2\/categories?post=33662"},{"taxonomy":"post_tag","embeddable":true,"href":"https:\/\/rotario.com.br\/site\/wp-json\/wp\/v2\/tags?post=33662"}],"curies":[{"name":"wp","href":"https:\/\/api.w.org\/{rel}","templated":true}]}}