{"id":33665,"date":"2026-03-05T11:05:46","date_gmt":"2026-03-05T14:05:46","guid":{"rendered":"https:\/\/rotario.com.br\/site\/?p=33665"},"modified":"2026-03-05T11:05:50","modified_gmt":"2026-03-05T14:05:50","slug":"macae-prazo-para-pre-inscricao-em-cursos-de-qualificacao-termina-nessa-quinta-5","status":"publish","type":"post","link":"https:\/\/rotario.com.br\/site\/macae-prazo-para-pre-inscricao-em-cursos-de-qualificacao-termina-nessa-quinta-5\/","title":{"rendered":"Maca\u00e9: prazo para pr\u00e9-inscri\u00e7\u00e3o em cursos de qualifica\u00e7\u00e3o termina nessa quinta, 5"},"content":{"rendered":"\n<p>Termina nessa quinta-feira, 5, o prazo para pr\u00e9-inscri\u00e7\u00e3o no edital lan\u00e7ado pela Prefeitura de Maca\u00e9 nessa semana, voltado para a qualifica\u00e7\u00e3o profissional, e que oferece mais de 900 vagas em cursos onshore e offshore.<\/p>\n\n\n\n<p>Ao todo, s\u00e3o 933 vagas para os cursos de Acesso por Corda (N\u00edveis 1, 2 e 3), Almoxarife, Caldeireiro Montador, CBSP (Salvatagem), Delineador Industrial, Pintor Industrial com Pistola, Planejamento e Controle de Manuten\u00e7\u00e3o (PCM), e Treinamento em ROV.<\/p>\n\n\n\n<p>Com apenas 2 dias de prazo, o edital traz como novidade esse per\u00edodo de pr\u00e9-inscri\u00e7\u00e3o, em que \u00e9 necess\u00e1ria a inscri\u00e7\u00e3o presencial, com apresenta\u00e7\u00e3o apenas originais e c\u00f3pias de um documento de identidade com foto e do CPF.<\/p>\n\n\n\n<p>As inscri\u00e7\u00f5es ainda podem ser feitas na sede da Secretaria de Qualifica\u00e7\u00e3o Profissional, que fica na Rua Alfredo Backer, 363, no Centro, al\u00e9m das unidades do Maca\u00e9 Facilita do Sana, na Rua Jos\u00e9 de Jesus Junior, 99, em frente ao campo de futebol, e de C\u00f3rrego do Ouro, na Avenida Miguel Peixoto Guimar\u00e3es (RJ-168), 359.<\/p>\n\n\n\n<p>O atendimento na sede da pasta, no Centro, acontece das 9h \u00e0s 19h, enquanto, nas unidades do Maca\u00e9 Facilita, as inscri\u00e7\u00f5es podem ser feitas das 9h \u00e0s 18h, lembrando que o prazo para pr\u00e9-inscri\u00e7\u00e3o termina nessa quinta e que quem n\u00e3o fizer a pr\u00e9-inscri\u00e7\u00e3o n\u00e3o poder\u00e1 seguir para a pr\u00f3xima fase, de apresenta\u00e7\u00e3o de documentos.<\/p>\n\n\n\n<p>\u201cAl\u00e9m das vagas imediatas, haver\u00e1 forma\u00e7\u00e3o de cadastro de reserva para suprir poss\u00edveis desist\u00eancias, desclassifica\u00e7\u00f5es ou n\u00e3o comparecimento de candidatos convocados\u201d, acrescenta a secret\u00e1ria de Qualifica\u00e7\u00e3o Profissional, Rebeca Madureira.<\/p>\n\n\n\n<p>De acordo com a prefeitura, o curso com maior n\u00famero de vagas \u00e9 o de CBSP, mais conhecido como Salvatagem, que oferece 520 oportunidades distribu\u00eddas entre os turnos integral e noturno, seguido do curso de Delineador Industrial (100 vagas), Planejamento e Controle de Manuten\u00e7\u00e3o (75 vagas no turno integral) e Acesso por Corda \u2013 N\u00edvel 1 (100 vagas somando integral e noturno).<\/p>\n\n\n\n<p>O munic\u00edpio lembra ainda que, do total de vagas ofertadas, 5% s\u00e3o reservadas para pessoas com defici\u00eancia (PcD), em cumprimento \u00e0 legisla\u00e7\u00e3o vigente, e que as aulas podem ocorrer em turno integral (manh\u00e3 e tarde) ou noturno, durante a semana ou aos s\u00e1bados, conforme a carga hor\u00e1ria de cada curso.<\/p>\n\n\n\n<p>Ap\u00f3s essa etapa, os candidatos e candidatas receber\u00e3o um protocolo com o n\u00famero da pr\u00e9-inscri\u00e7\u00e3o, al\u00e9m de informa\u00e7\u00f5es sobre local, data e documentos necess\u00e1rios para efetivar a inscri\u00e7\u00e3o, n\u00e3o sendo permitida a altera\u00e7\u00e3o do curso.<\/p>\n\n\n\n<p>J\u00e1 a etapa de inscri\u00e7\u00e3o acontece conforme cronograma previsto no edital nos mesmos locais da pr\u00e9-inscri\u00e7\u00e3o, com o resultado preliminar divulgado no site oficial do munic\u00edpio com a lista de desclassificados e os respectivos motivos.<\/p>\n\n\n\n<p>\u201cTodos os cursos s\u00e3o gratuitos e n\u00e3o h\u00e1 cobran\u00e7a de taxa de inscri\u00e7\u00e3o. A condu\u00e7\u00e3o do processo seletivo ficar\u00e1 a cargo de Comiss\u00e3o Organizadora institu\u00edda por portaria da Secretaria Executiva de Qualifica\u00e7\u00e3o Profissional, respons\u00e1vel pela elabora\u00e7\u00e3o dos atos complementares e pela an\u00e1lise de eventuais casos omissos, com base nos princ\u00edpios da administra\u00e7\u00e3o p\u00fablica\u201d, finalizou a prefeitura.<\/p>\n","protected":false},"excerpt":{"rendered":"<p>Termina nessa quinta-feira, 5, o prazo para pr\u00e9-inscri\u00e7\u00e3o no edital lan\u00e7ado pela Prefeitura de Maca\u00e9 nessa semana, voltado para a qualifica\u00e7\u00e3o profissional, e que oferece mais de 900 vagas em cursos onshore e offshore. Ao todo, s\u00e3o 933 vagas para os cursos de Acesso por Corda (N\u00edveis 1, 2 e 3), Almoxarife, Caldeireiro Montador, CBSP [&hellip;]<\/p>\n","protected":false},"author":2,"featured_media":33666,"comment_status":"open","ping_status":"closed","sticky":false,"template":"","format":"standard","meta":{"footnotes":""},"categories":[52],"tags":[],"class_list":["post-33665","post","type-post","status-publish","format-standard","has-post-thumbnail","hentry","category-macae"],"yoast_head":"<!-- This site is optimized with the Yoast SEO plugin v26.5 - https:\/\/yoast.com\/wordpress\/plugins\/seo\/ -->\n<title>Maca\u00e9: prazo para pr\u00e9-inscri\u00e7\u00e3o em cursos de qualifica\u00e7\u00e3o termina nessa quinta, 5 - Rota Rio<\/title>\n<meta name=\"robots\" content=\"index, follow, max-snippet:-1, max-image-preview:large, max-video-preview:-1\" \/>\n<link rel=\"canonical\" href=\"https:\/\/rotario.com.br\/site\/macae-prazo-para-pre-inscricao-em-cursos-de-qualificacao-termina-nessa-quinta-5\/\" \/>\n<meta property=\"og:locale\" content=\"pt_BR\" \/>\n<meta property=\"og:type\" content=\"article\" \/>\n<meta property=\"og:title\" content=\"Maca\u00e9: prazo para pr\u00e9-inscri\u00e7\u00e3o em cursos de qualifica\u00e7\u00e3o termina nessa quinta, 5 - Rota Rio\" \/>\n<meta property=\"og:description\" content=\"Termina nessa quinta-feira, 5, o prazo para pr\u00e9-inscri\u00e7\u00e3o no edital lan\u00e7ado pela Prefeitura de Maca\u00e9 nessa semana, voltado para a qualifica\u00e7\u00e3o profissional, e que oferece mais de 900 vagas em cursos onshore e offshore. Ao todo, s\u00e3o 933 vagas para os cursos de Acesso por Corda (N\u00edveis 1, 2 e 3), Almoxarife, Caldeireiro Montador, CBSP [&hellip;]\" \/>\n<meta property=\"og:url\" content=\"https:\/\/rotario.com.br\/site\/macae-prazo-para-pre-inscricao-em-cursos-de-qualificacao-termina-nessa-quinta-5\/\" \/>\n<meta property=\"og:site_name\" content=\"Rota Rio\" \/>\n<meta property=\"article:published_time\" content=\"2026-03-05T14:05:46+00:00\" \/>\n<meta property=\"article:modified_time\" content=\"2026-03-05T14:05:50+00:00\" \/>\n<meta property=\"og:image\" content=\"https:\/\/rotario.com.br\/site\/wp-content\/uploads\/2026\/03\/WhatsApp-Image-2026-03-05-at-10.36.38.jpeg\" \/>\n\t<meta property=\"og:image:width\" content=\"800\" \/>\n\t<meta property=\"og:image:height\" content=\"600\" \/>\n\t<meta property=\"og:image:type\" content=\"image\/jpeg\" \/>\n<meta name=\"author\" content=\"Galv\u00e3o\" \/>\n<meta name=\"twitter:card\" content=\"summary_large_image\" \/>\n<meta name=\"twitter:label1\" content=\"Escrito por\" \/>\n\t<meta name=\"twitter:data1\" content=\"Galv\u00e3o\" \/>\n\t<meta name=\"twitter:label2\" content=\"Est. tempo de leitura\" \/>\n\t<meta name=\"twitter:data2\" content=\"3 minutos\" \/>\n<script type=\"application\/ld+json\" class=\"yoast-schema-graph\">{\"@context\":\"https:\/\/schema.org\",\"@graph\":[{\"@type\":\"Article\",\"@id\":\"https:\/\/rotario.com.br\/site\/macae-prazo-para-pre-inscricao-em-cursos-de-qualificacao-termina-nessa-quinta-5\/#article\",\"isPartOf\":{\"@id\":\"https:\/\/rotario.com.br\/site\/macae-prazo-para-pre-inscricao-em-cursos-de-qualificacao-termina-nessa-quinta-5\/\"},\"author\":{\"name\":\"Galv\u00e3o\",\"@id\":\"https:\/\/rotario.com.br\/site\/#\/schema\/person\/fd89bbbf4136f7e8a21e0dd67b8a66c7\"},\"headline\":\"Maca\u00e9: prazo para pr\u00e9-inscri\u00e7\u00e3o em cursos de qualifica\u00e7\u00e3o termina nessa quinta, 5\",\"datePublished\":\"2026-03-05T14:05:46+00:00\",\"dateModified\":\"2026-03-05T14:05:50+00:00\",\"mainEntityOfPage\":{\"@id\":\"https:\/\/rotario.com.br\/site\/macae-prazo-para-pre-inscricao-em-cursos-de-qualificacao-termina-nessa-quinta-5\/\"},\"wordCount\":556,\"commentCount\":0,\"publisher\":{\"@id\":\"https:\/\/rotario.com.br\/site\/#organization\"},\"image\":{\"@id\":\"https:\/\/rotario.com.br\/site\/macae-prazo-para-pre-inscricao-em-cursos-de-qualificacao-termina-nessa-quinta-5\/#primaryimage\"},\"thumbnailUrl\":\"https:\/\/rotario.com.br\/site\/wp-content\/uploads\/2026\/03\/WhatsApp-Image-2026-03-05-at-10.36.38.jpeg\",\"articleSection\":[\"Maca\u00e9\"],\"inLanguage\":\"pt-BR\",\"potentialAction\":[{\"@type\":\"CommentAction\",\"name\":\"Comment\",\"target\":[\"https:\/\/rotario.com.br\/site\/macae-prazo-para-pre-inscricao-em-cursos-de-qualificacao-termina-nessa-quinta-5\/#respond\"]}]},{\"@type\":\"WebPage\",\"@id\":\"https:\/\/rotario.com.br\/site\/macae-prazo-para-pre-inscricao-em-cursos-de-qualificacao-termina-nessa-quinta-5\/\",\"url\":\"https:\/\/rotario.com.br\/site\/macae-prazo-para-pre-inscricao-em-cursos-de-qualificacao-termina-nessa-quinta-5\/\",\"name\":\"Maca\u00e9: prazo para pr\u00e9-inscri\u00e7\u00e3o em cursos de qualifica\u00e7\u00e3o termina nessa quinta, 5 - Rota Rio\",\"isPartOf\":{\"@id\":\"https:\/\/rotario.com.br\/site\/#website\"},\"primaryImageOfPage\":{\"@id\":\"https:\/\/rotario.com.br\/site\/macae-prazo-para-pre-inscricao-em-cursos-de-qualificacao-termina-nessa-quinta-5\/#primaryimage\"},\"image\":{\"@id\":\"https:\/\/rotario.com.br\/site\/macae-prazo-para-pre-inscricao-em-cursos-de-qualificacao-termina-nessa-quinta-5\/#primaryimage\"},\"thumbnailUrl\":\"https:\/\/rotario.com.br\/site\/wp-content\/uploads\/2026\/03\/WhatsApp-Image-2026-03-05-at-10.36.38.jpeg\",\"datePublished\":\"2026-03-05T14:05:46+00:00\",\"dateModified\":\"2026-03-05T14:05:50+00:00\",\"breadcrumb\":{\"@id\":\"https:\/\/rotario.com.br\/site\/macae-prazo-para-pre-inscricao-em-cursos-de-qualificacao-termina-nessa-quinta-5\/#breadcrumb\"},\"inLanguage\":\"pt-BR\",\"potentialAction\":[{\"@type\":\"ReadAction\",\"target\":[\"https:\/\/rotario.com.br\/site\/macae-prazo-para-pre-inscricao-em-cursos-de-qualificacao-termina-nessa-quinta-5\/\"]}]},{\"@type\":\"ImageObject\",\"inLanguage\":\"pt-BR\",\"@id\":\"https:\/\/rotario.com.br\/site\/macae-prazo-para-pre-inscricao-em-cursos-de-qualificacao-termina-nessa-quinta-5\/#primaryimage\",\"url\":\"https:\/\/rotario.com.br\/site\/wp-content\/uploads\/2026\/03\/WhatsApp-Image-2026-03-05-at-10.36.38.jpeg\",\"contentUrl\":\"https:\/\/rotario.com.br\/site\/wp-content\/uploads\/2026\/03\/WhatsApp-Image-2026-03-05-at-10.36.38.jpeg\",\"width\":800,\"height\":600},{\"@type\":\"BreadcrumbList\",\"@id\":\"https:\/\/rotario.com.br\/site\/macae-prazo-para-pre-inscricao-em-cursos-de-qualificacao-termina-nessa-quinta-5\/#breadcrumb\",\"itemListElement\":[{\"@type\":\"ListItem\",\"position\":1,\"name\":\"In\u00edcio\",\"item\":\"https:\/\/rotario.com.br\/site\/\"},{\"@type\":\"ListItem\",\"position\":2,\"name\":\"Maca\u00e9: prazo para pr\u00e9-inscri\u00e7\u00e3o em cursos de qualifica\u00e7\u00e3o termina nessa quinta, 5\"}]},{\"@type\":\"WebSite\",\"@id\":\"https:\/\/rotario.com.br\/site\/#website\",\"url\":\"https:\/\/rotario.com.br\/site\/\",\"name\":\"Rota Rio\",\"description\":\"Aqui, o Rio de Janeiro \u00e9 a pauta!\",\"publisher\":{\"@id\":\"https:\/\/rotario.com.br\/site\/#organization\"},\"potentialAction\":[{\"@type\":\"SearchAction\",\"target\":{\"@type\":\"EntryPoint\",\"urlTemplate\":\"https:\/\/rotario.com.br\/site\/?s={search_term_string}\"},\"query-input\":{\"@type\":\"PropertyValueSpecification\",\"valueRequired\":true,\"valueName\":\"search_term_string\"}}],\"inLanguage\":\"pt-BR\"},{\"@type\":\"Organization\",\"@id\":\"https:\/\/rotario.com.br\/site\/#organization\",\"name\":\"Rota Rio\",\"url\":\"https:\/\/rotario.com.br\/site\/\",\"logo\":{\"@type\":\"ImageObject\",\"inLanguage\":\"pt-BR\",\"@id\":\"https:\/\/rotario.com.br\/site\/#\/schema\/logo\/image\/\",\"url\":\"https:\/\/rotario.com.br\/site\/wp-content\/uploads\/2022\/04\/cropped-ROTARIO-LOGO-Prancheta-1-1-2048x654-1.png\",\"contentUrl\":\"https:\/\/rotario.com.br\/site\/wp-content\/uploads\/2022\/04\/cropped-ROTARIO-LOGO-Prancheta-1-1-2048x654-1.png\",\"width\":2048,\"height\":654,\"caption\":\"Rota Rio\"},\"image\":{\"@id\":\"https:\/\/rotario.com.br\/site\/#\/schema\/logo\/image\/\"}},{\"@type\":\"Person\",\"@id\":\"https:\/\/rotario.com.br\/site\/#\/schema\/person\/fd89bbbf4136f7e8a21e0dd67b8a66c7\",\"name\":\"Galv\u00e3o\",\"url\":\"https:\/\/rotario.com.br\/site\/author\/daniel\/\"}]}<\/script>\n<!-- \/ Yoast SEO plugin. -->","yoast_head_json":{"title":"Maca\u00e9: prazo para pr\u00e9-inscri\u00e7\u00e3o em cursos de qualifica\u00e7\u00e3o termina nessa quinta, 5 - Rota Rio","robots":{"index":"index","follow":"follow","max-snippet":"max-snippet:-1","max-image-preview":"max-image-preview:large","max-video-preview":"max-video-preview:-1"},"canonical":"https:\/\/rotario.com.br\/site\/macae-prazo-para-pre-inscricao-em-cursos-de-qualificacao-termina-nessa-quinta-5\/","og_locale":"pt_BR","og_type":"article","og_title":"Maca\u00e9: prazo para pr\u00e9-inscri\u00e7\u00e3o em cursos de qualifica\u00e7\u00e3o termina nessa quinta, 5 - Rota Rio","og_description":"Termina nessa quinta-feira, 5, o prazo para pr\u00e9-inscri\u00e7\u00e3o no edital lan\u00e7ado pela Prefeitura de Maca\u00e9 nessa semana, voltado para a qualifica\u00e7\u00e3o profissional, e que oferece mais de 900 vagas em cursos onshore e offshore. Ao todo, s\u00e3o 933 vagas para os cursos de Acesso por Corda (N\u00edveis 1, 2 e 3), Almoxarife, Caldeireiro Montador, CBSP [&hellip;]","og_url":"https:\/\/rotario.com.br\/site\/macae-prazo-para-pre-inscricao-em-cursos-de-qualificacao-termina-nessa-quinta-5\/","og_site_name":"Rota Rio","article_published_time":"2026-03-05T14:05:46+00:00","article_modified_time":"2026-03-05T14:05:50+00:00","og_image":[{"width":800,"height":600,"url":"https:\/\/rotario.com.br\/site\/wp-content\/uploads\/2026\/03\/WhatsApp-Image-2026-03-05-at-10.36.38.jpeg","type":"image\/jpeg"}],"author":"Galv\u00e3o","twitter_card":"summary_large_image","twitter_misc":{"Escrito por":"Galv\u00e3o","Est. tempo de leitura":"3 minutos"},"schema":{"@context":"https:\/\/schema.org","@graph":[{"@type":"Article","@id":"https:\/\/rotario.com.br\/site\/macae-prazo-para-pre-inscricao-em-cursos-de-qualificacao-termina-nessa-quinta-5\/#article","isPartOf":{"@id":"https:\/\/rotario.com.br\/site\/macae-prazo-para-pre-inscricao-em-cursos-de-qualificacao-termina-nessa-quinta-5\/"},"author":{"name":"Galv\u00e3o","@id":"https:\/\/rotario.com.br\/site\/#\/schema\/person\/fd89bbbf4136f7e8a21e0dd67b8a66c7"},"headline":"Maca\u00e9: prazo para pr\u00e9-inscri\u00e7\u00e3o em cursos de qualifica\u00e7\u00e3o termina nessa quinta, 5","datePublished":"2026-03-05T14:05:46+00:00","dateModified":"2026-03-05T14:05:50+00:00","mainEntityOfPage":{"@id":"https:\/\/rotario.com.br\/site\/macae-prazo-para-pre-inscricao-em-cursos-de-qualificacao-termina-nessa-quinta-5\/"},"wordCount":556,"commentCount":0,"publisher":{"@id":"https:\/\/rotario.com.br\/site\/#organization"},"image":{"@id":"https:\/\/rotario.com.br\/site\/macae-prazo-para-pre-inscricao-em-cursos-de-qualificacao-termina-nessa-quinta-5\/#primaryimage"},"thumbnailUrl":"https:\/\/rotario.com.br\/site\/wp-content\/uploads\/2026\/03\/WhatsApp-Image-2026-03-05-at-10.36.38.jpeg","articleSection":["Maca\u00e9"],"inLanguage":"pt-BR","potentialAction":[{"@type":"CommentAction","name":"Comment","target":["https:\/\/rotario.com.br\/site\/macae-prazo-para-pre-inscricao-em-cursos-de-qualificacao-termina-nessa-quinta-5\/#respond"]}]},{"@type":"WebPage","@id":"https:\/\/rotario.com.br\/site\/macae-prazo-para-pre-inscricao-em-cursos-de-qualificacao-termina-nessa-quinta-5\/","url":"https:\/\/rotario.com.br\/site\/macae-prazo-para-pre-inscricao-em-cursos-de-qualificacao-termina-nessa-quinta-5\/","name":"Maca\u00e9: prazo para pr\u00e9-inscri\u00e7\u00e3o em cursos de qualifica\u00e7\u00e3o termina nessa quinta, 5 - Rota Rio","isPartOf":{"@id":"https:\/\/rotario.com.br\/site\/#website"},"primaryImageOfPage":{"@id":"https:\/\/rotario.com.br\/site\/macae-prazo-para-pre-inscricao-em-cursos-de-qualificacao-termina-nessa-quinta-5\/#primaryimage"},"image":{"@id":"https:\/\/rotario.com.br\/site\/macae-prazo-para-pre-inscricao-em-cursos-de-qualificacao-termina-nessa-quinta-5\/#primaryimage"},"thumbnailUrl":"https:\/\/rotario.com.br\/site\/wp-content\/uploads\/2026\/03\/WhatsApp-Image-2026-03-05-at-10.36.38.jpeg","datePublished":"2026-03-05T14:05:46+00:00","dateModified":"2026-03-05T14:05:50+00:00","breadcrumb":{"@id":"https:\/\/rotario.com.br\/site\/macae-prazo-para-pre-inscricao-em-cursos-de-qualificacao-termina-nessa-quinta-5\/#breadcrumb"},"inLanguage":"pt-BR","potentialAction":[{"@type":"ReadAction","target":["https:\/\/rotario.com.br\/site\/macae-prazo-para-pre-inscricao-em-cursos-de-qualificacao-termina-nessa-quinta-5\/"]}]},{"@type":"ImageObject","inLanguage":"pt-BR","@id":"https:\/\/rotario.com.br\/site\/macae-prazo-para-pre-inscricao-em-cursos-de-qualificacao-termina-nessa-quinta-5\/#primaryimage","url":"https:\/\/rotario.com.br\/site\/wp-content\/uploads\/2026\/03\/WhatsApp-Image-2026-03-05-at-10.36.38.jpeg","contentUrl":"https:\/\/rotario.com.br\/site\/wp-content\/uploads\/2026\/03\/WhatsApp-Image-2026-03-05-at-10.36.38.jpeg","width":800,"height":600},{"@type":"BreadcrumbList","@id":"https:\/\/rotario.com.br\/site\/macae-prazo-para-pre-inscricao-em-cursos-de-qualificacao-termina-nessa-quinta-5\/#breadcrumb","itemListElement":[{"@type":"ListItem","position":1,"name":"In\u00edcio","item":"https:\/\/rotario.com.br\/site\/"},{"@type":"ListItem","position":2,"name":"Maca\u00e9: prazo para pr\u00e9-inscri\u00e7\u00e3o em cursos de qualifica\u00e7\u00e3o termina nessa quinta, 5"}]},{"@type":"WebSite","@id":"https:\/\/rotario.com.br\/site\/#website","url":"https:\/\/rotario.com.br\/site\/","name":"Rota Rio","description":"Aqui, o Rio de Janeiro \u00e9 a pauta!","publisher":{"@id":"https:\/\/rotario.com.br\/site\/#organization"},"potentialAction":[{"@type":"SearchAction","target":{"@type":"EntryPoint","urlTemplate":"https:\/\/rotario.com.br\/site\/?s={search_term_string}"},"query-input":{"@type":"PropertyValueSpecification","valueRequired":true,"valueName":"search_term_string"}}],"inLanguage":"pt-BR"},{"@type":"Organization","@id":"https:\/\/rotario.com.br\/site\/#organization","name":"Rota Rio","url":"https:\/\/rotario.com.br\/site\/","logo":{"@type":"ImageObject","inLanguage":"pt-BR","@id":"https:\/\/rotario.com.br\/site\/#\/schema\/logo\/image\/","url":"https:\/\/rotario.com.br\/site\/wp-content\/uploads\/2022\/04\/cropped-ROTARIO-LOGO-Prancheta-1-1-2048x654-1.png","contentUrl":"https:\/\/rotario.com.br\/site\/wp-content\/uploads\/2022\/04\/cropped-ROTARIO-LOGO-Prancheta-1-1-2048x654-1.png","width":2048,"height":654,"caption":"Rota Rio"},"image":{"@id":"https:\/\/rotario.com.br\/site\/#\/schema\/logo\/image\/"}},{"@type":"Person","@id":"https:\/\/rotario.com.br\/site\/#\/schema\/person\/fd89bbbf4136f7e8a21e0dd67b8a66c7","name":"Galv\u00e3o","url":"https:\/\/rotario.com.br\/site\/author\/daniel\/"}]}},"_links":{"self":[{"href":"https:\/\/rotario.com.br\/site\/wp-json\/wp\/v2\/posts\/33665","targetHints":{"allow":["GET"]}}],"collection":[{"href":"https:\/\/rotario.com.br\/site\/wp-json\/wp\/v2\/posts"}],"about":[{"href":"https:\/\/rotario.com.br\/site\/wp-json\/wp\/v2\/types\/post"}],"author":[{"embeddable":true,"href":"https:\/\/rotario.com.br\/site\/wp-json\/wp\/v2\/users\/2"}],"replies":[{"embeddable":true,"href":"https:\/\/rotario.com.br\/site\/wp-json\/wp\/v2\/comments?post=33665"}],"version-history":[{"count":1,"href":"https:\/\/rotario.com.br\/site\/wp-json\/wp\/v2\/posts\/33665\/revisions"}],"predecessor-version":[{"id":33667,"href":"https:\/\/rotario.com.br\/site\/wp-json\/wp\/v2\/posts\/33665\/revisions\/33667"}],"wp:featuredmedia":[{"embeddable":true,"href":"https:\/\/rotario.com.br\/site\/wp-json\/wp\/v2\/media\/33666"}],"wp:attachment":[{"href":"https:\/\/rotario.com.br\/site\/wp-json\/wp\/v2\/media?parent=33665"}],"wp:term":[{"taxonomy":"category","embeddable":true,"href":"https:\/\/rotario.com.br\/site\/wp-json\/wp\/v2\/categories?post=33665"},{"taxonomy":"post_tag","embeddable":true,"href":"https:\/\/rotario.com.br\/site\/wp-json\/wp\/v2\/tags?post=33665"}],"curies":[{"name":"wp","href":"https:\/\/api.w.org\/{rel}","templated":true}]}}