{"id":33669,"date":"2026-03-05T13:49:21","date_gmt":"2026-03-05T16:49:21","guid":{"rendered":"https:\/\/rotario.com.br\/site\/?p=33669"},"modified":"2026-03-05T13:49:28","modified_gmt":"2026-03-05T16:49:28","slug":"forcas-municipais-atuam-de-forma-integrada-em-ocorrencias-com-animais-feridos-em-cabo-frio","status":"publish","type":"post","link":"https:\/\/rotario.com.br\/site\/forcas-municipais-atuam-de-forma-integrada-em-ocorrencias-com-animais-feridos-em-cabo-frio\/","title":{"rendered":"For\u00e7as municipais atuam de forma integrada em ocorr\u00eancias com animais feridos em Cabo Frio"},"content":{"rendered":"\n<p>A Prefeitura de Cabo Frio promoveu, nesta quarta-feira (4), duas opera\u00e7\u00f5es de resgate de c\u00e3es machucados em diferentes regi\u00f5es da cidade. As ocorr\u00eancias foram registradas nos bairros Jardim Esperan\u00e7a e Praia do Siqueira e envolveram atua\u00e7\u00e3o conjunta da Superintend\u00eancia de Prote\u00e7\u00e3o Animal, da Fiscaliza\u00e7\u00e3o Ambiental e da Guarda Mar\u00edtima e Ambiental. A a\u00e7\u00e3o integrada refor\u00e7a a pol\u00edtica municipal de resposta r\u00e1pida em casos de animais em situa\u00e7\u00e3o de vulnerabilidade.<\/p>\n\n\n\n<p>Na Praia do Siqueira, um dos c\u00e3es apresentava sinais de atropelamento. O animal procurou abrigo dentro de um com\u00e9rcio local, o que motivou o chamado \u00e0s equipes. Ap\u00f3s o resgate, ele foi encaminhado ao Canil Municipal, onde passou por avalia\u00e7\u00e3o e atendimento veterin\u00e1rio.<\/p>\n\n\n\n<p>J\u00e1 no Jardim Esperan\u00e7a, outro c\u00e3o foi encontrado nas depend\u00eancias de um CIEP da regi\u00e3o. A dire\u00e7\u00e3o da unidade escolar acionou a Superintend\u00eancia de Prote\u00e7\u00e3o Animal ao perceber que o animal havia buscado ref\u00fagio no local. O recolhimento foi realizado de forma segura, e o c\u00e3o tamb\u00e9m foi levado para cuidados m\u00e9dicos no Canil Municipal.<\/p>\n\n\n\n<p>A administra\u00e7\u00e3o municipal refor\u00e7a que a pr\u00e1tica de maus-tratos contra animais configura crime, conforme estabelece a legisla\u00e7\u00e3o federal. Den\u00fancias podem ser feitas \u00e0 Guarda Civil Municipal pelo telefone 153.&nbsp;&nbsp;&nbsp;&nbsp;<\/p>\n","protected":false},"excerpt":{"rendered":"<p>A Prefeitura de Cabo Frio promoveu, nesta quarta-feira (4), duas opera\u00e7\u00f5es de resgate de c\u00e3es machucados em diferentes regi\u00f5es da cidade. As ocorr\u00eancias foram registradas nos bairros Jardim Esperan\u00e7a e Praia do Siqueira e envolveram atua\u00e7\u00e3o conjunta da Superintend\u00eancia de Prote\u00e7\u00e3o Animal, da Fiscaliza\u00e7\u00e3o Ambiental e da Guarda Mar\u00edtima e Ambiental. A a\u00e7\u00e3o integrada refor\u00e7a [&hellip;]<\/p>\n","protected":false},"author":2,"featured_media":33670,"comment_status":"open","ping_status":"closed","sticky":false,"template":"","format":"standard","meta":{"footnotes":""},"categories":[31],"tags":[],"class_list":["post-33669","post","type-post","status-publish","format-standard","has-post-thumbnail","hentry","category-cabo-frio"],"yoast_head":"<!-- This site is optimized with the Yoast SEO plugin v26.5 - https:\/\/yoast.com\/wordpress\/plugins\/seo\/ -->\n<title>For\u00e7as municipais atuam de forma integrada em ocorr\u00eancias com animais feridos em Cabo Frio - Rota Rio<\/title>\n<meta name=\"robots\" content=\"index, follow, max-snippet:-1, max-image-preview:large, max-video-preview:-1\" \/>\n<link rel=\"canonical\" href=\"https:\/\/rotario.com.br\/site\/forcas-municipais-atuam-de-forma-integrada-em-ocorrencias-com-animais-feridos-em-cabo-frio\/\" \/>\n<meta property=\"og:locale\" content=\"pt_BR\" \/>\n<meta property=\"og:type\" content=\"article\" \/>\n<meta property=\"og:title\" content=\"For\u00e7as municipais atuam de forma integrada em ocorr\u00eancias com animais feridos em Cabo Frio - Rota Rio\" \/>\n<meta property=\"og:description\" content=\"A Prefeitura de Cabo Frio promoveu, nesta quarta-feira (4), duas opera\u00e7\u00f5es de resgate de c\u00e3es machucados em diferentes regi\u00f5es da cidade. As ocorr\u00eancias foram registradas nos bairros Jardim Esperan\u00e7a e Praia do Siqueira e envolveram atua\u00e7\u00e3o conjunta da Superintend\u00eancia de Prote\u00e7\u00e3o Animal, da Fiscaliza\u00e7\u00e3o Ambiental e da Guarda Mar\u00edtima e Ambiental. A a\u00e7\u00e3o integrada refor\u00e7a [&hellip;]\" \/>\n<meta property=\"og:url\" content=\"https:\/\/rotario.com.br\/site\/forcas-municipais-atuam-de-forma-integrada-em-ocorrencias-com-animais-feridos-em-cabo-frio\/\" \/>\n<meta property=\"og:site_name\" content=\"Rota Rio\" \/>\n<meta property=\"article:published_time\" content=\"2026-03-05T16:49:21+00:00\" \/>\n<meta property=\"article:modified_time\" content=\"2026-03-05T16:49:28+00:00\" \/>\n<meta property=\"og:image\" content=\"https:\/\/rotario.com.br\/site\/wp-content\/uploads\/2026\/03\/WhatsApp-Image-2026-03-05-at-10.50.28.jpeg\" \/>\n\t<meta property=\"og:image:width\" content=\"1012\" \/>\n\t<meta property=\"og:image:height\" content=\"687\" \/>\n\t<meta property=\"og:image:type\" content=\"image\/jpeg\" \/>\n<meta name=\"author\" content=\"Galv\u00e3o\" \/>\n<meta name=\"twitter:card\" content=\"summary_large_image\" \/>\n<meta name=\"twitter:label1\" content=\"Escrito por\" \/>\n\t<meta name=\"twitter:data1\" content=\"Galv\u00e3o\" \/>\n\t<meta name=\"twitter:label2\" content=\"Est. tempo de leitura\" \/>\n\t<meta name=\"twitter:data2\" content=\"2 minutos\" \/>\n<script type=\"application\/ld+json\" class=\"yoast-schema-graph\">{\"@context\":\"https:\/\/schema.org\",\"@graph\":[{\"@type\":\"Article\",\"@id\":\"https:\/\/rotario.com.br\/site\/forcas-municipais-atuam-de-forma-integrada-em-ocorrencias-com-animais-feridos-em-cabo-frio\/#article\",\"isPartOf\":{\"@id\":\"https:\/\/rotario.com.br\/site\/forcas-municipais-atuam-de-forma-integrada-em-ocorrencias-com-animais-feridos-em-cabo-frio\/\"},\"author\":{\"name\":\"Galv\u00e3o\",\"@id\":\"https:\/\/rotario.com.br\/site\/#\/schema\/person\/fd89bbbf4136f7e8a21e0dd67b8a66c7\"},\"headline\":\"For\u00e7as municipais atuam de forma integrada em ocorr\u00eancias com animais feridos em Cabo Frio\",\"datePublished\":\"2026-03-05T16:49:21+00:00\",\"dateModified\":\"2026-03-05T16:49:28+00:00\",\"mainEntityOfPage\":{\"@id\":\"https:\/\/rotario.com.br\/site\/forcas-municipais-atuam-de-forma-integrada-em-ocorrencias-com-animais-feridos-em-cabo-frio\/\"},\"wordCount\":249,\"commentCount\":0,\"publisher\":{\"@id\":\"https:\/\/rotario.com.br\/site\/#organization\"},\"image\":{\"@id\":\"https:\/\/rotario.com.br\/site\/forcas-municipais-atuam-de-forma-integrada-em-ocorrencias-com-animais-feridos-em-cabo-frio\/#primaryimage\"},\"thumbnailUrl\":\"https:\/\/rotario.com.br\/site\/wp-content\/uploads\/2026\/03\/WhatsApp-Image-2026-03-05-at-10.50.28.jpeg\",\"articleSection\":[\"Cabo Frio\"],\"inLanguage\":\"pt-BR\",\"potentialAction\":[{\"@type\":\"CommentAction\",\"name\":\"Comment\",\"target\":[\"https:\/\/rotario.com.br\/site\/forcas-municipais-atuam-de-forma-integrada-em-ocorrencias-com-animais-feridos-em-cabo-frio\/#respond\"]}]},{\"@type\":\"WebPage\",\"@id\":\"https:\/\/rotario.com.br\/site\/forcas-municipais-atuam-de-forma-integrada-em-ocorrencias-com-animais-feridos-em-cabo-frio\/\",\"url\":\"https:\/\/rotario.com.br\/site\/forcas-municipais-atuam-de-forma-integrada-em-ocorrencias-com-animais-feridos-em-cabo-frio\/\",\"name\":\"For\u00e7as municipais atuam de forma integrada em ocorr\u00eancias com animais feridos em Cabo Frio - Rota Rio\",\"isPartOf\":{\"@id\":\"https:\/\/rotario.com.br\/site\/#website\"},\"primaryImageOfPage\":{\"@id\":\"https:\/\/rotario.com.br\/site\/forcas-municipais-atuam-de-forma-integrada-em-ocorrencias-com-animais-feridos-em-cabo-frio\/#primaryimage\"},\"image\":{\"@id\":\"https:\/\/rotario.com.br\/site\/forcas-municipais-atuam-de-forma-integrada-em-ocorrencias-com-animais-feridos-em-cabo-frio\/#primaryimage\"},\"thumbnailUrl\":\"https:\/\/rotario.com.br\/site\/wp-content\/uploads\/2026\/03\/WhatsApp-Image-2026-03-05-at-10.50.28.jpeg\",\"datePublished\":\"2026-03-05T16:49:21+00:00\",\"dateModified\":\"2026-03-05T16:49:28+00:00\",\"breadcrumb\":{\"@id\":\"https:\/\/rotario.com.br\/site\/forcas-municipais-atuam-de-forma-integrada-em-ocorrencias-com-animais-feridos-em-cabo-frio\/#breadcrumb\"},\"inLanguage\":\"pt-BR\",\"potentialAction\":[{\"@type\":\"ReadAction\",\"target\":[\"https:\/\/rotario.com.br\/site\/forcas-municipais-atuam-de-forma-integrada-em-ocorrencias-com-animais-feridos-em-cabo-frio\/\"]}]},{\"@type\":\"ImageObject\",\"inLanguage\":\"pt-BR\",\"@id\":\"https:\/\/rotario.com.br\/site\/forcas-municipais-atuam-de-forma-integrada-em-ocorrencias-com-animais-feridos-em-cabo-frio\/#primaryimage\",\"url\":\"https:\/\/rotario.com.br\/site\/wp-content\/uploads\/2026\/03\/WhatsApp-Image-2026-03-05-at-10.50.28.jpeg\",\"contentUrl\":\"https:\/\/rotario.com.br\/site\/wp-content\/uploads\/2026\/03\/WhatsApp-Image-2026-03-05-at-10.50.28.jpeg\",\"width\":1012,\"height\":687},{\"@type\":\"BreadcrumbList\",\"@id\":\"https:\/\/rotario.com.br\/site\/forcas-municipais-atuam-de-forma-integrada-em-ocorrencias-com-animais-feridos-em-cabo-frio\/#breadcrumb\",\"itemListElement\":[{\"@type\":\"ListItem\",\"position\":1,\"name\":\"In\u00edcio\",\"item\":\"https:\/\/rotario.com.br\/site\/\"},{\"@type\":\"ListItem\",\"position\":2,\"name\":\"For\u00e7as municipais atuam de forma integrada em ocorr\u00eancias com animais feridos em Cabo Frio\"}]},{\"@type\":\"WebSite\",\"@id\":\"https:\/\/rotario.com.br\/site\/#website\",\"url\":\"https:\/\/rotario.com.br\/site\/\",\"name\":\"Rota Rio\",\"description\":\"Aqui, o Rio de Janeiro \u00e9 a pauta!\",\"publisher\":{\"@id\":\"https:\/\/rotario.com.br\/site\/#organization\"},\"potentialAction\":[{\"@type\":\"SearchAction\",\"target\":{\"@type\":\"EntryPoint\",\"urlTemplate\":\"https:\/\/rotario.com.br\/site\/?s={search_term_string}\"},\"query-input\":{\"@type\":\"PropertyValueSpecification\",\"valueRequired\":true,\"valueName\":\"search_term_string\"}}],\"inLanguage\":\"pt-BR\"},{\"@type\":\"Organization\",\"@id\":\"https:\/\/rotario.com.br\/site\/#organization\",\"name\":\"Rota Rio\",\"url\":\"https:\/\/rotario.com.br\/site\/\",\"logo\":{\"@type\":\"ImageObject\",\"inLanguage\":\"pt-BR\",\"@id\":\"https:\/\/rotario.com.br\/site\/#\/schema\/logo\/image\/\",\"url\":\"https:\/\/rotario.com.br\/site\/wp-content\/uploads\/2022\/04\/cropped-ROTARIO-LOGO-Prancheta-1-1-2048x654-1.png\",\"contentUrl\":\"https:\/\/rotario.com.br\/site\/wp-content\/uploads\/2022\/04\/cropped-ROTARIO-LOGO-Prancheta-1-1-2048x654-1.png\",\"width\":2048,\"height\":654,\"caption\":\"Rota Rio\"},\"image\":{\"@id\":\"https:\/\/rotario.com.br\/site\/#\/schema\/logo\/image\/\"}},{\"@type\":\"Person\",\"@id\":\"https:\/\/rotario.com.br\/site\/#\/schema\/person\/fd89bbbf4136f7e8a21e0dd67b8a66c7\",\"name\":\"Galv\u00e3o\",\"url\":\"https:\/\/rotario.com.br\/site\/author\/daniel\/\"}]}<\/script>\n<!-- \/ Yoast SEO plugin. -->","yoast_head_json":{"title":"For\u00e7as municipais atuam de forma integrada em ocorr\u00eancias com animais feridos em Cabo Frio - Rota Rio","robots":{"index":"index","follow":"follow","max-snippet":"max-snippet:-1","max-image-preview":"max-image-preview:large","max-video-preview":"max-video-preview:-1"},"canonical":"https:\/\/rotario.com.br\/site\/forcas-municipais-atuam-de-forma-integrada-em-ocorrencias-com-animais-feridos-em-cabo-frio\/","og_locale":"pt_BR","og_type":"article","og_title":"For\u00e7as municipais atuam de forma integrada em ocorr\u00eancias com animais feridos em Cabo Frio - Rota Rio","og_description":"A Prefeitura de Cabo Frio promoveu, nesta quarta-feira (4), duas opera\u00e7\u00f5es de resgate de c\u00e3es machucados em diferentes regi\u00f5es da cidade. As ocorr\u00eancias foram registradas nos bairros Jardim Esperan\u00e7a e Praia do Siqueira e envolveram atua\u00e7\u00e3o conjunta da Superintend\u00eancia de Prote\u00e7\u00e3o Animal, da Fiscaliza\u00e7\u00e3o Ambiental e da Guarda Mar\u00edtima e Ambiental. A a\u00e7\u00e3o integrada refor\u00e7a [&hellip;]","og_url":"https:\/\/rotario.com.br\/site\/forcas-municipais-atuam-de-forma-integrada-em-ocorrencias-com-animais-feridos-em-cabo-frio\/","og_site_name":"Rota Rio","article_published_time":"2026-03-05T16:49:21+00:00","article_modified_time":"2026-03-05T16:49:28+00:00","og_image":[{"width":1012,"height":687,"url":"https:\/\/rotario.com.br\/site\/wp-content\/uploads\/2026\/03\/WhatsApp-Image-2026-03-05-at-10.50.28.jpeg","type":"image\/jpeg"}],"author":"Galv\u00e3o","twitter_card":"summary_large_image","twitter_misc":{"Escrito por":"Galv\u00e3o","Est. tempo de leitura":"2 minutos"},"schema":{"@context":"https:\/\/schema.org","@graph":[{"@type":"Article","@id":"https:\/\/rotario.com.br\/site\/forcas-municipais-atuam-de-forma-integrada-em-ocorrencias-com-animais-feridos-em-cabo-frio\/#article","isPartOf":{"@id":"https:\/\/rotario.com.br\/site\/forcas-municipais-atuam-de-forma-integrada-em-ocorrencias-com-animais-feridos-em-cabo-frio\/"},"author":{"name":"Galv\u00e3o","@id":"https:\/\/rotario.com.br\/site\/#\/schema\/person\/fd89bbbf4136f7e8a21e0dd67b8a66c7"},"headline":"For\u00e7as municipais atuam de forma integrada em ocorr\u00eancias com animais feridos em Cabo Frio","datePublished":"2026-03-05T16:49:21+00:00","dateModified":"2026-03-05T16:49:28+00:00","mainEntityOfPage":{"@id":"https:\/\/rotario.com.br\/site\/forcas-municipais-atuam-de-forma-integrada-em-ocorrencias-com-animais-feridos-em-cabo-frio\/"},"wordCount":249,"commentCount":0,"publisher":{"@id":"https:\/\/rotario.com.br\/site\/#organization"},"image":{"@id":"https:\/\/rotario.com.br\/site\/forcas-municipais-atuam-de-forma-integrada-em-ocorrencias-com-animais-feridos-em-cabo-frio\/#primaryimage"},"thumbnailUrl":"https:\/\/rotario.com.br\/site\/wp-content\/uploads\/2026\/03\/WhatsApp-Image-2026-03-05-at-10.50.28.jpeg","articleSection":["Cabo Frio"],"inLanguage":"pt-BR","potentialAction":[{"@type":"CommentAction","name":"Comment","target":["https:\/\/rotario.com.br\/site\/forcas-municipais-atuam-de-forma-integrada-em-ocorrencias-com-animais-feridos-em-cabo-frio\/#respond"]}]},{"@type":"WebPage","@id":"https:\/\/rotario.com.br\/site\/forcas-municipais-atuam-de-forma-integrada-em-ocorrencias-com-animais-feridos-em-cabo-frio\/","url":"https:\/\/rotario.com.br\/site\/forcas-municipais-atuam-de-forma-integrada-em-ocorrencias-com-animais-feridos-em-cabo-frio\/","name":"For\u00e7as municipais atuam de forma integrada em ocorr\u00eancias com animais feridos em Cabo Frio - Rota Rio","isPartOf":{"@id":"https:\/\/rotario.com.br\/site\/#website"},"primaryImageOfPage":{"@id":"https:\/\/rotario.com.br\/site\/forcas-municipais-atuam-de-forma-integrada-em-ocorrencias-com-animais-feridos-em-cabo-frio\/#primaryimage"},"image":{"@id":"https:\/\/rotario.com.br\/site\/forcas-municipais-atuam-de-forma-integrada-em-ocorrencias-com-animais-feridos-em-cabo-frio\/#primaryimage"},"thumbnailUrl":"https:\/\/rotario.com.br\/site\/wp-content\/uploads\/2026\/03\/WhatsApp-Image-2026-03-05-at-10.50.28.jpeg","datePublished":"2026-03-05T16:49:21+00:00","dateModified":"2026-03-05T16:49:28+00:00","breadcrumb":{"@id":"https:\/\/rotario.com.br\/site\/forcas-municipais-atuam-de-forma-integrada-em-ocorrencias-com-animais-feridos-em-cabo-frio\/#breadcrumb"},"inLanguage":"pt-BR","potentialAction":[{"@type":"ReadAction","target":["https:\/\/rotario.com.br\/site\/forcas-municipais-atuam-de-forma-integrada-em-ocorrencias-com-animais-feridos-em-cabo-frio\/"]}]},{"@type":"ImageObject","inLanguage":"pt-BR","@id":"https:\/\/rotario.com.br\/site\/forcas-municipais-atuam-de-forma-integrada-em-ocorrencias-com-animais-feridos-em-cabo-frio\/#primaryimage","url":"https:\/\/rotario.com.br\/site\/wp-content\/uploads\/2026\/03\/WhatsApp-Image-2026-03-05-at-10.50.28.jpeg","contentUrl":"https:\/\/rotario.com.br\/site\/wp-content\/uploads\/2026\/03\/WhatsApp-Image-2026-03-05-at-10.50.28.jpeg","width":1012,"height":687},{"@type":"BreadcrumbList","@id":"https:\/\/rotario.com.br\/site\/forcas-municipais-atuam-de-forma-integrada-em-ocorrencias-com-animais-feridos-em-cabo-frio\/#breadcrumb","itemListElement":[{"@type":"ListItem","position":1,"name":"In\u00edcio","item":"https:\/\/rotario.com.br\/site\/"},{"@type":"ListItem","position":2,"name":"For\u00e7as municipais atuam de forma integrada em ocorr\u00eancias com animais feridos em Cabo Frio"}]},{"@type":"WebSite","@id":"https:\/\/rotario.com.br\/site\/#website","url":"https:\/\/rotario.com.br\/site\/","name":"Rota Rio","description":"Aqui, o Rio de Janeiro \u00e9 a pauta!","publisher":{"@id":"https:\/\/rotario.com.br\/site\/#organization"},"potentialAction":[{"@type":"SearchAction","target":{"@type":"EntryPoint","urlTemplate":"https:\/\/rotario.com.br\/site\/?s={search_term_string}"},"query-input":{"@type":"PropertyValueSpecification","valueRequired":true,"valueName":"search_term_string"}}],"inLanguage":"pt-BR"},{"@type":"Organization","@id":"https:\/\/rotario.com.br\/site\/#organization","name":"Rota Rio","url":"https:\/\/rotario.com.br\/site\/","logo":{"@type":"ImageObject","inLanguage":"pt-BR","@id":"https:\/\/rotario.com.br\/site\/#\/schema\/logo\/image\/","url":"https:\/\/rotario.com.br\/site\/wp-content\/uploads\/2022\/04\/cropped-ROTARIO-LOGO-Prancheta-1-1-2048x654-1.png","contentUrl":"https:\/\/rotario.com.br\/site\/wp-content\/uploads\/2022\/04\/cropped-ROTARIO-LOGO-Prancheta-1-1-2048x654-1.png","width":2048,"height":654,"caption":"Rota Rio"},"image":{"@id":"https:\/\/rotario.com.br\/site\/#\/schema\/logo\/image\/"}},{"@type":"Person","@id":"https:\/\/rotario.com.br\/site\/#\/schema\/person\/fd89bbbf4136f7e8a21e0dd67b8a66c7","name":"Galv\u00e3o","url":"https:\/\/rotario.com.br\/site\/author\/daniel\/"}]}},"_links":{"self":[{"href":"https:\/\/rotario.com.br\/site\/wp-json\/wp\/v2\/posts\/33669","targetHints":{"allow":["GET"]}}],"collection":[{"href":"https:\/\/rotario.com.br\/site\/wp-json\/wp\/v2\/posts"}],"about":[{"href":"https:\/\/rotario.com.br\/site\/wp-json\/wp\/v2\/types\/post"}],"author":[{"embeddable":true,"href":"https:\/\/rotario.com.br\/site\/wp-json\/wp\/v2\/users\/2"}],"replies":[{"embeddable":true,"href":"https:\/\/rotario.com.br\/site\/wp-json\/wp\/v2\/comments?post=33669"}],"version-history":[{"count":1,"href":"https:\/\/rotario.com.br\/site\/wp-json\/wp\/v2\/posts\/33669\/revisions"}],"predecessor-version":[{"id":33671,"href":"https:\/\/rotario.com.br\/site\/wp-json\/wp\/v2\/posts\/33669\/revisions\/33671"}],"wp:featuredmedia":[{"embeddable":true,"href":"https:\/\/rotario.com.br\/site\/wp-json\/wp\/v2\/media\/33670"}],"wp:attachment":[{"href":"https:\/\/rotario.com.br\/site\/wp-json\/wp\/v2\/media?parent=33669"}],"wp:term":[{"taxonomy":"category","embeddable":true,"href":"https:\/\/rotario.com.br\/site\/wp-json\/wp\/v2\/categories?post=33669"},{"taxonomy":"post_tag","embeddable":true,"href":"https:\/\/rotario.com.br\/site\/wp-json\/wp\/v2\/tags?post=33669"}],"curies":[{"name":"wp","href":"https:\/\/api.w.org\/{rel}","templated":true}]}}