{"id":33679,"date":"2026-03-05T17:13:44","date_gmt":"2026-03-05T20:13:44","guid":{"rendered":"https:\/\/rotario.com.br\/site\/?p=33679"},"modified":"2026-03-05T17:13:50","modified_gmt":"2026-03-05T20:13:50","slug":"oficina-de-barbeiro-itinerante-percorrera-cras-ao-longo-de-marco-em-arraial-do-cabo","status":"publish","type":"post","link":"https:\/\/rotario.com.br\/site\/oficina-de-barbeiro-itinerante-percorrera-cras-ao-longo-de-marco-em-arraial-do-cabo\/","title":{"rendered":"Oficina de Barbeiro Itinerante percorrer\u00e1 CRAS ao longo de mar\u00e7o em Arraial do Cabo"},"content":{"rendered":"\n<p>A Superintend\u00eancia da Juventude, ligada \u00e0 Secretaria de Desenvolvimento Social, Trabalho, Renda e Direitos Humanos de Arraial do Cabo, colocou em pr\u00e1tica nesta quinta-feira (5) a Oficina de Barbeiro Itinerante. A proposta \u00e9 simples e direta: oferecer corte de cabelo gratuito, criar espa\u00e7os de escuta e estimular a conviv\u00eancia nos equipamentos da rede socioassistencial e nas comunidades atendidas.<\/p>\n\n\n\n<p>A primeira parada foi o Centro de Refer\u00eancia Especializado de Assist\u00eancia Social, o CREAS, situado na Praia dos Anjos. Seis participantes integraram a atividade inicial, que resultou em dez cortes realizados sem custo. Al\u00e9m do atendimento, a programa\u00e7\u00e3o incluiu uma roda de conversa sobre o of\u00edcio de barbeiro, abordando rotinas da profiss\u00e3o, instrumentos utilizados e possibilidades de atua\u00e7\u00e3o no mercado.<\/p>\n\n\n\n<p>Segundo o superintendente da Juventude, Felipe Martins, a iniciativa foi estruturada para circular por diferentes regi\u00f5es do munic\u00edpio. \u201cToda quinta-feira, a equipe vai percorrer diferentes territ\u00f3rios, levando atendimento, rodas de conversa e muita intera\u00e7\u00e3o com a comunidade. A Oficina de Barbeiro Itinerante foi pensada para atender aos usu\u00e1rios dos equipamentos de assist\u00eancia social\u201d, afirmou.<\/p>\n\n\n\n<p>A agenda segue ao longo de mar\u00e7o, ampliando o alcance da a\u00e7\u00e3o para outras unidades da rede.&nbsp;&nbsp;&nbsp;&nbsp;<\/p>\n\n\n\n<p><strong>Pr\u00f3ximas datas:<\/strong><\/p>\n\n\n\n<p><strong>12\/03 \u2013 CRAS Central<\/strong><\/p>\n\n\n\n<p>Rua Padre Anchieta, 30 \u2013 Maced\u00f4nia<\/p>\n\n\n\n<p>8h \u00e0s 17h&nbsp;&nbsp;&nbsp;<\/p>\n\n\n\n<p><strong>19\/03 \u2013 CRAS de Figueira<\/strong><\/p>\n\n\n\n<p>Primeira Igreja Batista de Figueira<\/p>\n\n\n\n<p>Avenida Pedro Francisco Sanches, Quadra 31, Lote 02 \u2013 Figueira<\/p>\n\n\n\n<p>8h \u00e0s 17h<\/p>\n\n\n\n<p>Com foco em qualifica\u00e7\u00e3o, troca de experi\u00eancias e fortalecimento de v\u00ednculos, a Oficina de Barbeiro Itinerante busca aproximar os servi\u00e7os da assist\u00eancia social da popula\u00e7\u00e3o, utilizando a pr\u00e1tica profissional como ferramenta de inclus\u00e3o e di\u00e1logo comunit\u00e1rio.&nbsp;&nbsp;&nbsp;&nbsp;&nbsp;<\/p>\n","protected":false},"excerpt":{"rendered":"<p>A Superintend\u00eancia da Juventude, ligada \u00e0 Secretaria de Desenvolvimento Social, Trabalho, Renda e Direitos Humanos de Arraial do Cabo, colocou em pr\u00e1tica nesta quinta-feira (5) a Oficina de Barbeiro Itinerante. A proposta \u00e9 simples e direta: oferecer corte de cabelo gratuito, criar espa\u00e7os de escuta e estimular a conviv\u00eancia nos equipamentos da rede socioassistencial e [&hellip;]<\/p>\n","protected":false},"author":2,"featured_media":33680,"comment_status":"open","ping_status":"closed","sticky":false,"template":"","format":"standard","meta":{"footnotes":""},"categories":[44],"tags":[],"class_list":["post-33679","post","type-post","status-publish","format-standard","has-post-thumbnail","hentry","category-arraial-do-cabo"],"yoast_head":"<!-- This site is optimized with the Yoast SEO plugin v26.5 - https:\/\/yoast.com\/wordpress\/plugins\/seo\/ -->\n<title>Oficina de Barbeiro Itinerante percorrer\u00e1 CRAS ao longo de mar\u00e7o em Arraial do Cabo - Rota Rio<\/title>\n<meta name=\"robots\" content=\"index, follow, max-snippet:-1, max-image-preview:large, max-video-preview:-1\" \/>\n<link rel=\"canonical\" href=\"https:\/\/rotario.com.br\/site\/oficina-de-barbeiro-itinerante-percorrera-cras-ao-longo-de-marco-em-arraial-do-cabo\/\" \/>\n<meta property=\"og:locale\" content=\"pt_BR\" \/>\n<meta property=\"og:type\" content=\"article\" \/>\n<meta property=\"og:title\" content=\"Oficina de Barbeiro Itinerante percorrer\u00e1 CRAS ao longo de mar\u00e7o em Arraial do Cabo - Rota Rio\" \/>\n<meta property=\"og:description\" content=\"A Superintend\u00eancia da Juventude, ligada \u00e0 Secretaria de Desenvolvimento Social, Trabalho, Renda e Direitos Humanos de Arraial do Cabo, colocou em pr\u00e1tica nesta quinta-feira (5) a Oficina de Barbeiro Itinerante. A proposta \u00e9 simples e direta: oferecer corte de cabelo gratuito, criar espa\u00e7os de escuta e estimular a conviv\u00eancia nos equipamentos da rede socioassistencial e [&hellip;]\" \/>\n<meta property=\"og:url\" content=\"https:\/\/rotario.com.br\/site\/oficina-de-barbeiro-itinerante-percorrera-cras-ao-longo-de-marco-em-arraial-do-cabo\/\" \/>\n<meta property=\"og:site_name\" content=\"Rota Rio\" \/>\n<meta property=\"article:published_time\" content=\"2026-03-05T20:13:44+00:00\" \/>\n<meta property=\"article:modified_time\" content=\"2026-03-05T20:13:50+00:00\" \/>\n<meta property=\"og:image\" content=\"https:\/\/rotario.com.br\/site\/wp-content\/uploads\/2026\/03\/WhatsApp-Image-2026-03-05-at-16.34.55.jpeg\" \/>\n\t<meta property=\"og:image:width\" content=\"1012\" \/>\n\t<meta property=\"og:image:height\" content=\"688\" \/>\n\t<meta property=\"og:image:type\" content=\"image\/jpeg\" \/>\n<meta name=\"author\" content=\"Galv\u00e3o\" \/>\n<meta name=\"twitter:card\" content=\"summary_large_image\" \/>\n<meta name=\"twitter:label1\" content=\"Escrito por\" \/>\n\t<meta name=\"twitter:data1\" content=\"Galv\u00e3o\" \/>\n\t<meta name=\"twitter:label2\" content=\"Est. tempo de leitura\" \/>\n\t<meta name=\"twitter:data2\" content=\"2 minutos\" \/>\n<script type=\"application\/ld+json\" class=\"yoast-schema-graph\">{\"@context\":\"https:\/\/schema.org\",\"@graph\":[{\"@type\":\"Article\",\"@id\":\"https:\/\/rotario.com.br\/site\/oficina-de-barbeiro-itinerante-percorrera-cras-ao-longo-de-marco-em-arraial-do-cabo\/#article\",\"isPartOf\":{\"@id\":\"https:\/\/rotario.com.br\/site\/oficina-de-barbeiro-itinerante-percorrera-cras-ao-longo-de-marco-em-arraial-do-cabo\/\"},\"author\":{\"name\":\"Galv\u00e3o\",\"@id\":\"https:\/\/rotario.com.br\/site\/#\/schema\/person\/fd89bbbf4136f7e8a21e0dd67b8a66c7\"},\"headline\":\"Oficina de Barbeiro Itinerante percorrer\u00e1 CRAS ao longo de mar\u00e7o em Arraial do Cabo\",\"datePublished\":\"2026-03-05T20:13:44+00:00\",\"dateModified\":\"2026-03-05T20:13:50+00:00\",\"mainEntityOfPage\":{\"@id\":\"https:\/\/rotario.com.br\/site\/oficina-de-barbeiro-itinerante-percorrera-cras-ao-longo-de-marco-em-arraial-do-cabo\/\"},\"wordCount\":309,\"commentCount\":0,\"publisher\":{\"@id\":\"https:\/\/rotario.com.br\/site\/#organization\"},\"image\":{\"@id\":\"https:\/\/rotario.com.br\/site\/oficina-de-barbeiro-itinerante-percorrera-cras-ao-longo-de-marco-em-arraial-do-cabo\/#primaryimage\"},\"thumbnailUrl\":\"https:\/\/rotario.com.br\/site\/wp-content\/uploads\/2026\/03\/WhatsApp-Image-2026-03-05-at-16.34.55.jpeg\",\"articleSection\":[\"Arraial do Cabo\"],\"inLanguage\":\"pt-BR\",\"potentialAction\":[{\"@type\":\"CommentAction\",\"name\":\"Comment\",\"target\":[\"https:\/\/rotario.com.br\/site\/oficina-de-barbeiro-itinerante-percorrera-cras-ao-longo-de-marco-em-arraial-do-cabo\/#respond\"]}]},{\"@type\":\"WebPage\",\"@id\":\"https:\/\/rotario.com.br\/site\/oficina-de-barbeiro-itinerante-percorrera-cras-ao-longo-de-marco-em-arraial-do-cabo\/\",\"url\":\"https:\/\/rotario.com.br\/site\/oficina-de-barbeiro-itinerante-percorrera-cras-ao-longo-de-marco-em-arraial-do-cabo\/\",\"name\":\"Oficina de Barbeiro Itinerante percorrer\u00e1 CRAS ao longo de mar\u00e7o em Arraial do Cabo - Rota Rio\",\"isPartOf\":{\"@id\":\"https:\/\/rotario.com.br\/site\/#website\"},\"primaryImageOfPage\":{\"@id\":\"https:\/\/rotario.com.br\/site\/oficina-de-barbeiro-itinerante-percorrera-cras-ao-longo-de-marco-em-arraial-do-cabo\/#primaryimage\"},\"image\":{\"@id\":\"https:\/\/rotario.com.br\/site\/oficina-de-barbeiro-itinerante-percorrera-cras-ao-longo-de-marco-em-arraial-do-cabo\/#primaryimage\"},\"thumbnailUrl\":\"https:\/\/rotario.com.br\/site\/wp-content\/uploads\/2026\/03\/WhatsApp-Image-2026-03-05-at-16.34.55.jpeg\",\"datePublished\":\"2026-03-05T20:13:44+00:00\",\"dateModified\":\"2026-03-05T20:13:50+00:00\",\"breadcrumb\":{\"@id\":\"https:\/\/rotario.com.br\/site\/oficina-de-barbeiro-itinerante-percorrera-cras-ao-longo-de-marco-em-arraial-do-cabo\/#breadcrumb\"},\"inLanguage\":\"pt-BR\",\"potentialAction\":[{\"@type\":\"ReadAction\",\"target\":[\"https:\/\/rotario.com.br\/site\/oficina-de-barbeiro-itinerante-percorrera-cras-ao-longo-de-marco-em-arraial-do-cabo\/\"]}]},{\"@type\":\"ImageObject\",\"inLanguage\":\"pt-BR\",\"@id\":\"https:\/\/rotario.com.br\/site\/oficina-de-barbeiro-itinerante-percorrera-cras-ao-longo-de-marco-em-arraial-do-cabo\/#primaryimage\",\"url\":\"https:\/\/rotario.com.br\/site\/wp-content\/uploads\/2026\/03\/WhatsApp-Image-2026-03-05-at-16.34.55.jpeg\",\"contentUrl\":\"https:\/\/rotario.com.br\/site\/wp-content\/uploads\/2026\/03\/WhatsApp-Image-2026-03-05-at-16.34.55.jpeg\",\"width\":1012,\"height\":688},{\"@type\":\"BreadcrumbList\",\"@id\":\"https:\/\/rotario.com.br\/site\/oficina-de-barbeiro-itinerante-percorrera-cras-ao-longo-de-marco-em-arraial-do-cabo\/#breadcrumb\",\"itemListElement\":[{\"@type\":\"ListItem\",\"position\":1,\"name\":\"In\u00edcio\",\"item\":\"https:\/\/rotario.com.br\/site\/\"},{\"@type\":\"ListItem\",\"position\":2,\"name\":\"Oficina de Barbeiro Itinerante percorrer\u00e1 CRAS ao longo de mar\u00e7o em Arraial do Cabo\"}]},{\"@type\":\"WebSite\",\"@id\":\"https:\/\/rotario.com.br\/site\/#website\",\"url\":\"https:\/\/rotario.com.br\/site\/\",\"name\":\"Rota Rio\",\"description\":\"Aqui, o Rio de Janeiro \u00e9 a pauta!\",\"publisher\":{\"@id\":\"https:\/\/rotario.com.br\/site\/#organization\"},\"potentialAction\":[{\"@type\":\"SearchAction\",\"target\":{\"@type\":\"EntryPoint\",\"urlTemplate\":\"https:\/\/rotario.com.br\/site\/?s={search_term_string}\"},\"query-input\":{\"@type\":\"PropertyValueSpecification\",\"valueRequired\":true,\"valueName\":\"search_term_string\"}}],\"inLanguage\":\"pt-BR\"},{\"@type\":\"Organization\",\"@id\":\"https:\/\/rotario.com.br\/site\/#organization\",\"name\":\"Rota Rio\",\"url\":\"https:\/\/rotario.com.br\/site\/\",\"logo\":{\"@type\":\"ImageObject\",\"inLanguage\":\"pt-BR\",\"@id\":\"https:\/\/rotario.com.br\/site\/#\/schema\/logo\/image\/\",\"url\":\"https:\/\/rotario.com.br\/site\/wp-content\/uploads\/2022\/04\/cropped-ROTARIO-LOGO-Prancheta-1-1-2048x654-1.png\",\"contentUrl\":\"https:\/\/rotario.com.br\/site\/wp-content\/uploads\/2022\/04\/cropped-ROTARIO-LOGO-Prancheta-1-1-2048x654-1.png\",\"width\":2048,\"height\":654,\"caption\":\"Rota Rio\"},\"image\":{\"@id\":\"https:\/\/rotario.com.br\/site\/#\/schema\/logo\/image\/\"}},{\"@type\":\"Person\",\"@id\":\"https:\/\/rotario.com.br\/site\/#\/schema\/person\/fd89bbbf4136f7e8a21e0dd67b8a66c7\",\"name\":\"Galv\u00e3o\",\"url\":\"https:\/\/rotario.com.br\/site\/author\/daniel\/\"}]}<\/script>\n<!-- \/ Yoast SEO plugin. -->","yoast_head_json":{"title":"Oficina de Barbeiro Itinerante percorrer\u00e1 CRAS ao longo de mar\u00e7o em Arraial do Cabo - Rota Rio","robots":{"index":"index","follow":"follow","max-snippet":"max-snippet:-1","max-image-preview":"max-image-preview:large","max-video-preview":"max-video-preview:-1"},"canonical":"https:\/\/rotario.com.br\/site\/oficina-de-barbeiro-itinerante-percorrera-cras-ao-longo-de-marco-em-arraial-do-cabo\/","og_locale":"pt_BR","og_type":"article","og_title":"Oficina de Barbeiro Itinerante percorrer\u00e1 CRAS ao longo de mar\u00e7o em Arraial do Cabo - Rota Rio","og_description":"A Superintend\u00eancia da Juventude, ligada \u00e0 Secretaria de Desenvolvimento Social, Trabalho, Renda e Direitos Humanos de Arraial do Cabo, colocou em pr\u00e1tica nesta quinta-feira (5) a Oficina de Barbeiro Itinerante. A proposta \u00e9 simples e direta: oferecer corte de cabelo gratuito, criar espa\u00e7os de escuta e estimular a conviv\u00eancia nos equipamentos da rede socioassistencial e [&hellip;]","og_url":"https:\/\/rotario.com.br\/site\/oficina-de-barbeiro-itinerante-percorrera-cras-ao-longo-de-marco-em-arraial-do-cabo\/","og_site_name":"Rota Rio","article_published_time":"2026-03-05T20:13:44+00:00","article_modified_time":"2026-03-05T20:13:50+00:00","og_image":[{"width":1012,"height":688,"url":"https:\/\/rotario.com.br\/site\/wp-content\/uploads\/2026\/03\/WhatsApp-Image-2026-03-05-at-16.34.55.jpeg","type":"image\/jpeg"}],"author":"Galv\u00e3o","twitter_card":"summary_large_image","twitter_misc":{"Escrito por":"Galv\u00e3o","Est. tempo de leitura":"2 minutos"},"schema":{"@context":"https:\/\/schema.org","@graph":[{"@type":"Article","@id":"https:\/\/rotario.com.br\/site\/oficina-de-barbeiro-itinerante-percorrera-cras-ao-longo-de-marco-em-arraial-do-cabo\/#article","isPartOf":{"@id":"https:\/\/rotario.com.br\/site\/oficina-de-barbeiro-itinerante-percorrera-cras-ao-longo-de-marco-em-arraial-do-cabo\/"},"author":{"name":"Galv\u00e3o","@id":"https:\/\/rotario.com.br\/site\/#\/schema\/person\/fd89bbbf4136f7e8a21e0dd67b8a66c7"},"headline":"Oficina de Barbeiro Itinerante percorrer\u00e1 CRAS ao longo de mar\u00e7o em Arraial do Cabo","datePublished":"2026-03-05T20:13:44+00:00","dateModified":"2026-03-05T20:13:50+00:00","mainEntityOfPage":{"@id":"https:\/\/rotario.com.br\/site\/oficina-de-barbeiro-itinerante-percorrera-cras-ao-longo-de-marco-em-arraial-do-cabo\/"},"wordCount":309,"commentCount":0,"publisher":{"@id":"https:\/\/rotario.com.br\/site\/#organization"},"image":{"@id":"https:\/\/rotario.com.br\/site\/oficina-de-barbeiro-itinerante-percorrera-cras-ao-longo-de-marco-em-arraial-do-cabo\/#primaryimage"},"thumbnailUrl":"https:\/\/rotario.com.br\/site\/wp-content\/uploads\/2026\/03\/WhatsApp-Image-2026-03-05-at-16.34.55.jpeg","articleSection":["Arraial do Cabo"],"inLanguage":"pt-BR","potentialAction":[{"@type":"CommentAction","name":"Comment","target":["https:\/\/rotario.com.br\/site\/oficina-de-barbeiro-itinerante-percorrera-cras-ao-longo-de-marco-em-arraial-do-cabo\/#respond"]}]},{"@type":"WebPage","@id":"https:\/\/rotario.com.br\/site\/oficina-de-barbeiro-itinerante-percorrera-cras-ao-longo-de-marco-em-arraial-do-cabo\/","url":"https:\/\/rotario.com.br\/site\/oficina-de-barbeiro-itinerante-percorrera-cras-ao-longo-de-marco-em-arraial-do-cabo\/","name":"Oficina de Barbeiro Itinerante percorrer\u00e1 CRAS ao longo de mar\u00e7o em Arraial do Cabo - Rota Rio","isPartOf":{"@id":"https:\/\/rotario.com.br\/site\/#website"},"primaryImageOfPage":{"@id":"https:\/\/rotario.com.br\/site\/oficina-de-barbeiro-itinerante-percorrera-cras-ao-longo-de-marco-em-arraial-do-cabo\/#primaryimage"},"image":{"@id":"https:\/\/rotario.com.br\/site\/oficina-de-barbeiro-itinerante-percorrera-cras-ao-longo-de-marco-em-arraial-do-cabo\/#primaryimage"},"thumbnailUrl":"https:\/\/rotario.com.br\/site\/wp-content\/uploads\/2026\/03\/WhatsApp-Image-2026-03-05-at-16.34.55.jpeg","datePublished":"2026-03-05T20:13:44+00:00","dateModified":"2026-03-05T20:13:50+00:00","breadcrumb":{"@id":"https:\/\/rotario.com.br\/site\/oficina-de-barbeiro-itinerante-percorrera-cras-ao-longo-de-marco-em-arraial-do-cabo\/#breadcrumb"},"inLanguage":"pt-BR","potentialAction":[{"@type":"ReadAction","target":["https:\/\/rotario.com.br\/site\/oficina-de-barbeiro-itinerante-percorrera-cras-ao-longo-de-marco-em-arraial-do-cabo\/"]}]},{"@type":"ImageObject","inLanguage":"pt-BR","@id":"https:\/\/rotario.com.br\/site\/oficina-de-barbeiro-itinerante-percorrera-cras-ao-longo-de-marco-em-arraial-do-cabo\/#primaryimage","url":"https:\/\/rotario.com.br\/site\/wp-content\/uploads\/2026\/03\/WhatsApp-Image-2026-03-05-at-16.34.55.jpeg","contentUrl":"https:\/\/rotario.com.br\/site\/wp-content\/uploads\/2026\/03\/WhatsApp-Image-2026-03-05-at-16.34.55.jpeg","width":1012,"height":688},{"@type":"BreadcrumbList","@id":"https:\/\/rotario.com.br\/site\/oficina-de-barbeiro-itinerante-percorrera-cras-ao-longo-de-marco-em-arraial-do-cabo\/#breadcrumb","itemListElement":[{"@type":"ListItem","position":1,"name":"In\u00edcio","item":"https:\/\/rotario.com.br\/site\/"},{"@type":"ListItem","position":2,"name":"Oficina de Barbeiro Itinerante percorrer\u00e1 CRAS ao longo de mar\u00e7o em Arraial do Cabo"}]},{"@type":"WebSite","@id":"https:\/\/rotario.com.br\/site\/#website","url":"https:\/\/rotario.com.br\/site\/","name":"Rota Rio","description":"Aqui, o Rio de Janeiro \u00e9 a pauta!","publisher":{"@id":"https:\/\/rotario.com.br\/site\/#organization"},"potentialAction":[{"@type":"SearchAction","target":{"@type":"EntryPoint","urlTemplate":"https:\/\/rotario.com.br\/site\/?s={search_term_string}"},"query-input":{"@type":"PropertyValueSpecification","valueRequired":true,"valueName":"search_term_string"}}],"inLanguage":"pt-BR"},{"@type":"Organization","@id":"https:\/\/rotario.com.br\/site\/#organization","name":"Rota Rio","url":"https:\/\/rotario.com.br\/site\/","logo":{"@type":"ImageObject","inLanguage":"pt-BR","@id":"https:\/\/rotario.com.br\/site\/#\/schema\/logo\/image\/","url":"https:\/\/rotario.com.br\/site\/wp-content\/uploads\/2022\/04\/cropped-ROTARIO-LOGO-Prancheta-1-1-2048x654-1.png","contentUrl":"https:\/\/rotario.com.br\/site\/wp-content\/uploads\/2022\/04\/cropped-ROTARIO-LOGO-Prancheta-1-1-2048x654-1.png","width":2048,"height":654,"caption":"Rota Rio"},"image":{"@id":"https:\/\/rotario.com.br\/site\/#\/schema\/logo\/image\/"}},{"@type":"Person","@id":"https:\/\/rotario.com.br\/site\/#\/schema\/person\/fd89bbbf4136f7e8a21e0dd67b8a66c7","name":"Galv\u00e3o","url":"https:\/\/rotario.com.br\/site\/author\/daniel\/"}]}},"_links":{"self":[{"href":"https:\/\/rotario.com.br\/site\/wp-json\/wp\/v2\/posts\/33679","targetHints":{"allow":["GET"]}}],"collection":[{"href":"https:\/\/rotario.com.br\/site\/wp-json\/wp\/v2\/posts"}],"about":[{"href":"https:\/\/rotario.com.br\/site\/wp-json\/wp\/v2\/types\/post"}],"author":[{"embeddable":true,"href":"https:\/\/rotario.com.br\/site\/wp-json\/wp\/v2\/users\/2"}],"replies":[{"embeddable":true,"href":"https:\/\/rotario.com.br\/site\/wp-json\/wp\/v2\/comments?post=33679"}],"version-history":[{"count":1,"href":"https:\/\/rotario.com.br\/site\/wp-json\/wp\/v2\/posts\/33679\/revisions"}],"predecessor-version":[{"id":33681,"href":"https:\/\/rotario.com.br\/site\/wp-json\/wp\/v2\/posts\/33679\/revisions\/33681"}],"wp:featuredmedia":[{"embeddable":true,"href":"https:\/\/rotario.com.br\/site\/wp-json\/wp\/v2\/media\/33680"}],"wp:attachment":[{"href":"https:\/\/rotario.com.br\/site\/wp-json\/wp\/v2\/media?parent=33679"}],"wp:term":[{"taxonomy":"category","embeddable":true,"href":"https:\/\/rotario.com.br\/site\/wp-json\/wp\/v2\/categories?post=33679"},{"taxonomy":"post_tag","embeddable":true,"href":"https:\/\/rotario.com.br\/site\/wp-json\/wp\/v2\/tags?post=33679"}],"curies":[{"name":"wp","href":"https:\/\/api.w.org\/{rel}","templated":true}]}}