{"id":33694,"date":"2026-03-05T18:45:47","date_gmt":"2026-03-05T21:45:47","guid":{"rendered":"https:\/\/rotario.com.br\/site\/?p=33694"},"modified":"2026-03-05T18:45:53","modified_gmt":"2026-03-05T21:45:53","slug":"jovens-do-criaad-conhecem-mais-da-historia-de-macae-em-visita-ao-solar-dos-mellos","status":"publish","type":"post","link":"https:\/\/rotario.com.br\/site\/jovens-do-criaad-conhecem-mais-da-historia-de-macae-em-visita-ao-solar-dos-mellos\/","title":{"rendered":"Jovens do CRIAAD conhecem mais da hist\u00f3ria de Maca\u00e9 em visita ao Solar dos Mellos"},"content":{"rendered":"\n<p>O Solar dos Mellos \u2013 Museu de Maca\u00e9 recebeu, nessa semana, uma atividade educativa com a visita de adolescentes assistidos pelo Centro de Recursos Integrados de Atendimento ao Adolescente (CRIAAD).<\/p>\n\n\n\n<p>A a\u00e7\u00e3o fez parte do projeto de visita guiada da unidade, que recebe grupos de estudantes e visitantes em busca de conhecer melhor a hist\u00f3ria da cidade, entendendo ra\u00edzes e tradi\u00e7\u00f5es que ajudam a compreender a realidade atual.<\/p>\n\n\n\n<p>Nessa semana, os assistidos pelo CRIAAD, que integra a\u00e7\u00f5es do Departamento Geral de A\u00e7\u00f5es Socioeducativas do Estado do Rio (DEGASE), participaram da nova exposi\u00e7\u00e3o \u201cCesar Mello entre Trigos e Letras\u201d.<\/p>\n\n\n\n<p>Pedagoga do CRIAAD, Aline Costa, destacou que a proposta \u00e9 ampliar a vis\u00e3o dos jovens sobre a cidade, apresentando espa\u00e7os culturais que muitas vezes os mais jovens n\u00e3o conhecem e n\u00e3o reconhecem como espa\u00e7os de lazer.<\/p>\n\n\n\n<p>\u201cQueremos transformar esse pensamento sobre como curtir a cidade. Muitos n\u00e3o t\u00eam ideia sobre esse espa\u00e7o de cultura e lazer. A inten\u00e7\u00e3o \u00e9 apresentar outras formas de ocupar o territ\u00f3rio\u201d, explicou Aline Costa.<\/p>\n\n\n\n<p>Durante a visita guiada, os adolescentes, que foram recebidos pela historiadora do museu, Gisele Muniz, conheceram a hist\u00f3ria do museu, os manuscritos de C\u00e9sar Mello, al\u00e9m de quadros, objetos e outros patrim\u00f4nios preservados no espa\u00e7o.<\/p>\n\n\n\n<p>\u201cEssa exposi\u00e7\u00e3o apresenta a hist\u00f3ria de C\u00e9sar Mello, mostrando sua din\u00e2mica como pai de fam\u00edlia e propriet\u00e1rio de padaria. Entendemos que \u00e9 necess\u00e1rio contar essas hist\u00f3rias para reconhecer tudo aquilo que foi vivenciado no munic\u00edpio. Cada vez que relembramos o passado, incentivamos que essa mem\u00f3ria seja compartilhada nas casas e nas fam\u00edlias\u201d, contou Gisele Muniz.<\/p>\n\n\n\n<p>As visitas guiadas ao Solar dos Mellos \u2013 Museu de Maca\u00e9, que funciona na Rua Conde de Araruama, 248, no Centro, envolvem grupos de 10 a 30 pessoas, e podem ser agendas pelo telefone (22) 2759-5049, ou pelo e-mail, msolardosmellos@gmail.com.<\/p>\n\n\n\n<p>A prefeitura explica que, ap\u00f3s a solicita\u00e7\u00e3o, o museu envia um e-mail de confirma\u00e7\u00e3o com ficha de inscri\u00e7\u00e3o e orienta\u00e7\u00f5es sobre o roteiro escolhido, lembrando que n\u00e3o h\u00e1 cobran\u00e7a de taxa, mas o transporte at\u00e9 o local \u00e9 de responsabilidade dos visitantes.<\/p>\n","protected":false},"excerpt":{"rendered":"<p>O Solar dos Mellos \u2013 Museu de Maca\u00e9 recebeu, nessa semana, uma atividade educativa com a visita de adolescentes assistidos pelo Centro de Recursos Integrados de Atendimento ao Adolescente (CRIAAD). A a\u00e7\u00e3o fez parte do projeto de visita guiada da unidade, que recebe grupos de estudantes e visitantes em busca de conhecer melhor a hist\u00f3ria [&hellip;]<\/p>\n","protected":false},"author":2,"featured_media":33695,"comment_status":"open","ping_status":"closed","sticky":false,"template":"","format":"standard","meta":{"footnotes":""},"categories":[52],"tags":[2561],"class_list":["post-33694","post","type-post","status-publish","format-standard","has-post-thumbnail","hentry","category-macae","tag-projeto-de-visita-guiada-ao-solar-dos-mellos"],"yoast_head":"<!-- This site is optimized with the Yoast SEO plugin v26.5 - https:\/\/yoast.com\/wordpress\/plugins\/seo\/ -->\n<title>Jovens do CRIAAD conhecem mais da hist\u00f3ria de Maca\u00e9 em visita ao Solar dos Mellos - Rota Rio<\/title>\n<meta name=\"robots\" content=\"index, follow, max-snippet:-1, max-image-preview:large, max-video-preview:-1\" \/>\n<link rel=\"canonical\" href=\"https:\/\/rotario.com.br\/site\/jovens-do-criaad-conhecem-mais-da-historia-de-macae-em-visita-ao-solar-dos-mellos\/\" \/>\n<meta property=\"og:locale\" content=\"pt_BR\" \/>\n<meta property=\"og:type\" content=\"article\" \/>\n<meta property=\"og:title\" content=\"Jovens do CRIAAD conhecem mais da hist\u00f3ria de Maca\u00e9 em visita ao Solar dos Mellos - Rota Rio\" \/>\n<meta property=\"og:description\" content=\"O Solar dos Mellos \u2013 Museu de Maca\u00e9 recebeu, nessa semana, uma atividade educativa com a visita de adolescentes assistidos pelo Centro de Recursos Integrados de Atendimento ao Adolescente (CRIAAD). A a\u00e7\u00e3o fez parte do projeto de visita guiada da unidade, que recebe grupos de estudantes e visitantes em busca de conhecer melhor a hist\u00f3ria [&hellip;]\" \/>\n<meta property=\"og:url\" content=\"https:\/\/rotario.com.br\/site\/jovens-do-criaad-conhecem-mais-da-historia-de-macae-em-visita-ao-solar-dos-mellos\/\" \/>\n<meta property=\"og:site_name\" content=\"Rota Rio\" \/>\n<meta property=\"article:published_time\" content=\"2026-03-05T21:45:47+00:00\" \/>\n<meta property=\"article:modified_time\" content=\"2026-03-05T21:45:53+00:00\" \/>\n<meta property=\"og:image\" content=\"https:\/\/rotario.com.br\/site\/wp-content\/uploads\/2026\/03\/WhatsApp-Image-2026-03-05-at-15.57.20-1.jpeg\" \/>\n\t<meta property=\"og:image:width\" content=\"800\" \/>\n\t<meta property=\"og:image:height\" content=\"600\" \/>\n\t<meta property=\"og:image:type\" content=\"image\/jpeg\" \/>\n<meta name=\"author\" content=\"Galv\u00e3o\" \/>\n<meta name=\"twitter:card\" content=\"summary_large_image\" \/>\n<meta name=\"twitter:label1\" content=\"Escrito por\" \/>\n\t<meta name=\"twitter:data1\" content=\"Galv\u00e3o\" \/>\n\t<meta name=\"twitter:label2\" content=\"Est. tempo de leitura\" \/>\n\t<meta name=\"twitter:data2\" content=\"3 minutos\" \/>\n<script type=\"application\/ld+json\" class=\"yoast-schema-graph\">{\"@context\":\"https:\/\/schema.org\",\"@graph\":[{\"@type\":\"Article\",\"@id\":\"https:\/\/rotario.com.br\/site\/jovens-do-criaad-conhecem-mais-da-historia-de-macae-em-visita-ao-solar-dos-mellos\/#article\",\"isPartOf\":{\"@id\":\"https:\/\/rotario.com.br\/site\/jovens-do-criaad-conhecem-mais-da-historia-de-macae-em-visita-ao-solar-dos-mellos\/\"},\"author\":{\"name\":\"Galv\u00e3o\",\"@id\":\"https:\/\/rotario.com.br\/site\/#\/schema\/person\/fd89bbbf4136f7e8a21e0dd67b8a66c7\"},\"headline\":\"Jovens do CRIAAD conhecem mais da hist\u00f3ria de Maca\u00e9 em visita ao Solar dos Mellos\",\"datePublished\":\"2026-03-05T21:45:47+00:00\",\"dateModified\":\"2026-03-05T21:45:53+00:00\",\"mainEntityOfPage\":{\"@id\":\"https:\/\/rotario.com.br\/site\/jovens-do-criaad-conhecem-mais-da-historia-de-macae-em-visita-ao-solar-dos-mellos\/\"},\"wordCount\":387,\"commentCount\":0,\"publisher\":{\"@id\":\"https:\/\/rotario.com.br\/site\/#organization\"},\"image\":{\"@id\":\"https:\/\/rotario.com.br\/site\/jovens-do-criaad-conhecem-mais-da-historia-de-macae-em-visita-ao-solar-dos-mellos\/#primaryimage\"},\"thumbnailUrl\":\"https:\/\/rotario.com.br\/site\/wp-content\/uploads\/2026\/03\/WhatsApp-Image-2026-03-05-at-15.57.20-1.jpeg\",\"keywords\":[\"Projeto de visita guiada ao Solar dos Mellos\"],\"articleSection\":[\"Maca\u00e9\"],\"inLanguage\":\"pt-BR\",\"potentialAction\":[{\"@type\":\"CommentAction\",\"name\":\"Comment\",\"target\":[\"https:\/\/rotario.com.br\/site\/jovens-do-criaad-conhecem-mais-da-historia-de-macae-em-visita-ao-solar-dos-mellos\/#respond\"]}]},{\"@type\":\"WebPage\",\"@id\":\"https:\/\/rotario.com.br\/site\/jovens-do-criaad-conhecem-mais-da-historia-de-macae-em-visita-ao-solar-dos-mellos\/\",\"url\":\"https:\/\/rotario.com.br\/site\/jovens-do-criaad-conhecem-mais-da-historia-de-macae-em-visita-ao-solar-dos-mellos\/\",\"name\":\"Jovens do CRIAAD conhecem mais da hist\u00f3ria de Maca\u00e9 em visita ao Solar dos Mellos - Rota Rio\",\"isPartOf\":{\"@id\":\"https:\/\/rotario.com.br\/site\/#website\"},\"primaryImageOfPage\":{\"@id\":\"https:\/\/rotario.com.br\/site\/jovens-do-criaad-conhecem-mais-da-historia-de-macae-em-visita-ao-solar-dos-mellos\/#primaryimage\"},\"image\":{\"@id\":\"https:\/\/rotario.com.br\/site\/jovens-do-criaad-conhecem-mais-da-historia-de-macae-em-visita-ao-solar-dos-mellos\/#primaryimage\"},\"thumbnailUrl\":\"https:\/\/rotario.com.br\/site\/wp-content\/uploads\/2026\/03\/WhatsApp-Image-2026-03-05-at-15.57.20-1.jpeg\",\"datePublished\":\"2026-03-05T21:45:47+00:00\",\"dateModified\":\"2026-03-05T21:45:53+00:00\",\"breadcrumb\":{\"@id\":\"https:\/\/rotario.com.br\/site\/jovens-do-criaad-conhecem-mais-da-historia-de-macae-em-visita-ao-solar-dos-mellos\/#breadcrumb\"},\"inLanguage\":\"pt-BR\",\"potentialAction\":[{\"@type\":\"ReadAction\",\"target\":[\"https:\/\/rotario.com.br\/site\/jovens-do-criaad-conhecem-mais-da-historia-de-macae-em-visita-ao-solar-dos-mellos\/\"]}]},{\"@type\":\"ImageObject\",\"inLanguage\":\"pt-BR\",\"@id\":\"https:\/\/rotario.com.br\/site\/jovens-do-criaad-conhecem-mais-da-historia-de-macae-em-visita-ao-solar-dos-mellos\/#primaryimage\",\"url\":\"https:\/\/rotario.com.br\/site\/wp-content\/uploads\/2026\/03\/WhatsApp-Image-2026-03-05-at-15.57.20-1.jpeg\",\"contentUrl\":\"https:\/\/rotario.com.br\/site\/wp-content\/uploads\/2026\/03\/WhatsApp-Image-2026-03-05-at-15.57.20-1.jpeg\",\"width\":800,\"height\":600},{\"@type\":\"BreadcrumbList\",\"@id\":\"https:\/\/rotario.com.br\/site\/jovens-do-criaad-conhecem-mais-da-historia-de-macae-em-visita-ao-solar-dos-mellos\/#breadcrumb\",\"itemListElement\":[{\"@type\":\"ListItem\",\"position\":1,\"name\":\"In\u00edcio\",\"item\":\"https:\/\/rotario.com.br\/site\/\"},{\"@type\":\"ListItem\",\"position\":2,\"name\":\"Jovens do CRIAAD conhecem mais da hist\u00f3ria de Maca\u00e9 em visita ao Solar dos Mellos\"}]},{\"@type\":\"WebSite\",\"@id\":\"https:\/\/rotario.com.br\/site\/#website\",\"url\":\"https:\/\/rotario.com.br\/site\/\",\"name\":\"Rota Rio\",\"description\":\"Aqui, o Rio de Janeiro \u00e9 a pauta!\",\"publisher\":{\"@id\":\"https:\/\/rotario.com.br\/site\/#organization\"},\"potentialAction\":[{\"@type\":\"SearchAction\",\"target\":{\"@type\":\"EntryPoint\",\"urlTemplate\":\"https:\/\/rotario.com.br\/site\/?s={search_term_string}\"},\"query-input\":{\"@type\":\"PropertyValueSpecification\",\"valueRequired\":true,\"valueName\":\"search_term_string\"}}],\"inLanguage\":\"pt-BR\"},{\"@type\":\"Organization\",\"@id\":\"https:\/\/rotario.com.br\/site\/#organization\",\"name\":\"Rota Rio\",\"url\":\"https:\/\/rotario.com.br\/site\/\",\"logo\":{\"@type\":\"ImageObject\",\"inLanguage\":\"pt-BR\",\"@id\":\"https:\/\/rotario.com.br\/site\/#\/schema\/logo\/image\/\",\"url\":\"https:\/\/rotario.com.br\/site\/wp-content\/uploads\/2022\/04\/cropped-ROTARIO-LOGO-Prancheta-1-1-2048x654-1.png\",\"contentUrl\":\"https:\/\/rotario.com.br\/site\/wp-content\/uploads\/2022\/04\/cropped-ROTARIO-LOGO-Prancheta-1-1-2048x654-1.png\",\"width\":2048,\"height\":654,\"caption\":\"Rota Rio\"},\"image\":{\"@id\":\"https:\/\/rotario.com.br\/site\/#\/schema\/logo\/image\/\"}},{\"@type\":\"Person\",\"@id\":\"https:\/\/rotario.com.br\/site\/#\/schema\/person\/fd89bbbf4136f7e8a21e0dd67b8a66c7\",\"name\":\"Galv\u00e3o\",\"url\":\"https:\/\/rotario.com.br\/site\/author\/daniel\/\"}]}<\/script>\n<!-- \/ Yoast SEO plugin. -->","yoast_head_json":{"title":"Jovens do CRIAAD conhecem mais da hist\u00f3ria de Maca\u00e9 em visita ao Solar dos Mellos - Rota Rio","robots":{"index":"index","follow":"follow","max-snippet":"max-snippet:-1","max-image-preview":"max-image-preview:large","max-video-preview":"max-video-preview:-1"},"canonical":"https:\/\/rotario.com.br\/site\/jovens-do-criaad-conhecem-mais-da-historia-de-macae-em-visita-ao-solar-dos-mellos\/","og_locale":"pt_BR","og_type":"article","og_title":"Jovens do CRIAAD conhecem mais da hist\u00f3ria de Maca\u00e9 em visita ao Solar dos Mellos - Rota Rio","og_description":"O Solar dos Mellos \u2013 Museu de Maca\u00e9 recebeu, nessa semana, uma atividade educativa com a visita de adolescentes assistidos pelo Centro de Recursos Integrados de Atendimento ao Adolescente (CRIAAD). A a\u00e7\u00e3o fez parte do projeto de visita guiada da unidade, que recebe grupos de estudantes e visitantes em busca de conhecer melhor a hist\u00f3ria [&hellip;]","og_url":"https:\/\/rotario.com.br\/site\/jovens-do-criaad-conhecem-mais-da-historia-de-macae-em-visita-ao-solar-dos-mellos\/","og_site_name":"Rota Rio","article_published_time":"2026-03-05T21:45:47+00:00","article_modified_time":"2026-03-05T21:45:53+00:00","og_image":[{"width":800,"height":600,"url":"https:\/\/rotario.com.br\/site\/wp-content\/uploads\/2026\/03\/WhatsApp-Image-2026-03-05-at-15.57.20-1.jpeg","type":"image\/jpeg"}],"author":"Galv\u00e3o","twitter_card":"summary_large_image","twitter_misc":{"Escrito por":"Galv\u00e3o","Est. tempo de leitura":"3 minutos"},"schema":{"@context":"https:\/\/schema.org","@graph":[{"@type":"Article","@id":"https:\/\/rotario.com.br\/site\/jovens-do-criaad-conhecem-mais-da-historia-de-macae-em-visita-ao-solar-dos-mellos\/#article","isPartOf":{"@id":"https:\/\/rotario.com.br\/site\/jovens-do-criaad-conhecem-mais-da-historia-de-macae-em-visita-ao-solar-dos-mellos\/"},"author":{"name":"Galv\u00e3o","@id":"https:\/\/rotario.com.br\/site\/#\/schema\/person\/fd89bbbf4136f7e8a21e0dd67b8a66c7"},"headline":"Jovens do CRIAAD conhecem mais da hist\u00f3ria de Maca\u00e9 em visita ao Solar dos Mellos","datePublished":"2026-03-05T21:45:47+00:00","dateModified":"2026-03-05T21:45:53+00:00","mainEntityOfPage":{"@id":"https:\/\/rotario.com.br\/site\/jovens-do-criaad-conhecem-mais-da-historia-de-macae-em-visita-ao-solar-dos-mellos\/"},"wordCount":387,"commentCount":0,"publisher":{"@id":"https:\/\/rotario.com.br\/site\/#organization"},"image":{"@id":"https:\/\/rotario.com.br\/site\/jovens-do-criaad-conhecem-mais-da-historia-de-macae-em-visita-ao-solar-dos-mellos\/#primaryimage"},"thumbnailUrl":"https:\/\/rotario.com.br\/site\/wp-content\/uploads\/2026\/03\/WhatsApp-Image-2026-03-05-at-15.57.20-1.jpeg","keywords":["Projeto de visita guiada ao Solar dos Mellos"],"articleSection":["Maca\u00e9"],"inLanguage":"pt-BR","potentialAction":[{"@type":"CommentAction","name":"Comment","target":["https:\/\/rotario.com.br\/site\/jovens-do-criaad-conhecem-mais-da-historia-de-macae-em-visita-ao-solar-dos-mellos\/#respond"]}]},{"@type":"WebPage","@id":"https:\/\/rotario.com.br\/site\/jovens-do-criaad-conhecem-mais-da-historia-de-macae-em-visita-ao-solar-dos-mellos\/","url":"https:\/\/rotario.com.br\/site\/jovens-do-criaad-conhecem-mais-da-historia-de-macae-em-visita-ao-solar-dos-mellos\/","name":"Jovens do CRIAAD conhecem mais da hist\u00f3ria de Maca\u00e9 em visita ao Solar dos Mellos - Rota Rio","isPartOf":{"@id":"https:\/\/rotario.com.br\/site\/#website"},"primaryImageOfPage":{"@id":"https:\/\/rotario.com.br\/site\/jovens-do-criaad-conhecem-mais-da-historia-de-macae-em-visita-ao-solar-dos-mellos\/#primaryimage"},"image":{"@id":"https:\/\/rotario.com.br\/site\/jovens-do-criaad-conhecem-mais-da-historia-de-macae-em-visita-ao-solar-dos-mellos\/#primaryimage"},"thumbnailUrl":"https:\/\/rotario.com.br\/site\/wp-content\/uploads\/2026\/03\/WhatsApp-Image-2026-03-05-at-15.57.20-1.jpeg","datePublished":"2026-03-05T21:45:47+00:00","dateModified":"2026-03-05T21:45:53+00:00","breadcrumb":{"@id":"https:\/\/rotario.com.br\/site\/jovens-do-criaad-conhecem-mais-da-historia-de-macae-em-visita-ao-solar-dos-mellos\/#breadcrumb"},"inLanguage":"pt-BR","potentialAction":[{"@type":"ReadAction","target":["https:\/\/rotario.com.br\/site\/jovens-do-criaad-conhecem-mais-da-historia-de-macae-em-visita-ao-solar-dos-mellos\/"]}]},{"@type":"ImageObject","inLanguage":"pt-BR","@id":"https:\/\/rotario.com.br\/site\/jovens-do-criaad-conhecem-mais-da-historia-de-macae-em-visita-ao-solar-dos-mellos\/#primaryimage","url":"https:\/\/rotario.com.br\/site\/wp-content\/uploads\/2026\/03\/WhatsApp-Image-2026-03-05-at-15.57.20-1.jpeg","contentUrl":"https:\/\/rotario.com.br\/site\/wp-content\/uploads\/2026\/03\/WhatsApp-Image-2026-03-05-at-15.57.20-1.jpeg","width":800,"height":600},{"@type":"BreadcrumbList","@id":"https:\/\/rotario.com.br\/site\/jovens-do-criaad-conhecem-mais-da-historia-de-macae-em-visita-ao-solar-dos-mellos\/#breadcrumb","itemListElement":[{"@type":"ListItem","position":1,"name":"In\u00edcio","item":"https:\/\/rotario.com.br\/site\/"},{"@type":"ListItem","position":2,"name":"Jovens do CRIAAD conhecem mais da hist\u00f3ria de Maca\u00e9 em visita ao Solar dos Mellos"}]},{"@type":"WebSite","@id":"https:\/\/rotario.com.br\/site\/#website","url":"https:\/\/rotario.com.br\/site\/","name":"Rota Rio","description":"Aqui, o Rio de Janeiro \u00e9 a pauta!","publisher":{"@id":"https:\/\/rotario.com.br\/site\/#organization"},"potentialAction":[{"@type":"SearchAction","target":{"@type":"EntryPoint","urlTemplate":"https:\/\/rotario.com.br\/site\/?s={search_term_string}"},"query-input":{"@type":"PropertyValueSpecification","valueRequired":true,"valueName":"search_term_string"}}],"inLanguage":"pt-BR"},{"@type":"Organization","@id":"https:\/\/rotario.com.br\/site\/#organization","name":"Rota Rio","url":"https:\/\/rotario.com.br\/site\/","logo":{"@type":"ImageObject","inLanguage":"pt-BR","@id":"https:\/\/rotario.com.br\/site\/#\/schema\/logo\/image\/","url":"https:\/\/rotario.com.br\/site\/wp-content\/uploads\/2022\/04\/cropped-ROTARIO-LOGO-Prancheta-1-1-2048x654-1.png","contentUrl":"https:\/\/rotario.com.br\/site\/wp-content\/uploads\/2022\/04\/cropped-ROTARIO-LOGO-Prancheta-1-1-2048x654-1.png","width":2048,"height":654,"caption":"Rota Rio"},"image":{"@id":"https:\/\/rotario.com.br\/site\/#\/schema\/logo\/image\/"}},{"@type":"Person","@id":"https:\/\/rotario.com.br\/site\/#\/schema\/person\/fd89bbbf4136f7e8a21e0dd67b8a66c7","name":"Galv\u00e3o","url":"https:\/\/rotario.com.br\/site\/author\/daniel\/"}]}},"_links":{"self":[{"href":"https:\/\/rotario.com.br\/site\/wp-json\/wp\/v2\/posts\/33694","targetHints":{"allow":["GET"]}}],"collection":[{"href":"https:\/\/rotario.com.br\/site\/wp-json\/wp\/v2\/posts"}],"about":[{"href":"https:\/\/rotario.com.br\/site\/wp-json\/wp\/v2\/types\/post"}],"author":[{"embeddable":true,"href":"https:\/\/rotario.com.br\/site\/wp-json\/wp\/v2\/users\/2"}],"replies":[{"embeddable":true,"href":"https:\/\/rotario.com.br\/site\/wp-json\/wp\/v2\/comments?post=33694"}],"version-history":[{"count":1,"href":"https:\/\/rotario.com.br\/site\/wp-json\/wp\/v2\/posts\/33694\/revisions"}],"predecessor-version":[{"id":33696,"href":"https:\/\/rotario.com.br\/site\/wp-json\/wp\/v2\/posts\/33694\/revisions\/33696"}],"wp:featuredmedia":[{"embeddable":true,"href":"https:\/\/rotario.com.br\/site\/wp-json\/wp\/v2\/media\/33695"}],"wp:attachment":[{"href":"https:\/\/rotario.com.br\/site\/wp-json\/wp\/v2\/media?parent=33694"}],"wp:term":[{"taxonomy":"category","embeddable":true,"href":"https:\/\/rotario.com.br\/site\/wp-json\/wp\/v2\/categories?post=33694"},{"taxonomy":"post_tag","embeddable":true,"href":"https:\/\/rotario.com.br\/site\/wp-json\/wp\/v2\/tags?post=33694"}],"curies":[{"name":"wp","href":"https:\/\/api.w.org\/{rel}","templated":true}]}}