{"id":33704,"date":"2026-03-06T11:52:13","date_gmt":"2026-03-06T14:52:13","guid":{"rendered":"https:\/\/rotario.com.br\/site\/?p=33704"},"modified":"2026-03-06T11:52:19","modified_gmt":"2026-03-06T14:52:19","slug":"setor-de-inteligencia-da-pm-captura-jovem-fugitivo-do-degase-em-macae","status":"publish","type":"post","link":"https:\/\/rotario.com.br\/site\/setor-de-inteligencia-da-pm-captura-jovem-fugitivo-do-degase-em-macae\/","title":{"rendered":"Setor de intelig\u00eancia da PM captura jovem fugitivo do DEGASE em Maca\u00e9"},"content":{"rendered":"\n<p>Agentes do setor de intelig\u00eancia da Pol\u00edcia Militar (PM) conseguiram capturar, em Maca\u00e9, um adolescente de 15 anos que estava fugido do sistema socioeducativo do Departamento Geral de A\u00e7\u00f5es Socioeducativas do Estado do Rio (DEGASE).<\/p>\n\n\n\n<p>Segundo a PM, o jovem, que responde por fato an\u00e1logo ao crime de tr\u00e1fico de drogas, foi detido na tarde dessa quinta-feira, 5, por agentes do Servi\u00e7o Reservado (P2), como \u00e9 chamado o setor de intelig\u00eancia da PM.<\/p>\n\n\n\n<p>Os policiais do 32\u00ba Batalh\u00e3o da Pol\u00edcia Militar (32\u00ba BPM) teriam encontrado o adolescente fugitivo na companhia de outro adolescente, no interior de uma lanchonete no bairro Parque Aeroporto.<\/p>\n\n\n\n<p>Depois de ser reconhecido pelos agentes, o jovem foi levado para a 123\u00aa Delegacia de Pol\u00edcia Civil (123\u00aa DP), de Maca\u00e9, onde permaneceu apreendido, aguardando transfer\u00eancia para retornar ao sistema socioeducativo do DEGASE.<\/p>\n","protected":false},"excerpt":{"rendered":"<p>Agentes do setor de intelig\u00eancia da Pol\u00edcia Militar (PM) conseguiram capturar, em Maca\u00e9, um adolescente de 15 anos que estava fugido do sistema socioeducativo do Departamento Geral de A\u00e7\u00f5es Socioeducativas do Estado do Rio (DEGASE). Segundo a PM, o jovem, que responde por fato an\u00e1logo ao crime de tr\u00e1fico de drogas, foi detido na tarde [&hellip;]<\/p>\n","protected":false},"author":2,"featured_media":33705,"comment_status":"open","ping_status":"closed","sticky":false,"template":"","format":"standard","meta":{"footnotes":""},"categories":[1160],"tags":[],"class_list":["post-33704","post","type-post","status-publish","format-standard","has-post-thumbnail","hentry","category-policia"],"yoast_head":"<!-- This site is optimized with the Yoast SEO plugin v26.5 - https:\/\/yoast.com\/wordpress\/plugins\/seo\/ -->\n<title>Setor de intelig\u00eancia da PM captura jovem fugitivo do DEGASE em Maca\u00e9 - Rota Rio<\/title>\n<meta name=\"robots\" content=\"index, follow, max-snippet:-1, max-image-preview:large, max-video-preview:-1\" \/>\n<link rel=\"canonical\" href=\"https:\/\/rotario.com.br\/site\/setor-de-inteligencia-da-pm-captura-jovem-fugitivo-do-degase-em-macae\/\" \/>\n<meta property=\"og:locale\" content=\"pt_BR\" \/>\n<meta property=\"og:type\" content=\"article\" \/>\n<meta property=\"og:title\" content=\"Setor de intelig\u00eancia da PM captura jovem fugitivo do DEGASE em Maca\u00e9 - Rota Rio\" \/>\n<meta property=\"og:description\" content=\"Agentes do setor de intelig\u00eancia da Pol\u00edcia Militar (PM) conseguiram capturar, em Maca\u00e9, um adolescente de 15 anos que estava fugido do sistema socioeducativo do Departamento Geral de A\u00e7\u00f5es Socioeducativas do Estado do Rio (DEGASE). Segundo a PM, o jovem, que responde por fato an\u00e1logo ao crime de tr\u00e1fico de drogas, foi detido na tarde [&hellip;]\" \/>\n<meta property=\"og:url\" content=\"https:\/\/rotario.com.br\/site\/setor-de-inteligencia-da-pm-captura-jovem-fugitivo-do-degase-em-macae\/\" \/>\n<meta property=\"og:site_name\" content=\"Rota Rio\" \/>\n<meta property=\"article:published_time\" content=\"2026-03-06T14:52:13+00:00\" \/>\n<meta property=\"article:modified_time\" content=\"2026-03-06T14:52:19+00:00\" \/>\n<meta property=\"og:image\" content=\"https:\/\/rotario.com.br\/site\/wp-content\/uploads\/2026\/03\/WhatsApp-Image-2026-03-06-at-10.23.34.jpeg\" \/>\n\t<meta property=\"og:image:width\" content=\"800\" \/>\n\t<meta property=\"og:image:height\" content=\"600\" \/>\n\t<meta property=\"og:image:type\" content=\"image\/jpeg\" \/>\n<meta name=\"author\" content=\"Galv\u00e3o\" \/>\n<meta name=\"twitter:card\" content=\"summary_large_image\" \/>\n<meta name=\"twitter:label1\" content=\"Escrito por\" \/>\n\t<meta name=\"twitter:data1\" content=\"Galv\u00e3o\" \/>\n\t<meta name=\"twitter:label2\" content=\"Est. tempo de leitura\" \/>\n\t<meta name=\"twitter:data2\" content=\"1 minuto\" \/>\n<script type=\"application\/ld+json\" class=\"yoast-schema-graph\">{\"@context\":\"https:\/\/schema.org\",\"@graph\":[{\"@type\":\"Article\",\"@id\":\"https:\/\/rotario.com.br\/site\/setor-de-inteligencia-da-pm-captura-jovem-fugitivo-do-degase-em-macae\/#article\",\"isPartOf\":{\"@id\":\"https:\/\/rotario.com.br\/site\/setor-de-inteligencia-da-pm-captura-jovem-fugitivo-do-degase-em-macae\/\"},\"author\":{\"name\":\"Galv\u00e3o\",\"@id\":\"https:\/\/rotario.com.br\/site\/#\/schema\/person\/fd89bbbf4136f7e8a21e0dd67b8a66c7\"},\"headline\":\"Setor de intelig\u00eancia da PM captura jovem fugitivo do DEGASE em Maca\u00e9\",\"datePublished\":\"2026-03-06T14:52:13+00:00\",\"dateModified\":\"2026-03-06T14:52:19+00:00\",\"mainEntityOfPage\":{\"@id\":\"https:\/\/rotario.com.br\/site\/setor-de-inteligencia-da-pm-captura-jovem-fugitivo-do-degase-em-macae\/\"},\"wordCount\":152,\"commentCount\":0,\"publisher\":{\"@id\":\"https:\/\/rotario.com.br\/site\/#organization\"},\"image\":{\"@id\":\"https:\/\/rotario.com.br\/site\/setor-de-inteligencia-da-pm-captura-jovem-fugitivo-do-degase-em-macae\/#primaryimage\"},\"thumbnailUrl\":\"https:\/\/rotario.com.br\/site\/wp-content\/uploads\/2026\/03\/WhatsApp-Image-2026-03-06-at-10.23.34.jpeg\",\"articleSection\":[\"Pol\u00edcia\"],\"inLanguage\":\"pt-BR\",\"potentialAction\":[{\"@type\":\"CommentAction\",\"name\":\"Comment\",\"target\":[\"https:\/\/rotario.com.br\/site\/setor-de-inteligencia-da-pm-captura-jovem-fugitivo-do-degase-em-macae\/#respond\"]}]},{\"@type\":\"WebPage\",\"@id\":\"https:\/\/rotario.com.br\/site\/setor-de-inteligencia-da-pm-captura-jovem-fugitivo-do-degase-em-macae\/\",\"url\":\"https:\/\/rotario.com.br\/site\/setor-de-inteligencia-da-pm-captura-jovem-fugitivo-do-degase-em-macae\/\",\"name\":\"Setor de intelig\u00eancia da PM captura jovem fugitivo do DEGASE em Maca\u00e9 - Rota Rio\",\"isPartOf\":{\"@id\":\"https:\/\/rotario.com.br\/site\/#website\"},\"primaryImageOfPage\":{\"@id\":\"https:\/\/rotario.com.br\/site\/setor-de-inteligencia-da-pm-captura-jovem-fugitivo-do-degase-em-macae\/#primaryimage\"},\"image\":{\"@id\":\"https:\/\/rotario.com.br\/site\/setor-de-inteligencia-da-pm-captura-jovem-fugitivo-do-degase-em-macae\/#primaryimage\"},\"thumbnailUrl\":\"https:\/\/rotario.com.br\/site\/wp-content\/uploads\/2026\/03\/WhatsApp-Image-2026-03-06-at-10.23.34.jpeg\",\"datePublished\":\"2026-03-06T14:52:13+00:00\",\"dateModified\":\"2026-03-06T14:52:19+00:00\",\"breadcrumb\":{\"@id\":\"https:\/\/rotario.com.br\/site\/setor-de-inteligencia-da-pm-captura-jovem-fugitivo-do-degase-em-macae\/#breadcrumb\"},\"inLanguage\":\"pt-BR\",\"potentialAction\":[{\"@type\":\"ReadAction\",\"target\":[\"https:\/\/rotario.com.br\/site\/setor-de-inteligencia-da-pm-captura-jovem-fugitivo-do-degase-em-macae\/\"]}]},{\"@type\":\"ImageObject\",\"inLanguage\":\"pt-BR\",\"@id\":\"https:\/\/rotario.com.br\/site\/setor-de-inteligencia-da-pm-captura-jovem-fugitivo-do-degase-em-macae\/#primaryimage\",\"url\":\"https:\/\/rotario.com.br\/site\/wp-content\/uploads\/2026\/03\/WhatsApp-Image-2026-03-06-at-10.23.34.jpeg\",\"contentUrl\":\"https:\/\/rotario.com.br\/site\/wp-content\/uploads\/2026\/03\/WhatsApp-Image-2026-03-06-at-10.23.34.jpeg\",\"width\":800,\"height\":600},{\"@type\":\"BreadcrumbList\",\"@id\":\"https:\/\/rotario.com.br\/site\/setor-de-inteligencia-da-pm-captura-jovem-fugitivo-do-degase-em-macae\/#breadcrumb\",\"itemListElement\":[{\"@type\":\"ListItem\",\"position\":1,\"name\":\"In\u00edcio\",\"item\":\"https:\/\/rotario.com.br\/site\/\"},{\"@type\":\"ListItem\",\"position\":2,\"name\":\"Setor de intelig\u00eancia da PM captura jovem fugitivo do DEGASE em Maca\u00e9\"}]},{\"@type\":\"WebSite\",\"@id\":\"https:\/\/rotario.com.br\/site\/#website\",\"url\":\"https:\/\/rotario.com.br\/site\/\",\"name\":\"Rota Rio\",\"description\":\"Aqui, o Rio de Janeiro \u00e9 a pauta!\",\"publisher\":{\"@id\":\"https:\/\/rotario.com.br\/site\/#organization\"},\"potentialAction\":[{\"@type\":\"SearchAction\",\"target\":{\"@type\":\"EntryPoint\",\"urlTemplate\":\"https:\/\/rotario.com.br\/site\/?s={search_term_string}\"},\"query-input\":{\"@type\":\"PropertyValueSpecification\",\"valueRequired\":true,\"valueName\":\"search_term_string\"}}],\"inLanguage\":\"pt-BR\"},{\"@type\":\"Organization\",\"@id\":\"https:\/\/rotario.com.br\/site\/#organization\",\"name\":\"Rota Rio\",\"url\":\"https:\/\/rotario.com.br\/site\/\",\"logo\":{\"@type\":\"ImageObject\",\"inLanguage\":\"pt-BR\",\"@id\":\"https:\/\/rotario.com.br\/site\/#\/schema\/logo\/image\/\",\"url\":\"https:\/\/rotario.com.br\/site\/wp-content\/uploads\/2022\/04\/cropped-ROTARIO-LOGO-Prancheta-1-1-2048x654-1.png\",\"contentUrl\":\"https:\/\/rotario.com.br\/site\/wp-content\/uploads\/2022\/04\/cropped-ROTARIO-LOGO-Prancheta-1-1-2048x654-1.png\",\"width\":2048,\"height\":654,\"caption\":\"Rota Rio\"},\"image\":{\"@id\":\"https:\/\/rotario.com.br\/site\/#\/schema\/logo\/image\/\"}},{\"@type\":\"Person\",\"@id\":\"https:\/\/rotario.com.br\/site\/#\/schema\/person\/fd89bbbf4136f7e8a21e0dd67b8a66c7\",\"name\":\"Galv\u00e3o\",\"url\":\"https:\/\/rotario.com.br\/site\/author\/daniel\/\"}]}<\/script>\n<!-- \/ Yoast SEO plugin. -->","yoast_head_json":{"title":"Setor de intelig\u00eancia da PM captura jovem fugitivo do DEGASE em Maca\u00e9 - Rota Rio","robots":{"index":"index","follow":"follow","max-snippet":"max-snippet:-1","max-image-preview":"max-image-preview:large","max-video-preview":"max-video-preview:-1"},"canonical":"https:\/\/rotario.com.br\/site\/setor-de-inteligencia-da-pm-captura-jovem-fugitivo-do-degase-em-macae\/","og_locale":"pt_BR","og_type":"article","og_title":"Setor de intelig\u00eancia da PM captura jovem fugitivo do DEGASE em Maca\u00e9 - Rota Rio","og_description":"Agentes do setor de intelig\u00eancia da Pol\u00edcia Militar (PM) conseguiram capturar, em Maca\u00e9, um adolescente de 15 anos que estava fugido do sistema socioeducativo do Departamento Geral de A\u00e7\u00f5es Socioeducativas do Estado do Rio (DEGASE). Segundo a PM, o jovem, que responde por fato an\u00e1logo ao crime de tr\u00e1fico de drogas, foi detido na tarde [&hellip;]","og_url":"https:\/\/rotario.com.br\/site\/setor-de-inteligencia-da-pm-captura-jovem-fugitivo-do-degase-em-macae\/","og_site_name":"Rota Rio","article_published_time":"2026-03-06T14:52:13+00:00","article_modified_time":"2026-03-06T14:52:19+00:00","og_image":[{"width":800,"height":600,"url":"https:\/\/rotario.com.br\/site\/wp-content\/uploads\/2026\/03\/WhatsApp-Image-2026-03-06-at-10.23.34.jpeg","type":"image\/jpeg"}],"author":"Galv\u00e3o","twitter_card":"summary_large_image","twitter_misc":{"Escrito por":"Galv\u00e3o","Est. tempo de leitura":"1 minuto"},"schema":{"@context":"https:\/\/schema.org","@graph":[{"@type":"Article","@id":"https:\/\/rotario.com.br\/site\/setor-de-inteligencia-da-pm-captura-jovem-fugitivo-do-degase-em-macae\/#article","isPartOf":{"@id":"https:\/\/rotario.com.br\/site\/setor-de-inteligencia-da-pm-captura-jovem-fugitivo-do-degase-em-macae\/"},"author":{"name":"Galv\u00e3o","@id":"https:\/\/rotario.com.br\/site\/#\/schema\/person\/fd89bbbf4136f7e8a21e0dd67b8a66c7"},"headline":"Setor de intelig\u00eancia da PM captura jovem fugitivo do DEGASE em Maca\u00e9","datePublished":"2026-03-06T14:52:13+00:00","dateModified":"2026-03-06T14:52:19+00:00","mainEntityOfPage":{"@id":"https:\/\/rotario.com.br\/site\/setor-de-inteligencia-da-pm-captura-jovem-fugitivo-do-degase-em-macae\/"},"wordCount":152,"commentCount":0,"publisher":{"@id":"https:\/\/rotario.com.br\/site\/#organization"},"image":{"@id":"https:\/\/rotario.com.br\/site\/setor-de-inteligencia-da-pm-captura-jovem-fugitivo-do-degase-em-macae\/#primaryimage"},"thumbnailUrl":"https:\/\/rotario.com.br\/site\/wp-content\/uploads\/2026\/03\/WhatsApp-Image-2026-03-06-at-10.23.34.jpeg","articleSection":["Pol\u00edcia"],"inLanguage":"pt-BR","potentialAction":[{"@type":"CommentAction","name":"Comment","target":["https:\/\/rotario.com.br\/site\/setor-de-inteligencia-da-pm-captura-jovem-fugitivo-do-degase-em-macae\/#respond"]}]},{"@type":"WebPage","@id":"https:\/\/rotario.com.br\/site\/setor-de-inteligencia-da-pm-captura-jovem-fugitivo-do-degase-em-macae\/","url":"https:\/\/rotario.com.br\/site\/setor-de-inteligencia-da-pm-captura-jovem-fugitivo-do-degase-em-macae\/","name":"Setor de intelig\u00eancia da PM captura jovem fugitivo do DEGASE em Maca\u00e9 - Rota Rio","isPartOf":{"@id":"https:\/\/rotario.com.br\/site\/#website"},"primaryImageOfPage":{"@id":"https:\/\/rotario.com.br\/site\/setor-de-inteligencia-da-pm-captura-jovem-fugitivo-do-degase-em-macae\/#primaryimage"},"image":{"@id":"https:\/\/rotario.com.br\/site\/setor-de-inteligencia-da-pm-captura-jovem-fugitivo-do-degase-em-macae\/#primaryimage"},"thumbnailUrl":"https:\/\/rotario.com.br\/site\/wp-content\/uploads\/2026\/03\/WhatsApp-Image-2026-03-06-at-10.23.34.jpeg","datePublished":"2026-03-06T14:52:13+00:00","dateModified":"2026-03-06T14:52:19+00:00","breadcrumb":{"@id":"https:\/\/rotario.com.br\/site\/setor-de-inteligencia-da-pm-captura-jovem-fugitivo-do-degase-em-macae\/#breadcrumb"},"inLanguage":"pt-BR","potentialAction":[{"@type":"ReadAction","target":["https:\/\/rotario.com.br\/site\/setor-de-inteligencia-da-pm-captura-jovem-fugitivo-do-degase-em-macae\/"]}]},{"@type":"ImageObject","inLanguage":"pt-BR","@id":"https:\/\/rotario.com.br\/site\/setor-de-inteligencia-da-pm-captura-jovem-fugitivo-do-degase-em-macae\/#primaryimage","url":"https:\/\/rotario.com.br\/site\/wp-content\/uploads\/2026\/03\/WhatsApp-Image-2026-03-06-at-10.23.34.jpeg","contentUrl":"https:\/\/rotario.com.br\/site\/wp-content\/uploads\/2026\/03\/WhatsApp-Image-2026-03-06-at-10.23.34.jpeg","width":800,"height":600},{"@type":"BreadcrumbList","@id":"https:\/\/rotario.com.br\/site\/setor-de-inteligencia-da-pm-captura-jovem-fugitivo-do-degase-em-macae\/#breadcrumb","itemListElement":[{"@type":"ListItem","position":1,"name":"In\u00edcio","item":"https:\/\/rotario.com.br\/site\/"},{"@type":"ListItem","position":2,"name":"Setor de intelig\u00eancia da PM captura jovem fugitivo do DEGASE em Maca\u00e9"}]},{"@type":"WebSite","@id":"https:\/\/rotario.com.br\/site\/#website","url":"https:\/\/rotario.com.br\/site\/","name":"Rota Rio","description":"Aqui, o Rio de Janeiro \u00e9 a pauta!","publisher":{"@id":"https:\/\/rotario.com.br\/site\/#organization"},"potentialAction":[{"@type":"SearchAction","target":{"@type":"EntryPoint","urlTemplate":"https:\/\/rotario.com.br\/site\/?s={search_term_string}"},"query-input":{"@type":"PropertyValueSpecification","valueRequired":true,"valueName":"search_term_string"}}],"inLanguage":"pt-BR"},{"@type":"Organization","@id":"https:\/\/rotario.com.br\/site\/#organization","name":"Rota Rio","url":"https:\/\/rotario.com.br\/site\/","logo":{"@type":"ImageObject","inLanguage":"pt-BR","@id":"https:\/\/rotario.com.br\/site\/#\/schema\/logo\/image\/","url":"https:\/\/rotario.com.br\/site\/wp-content\/uploads\/2022\/04\/cropped-ROTARIO-LOGO-Prancheta-1-1-2048x654-1.png","contentUrl":"https:\/\/rotario.com.br\/site\/wp-content\/uploads\/2022\/04\/cropped-ROTARIO-LOGO-Prancheta-1-1-2048x654-1.png","width":2048,"height":654,"caption":"Rota Rio"},"image":{"@id":"https:\/\/rotario.com.br\/site\/#\/schema\/logo\/image\/"}},{"@type":"Person","@id":"https:\/\/rotario.com.br\/site\/#\/schema\/person\/fd89bbbf4136f7e8a21e0dd67b8a66c7","name":"Galv\u00e3o","url":"https:\/\/rotario.com.br\/site\/author\/daniel\/"}]}},"_links":{"self":[{"href":"https:\/\/rotario.com.br\/site\/wp-json\/wp\/v2\/posts\/33704","targetHints":{"allow":["GET"]}}],"collection":[{"href":"https:\/\/rotario.com.br\/site\/wp-json\/wp\/v2\/posts"}],"about":[{"href":"https:\/\/rotario.com.br\/site\/wp-json\/wp\/v2\/types\/post"}],"author":[{"embeddable":true,"href":"https:\/\/rotario.com.br\/site\/wp-json\/wp\/v2\/users\/2"}],"replies":[{"embeddable":true,"href":"https:\/\/rotario.com.br\/site\/wp-json\/wp\/v2\/comments?post=33704"}],"version-history":[{"count":1,"href":"https:\/\/rotario.com.br\/site\/wp-json\/wp\/v2\/posts\/33704\/revisions"}],"predecessor-version":[{"id":33706,"href":"https:\/\/rotario.com.br\/site\/wp-json\/wp\/v2\/posts\/33704\/revisions\/33706"}],"wp:featuredmedia":[{"embeddable":true,"href":"https:\/\/rotario.com.br\/site\/wp-json\/wp\/v2\/media\/33705"}],"wp:attachment":[{"href":"https:\/\/rotario.com.br\/site\/wp-json\/wp\/v2\/media?parent=33704"}],"wp:term":[{"taxonomy":"category","embeddable":true,"href":"https:\/\/rotario.com.br\/site\/wp-json\/wp\/v2\/categories?post=33704"},{"taxonomy":"post_tag","embeddable":true,"href":"https:\/\/rotario.com.br\/site\/wp-json\/wp\/v2\/tags?post=33704"}],"curies":[{"name":"wp","href":"https:\/\/api.w.org\/{rel}","templated":true}]}}