{"id":33728,"date":"2026-03-06T16:10:28","date_gmt":"2026-03-06T19:10:28","guid":{"rendered":"https:\/\/rotario.com.br\/site\/?p=33728"},"modified":"2026-03-06T16:10:34","modified_gmt":"2026-03-06T19:10:34","slug":"prefeitura-e-camara-se-unem-em-forum-para-discutir-revitalizacao-do-centro-de-macae","status":"publish","type":"post","link":"https:\/\/rotario.com.br\/site\/prefeitura-e-camara-se-unem-em-forum-para-discutir-revitalizacao-do-centro-de-macae\/","title":{"rendered":"Prefeitura e C\u00e2mara se unem em f\u00f3rum para discutir revitaliza\u00e7\u00e3o do centro de Maca\u00e9"},"content":{"rendered":"\n<p>A C\u00e2mara Municipal de Maca\u00e9 recebeu, nessa quinta-feira, 5, um importante debate sobre a revitaliza\u00e7\u00e3o da regi\u00e3o central da cidade, discutindo quest\u00f5es como a recupera\u00e7\u00e3o econ\u00f4mica, tur\u00edstica e cultural.<\/p>\n\n\n\n<p>O encontro aconteceu durante o I F\u00f3rum Maca\u00e9 Requalificar o Centro, realizado nessa semana, com uma programa\u00e7\u00e3o que contou com palestras de especialistas, pain\u00e9is tem\u00e1ticos e espa\u00e7o aberto para participa\u00e7\u00e3o popular.<\/p>\n\n\n\n<p>Promovido pela Frente Parlamentar de Fomento ao Desenvolvimento Econ\u00f4mico e Cultural da Regi\u00e3o Central de Maca\u00e9, presidida pelo vereador Luciano Diniz (CIDADANIA), o evento contou com a participa\u00e7\u00e3o de representantes do Executivo e do Legislativo, al\u00e9m do Servi\u00e7o Brasileiro de Apoio \u00e0s Micro e Pequenas Empresas (Sebrae) e do Conselho Regional de Engenharia e Agronomia do Rio (CREA-RJ).<\/p>\n\n\n\n<p>Al\u00e9m de Luciano Diniz, a mesa de abertura do evento for formada pelos vereadores, Ricardo Salgado (MDB), Leandra Lopes (PT) e Manu Rezende (MDB).<\/p>\n\n\n\n<p>Participaram da mesa ainda a chefe de gabinete da Secretaria de Desenvolvimento Econ\u00f4mico, Mariana Previtali, a coordenadora de Desenvolvimento Territorial do Sebrae, Fl\u00e1via Guedes, e o presidente do CREA-RJ, Miguel Alvarenga.<\/p>\n\n\n\n<p>\u201cEste F\u00f3rum \u00e9 um passo fundamental para consolidar um plano de a\u00e7\u00f5es voltadas \u00e0 revitaliza\u00e7\u00e3o cultural, econ\u00f4mica e tur\u00edstica do Centro dentro da identidade que o munic\u00edpio j\u00e1 tem. Esta \u00e9 uma grande oportunidade para provocar reflex\u00f5es e firmar compromissos para o desenvolvimento do centro de nossa cidade\u201d, avaliou Mariana Previtali, que representou o secret\u00e1rio de Desenvolvimento Econ\u00f4mico, Rodrigo Vianna.<\/p>\n\n\n\n<p>Para o presidente da mesa e da Frente Parlamentar, Luciano Diniz, o debate \u00e9 importante por acompanhar fen\u00f4menos observados em outros centros urbanos pelo pa\u00eds e fora dele, discutindo solu\u00e7\u00f5es para a revitalizar um local hist\u00f3rico para a cidade.<\/p>\n\n\n\n<p>\u201cObservamos a desertifica\u00e7\u00e3o do centro de Maca\u00e9, um fen\u00f4meno semelhante ao que ocorreu em centros urbanos de m\u00e9dio e grande porte em todo o mundo. A mudan\u00e7a nos h\u00e1bitos de consumo, com o aumento das compras online em detrimento das lojas f\u00edsicas, \u00e9 um fen\u00f4meno quase irrevers\u00edvel. Esse \u00e9 um dos fatores que identificamos. Diante desse cen\u00e1rio, diversos munic\u00edpios buscaram alternativas, incluindo a revitaliza\u00e7\u00e3o urbana\u201d, explicou Luciano Diniz.<\/p>\n\n\n\n<p>Para ampliar o debate sobre o tema, o historiador e professor doutor Meynardo Carvalho, diretor do Centro Cultural do Legislativo, que funciona no antigo pr\u00e9dio hist\u00f3ria da C\u00e2mara, no Centro, apresentou um painel chamado \u201cVelhos Centros, Novas Solu\u00e7\u00f5es\u201d, trazendo apontamentos e quest\u00f5es.<\/p>\n\n\n\n<p>O debate reuniu o professor doutor Jos\u00e9 Rodrigues, diretor da Escola de Engenharia da Universidade Federal Fluminense (UFF), o diretor de opera\u00e7\u00f5es da Alian\u00e7a Cidade, Francisco Salvador, o engenheiro civil e urbanista S\u00e9rgio Dias, da Sensus Consultorias e Projetos, e a coordenadora de Desenvolvimento Territorial do Sebrae, Fl\u00e1via Guedes.<\/p>\n\n\n\n<p>Entre as propostas apresentadas no evento, estiveram algumas consideradas refer\u00eancia nacional em requalifica\u00e7\u00e3o urbana, como a experi\u00eancia da Alian\u00e7a Cidade, no Rio, e o Recentro, desenvolvido em Recife, em Pernambuco (PE), com uma palestra conduzida pela chefe de gabinete do Centro Hist\u00f3rico de Recife, Ana Paula Vila\u00e7a.<\/p>\n\n\n\n<p>Segundo a arquiteta, que \u00e9 mestra em planejamento urbano e p\u00f3s-graduada em reabilita\u00e7\u00e3o de centros hist\u00f3ricos, na capital pernambucana, o processo apostou em investimentos imobili\u00e1rios e em moradias de interesse social.<\/p>\n\n\n\n<p>\u201cFizemos uma pesquisa em Recife e 50% das pessoas disseram que gostariam de morar no Centro\u201d, contou Ana Paula Vila\u00e7a, acrescentando que \u201ctemos em nossa regi\u00e3o a comunidade de Pilar, com popula\u00e7\u00e3o de baixa renda\u201d.<\/p>\n\n\n\n<p>O evento contou ainda com a presen\u00e7a de figuras importantes da pol\u00edtica e da hist\u00f3ria da cidade, como o atual presidente da C\u00e2mara de Maca\u00e9, o vereador Alan Mansur (CIDADANIA), e a ex-vereadora e ex-vice-prefeita, Marilena Garcia.<\/p>\n\n\n\n<p>\u201cA iniciativa refor\u00e7a o debate sobre a import\u00e2ncia de repensar os centros urbanos como espa\u00e7os de conviv\u00eancia, desenvolvimento econ\u00f4mico e valoriza\u00e7\u00e3o cultural, buscando solu\u00e7\u00f5es integradas que envolvam poder p\u00fablico e sociedade\u201d, afirmou a prefeitura.<\/p>\n","protected":false},"excerpt":{"rendered":"<p>A C\u00e2mara Municipal de Maca\u00e9 recebeu, nessa quinta-feira, 5, um importante debate sobre a revitaliza\u00e7\u00e3o da regi\u00e3o central da cidade, discutindo quest\u00f5es como a recupera\u00e7\u00e3o econ\u00f4mica, tur\u00edstica e cultural. O encontro aconteceu durante o I F\u00f3rum Maca\u00e9 Requalificar o Centro, realizado nessa semana, com uma programa\u00e7\u00e3o que contou com palestras de especialistas, pain\u00e9is tem\u00e1ticos e [&hellip;]<\/p>\n","protected":false},"author":2,"featured_media":33729,"comment_status":"open","ping_status":"closed","sticky":false,"template":"","format":"standard","meta":{"footnotes":""},"categories":[119,52],"tags":[],"class_list":["post-33728","post","type-post","status-publish","format-standard","has-post-thumbnail","hentry","category-macae-costa-do-sol","category-macae"],"yoast_head":"<!-- This site is optimized with the Yoast SEO plugin v26.5 - https:\/\/yoast.com\/wordpress\/plugins\/seo\/ -->\n<title>Prefeitura e C\u00e2mara se unem em f\u00f3rum para discutir revitaliza\u00e7\u00e3o do centro de Maca\u00e9 - Rota Rio<\/title>\n<meta name=\"robots\" content=\"index, follow, max-snippet:-1, max-image-preview:large, max-video-preview:-1\" \/>\n<link rel=\"canonical\" href=\"https:\/\/rotario.com.br\/site\/prefeitura-e-camara-se-unem-em-forum-para-discutir-revitalizacao-do-centro-de-macae\/\" \/>\n<meta property=\"og:locale\" content=\"pt_BR\" \/>\n<meta property=\"og:type\" content=\"article\" \/>\n<meta property=\"og:title\" content=\"Prefeitura e C\u00e2mara se unem em f\u00f3rum para discutir revitaliza\u00e7\u00e3o do centro de Maca\u00e9 - Rota Rio\" \/>\n<meta property=\"og:description\" content=\"A C\u00e2mara Municipal de Maca\u00e9 recebeu, nessa quinta-feira, 5, um importante debate sobre a revitaliza\u00e7\u00e3o da regi\u00e3o central da cidade, discutindo quest\u00f5es como a recupera\u00e7\u00e3o econ\u00f4mica, tur\u00edstica e cultural. O encontro aconteceu durante o I F\u00f3rum Maca\u00e9 Requalificar o Centro, realizado nessa semana, com uma programa\u00e7\u00e3o que contou com palestras de especialistas, pain\u00e9is tem\u00e1ticos e [&hellip;]\" \/>\n<meta property=\"og:url\" content=\"https:\/\/rotario.com.br\/site\/prefeitura-e-camara-se-unem-em-forum-para-discutir-revitalizacao-do-centro-de-macae\/\" \/>\n<meta property=\"og:site_name\" content=\"Rota Rio\" \/>\n<meta property=\"article:published_time\" content=\"2026-03-06T19:10:28+00:00\" \/>\n<meta property=\"article:modified_time\" content=\"2026-03-06T19:10:34+00:00\" \/>\n<meta property=\"og:image\" content=\"https:\/\/rotario.com.br\/site\/wp-content\/uploads\/2026\/03\/WhatsApp-Image-2026-03-06-at-15.14.25.jpeg\" \/>\n\t<meta property=\"og:image:width\" content=\"1417\" \/>\n\t<meta property=\"og:image:height\" content=\"945\" \/>\n\t<meta property=\"og:image:type\" content=\"image\/jpeg\" \/>\n<meta name=\"author\" content=\"Galv\u00e3o\" \/>\n<meta name=\"twitter:card\" content=\"summary_large_image\" \/>\n<meta name=\"twitter:label1\" content=\"Escrito por\" \/>\n\t<meta name=\"twitter:data1\" content=\"Galv\u00e3o\" \/>\n\t<meta name=\"twitter:label2\" content=\"Est. tempo de leitura\" \/>\n\t<meta name=\"twitter:data2\" content=\"4 minutos\" \/>\n<script type=\"application\/ld+json\" class=\"yoast-schema-graph\">{\"@context\":\"https:\/\/schema.org\",\"@graph\":[{\"@type\":\"Article\",\"@id\":\"https:\/\/rotario.com.br\/site\/prefeitura-e-camara-se-unem-em-forum-para-discutir-revitalizacao-do-centro-de-macae\/#article\",\"isPartOf\":{\"@id\":\"https:\/\/rotario.com.br\/site\/prefeitura-e-camara-se-unem-em-forum-para-discutir-revitalizacao-do-centro-de-macae\/\"},\"author\":{\"name\":\"Galv\u00e3o\",\"@id\":\"https:\/\/rotario.com.br\/site\/#\/schema\/person\/fd89bbbf4136f7e8a21e0dd67b8a66c7\"},\"headline\":\"Prefeitura e C\u00e2mara se unem em f\u00f3rum para discutir revitaliza\u00e7\u00e3o do centro de Maca\u00e9\",\"datePublished\":\"2026-03-06T19:10:28+00:00\",\"dateModified\":\"2026-03-06T19:10:34+00:00\",\"mainEntityOfPage\":{\"@id\":\"https:\/\/rotario.com.br\/site\/prefeitura-e-camara-se-unem-em-forum-para-discutir-revitalizacao-do-centro-de-macae\/\"},\"wordCount\":702,\"commentCount\":0,\"publisher\":{\"@id\":\"https:\/\/rotario.com.br\/site\/#organization\"},\"image\":{\"@id\":\"https:\/\/rotario.com.br\/site\/prefeitura-e-camara-se-unem-em-forum-para-discutir-revitalizacao-do-centro-de-macae\/#primaryimage\"},\"thumbnailUrl\":\"https:\/\/rotario.com.br\/site\/wp-content\/uploads\/2026\/03\/WhatsApp-Image-2026-03-06-at-15.14.25.jpeg\",\"articleSection\":[\"Maca\u00e9\",\"Maca\u00e9\"],\"inLanguage\":\"pt-BR\",\"potentialAction\":[{\"@type\":\"CommentAction\",\"name\":\"Comment\",\"target\":[\"https:\/\/rotario.com.br\/site\/prefeitura-e-camara-se-unem-em-forum-para-discutir-revitalizacao-do-centro-de-macae\/#respond\"]}]},{\"@type\":\"WebPage\",\"@id\":\"https:\/\/rotario.com.br\/site\/prefeitura-e-camara-se-unem-em-forum-para-discutir-revitalizacao-do-centro-de-macae\/\",\"url\":\"https:\/\/rotario.com.br\/site\/prefeitura-e-camara-se-unem-em-forum-para-discutir-revitalizacao-do-centro-de-macae\/\",\"name\":\"Prefeitura e C\u00e2mara se unem em f\u00f3rum para discutir revitaliza\u00e7\u00e3o do centro de Maca\u00e9 - Rota Rio\",\"isPartOf\":{\"@id\":\"https:\/\/rotario.com.br\/site\/#website\"},\"primaryImageOfPage\":{\"@id\":\"https:\/\/rotario.com.br\/site\/prefeitura-e-camara-se-unem-em-forum-para-discutir-revitalizacao-do-centro-de-macae\/#primaryimage\"},\"image\":{\"@id\":\"https:\/\/rotario.com.br\/site\/prefeitura-e-camara-se-unem-em-forum-para-discutir-revitalizacao-do-centro-de-macae\/#primaryimage\"},\"thumbnailUrl\":\"https:\/\/rotario.com.br\/site\/wp-content\/uploads\/2026\/03\/WhatsApp-Image-2026-03-06-at-15.14.25.jpeg\",\"datePublished\":\"2026-03-06T19:10:28+00:00\",\"dateModified\":\"2026-03-06T19:10:34+00:00\",\"breadcrumb\":{\"@id\":\"https:\/\/rotario.com.br\/site\/prefeitura-e-camara-se-unem-em-forum-para-discutir-revitalizacao-do-centro-de-macae\/#breadcrumb\"},\"inLanguage\":\"pt-BR\",\"potentialAction\":[{\"@type\":\"ReadAction\",\"target\":[\"https:\/\/rotario.com.br\/site\/prefeitura-e-camara-se-unem-em-forum-para-discutir-revitalizacao-do-centro-de-macae\/\"]}]},{\"@type\":\"ImageObject\",\"inLanguage\":\"pt-BR\",\"@id\":\"https:\/\/rotario.com.br\/site\/prefeitura-e-camara-se-unem-em-forum-para-discutir-revitalizacao-do-centro-de-macae\/#primaryimage\",\"url\":\"https:\/\/rotario.com.br\/site\/wp-content\/uploads\/2026\/03\/WhatsApp-Image-2026-03-06-at-15.14.25.jpeg\",\"contentUrl\":\"https:\/\/rotario.com.br\/site\/wp-content\/uploads\/2026\/03\/WhatsApp-Image-2026-03-06-at-15.14.25.jpeg\",\"width\":1417,\"height\":945},{\"@type\":\"BreadcrumbList\",\"@id\":\"https:\/\/rotario.com.br\/site\/prefeitura-e-camara-se-unem-em-forum-para-discutir-revitalizacao-do-centro-de-macae\/#breadcrumb\",\"itemListElement\":[{\"@type\":\"ListItem\",\"position\":1,\"name\":\"In\u00edcio\",\"item\":\"https:\/\/rotario.com.br\/site\/\"},{\"@type\":\"ListItem\",\"position\":2,\"name\":\"Prefeitura e C\u00e2mara se unem em f\u00f3rum para discutir revitaliza\u00e7\u00e3o do centro de Maca\u00e9\"}]},{\"@type\":\"WebSite\",\"@id\":\"https:\/\/rotario.com.br\/site\/#website\",\"url\":\"https:\/\/rotario.com.br\/site\/\",\"name\":\"Rota Rio\",\"description\":\"Aqui, o Rio de Janeiro \u00e9 a pauta!\",\"publisher\":{\"@id\":\"https:\/\/rotario.com.br\/site\/#organization\"},\"potentialAction\":[{\"@type\":\"SearchAction\",\"target\":{\"@type\":\"EntryPoint\",\"urlTemplate\":\"https:\/\/rotario.com.br\/site\/?s={search_term_string}\"},\"query-input\":{\"@type\":\"PropertyValueSpecification\",\"valueRequired\":true,\"valueName\":\"search_term_string\"}}],\"inLanguage\":\"pt-BR\"},{\"@type\":\"Organization\",\"@id\":\"https:\/\/rotario.com.br\/site\/#organization\",\"name\":\"Rota Rio\",\"url\":\"https:\/\/rotario.com.br\/site\/\",\"logo\":{\"@type\":\"ImageObject\",\"inLanguage\":\"pt-BR\",\"@id\":\"https:\/\/rotario.com.br\/site\/#\/schema\/logo\/image\/\",\"url\":\"https:\/\/rotario.com.br\/site\/wp-content\/uploads\/2022\/04\/cropped-ROTARIO-LOGO-Prancheta-1-1-2048x654-1.png\",\"contentUrl\":\"https:\/\/rotario.com.br\/site\/wp-content\/uploads\/2022\/04\/cropped-ROTARIO-LOGO-Prancheta-1-1-2048x654-1.png\",\"width\":2048,\"height\":654,\"caption\":\"Rota Rio\"},\"image\":{\"@id\":\"https:\/\/rotario.com.br\/site\/#\/schema\/logo\/image\/\"}},{\"@type\":\"Person\",\"@id\":\"https:\/\/rotario.com.br\/site\/#\/schema\/person\/fd89bbbf4136f7e8a21e0dd67b8a66c7\",\"name\":\"Galv\u00e3o\",\"url\":\"https:\/\/rotario.com.br\/site\/author\/daniel\/\"}]}<\/script>\n<!-- \/ Yoast SEO plugin. -->","yoast_head_json":{"title":"Prefeitura e C\u00e2mara se unem em f\u00f3rum para discutir revitaliza\u00e7\u00e3o do centro de Maca\u00e9 - Rota Rio","robots":{"index":"index","follow":"follow","max-snippet":"max-snippet:-1","max-image-preview":"max-image-preview:large","max-video-preview":"max-video-preview:-1"},"canonical":"https:\/\/rotario.com.br\/site\/prefeitura-e-camara-se-unem-em-forum-para-discutir-revitalizacao-do-centro-de-macae\/","og_locale":"pt_BR","og_type":"article","og_title":"Prefeitura e C\u00e2mara se unem em f\u00f3rum para discutir revitaliza\u00e7\u00e3o do centro de Maca\u00e9 - Rota Rio","og_description":"A C\u00e2mara Municipal de Maca\u00e9 recebeu, nessa quinta-feira, 5, um importante debate sobre a revitaliza\u00e7\u00e3o da regi\u00e3o central da cidade, discutindo quest\u00f5es como a recupera\u00e7\u00e3o econ\u00f4mica, tur\u00edstica e cultural. O encontro aconteceu durante o I F\u00f3rum Maca\u00e9 Requalificar o Centro, realizado nessa semana, com uma programa\u00e7\u00e3o que contou com palestras de especialistas, pain\u00e9is tem\u00e1ticos e [&hellip;]","og_url":"https:\/\/rotario.com.br\/site\/prefeitura-e-camara-se-unem-em-forum-para-discutir-revitalizacao-do-centro-de-macae\/","og_site_name":"Rota Rio","article_published_time":"2026-03-06T19:10:28+00:00","article_modified_time":"2026-03-06T19:10:34+00:00","og_image":[{"width":1417,"height":945,"url":"https:\/\/rotario.com.br\/site\/wp-content\/uploads\/2026\/03\/WhatsApp-Image-2026-03-06-at-15.14.25.jpeg","type":"image\/jpeg"}],"author":"Galv\u00e3o","twitter_card":"summary_large_image","twitter_misc":{"Escrito por":"Galv\u00e3o","Est. tempo de leitura":"4 minutos"},"schema":{"@context":"https:\/\/schema.org","@graph":[{"@type":"Article","@id":"https:\/\/rotario.com.br\/site\/prefeitura-e-camara-se-unem-em-forum-para-discutir-revitalizacao-do-centro-de-macae\/#article","isPartOf":{"@id":"https:\/\/rotario.com.br\/site\/prefeitura-e-camara-se-unem-em-forum-para-discutir-revitalizacao-do-centro-de-macae\/"},"author":{"name":"Galv\u00e3o","@id":"https:\/\/rotario.com.br\/site\/#\/schema\/person\/fd89bbbf4136f7e8a21e0dd67b8a66c7"},"headline":"Prefeitura e C\u00e2mara se unem em f\u00f3rum para discutir revitaliza\u00e7\u00e3o do centro de Maca\u00e9","datePublished":"2026-03-06T19:10:28+00:00","dateModified":"2026-03-06T19:10:34+00:00","mainEntityOfPage":{"@id":"https:\/\/rotario.com.br\/site\/prefeitura-e-camara-se-unem-em-forum-para-discutir-revitalizacao-do-centro-de-macae\/"},"wordCount":702,"commentCount":0,"publisher":{"@id":"https:\/\/rotario.com.br\/site\/#organization"},"image":{"@id":"https:\/\/rotario.com.br\/site\/prefeitura-e-camara-se-unem-em-forum-para-discutir-revitalizacao-do-centro-de-macae\/#primaryimage"},"thumbnailUrl":"https:\/\/rotario.com.br\/site\/wp-content\/uploads\/2026\/03\/WhatsApp-Image-2026-03-06-at-15.14.25.jpeg","articleSection":["Maca\u00e9","Maca\u00e9"],"inLanguage":"pt-BR","potentialAction":[{"@type":"CommentAction","name":"Comment","target":["https:\/\/rotario.com.br\/site\/prefeitura-e-camara-se-unem-em-forum-para-discutir-revitalizacao-do-centro-de-macae\/#respond"]}]},{"@type":"WebPage","@id":"https:\/\/rotario.com.br\/site\/prefeitura-e-camara-se-unem-em-forum-para-discutir-revitalizacao-do-centro-de-macae\/","url":"https:\/\/rotario.com.br\/site\/prefeitura-e-camara-se-unem-em-forum-para-discutir-revitalizacao-do-centro-de-macae\/","name":"Prefeitura e C\u00e2mara se unem em f\u00f3rum para discutir revitaliza\u00e7\u00e3o do centro de Maca\u00e9 - Rota Rio","isPartOf":{"@id":"https:\/\/rotario.com.br\/site\/#website"},"primaryImageOfPage":{"@id":"https:\/\/rotario.com.br\/site\/prefeitura-e-camara-se-unem-em-forum-para-discutir-revitalizacao-do-centro-de-macae\/#primaryimage"},"image":{"@id":"https:\/\/rotario.com.br\/site\/prefeitura-e-camara-se-unem-em-forum-para-discutir-revitalizacao-do-centro-de-macae\/#primaryimage"},"thumbnailUrl":"https:\/\/rotario.com.br\/site\/wp-content\/uploads\/2026\/03\/WhatsApp-Image-2026-03-06-at-15.14.25.jpeg","datePublished":"2026-03-06T19:10:28+00:00","dateModified":"2026-03-06T19:10:34+00:00","breadcrumb":{"@id":"https:\/\/rotario.com.br\/site\/prefeitura-e-camara-se-unem-em-forum-para-discutir-revitalizacao-do-centro-de-macae\/#breadcrumb"},"inLanguage":"pt-BR","potentialAction":[{"@type":"ReadAction","target":["https:\/\/rotario.com.br\/site\/prefeitura-e-camara-se-unem-em-forum-para-discutir-revitalizacao-do-centro-de-macae\/"]}]},{"@type":"ImageObject","inLanguage":"pt-BR","@id":"https:\/\/rotario.com.br\/site\/prefeitura-e-camara-se-unem-em-forum-para-discutir-revitalizacao-do-centro-de-macae\/#primaryimage","url":"https:\/\/rotario.com.br\/site\/wp-content\/uploads\/2026\/03\/WhatsApp-Image-2026-03-06-at-15.14.25.jpeg","contentUrl":"https:\/\/rotario.com.br\/site\/wp-content\/uploads\/2026\/03\/WhatsApp-Image-2026-03-06-at-15.14.25.jpeg","width":1417,"height":945},{"@type":"BreadcrumbList","@id":"https:\/\/rotario.com.br\/site\/prefeitura-e-camara-se-unem-em-forum-para-discutir-revitalizacao-do-centro-de-macae\/#breadcrumb","itemListElement":[{"@type":"ListItem","position":1,"name":"In\u00edcio","item":"https:\/\/rotario.com.br\/site\/"},{"@type":"ListItem","position":2,"name":"Prefeitura e C\u00e2mara se unem em f\u00f3rum para discutir revitaliza\u00e7\u00e3o do centro de Maca\u00e9"}]},{"@type":"WebSite","@id":"https:\/\/rotario.com.br\/site\/#website","url":"https:\/\/rotario.com.br\/site\/","name":"Rota Rio","description":"Aqui, o Rio de Janeiro \u00e9 a pauta!","publisher":{"@id":"https:\/\/rotario.com.br\/site\/#organization"},"potentialAction":[{"@type":"SearchAction","target":{"@type":"EntryPoint","urlTemplate":"https:\/\/rotario.com.br\/site\/?s={search_term_string}"},"query-input":{"@type":"PropertyValueSpecification","valueRequired":true,"valueName":"search_term_string"}}],"inLanguage":"pt-BR"},{"@type":"Organization","@id":"https:\/\/rotario.com.br\/site\/#organization","name":"Rota Rio","url":"https:\/\/rotario.com.br\/site\/","logo":{"@type":"ImageObject","inLanguage":"pt-BR","@id":"https:\/\/rotario.com.br\/site\/#\/schema\/logo\/image\/","url":"https:\/\/rotario.com.br\/site\/wp-content\/uploads\/2022\/04\/cropped-ROTARIO-LOGO-Prancheta-1-1-2048x654-1.png","contentUrl":"https:\/\/rotario.com.br\/site\/wp-content\/uploads\/2022\/04\/cropped-ROTARIO-LOGO-Prancheta-1-1-2048x654-1.png","width":2048,"height":654,"caption":"Rota Rio"},"image":{"@id":"https:\/\/rotario.com.br\/site\/#\/schema\/logo\/image\/"}},{"@type":"Person","@id":"https:\/\/rotario.com.br\/site\/#\/schema\/person\/fd89bbbf4136f7e8a21e0dd67b8a66c7","name":"Galv\u00e3o","url":"https:\/\/rotario.com.br\/site\/author\/daniel\/"}]}},"_links":{"self":[{"href":"https:\/\/rotario.com.br\/site\/wp-json\/wp\/v2\/posts\/33728","targetHints":{"allow":["GET"]}}],"collection":[{"href":"https:\/\/rotario.com.br\/site\/wp-json\/wp\/v2\/posts"}],"about":[{"href":"https:\/\/rotario.com.br\/site\/wp-json\/wp\/v2\/types\/post"}],"author":[{"embeddable":true,"href":"https:\/\/rotario.com.br\/site\/wp-json\/wp\/v2\/users\/2"}],"replies":[{"embeddable":true,"href":"https:\/\/rotario.com.br\/site\/wp-json\/wp\/v2\/comments?post=33728"}],"version-history":[{"count":1,"href":"https:\/\/rotario.com.br\/site\/wp-json\/wp\/v2\/posts\/33728\/revisions"}],"predecessor-version":[{"id":33730,"href":"https:\/\/rotario.com.br\/site\/wp-json\/wp\/v2\/posts\/33728\/revisions\/33730"}],"wp:featuredmedia":[{"embeddable":true,"href":"https:\/\/rotario.com.br\/site\/wp-json\/wp\/v2\/media\/33729"}],"wp:attachment":[{"href":"https:\/\/rotario.com.br\/site\/wp-json\/wp\/v2\/media?parent=33728"}],"wp:term":[{"taxonomy":"category","embeddable":true,"href":"https:\/\/rotario.com.br\/site\/wp-json\/wp\/v2\/categories?post=33728"},{"taxonomy":"post_tag","embeddable":true,"href":"https:\/\/rotario.com.br\/site\/wp-json\/wp\/v2\/tags?post=33728"}],"curies":[{"name":"wp","href":"https:\/\/api.w.org\/{rel}","templated":true}]}}