{"id":33735,"date":"2026-03-06T16:53:46","date_gmt":"2026-03-06T19:53:46","guid":{"rendered":"https:\/\/rotario.com.br\/site\/?p=33735"},"modified":"2026-03-06T16:53:51","modified_gmt":"2026-03-06T19:53:51","slug":"parceria-com-o-estado-garante-apoio-em-acoes-de-recuperacao-de-rio-das-ostras-depois-das-chuvas","status":"publish","type":"post","link":"https:\/\/rotario.com.br\/site\/parceria-com-o-estado-garante-apoio-em-acoes-de-recuperacao-de-rio-das-ostras-depois-das-chuvas\/","title":{"rendered":"Parceria com o Estado garante apoio em a\u00e7\u00f5es de recupera\u00e7\u00e3o de Rio das Ostras depois das chuvas"},"content":{"rendered":"\n<p>A Prefeitura de Rio das Ostras segue trabalhando em a\u00e7\u00f5es de recupera\u00e7\u00e3o de \u00e1reas afetadas pelas fortes chuvas que ca\u00edram recentemente na cidade, com a limpeza de canais visando o escoamento das \u00e1guas e a preven\u00e7\u00e3o de novos alagamentos.<\/p>\n\n\n\n<p>Nessa semana, equipes do munic\u00edpio atuaram na Rua Jos\u00e9 de Mattos, no Nova Esperan\u00e7a, na Rua Barbosa Lima Sobrinho, na Enseada das Gaivotas, e no Canal das Corujas, no Nova Cidade.<\/p>\n\n\n\n<p>Entre as a\u00e7\u00f5es realizadas estiveram a recupera\u00e7\u00e3o de uma caixa central da rede de drenagem, que cedeu em fun\u00e7\u00e3o do grande volume de chuvas dos \u00faltimos dias, e a limpeza de canais que registraram ac\u00famulo muito grande de \u00e1gua.<\/p>\n\n\n\n<p>Realizado de forma emergencial, o trabalho das equipes de servi\u00e7os p\u00fablicos contou com o apoio de escavadeira e maquin\u00e1rio pesado, com objetivo de acelerar as a\u00e7\u00f5es e viabilizar o escoamento com maior fluxo nos locais mais atingidos.<\/p>\n\n\n\n<p>\u201cO ac\u00famulo de \u00e1gua nos canais \u00e9 agravado pelo descarte irregular de lixo, m\u00f3veis, entulhos e outros inserv\u00edveis descartados irregularmente no corpo h\u00eddrico. O trabalho de limpeza de canais est\u00e1 sendo feito pelo munic\u00edpio com apoio do maquin\u00e1rio enviado pelo Governo do Estado, em fun\u00e7\u00e3o da situa\u00e7\u00e3o de emerg\u00eancia ocasionada pelas fortes chuvas na cidade\u201d, explicou a prefeitura.<\/p>\n\n\n\n<p>Al\u00e9m dos trabalhos de limpeza de canais, a prefeitura vem atuando tamb\u00e9m no nivelamento e desobstru\u00e7\u00e3o de vias n\u00e3o pavimentadas nos bairros Praiamar, Enseada das Gaivotas, Terra Firme, Jardim Bela Vista, Ouro Verde, \u00c2ncora, Village e Ch\u00e1cara Maril\u00e9a, com avalia\u00e7\u00f5es de danos e planejamento de a\u00e7\u00f5es imediatas de interven\u00e7\u00e3o.<\/p>\n\n\n\n<p>Outro ponto que recebeu aten\u00e7\u00e3o especial na cidade foi a Rodovia Engenheiro Luiz Gonzaga Quirino Tannus, popularmente conhecida como Rodovia do Contorno, que ganhou recapeamento, tamb\u00e9m em parceria com o Estado.<\/p>\n\n\n\n<p>Segundo a prefeitura, a previs\u00e3o \u00e9 de que a primeira etapa da obra esteja conclu\u00edda nos pr\u00f3ximos dias, com a expectativa de melhora das condi\u00e7\u00f5es de tr\u00e1fego, aumento da seguran\u00e7a vi\u00e1ria e prolongamento a vida \u00fatil da via ao final das obras.<\/p>\n\n\n\n<p>\u201cA obra est\u00e1 sendo realizada por um conv\u00eanio com a Secretaria Estadual das Cidades e inclui nova sinaliza\u00e7\u00e3o e constru\u00e7\u00e3o de uma ciclovia em toda a extens\u00e3o da Rodovia\u201d, acrescentou o munic\u00edpio.<\/p>\n","protected":false},"excerpt":{"rendered":"<p>A Prefeitura de Rio das Ostras segue trabalhando em a\u00e7\u00f5es de recupera\u00e7\u00e3o de \u00e1reas afetadas pelas fortes chuvas que ca\u00edram recentemente na cidade, com a limpeza de canais visando o escoamento das \u00e1guas e a preven\u00e7\u00e3o de novos alagamentos. Nessa semana, equipes do munic\u00edpio atuaram na Rua Jos\u00e9 de Mattos, no Nova Esperan\u00e7a, na Rua [&hellip;]<\/p>\n","protected":false},"author":2,"featured_media":33737,"comment_status":"open","ping_status":"closed","sticky":false,"template":"","format":"standard","meta":{"footnotes":""},"categories":[32,122],"tags":[],"class_list":["post-33735","post","type-post","status-publish","format-standard","has-post-thumbnail","hentry","category-rio-das-ostras","category-rio-das-ostras-costa-do-sol"],"yoast_head":"<!-- This site is optimized with the Yoast SEO plugin v26.5 - https:\/\/yoast.com\/wordpress\/plugins\/seo\/ -->\n<title>Parceria com o Estado garante apoio em a\u00e7\u00f5es de recupera\u00e7\u00e3o de Rio das Ostras depois das chuvas - Rota Rio<\/title>\n<meta name=\"robots\" content=\"index, follow, max-snippet:-1, max-image-preview:large, max-video-preview:-1\" \/>\n<link rel=\"canonical\" href=\"https:\/\/rotario.com.br\/site\/parceria-com-o-estado-garante-apoio-em-acoes-de-recuperacao-de-rio-das-ostras-depois-das-chuvas\/\" \/>\n<meta property=\"og:locale\" content=\"pt_BR\" \/>\n<meta property=\"og:type\" content=\"article\" \/>\n<meta property=\"og:title\" content=\"Parceria com o Estado garante apoio em a\u00e7\u00f5es de recupera\u00e7\u00e3o de Rio das Ostras depois das chuvas - Rota Rio\" \/>\n<meta property=\"og:description\" content=\"A Prefeitura de Rio das Ostras segue trabalhando em a\u00e7\u00f5es de recupera\u00e7\u00e3o de \u00e1reas afetadas pelas fortes chuvas que ca\u00edram recentemente na cidade, com a limpeza de canais visando o escoamento das \u00e1guas e a preven\u00e7\u00e3o de novos alagamentos. Nessa semana, equipes do munic\u00edpio atuaram na Rua Jos\u00e9 de Mattos, no Nova Esperan\u00e7a, na Rua [&hellip;]\" \/>\n<meta property=\"og:url\" content=\"https:\/\/rotario.com.br\/site\/parceria-com-o-estado-garante-apoio-em-acoes-de-recuperacao-de-rio-das-ostras-depois-das-chuvas\/\" \/>\n<meta property=\"og:site_name\" content=\"Rota Rio\" \/>\n<meta property=\"article:published_time\" content=\"2026-03-06T19:53:46+00:00\" \/>\n<meta property=\"article:modified_time\" content=\"2026-03-06T19:53:51+00:00\" \/>\n<meta property=\"og:image\" content=\"https:\/\/rotario.com.br\/site\/wp-content\/uploads\/2026\/03\/WhatsApp-Image-2026-03-06-at-15.58.35.jpeg\" \/>\n\t<meta property=\"og:image:width\" content=\"800\" \/>\n\t<meta property=\"og:image:height\" content=\"600\" \/>\n\t<meta property=\"og:image:type\" content=\"image\/jpeg\" \/>\n<meta name=\"author\" content=\"Galv\u00e3o\" \/>\n<meta name=\"twitter:card\" content=\"summary_large_image\" \/>\n<meta name=\"twitter:label1\" content=\"Escrito por\" \/>\n\t<meta name=\"twitter:data1\" content=\"Galv\u00e3o\" \/>\n\t<meta name=\"twitter:label2\" content=\"Est. tempo de leitura\" \/>\n\t<meta name=\"twitter:data2\" content=\"3 minutos\" \/>\n<script type=\"application\/ld+json\" class=\"yoast-schema-graph\">{\"@context\":\"https:\/\/schema.org\",\"@graph\":[{\"@type\":\"Article\",\"@id\":\"https:\/\/rotario.com.br\/site\/parceria-com-o-estado-garante-apoio-em-acoes-de-recuperacao-de-rio-das-ostras-depois-das-chuvas\/#article\",\"isPartOf\":{\"@id\":\"https:\/\/rotario.com.br\/site\/parceria-com-o-estado-garante-apoio-em-acoes-de-recuperacao-de-rio-das-ostras-depois-das-chuvas\/\"},\"author\":{\"name\":\"Galv\u00e3o\",\"@id\":\"https:\/\/rotario.com.br\/site\/#\/schema\/person\/fd89bbbf4136f7e8a21e0dd67b8a66c7\"},\"headline\":\"Parceria com o Estado garante apoio em a\u00e7\u00f5es de recupera\u00e7\u00e3o de Rio das Ostras depois das chuvas\",\"datePublished\":\"2026-03-06T19:53:46+00:00\",\"dateModified\":\"2026-03-06T19:53:51+00:00\",\"mainEntityOfPage\":{\"@id\":\"https:\/\/rotario.com.br\/site\/parceria-com-o-estado-garante-apoio-em-acoes-de-recuperacao-de-rio-das-ostras-depois-das-chuvas\/\"},\"wordCount\":421,\"commentCount\":0,\"publisher\":{\"@id\":\"https:\/\/rotario.com.br\/site\/#organization\"},\"image\":{\"@id\":\"https:\/\/rotario.com.br\/site\/parceria-com-o-estado-garante-apoio-em-acoes-de-recuperacao-de-rio-das-ostras-depois-das-chuvas\/#primaryimage\"},\"thumbnailUrl\":\"https:\/\/rotario.com.br\/site\/wp-content\/uploads\/2026\/03\/WhatsApp-Image-2026-03-06-at-15.58.35.jpeg\",\"articleSection\":[\"Rio das Ostras\",\"Rio das Ostras\"],\"inLanguage\":\"pt-BR\",\"potentialAction\":[{\"@type\":\"CommentAction\",\"name\":\"Comment\",\"target\":[\"https:\/\/rotario.com.br\/site\/parceria-com-o-estado-garante-apoio-em-acoes-de-recuperacao-de-rio-das-ostras-depois-das-chuvas\/#respond\"]}]},{\"@type\":\"WebPage\",\"@id\":\"https:\/\/rotario.com.br\/site\/parceria-com-o-estado-garante-apoio-em-acoes-de-recuperacao-de-rio-das-ostras-depois-das-chuvas\/\",\"url\":\"https:\/\/rotario.com.br\/site\/parceria-com-o-estado-garante-apoio-em-acoes-de-recuperacao-de-rio-das-ostras-depois-das-chuvas\/\",\"name\":\"Parceria com o Estado garante apoio em a\u00e7\u00f5es de recupera\u00e7\u00e3o de Rio das Ostras depois das chuvas - Rota Rio\",\"isPartOf\":{\"@id\":\"https:\/\/rotario.com.br\/site\/#website\"},\"primaryImageOfPage\":{\"@id\":\"https:\/\/rotario.com.br\/site\/parceria-com-o-estado-garante-apoio-em-acoes-de-recuperacao-de-rio-das-ostras-depois-das-chuvas\/#primaryimage\"},\"image\":{\"@id\":\"https:\/\/rotario.com.br\/site\/parceria-com-o-estado-garante-apoio-em-acoes-de-recuperacao-de-rio-das-ostras-depois-das-chuvas\/#primaryimage\"},\"thumbnailUrl\":\"https:\/\/rotario.com.br\/site\/wp-content\/uploads\/2026\/03\/WhatsApp-Image-2026-03-06-at-15.58.35.jpeg\",\"datePublished\":\"2026-03-06T19:53:46+00:00\",\"dateModified\":\"2026-03-06T19:53:51+00:00\",\"breadcrumb\":{\"@id\":\"https:\/\/rotario.com.br\/site\/parceria-com-o-estado-garante-apoio-em-acoes-de-recuperacao-de-rio-das-ostras-depois-das-chuvas\/#breadcrumb\"},\"inLanguage\":\"pt-BR\",\"potentialAction\":[{\"@type\":\"ReadAction\",\"target\":[\"https:\/\/rotario.com.br\/site\/parceria-com-o-estado-garante-apoio-em-acoes-de-recuperacao-de-rio-das-ostras-depois-das-chuvas\/\"]}]},{\"@type\":\"ImageObject\",\"inLanguage\":\"pt-BR\",\"@id\":\"https:\/\/rotario.com.br\/site\/parceria-com-o-estado-garante-apoio-em-acoes-de-recuperacao-de-rio-das-ostras-depois-das-chuvas\/#primaryimage\",\"url\":\"https:\/\/rotario.com.br\/site\/wp-content\/uploads\/2026\/03\/WhatsApp-Image-2026-03-06-at-15.58.35.jpeg\",\"contentUrl\":\"https:\/\/rotario.com.br\/site\/wp-content\/uploads\/2026\/03\/WhatsApp-Image-2026-03-06-at-15.58.35.jpeg\",\"width\":800,\"height\":600},{\"@type\":\"BreadcrumbList\",\"@id\":\"https:\/\/rotario.com.br\/site\/parceria-com-o-estado-garante-apoio-em-acoes-de-recuperacao-de-rio-das-ostras-depois-das-chuvas\/#breadcrumb\",\"itemListElement\":[{\"@type\":\"ListItem\",\"position\":1,\"name\":\"In\u00edcio\",\"item\":\"https:\/\/rotario.com.br\/site\/\"},{\"@type\":\"ListItem\",\"position\":2,\"name\":\"Parceria com o Estado garante apoio em a\u00e7\u00f5es de recupera\u00e7\u00e3o de Rio das Ostras depois das chuvas\"}]},{\"@type\":\"WebSite\",\"@id\":\"https:\/\/rotario.com.br\/site\/#website\",\"url\":\"https:\/\/rotario.com.br\/site\/\",\"name\":\"Rota Rio\",\"description\":\"Aqui, o Rio de Janeiro \u00e9 a pauta!\",\"publisher\":{\"@id\":\"https:\/\/rotario.com.br\/site\/#organization\"},\"potentialAction\":[{\"@type\":\"SearchAction\",\"target\":{\"@type\":\"EntryPoint\",\"urlTemplate\":\"https:\/\/rotario.com.br\/site\/?s={search_term_string}\"},\"query-input\":{\"@type\":\"PropertyValueSpecification\",\"valueRequired\":true,\"valueName\":\"search_term_string\"}}],\"inLanguage\":\"pt-BR\"},{\"@type\":\"Organization\",\"@id\":\"https:\/\/rotario.com.br\/site\/#organization\",\"name\":\"Rota Rio\",\"url\":\"https:\/\/rotario.com.br\/site\/\",\"logo\":{\"@type\":\"ImageObject\",\"inLanguage\":\"pt-BR\",\"@id\":\"https:\/\/rotario.com.br\/site\/#\/schema\/logo\/image\/\",\"url\":\"https:\/\/rotario.com.br\/site\/wp-content\/uploads\/2022\/04\/cropped-ROTARIO-LOGO-Prancheta-1-1-2048x654-1.png\",\"contentUrl\":\"https:\/\/rotario.com.br\/site\/wp-content\/uploads\/2022\/04\/cropped-ROTARIO-LOGO-Prancheta-1-1-2048x654-1.png\",\"width\":2048,\"height\":654,\"caption\":\"Rota Rio\"},\"image\":{\"@id\":\"https:\/\/rotario.com.br\/site\/#\/schema\/logo\/image\/\"}},{\"@type\":\"Person\",\"@id\":\"https:\/\/rotario.com.br\/site\/#\/schema\/person\/fd89bbbf4136f7e8a21e0dd67b8a66c7\",\"name\":\"Galv\u00e3o\",\"url\":\"https:\/\/rotario.com.br\/site\/author\/daniel\/\"}]}<\/script>\n<!-- \/ Yoast SEO plugin. -->","yoast_head_json":{"title":"Parceria com o Estado garante apoio em a\u00e7\u00f5es de recupera\u00e7\u00e3o de Rio das Ostras depois das chuvas - Rota Rio","robots":{"index":"index","follow":"follow","max-snippet":"max-snippet:-1","max-image-preview":"max-image-preview:large","max-video-preview":"max-video-preview:-1"},"canonical":"https:\/\/rotario.com.br\/site\/parceria-com-o-estado-garante-apoio-em-acoes-de-recuperacao-de-rio-das-ostras-depois-das-chuvas\/","og_locale":"pt_BR","og_type":"article","og_title":"Parceria com o Estado garante apoio em a\u00e7\u00f5es de recupera\u00e7\u00e3o de Rio das Ostras depois das chuvas - Rota Rio","og_description":"A Prefeitura de Rio das Ostras segue trabalhando em a\u00e7\u00f5es de recupera\u00e7\u00e3o de \u00e1reas afetadas pelas fortes chuvas que ca\u00edram recentemente na cidade, com a limpeza de canais visando o escoamento das \u00e1guas e a preven\u00e7\u00e3o de novos alagamentos. Nessa semana, equipes do munic\u00edpio atuaram na Rua Jos\u00e9 de Mattos, no Nova Esperan\u00e7a, na Rua [&hellip;]","og_url":"https:\/\/rotario.com.br\/site\/parceria-com-o-estado-garante-apoio-em-acoes-de-recuperacao-de-rio-das-ostras-depois-das-chuvas\/","og_site_name":"Rota Rio","article_published_time":"2026-03-06T19:53:46+00:00","article_modified_time":"2026-03-06T19:53:51+00:00","og_image":[{"width":800,"height":600,"url":"https:\/\/rotario.com.br\/site\/wp-content\/uploads\/2026\/03\/WhatsApp-Image-2026-03-06-at-15.58.35.jpeg","type":"image\/jpeg"}],"author":"Galv\u00e3o","twitter_card":"summary_large_image","twitter_misc":{"Escrito por":"Galv\u00e3o","Est. tempo de leitura":"3 minutos"},"schema":{"@context":"https:\/\/schema.org","@graph":[{"@type":"Article","@id":"https:\/\/rotario.com.br\/site\/parceria-com-o-estado-garante-apoio-em-acoes-de-recuperacao-de-rio-das-ostras-depois-das-chuvas\/#article","isPartOf":{"@id":"https:\/\/rotario.com.br\/site\/parceria-com-o-estado-garante-apoio-em-acoes-de-recuperacao-de-rio-das-ostras-depois-das-chuvas\/"},"author":{"name":"Galv\u00e3o","@id":"https:\/\/rotario.com.br\/site\/#\/schema\/person\/fd89bbbf4136f7e8a21e0dd67b8a66c7"},"headline":"Parceria com o Estado garante apoio em a\u00e7\u00f5es de recupera\u00e7\u00e3o de Rio das Ostras depois das chuvas","datePublished":"2026-03-06T19:53:46+00:00","dateModified":"2026-03-06T19:53:51+00:00","mainEntityOfPage":{"@id":"https:\/\/rotario.com.br\/site\/parceria-com-o-estado-garante-apoio-em-acoes-de-recuperacao-de-rio-das-ostras-depois-das-chuvas\/"},"wordCount":421,"commentCount":0,"publisher":{"@id":"https:\/\/rotario.com.br\/site\/#organization"},"image":{"@id":"https:\/\/rotario.com.br\/site\/parceria-com-o-estado-garante-apoio-em-acoes-de-recuperacao-de-rio-das-ostras-depois-das-chuvas\/#primaryimage"},"thumbnailUrl":"https:\/\/rotario.com.br\/site\/wp-content\/uploads\/2026\/03\/WhatsApp-Image-2026-03-06-at-15.58.35.jpeg","articleSection":["Rio das Ostras","Rio das Ostras"],"inLanguage":"pt-BR","potentialAction":[{"@type":"CommentAction","name":"Comment","target":["https:\/\/rotario.com.br\/site\/parceria-com-o-estado-garante-apoio-em-acoes-de-recuperacao-de-rio-das-ostras-depois-das-chuvas\/#respond"]}]},{"@type":"WebPage","@id":"https:\/\/rotario.com.br\/site\/parceria-com-o-estado-garante-apoio-em-acoes-de-recuperacao-de-rio-das-ostras-depois-das-chuvas\/","url":"https:\/\/rotario.com.br\/site\/parceria-com-o-estado-garante-apoio-em-acoes-de-recuperacao-de-rio-das-ostras-depois-das-chuvas\/","name":"Parceria com o Estado garante apoio em a\u00e7\u00f5es de recupera\u00e7\u00e3o de Rio das Ostras depois das chuvas - Rota Rio","isPartOf":{"@id":"https:\/\/rotario.com.br\/site\/#website"},"primaryImageOfPage":{"@id":"https:\/\/rotario.com.br\/site\/parceria-com-o-estado-garante-apoio-em-acoes-de-recuperacao-de-rio-das-ostras-depois-das-chuvas\/#primaryimage"},"image":{"@id":"https:\/\/rotario.com.br\/site\/parceria-com-o-estado-garante-apoio-em-acoes-de-recuperacao-de-rio-das-ostras-depois-das-chuvas\/#primaryimage"},"thumbnailUrl":"https:\/\/rotario.com.br\/site\/wp-content\/uploads\/2026\/03\/WhatsApp-Image-2026-03-06-at-15.58.35.jpeg","datePublished":"2026-03-06T19:53:46+00:00","dateModified":"2026-03-06T19:53:51+00:00","breadcrumb":{"@id":"https:\/\/rotario.com.br\/site\/parceria-com-o-estado-garante-apoio-em-acoes-de-recuperacao-de-rio-das-ostras-depois-das-chuvas\/#breadcrumb"},"inLanguage":"pt-BR","potentialAction":[{"@type":"ReadAction","target":["https:\/\/rotario.com.br\/site\/parceria-com-o-estado-garante-apoio-em-acoes-de-recuperacao-de-rio-das-ostras-depois-das-chuvas\/"]}]},{"@type":"ImageObject","inLanguage":"pt-BR","@id":"https:\/\/rotario.com.br\/site\/parceria-com-o-estado-garante-apoio-em-acoes-de-recuperacao-de-rio-das-ostras-depois-das-chuvas\/#primaryimage","url":"https:\/\/rotario.com.br\/site\/wp-content\/uploads\/2026\/03\/WhatsApp-Image-2026-03-06-at-15.58.35.jpeg","contentUrl":"https:\/\/rotario.com.br\/site\/wp-content\/uploads\/2026\/03\/WhatsApp-Image-2026-03-06-at-15.58.35.jpeg","width":800,"height":600},{"@type":"BreadcrumbList","@id":"https:\/\/rotario.com.br\/site\/parceria-com-o-estado-garante-apoio-em-acoes-de-recuperacao-de-rio-das-ostras-depois-das-chuvas\/#breadcrumb","itemListElement":[{"@type":"ListItem","position":1,"name":"In\u00edcio","item":"https:\/\/rotario.com.br\/site\/"},{"@type":"ListItem","position":2,"name":"Parceria com o Estado garante apoio em a\u00e7\u00f5es de recupera\u00e7\u00e3o de Rio das Ostras depois das chuvas"}]},{"@type":"WebSite","@id":"https:\/\/rotario.com.br\/site\/#website","url":"https:\/\/rotario.com.br\/site\/","name":"Rota Rio","description":"Aqui, o Rio de Janeiro \u00e9 a pauta!","publisher":{"@id":"https:\/\/rotario.com.br\/site\/#organization"},"potentialAction":[{"@type":"SearchAction","target":{"@type":"EntryPoint","urlTemplate":"https:\/\/rotario.com.br\/site\/?s={search_term_string}"},"query-input":{"@type":"PropertyValueSpecification","valueRequired":true,"valueName":"search_term_string"}}],"inLanguage":"pt-BR"},{"@type":"Organization","@id":"https:\/\/rotario.com.br\/site\/#organization","name":"Rota Rio","url":"https:\/\/rotario.com.br\/site\/","logo":{"@type":"ImageObject","inLanguage":"pt-BR","@id":"https:\/\/rotario.com.br\/site\/#\/schema\/logo\/image\/","url":"https:\/\/rotario.com.br\/site\/wp-content\/uploads\/2022\/04\/cropped-ROTARIO-LOGO-Prancheta-1-1-2048x654-1.png","contentUrl":"https:\/\/rotario.com.br\/site\/wp-content\/uploads\/2022\/04\/cropped-ROTARIO-LOGO-Prancheta-1-1-2048x654-1.png","width":2048,"height":654,"caption":"Rota Rio"},"image":{"@id":"https:\/\/rotario.com.br\/site\/#\/schema\/logo\/image\/"}},{"@type":"Person","@id":"https:\/\/rotario.com.br\/site\/#\/schema\/person\/fd89bbbf4136f7e8a21e0dd67b8a66c7","name":"Galv\u00e3o","url":"https:\/\/rotario.com.br\/site\/author\/daniel\/"}]}},"_links":{"self":[{"href":"https:\/\/rotario.com.br\/site\/wp-json\/wp\/v2\/posts\/33735","targetHints":{"allow":["GET"]}}],"collection":[{"href":"https:\/\/rotario.com.br\/site\/wp-json\/wp\/v2\/posts"}],"about":[{"href":"https:\/\/rotario.com.br\/site\/wp-json\/wp\/v2\/types\/post"}],"author":[{"embeddable":true,"href":"https:\/\/rotario.com.br\/site\/wp-json\/wp\/v2\/users\/2"}],"replies":[{"embeddable":true,"href":"https:\/\/rotario.com.br\/site\/wp-json\/wp\/v2\/comments?post=33735"}],"version-history":[{"count":1,"href":"https:\/\/rotario.com.br\/site\/wp-json\/wp\/v2\/posts\/33735\/revisions"}],"predecessor-version":[{"id":33738,"href":"https:\/\/rotario.com.br\/site\/wp-json\/wp\/v2\/posts\/33735\/revisions\/33738"}],"wp:featuredmedia":[{"embeddable":true,"href":"https:\/\/rotario.com.br\/site\/wp-json\/wp\/v2\/media\/33737"}],"wp:attachment":[{"href":"https:\/\/rotario.com.br\/site\/wp-json\/wp\/v2\/media?parent=33735"}],"wp:term":[{"taxonomy":"category","embeddable":true,"href":"https:\/\/rotario.com.br\/site\/wp-json\/wp\/v2\/categories?post=33735"},{"taxonomy":"post_tag","embeddable":true,"href":"https:\/\/rotario.com.br\/site\/wp-json\/wp\/v2\/tags?post=33735"}],"curies":[{"name":"wp","href":"https:\/\/api.w.org\/{rel}","templated":true}]}}