{"id":33750,"date":"2026-03-07T08:49:00","date_gmt":"2026-03-07T11:49:00","guid":{"rendered":"https:\/\/rotario.com.br\/site\/?p=33750"},"modified":"2026-03-07T13:57:21","modified_gmt":"2026-03-07T16:57:21","slug":"acoes-de-saude-beleza-e-convivencia-marcam-o-dia-da-mulher-para-idosas-em-cabo-frio","status":"publish","type":"post","link":"https:\/\/rotario.com.br\/site\/acoes-de-saude-beleza-e-convivencia-marcam-o-dia-da-mulher-para-idosas-em-cabo-frio\/","title":{"rendered":"A\u00e7\u00f5es de sa\u00fade, beleza e conviv\u00eancia marcam o Dia da Mulher para idosas em Cabo Frio"},"content":{"rendered":"\n<p>Mulheres com mais de 60 anos participaram, nesta sexta-feira (6), de uma programa\u00e7\u00e3o especial em comemora\u00e7\u00e3o ao Dia Internacional da Mulher no Centro Especializado em Envelhecimento Humano e Longevidade, localizado no bairro Palmeiras, em Cabo Frio. A iniciativa marcou o in\u00edcio de uma s\u00e9rie de atividades previstas para acontecer ao longo de todo o m\u00eas de mar\u00e7o.<\/p>\n\n\n\n<p>Durante o encontro, as participantes tiveram acesso a diversos servi\u00e7os voltados ao bem-estar e ao cuidado pessoal. Entre as atividades oferecidas estavam massagem corporal, hidrata\u00e7\u00e3o capilar, manicure, limpeza de pele e corte de cabelo, al\u00e9m de aulas de hidrogin\u00e1stica e alongamento.<\/p>\n\n\n\n<p>Um dos momentos da programa\u00e7\u00e3o foi uma roda de conversa realizada sob a sombra de uma mangueira, onde a nutricionista Caroline Melcher falou sobre a import\u00e2ncia de uma alimenta\u00e7\u00e3o equilibrada para mulheres acima dos 60 anos. Segundo ela, o aproveitamento integral de alimentos pode trazer benef\u00edcios importantes para a sa\u00fade.<\/p>\n\n\n\n<p>\u201cPodemos aproveitar as cascas dos legumes de diversas formas, e n\u00e3o jog\u00e1-las diretamente no lixo. Elas s\u00e3o muito ricas em diversos nutrientes, que ajudam inclusive a regular os horm\u00f4nios das mulheres 60+\u201d, explicou a nutricionista.<\/p>\n\n\n\n<p>Al\u00e9m das atividades de autocuidado, o encontro tamb\u00e9m contou com o plantio de mudas de jabuticaba e o sorteio de mudas de amora entre as participantes, refor\u00e7ando a proposta de promover integra\u00e7\u00e3o e qualidade de vida.<\/p>\n\n\n\n<p>De acordo com o secret\u00e1rio adjunto da Melhor Idade, Thiago Andrade, a programa\u00e7\u00e3o especial n\u00e3o ficar\u00e1 restrita \u00e0 primeira semana de mar\u00e7o. A inten\u00e7\u00e3o \u00e9 repetir os servi\u00e7os ao longo do m\u00eas para atender um n\u00famero maior de participantes.<\/p>\n\n\n\n<p>\u201cTem muitas assistidas que n\u00e3o puderam vir nesta sexta-feira, ent\u00e3o, ao longo do m\u00eas, vamos oferecer esses servi\u00e7os novamente. No total, temos mais de 1.800 inscritos. A popula\u00e7\u00e3o j\u00e1 v\u00ea o Centro como um lugar de refer\u00eancia para socializa\u00e7\u00e3o e bem-estar dos idosos\u201d, afirmou.<\/p>\n\n\n\n<p>As inscri\u00e7\u00f5es para participar das atividades continuam abertas. Os interessados devem apresentar documento de identidade, CPF e comprovante de resid\u00eancia. Para as pr\u00e1ticas f\u00edsicas, tamb\u00e9m \u00e9 necess\u00e1rio apresentar atestado m\u00e9dico.<\/p>\n\n\n\n<p>O Centro Especializado em Envelhecimento Humano e Longevidade funciona de segunda a sexta-feira, das 8h \u00e0s 17h.&nbsp;&nbsp;&nbsp;&nbsp;&nbsp;<\/p>\n","protected":false},"excerpt":{"rendered":"<p>Mulheres com mais de 60 anos participaram, nesta sexta-feira (6), de uma programa\u00e7\u00e3o especial em comemora\u00e7\u00e3o ao Dia Internacional da Mulher no Centro Especializado em Envelhecimento Humano e Longevidade, localizado no bairro Palmeiras, em Cabo Frio. A iniciativa marcou o in\u00edcio de uma s\u00e9rie de atividades previstas para acontecer ao longo de todo o m\u00eas [&hellip;]<\/p>\n","protected":false},"author":2,"featured_media":33751,"comment_status":"open","ping_status":"closed","sticky":false,"template":"","format":"standard","meta":{"footnotes":""},"categories":[225],"tags":[],"class_list":["post-33750","post","type-post","status-publish","format-standard","has-post-thumbnail","hentry","category-destaque"],"yoast_head":"<!-- This site is optimized with the Yoast SEO plugin v26.5 - https:\/\/yoast.com\/wordpress\/plugins\/seo\/ -->\n<title>A\u00e7\u00f5es de sa\u00fade, beleza e conviv\u00eancia marcam o Dia da Mulher para idosas em Cabo Frio - Rota Rio<\/title>\n<meta name=\"robots\" content=\"index, follow, max-snippet:-1, max-image-preview:large, max-video-preview:-1\" \/>\n<link rel=\"canonical\" href=\"https:\/\/rotario.com.br\/site\/acoes-de-saude-beleza-e-convivencia-marcam-o-dia-da-mulher-para-idosas-em-cabo-frio\/\" \/>\n<meta property=\"og:locale\" content=\"pt_BR\" \/>\n<meta property=\"og:type\" content=\"article\" \/>\n<meta property=\"og:title\" content=\"A\u00e7\u00f5es de sa\u00fade, beleza e conviv\u00eancia marcam o Dia da Mulher para idosas em Cabo Frio - Rota Rio\" \/>\n<meta property=\"og:description\" content=\"Mulheres com mais de 60 anos participaram, nesta sexta-feira (6), de uma programa\u00e7\u00e3o especial em comemora\u00e7\u00e3o ao Dia Internacional da Mulher no Centro Especializado em Envelhecimento Humano e Longevidade, localizado no bairro Palmeiras, em Cabo Frio. A iniciativa marcou o in\u00edcio de uma s\u00e9rie de atividades previstas para acontecer ao longo de todo o m\u00eas [&hellip;]\" \/>\n<meta property=\"og:url\" content=\"https:\/\/rotario.com.br\/site\/acoes-de-saude-beleza-e-convivencia-marcam-o-dia-da-mulher-para-idosas-em-cabo-frio\/\" \/>\n<meta property=\"og:site_name\" content=\"Rota Rio\" \/>\n<meta property=\"article:published_time\" content=\"2026-03-07T11:49:00+00:00\" \/>\n<meta property=\"article:modified_time\" content=\"2026-03-07T16:57:21+00:00\" \/>\n<meta property=\"og:image\" content=\"https:\/\/rotario.com.br\/site\/wp-content\/uploads\/2026\/03\/WhatsApp-Image-2026-03-06-at-16.36.46.jpeg\" \/>\n\t<meta property=\"og:image:width\" content=\"1012\" \/>\n\t<meta property=\"og:image:height\" content=\"687\" \/>\n\t<meta property=\"og:image:type\" content=\"image\/jpeg\" \/>\n<meta name=\"author\" content=\"Galv\u00e3o\" \/>\n<meta name=\"twitter:card\" content=\"summary_large_image\" \/>\n<meta name=\"twitter:label1\" content=\"Escrito por\" \/>\n\t<meta name=\"twitter:data1\" content=\"Galv\u00e3o\" \/>\n\t<meta name=\"twitter:label2\" content=\"Est. tempo de leitura\" \/>\n\t<meta name=\"twitter:data2\" content=\"3 minutos\" \/>\n<script type=\"application\/ld+json\" class=\"yoast-schema-graph\">{\"@context\":\"https:\/\/schema.org\",\"@graph\":[{\"@type\":\"Article\",\"@id\":\"https:\/\/rotario.com.br\/site\/acoes-de-saude-beleza-e-convivencia-marcam-o-dia-da-mulher-para-idosas-em-cabo-frio\/#article\",\"isPartOf\":{\"@id\":\"https:\/\/rotario.com.br\/site\/acoes-de-saude-beleza-e-convivencia-marcam-o-dia-da-mulher-para-idosas-em-cabo-frio\/\"},\"author\":{\"name\":\"Galv\u00e3o\",\"@id\":\"https:\/\/rotario.com.br\/site\/#\/schema\/person\/fd89bbbf4136f7e8a21e0dd67b8a66c7\"},\"headline\":\"A\u00e7\u00f5es de sa\u00fade, beleza e conviv\u00eancia marcam o Dia da Mulher para idosas em Cabo Frio\",\"datePublished\":\"2026-03-07T11:49:00+00:00\",\"dateModified\":\"2026-03-07T16:57:21+00:00\",\"mainEntityOfPage\":{\"@id\":\"https:\/\/rotario.com.br\/site\/acoes-de-saude-beleza-e-convivencia-marcam-o-dia-da-mulher-para-idosas-em-cabo-frio\/\"},\"wordCount\":410,\"commentCount\":0,\"publisher\":{\"@id\":\"https:\/\/rotario.com.br\/site\/#organization\"},\"image\":{\"@id\":\"https:\/\/rotario.com.br\/site\/acoes-de-saude-beleza-e-convivencia-marcam-o-dia-da-mulher-para-idosas-em-cabo-frio\/#primaryimage\"},\"thumbnailUrl\":\"https:\/\/rotario.com.br\/site\/wp-content\/uploads\/2026\/03\/WhatsApp-Image-2026-03-06-at-16.36.46.jpeg\",\"articleSection\":[\"Destaque\"],\"inLanguage\":\"pt-BR\",\"potentialAction\":[{\"@type\":\"CommentAction\",\"name\":\"Comment\",\"target\":[\"https:\/\/rotario.com.br\/site\/acoes-de-saude-beleza-e-convivencia-marcam-o-dia-da-mulher-para-idosas-em-cabo-frio\/#respond\"]}]},{\"@type\":\"WebPage\",\"@id\":\"https:\/\/rotario.com.br\/site\/acoes-de-saude-beleza-e-convivencia-marcam-o-dia-da-mulher-para-idosas-em-cabo-frio\/\",\"url\":\"https:\/\/rotario.com.br\/site\/acoes-de-saude-beleza-e-convivencia-marcam-o-dia-da-mulher-para-idosas-em-cabo-frio\/\",\"name\":\"A\u00e7\u00f5es de sa\u00fade, beleza e conviv\u00eancia marcam o Dia da Mulher para idosas em Cabo Frio - Rota Rio\",\"isPartOf\":{\"@id\":\"https:\/\/rotario.com.br\/site\/#website\"},\"primaryImageOfPage\":{\"@id\":\"https:\/\/rotario.com.br\/site\/acoes-de-saude-beleza-e-convivencia-marcam-o-dia-da-mulher-para-idosas-em-cabo-frio\/#primaryimage\"},\"image\":{\"@id\":\"https:\/\/rotario.com.br\/site\/acoes-de-saude-beleza-e-convivencia-marcam-o-dia-da-mulher-para-idosas-em-cabo-frio\/#primaryimage\"},\"thumbnailUrl\":\"https:\/\/rotario.com.br\/site\/wp-content\/uploads\/2026\/03\/WhatsApp-Image-2026-03-06-at-16.36.46.jpeg\",\"datePublished\":\"2026-03-07T11:49:00+00:00\",\"dateModified\":\"2026-03-07T16:57:21+00:00\",\"breadcrumb\":{\"@id\":\"https:\/\/rotario.com.br\/site\/acoes-de-saude-beleza-e-convivencia-marcam-o-dia-da-mulher-para-idosas-em-cabo-frio\/#breadcrumb\"},\"inLanguage\":\"pt-BR\",\"potentialAction\":[{\"@type\":\"ReadAction\",\"target\":[\"https:\/\/rotario.com.br\/site\/acoes-de-saude-beleza-e-convivencia-marcam-o-dia-da-mulher-para-idosas-em-cabo-frio\/\"]}]},{\"@type\":\"ImageObject\",\"inLanguage\":\"pt-BR\",\"@id\":\"https:\/\/rotario.com.br\/site\/acoes-de-saude-beleza-e-convivencia-marcam-o-dia-da-mulher-para-idosas-em-cabo-frio\/#primaryimage\",\"url\":\"https:\/\/rotario.com.br\/site\/wp-content\/uploads\/2026\/03\/WhatsApp-Image-2026-03-06-at-16.36.46.jpeg\",\"contentUrl\":\"https:\/\/rotario.com.br\/site\/wp-content\/uploads\/2026\/03\/WhatsApp-Image-2026-03-06-at-16.36.46.jpeg\",\"width\":1012,\"height\":687},{\"@type\":\"BreadcrumbList\",\"@id\":\"https:\/\/rotario.com.br\/site\/acoes-de-saude-beleza-e-convivencia-marcam-o-dia-da-mulher-para-idosas-em-cabo-frio\/#breadcrumb\",\"itemListElement\":[{\"@type\":\"ListItem\",\"position\":1,\"name\":\"In\u00edcio\",\"item\":\"https:\/\/rotario.com.br\/site\/\"},{\"@type\":\"ListItem\",\"position\":2,\"name\":\"A\u00e7\u00f5es de sa\u00fade, beleza e conviv\u00eancia marcam o Dia da Mulher para idosas em Cabo Frio\"}]},{\"@type\":\"WebSite\",\"@id\":\"https:\/\/rotario.com.br\/site\/#website\",\"url\":\"https:\/\/rotario.com.br\/site\/\",\"name\":\"Rota Rio\",\"description\":\"Aqui, o Rio de Janeiro \u00e9 a pauta!\",\"publisher\":{\"@id\":\"https:\/\/rotario.com.br\/site\/#organization\"},\"potentialAction\":[{\"@type\":\"SearchAction\",\"target\":{\"@type\":\"EntryPoint\",\"urlTemplate\":\"https:\/\/rotario.com.br\/site\/?s={search_term_string}\"},\"query-input\":{\"@type\":\"PropertyValueSpecification\",\"valueRequired\":true,\"valueName\":\"search_term_string\"}}],\"inLanguage\":\"pt-BR\"},{\"@type\":\"Organization\",\"@id\":\"https:\/\/rotario.com.br\/site\/#organization\",\"name\":\"Rota Rio\",\"url\":\"https:\/\/rotario.com.br\/site\/\",\"logo\":{\"@type\":\"ImageObject\",\"inLanguage\":\"pt-BR\",\"@id\":\"https:\/\/rotario.com.br\/site\/#\/schema\/logo\/image\/\",\"url\":\"https:\/\/rotario.com.br\/site\/wp-content\/uploads\/2022\/04\/cropped-ROTARIO-LOGO-Prancheta-1-1-2048x654-1.png\",\"contentUrl\":\"https:\/\/rotario.com.br\/site\/wp-content\/uploads\/2022\/04\/cropped-ROTARIO-LOGO-Prancheta-1-1-2048x654-1.png\",\"width\":2048,\"height\":654,\"caption\":\"Rota Rio\"},\"image\":{\"@id\":\"https:\/\/rotario.com.br\/site\/#\/schema\/logo\/image\/\"}},{\"@type\":\"Person\",\"@id\":\"https:\/\/rotario.com.br\/site\/#\/schema\/person\/fd89bbbf4136f7e8a21e0dd67b8a66c7\",\"name\":\"Galv\u00e3o\",\"url\":\"https:\/\/rotario.com.br\/site\/author\/daniel\/\"}]}<\/script>\n<!-- \/ Yoast SEO plugin. -->","yoast_head_json":{"title":"A\u00e7\u00f5es de sa\u00fade, beleza e conviv\u00eancia marcam o Dia da Mulher para idosas em Cabo Frio - Rota Rio","robots":{"index":"index","follow":"follow","max-snippet":"max-snippet:-1","max-image-preview":"max-image-preview:large","max-video-preview":"max-video-preview:-1"},"canonical":"https:\/\/rotario.com.br\/site\/acoes-de-saude-beleza-e-convivencia-marcam-o-dia-da-mulher-para-idosas-em-cabo-frio\/","og_locale":"pt_BR","og_type":"article","og_title":"A\u00e7\u00f5es de sa\u00fade, beleza e conviv\u00eancia marcam o Dia da Mulher para idosas em Cabo Frio - Rota Rio","og_description":"Mulheres com mais de 60 anos participaram, nesta sexta-feira (6), de uma programa\u00e7\u00e3o especial em comemora\u00e7\u00e3o ao Dia Internacional da Mulher no Centro Especializado em Envelhecimento Humano e Longevidade, localizado no bairro Palmeiras, em Cabo Frio. A iniciativa marcou o in\u00edcio de uma s\u00e9rie de atividades previstas para acontecer ao longo de todo o m\u00eas [&hellip;]","og_url":"https:\/\/rotario.com.br\/site\/acoes-de-saude-beleza-e-convivencia-marcam-o-dia-da-mulher-para-idosas-em-cabo-frio\/","og_site_name":"Rota Rio","article_published_time":"2026-03-07T11:49:00+00:00","article_modified_time":"2026-03-07T16:57:21+00:00","og_image":[{"width":1012,"height":687,"url":"https:\/\/rotario.com.br\/site\/wp-content\/uploads\/2026\/03\/WhatsApp-Image-2026-03-06-at-16.36.46.jpeg","type":"image\/jpeg"}],"author":"Galv\u00e3o","twitter_card":"summary_large_image","twitter_misc":{"Escrito por":"Galv\u00e3o","Est. tempo de leitura":"3 minutos"},"schema":{"@context":"https:\/\/schema.org","@graph":[{"@type":"Article","@id":"https:\/\/rotario.com.br\/site\/acoes-de-saude-beleza-e-convivencia-marcam-o-dia-da-mulher-para-idosas-em-cabo-frio\/#article","isPartOf":{"@id":"https:\/\/rotario.com.br\/site\/acoes-de-saude-beleza-e-convivencia-marcam-o-dia-da-mulher-para-idosas-em-cabo-frio\/"},"author":{"name":"Galv\u00e3o","@id":"https:\/\/rotario.com.br\/site\/#\/schema\/person\/fd89bbbf4136f7e8a21e0dd67b8a66c7"},"headline":"A\u00e7\u00f5es de sa\u00fade, beleza e conviv\u00eancia marcam o Dia da Mulher para idosas em Cabo Frio","datePublished":"2026-03-07T11:49:00+00:00","dateModified":"2026-03-07T16:57:21+00:00","mainEntityOfPage":{"@id":"https:\/\/rotario.com.br\/site\/acoes-de-saude-beleza-e-convivencia-marcam-o-dia-da-mulher-para-idosas-em-cabo-frio\/"},"wordCount":410,"commentCount":0,"publisher":{"@id":"https:\/\/rotario.com.br\/site\/#organization"},"image":{"@id":"https:\/\/rotario.com.br\/site\/acoes-de-saude-beleza-e-convivencia-marcam-o-dia-da-mulher-para-idosas-em-cabo-frio\/#primaryimage"},"thumbnailUrl":"https:\/\/rotario.com.br\/site\/wp-content\/uploads\/2026\/03\/WhatsApp-Image-2026-03-06-at-16.36.46.jpeg","articleSection":["Destaque"],"inLanguage":"pt-BR","potentialAction":[{"@type":"CommentAction","name":"Comment","target":["https:\/\/rotario.com.br\/site\/acoes-de-saude-beleza-e-convivencia-marcam-o-dia-da-mulher-para-idosas-em-cabo-frio\/#respond"]}]},{"@type":"WebPage","@id":"https:\/\/rotario.com.br\/site\/acoes-de-saude-beleza-e-convivencia-marcam-o-dia-da-mulher-para-idosas-em-cabo-frio\/","url":"https:\/\/rotario.com.br\/site\/acoes-de-saude-beleza-e-convivencia-marcam-o-dia-da-mulher-para-idosas-em-cabo-frio\/","name":"A\u00e7\u00f5es de sa\u00fade, beleza e conviv\u00eancia marcam o Dia da Mulher para idosas em Cabo Frio - Rota Rio","isPartOf":{"@id":"https:\/\/rotario.com.br\/site\/#website"},"primaryImageOfPage":{"@id":"https:\/\/rotario.com.br\/site\/acoes-de-saude-beleza-e-convivencia-marcam-o-dia-da-mulher-para-idosas-em-cabo-frio\/#primaryimage"},"image":{"@id":"https:\/\/rotario.com.br\/site\/acoes-de-saude-beleza-e-convivencia-marcam-o-dia-da-mulher-para-idosas-em-cabo-frio\/#primaryimage"},"thumbnailUrl":"https:\/\/rotario.com.br\/site\/wp-content\/uploads\/2026\/03\/WhatsApp-Image-2026-03-06-at-16.36.46.jpeg","datePublished":"2026-03-07T11:49:00+00:00","dateModified":"2026-03-07T16:57:21+00:00","breadcrumb":{"@id":"https:\/\/rotario.com.br\/site\/acoes-de-saude-beleza-e-convivencia-marcam-o-dia-da-mulher-para-idosas-em-cabo-frio\/#breadcrumb"},"inLanguage":"pt-BR","potentialAction":[{"@type":"ReadAction","target":["https:\/\/rotario.com.br\/site\/acoes-de-saude-beleza-e-convivencia-marcam-o-dia-da-mulher-para-idosas-em-cabo-frio\/"]}]},{"@type":"ImageObject","inLanguage":"pt-BR","@id":"https:\/\/rotario.com.br\/site\/acoes-de-saude-beleza-e-convivencia-marcam-o-dia-da-mulher-para-idosas-em-cabo-frio\/#primaryimage","url":"https:\/\/rotario.com.br\/site\/wp-content\/uploads\/2026\/03\/WhatsApp-Image-2026-03-06-at-16.36.46.jpeg","contentUrl":"https:\/\/rotario.com.br\/site\/wp-content\/uploads\/2026\/03\/WhatsApp-Image-2026-03-06-at-16.36.46.jpeg","width":1012,"height":687},{"@type":"BreadcrumbList","@id":"https:\/\/rotario.com.br\/site\/acoes-de-saude-beleza-e-convivencia-marcam-o-dia-da-mulher-para-idosas-em-cabo-frio\/#breadcrumb","itemListElement":[{"@type":"ListItem","position":1,"name":"In\u00edcio","item":"https:\/\/rotario.com.br\/site\/"},{"@type":"ListItem","position":2,"name":"A\u00e7\u00f5es de sa\u00fade, beleza e conviv\u00eancia marcam o Dia da Mulher para idosas em Cabo Frio"}]},{"@type":"WebSite","@id":"https:\/\/rotario.com.br\/site\/#website","url":"https:\/\/rotario.com.br\/site\/","name":"Rota Rio","description":"Aqui, o Rio de Janeiro \u00e9 a pauta!","publisher":{"@id":"https:\/\/rotario.com.br\/site\/#organization"},"potentialAction":[{"@type":"SearchAction","target":{"@type":"EntryPoint","urlTemplate":"https:\/\/rotario.com.br\/site\/?s={search_term_string}"},"query-input":{"@type":"PropertyValueSpecification","valueRequired":true,"valueName":"search_term_string"}}],"inLanguage":"pt-BR"},{"@type":"Organization","@id":"https:\/\/rotario.com.br\/site\/#organization","name":"Rota Rio","url":"https:\/\/rotario.com.br\/site\/","logo":{"@type":"ImageObject","inLanguage":"pt-BR","@id":"https:\/\/rotario.com.br\/site\/#\/schema\/logo\/image\/","url":"https:\/\/rotario.com.br\/site\/wp-content\/uploads\/2022\/04\/cropped-ROTARIO-LOGO-Prancheta-1-1-2048x654-1.png","contentUrl":"https:\/\/rotario.com.br\/site\/wp-content\/uploads\/2022\/04\/cropped-ROTARIO-LOGO-Prancheta-1-1-2048x654-1.png","width":2048,"height":654,"caption":"Rota Rio"},"image":{"@id":"https:\/\/rotario.com.br\/site\/#\/schema\/logo\/image\/"}},{"@type":"Person","@id":"https:\/\/rotario.com.br\/site\/#\/schema\/person\/fd89bbbf4136f7e8a21e0dd67b8a66c7","name":"Galv\u00e3o","url":"https:\/\/rotario.com.br\/site\/author\/daniel\/"}]}},"_links":{"self":[{"href":"https:\/\/rotario.com.br\/site\/wp-json\/wp\/v2\/posts\/33750","targetHints":{"allow":["GET"]}}],"collection":[{"href":"https:\/\/rotario.com.br\/site\/wp-json\/wp\/v2\/posts"}],"about":[{"href":"https:\/\/rotario.com.br\/site\/wp-json\/wp\/v2\/types\/post"}],"author":[{"embeddable":true,"href":"https:\/\/rotario.com.br\/site\/wp-json\/wp\/v2\/users\/2"}],"replies":[{"embeddable":true,"href":"https:\/\/rotario.com.br\/site\/wp-json\/wp\/v2\/comments?post=33750"}],"version-history":[{"count":1,"href":"https:\/\/rotario.com.br\/site\/wp-json\/wp\/v2\/posts\/33750\/revisions"}],"predecessor-version":[{"id":33752,"href":"https:\/\/rotario.com.br\/site\/wp-json\/wp\/v2\/posts\/33750\/revisions\/33752"}],"wp:featuredmedia":[{"embeddable":true,"href":"https:\/\/rotario.com.br\/site\/wp-json\/wp\/v2\/media\/33751"}],"wp:attachment":[{"href":"https:\/\/rotario.com.br\/site\/wp-json\/wp\/v2\/media?parent=33750"}],"wp:term":[{"taxonomy":"category","embeddable":true,"href":"https:\/\/rotario.com.br\/site\/wp-json\/wp\/v2\/categories?post=33750"},{"taxonomy":"post_tag","embeddable":true,"href":"https:\/\/rotario.com.br\/site\/wp-json\/wp\/v2\/tags?post=33750"}],"curies":[{"name":"wp","href":"https:\/\/api.w.org\/{rel}","templated":true}]}}