{"id":33764,"date":"2026-03-09T13:08:11","date_gmt":"2026-03-09T16:08:11","guid":{"rendered":"https:\/\/rotario.com.br\/site\/?p=33764"},"modified":"2026-03-09T13:08:14","modified_gmt":"2026-03-09T16:08:14","slug":"cabo-frio-leva-informacao-e-mobilizacao-pelo-dia-da-mulher-a-praia-do-forte","status":"publish","type":"post","link":"https:\/\/rotario.com.br\/site\/cabo-frio-leva-informacao-e-mobilizacao-pelo-dia-da-mulher-a-praia-do-forte\/","title":{"rendered":"Cabo Frio leva informa\u00e7\u00e3o e mobiliza\u00e7\u00e3o pelo Dia da Mulher \u00e0 Praia do Forte"},"content":{"rendered":"\n<p>Uma a\u00e7\u00e3o de conscientiza\u00e7\u00e3o marcou a manh\u00e3 deste domingo (8) na Praia do Forte, em Cabo Frio, em refer\u00eancia ao Dia Internacional da Mulher. A atividade foi promovida pela Prefeitura por meio da Patrulha Maria da Penha, vinculada \u00e0 Guarda Civil Municipal, com apoio de equipes do Grupamento Operacional de Praia (GOP), da Guarda Mar\u00edtima e Ambiental (GMA) e do Grupamento Operacional de Tr\u00e2nsito (GOT).<\/p>\n\n\n\n<p>Durante a mobiliza\u00e7\u00e3o, os agentes abordaram moradores e turistas que estavam na orla aproveitando o dia de sol. As equipes distribu\u00edram folhetos informativos com orienta\u00e7\u00f5es sobre o ciclo da viol\u00eancia dom\u00e9stica, al\u00e9m de apresentar as principais legisla\u00e7\u00f5es de prote\u00e7\u00e3o \u00e0s mulheres e divulgar os canais de den\u00fancia e acolhimento dispon\u00edveis no munic\u00edpio.<\/p>\n\n\n\n<p>Al\u00e9m da orienta\u00e7\u00e3o, flores foram entregues \u00e0s mulheres que circulavam pela praia. A iniciativa teve car\u00e1ter simb\u00f3lico, como forma de reconhecer a trajet\u00f3ria hist\u00f3rica de luta por direitos e refor\u00e7ar a import\u00e2ncia da data como momento de reflex\u00e3o, respeito e promo\u00e7\u00e3o da igualdade.<\/p>\n\n\n\n<p>De acordo com a inspetora-adjunta da Guarda Civil Municipal e coordenadora da Patrulha Maria da Penha, Regiane Costa, levar informa\u00e7\u00e3o diretamente \u00e0 popula\u00e7\u00e3o contribui para ampliar o conhecimento sobre os mecanismos de prote\u00e7\u00e3o existentes.<\/p>\n\n\n\n<p>\u201cEstar nas ruas, conversando com a popula\u00e7\u00e3o, \u00e9 fundamental. Muitas pessoas ainda n\u00e3o conhecem os mecanismos de prote\u00e7\u00e3o existentes ou n\u00e3o identificam as diferentes formas de viol\u00eancia. Quando levamos essa informa\u00e7\u00e3o de forma direta, ajudamos a abrir caminhos para que mais mulheres saibam que podem procurar ajuda e que existem servi\u00e7os preparados para acolh\u00ea-las\u201d, afirmou.<\/p>\n\n\n\n<p>A iniciativa tamb\u00e9m recebeu reconhecimento de visitantes que estavam na cidade durante o fim de semana. A turista Ana Paula Ferreira, de Belo Horizonte, destacou a import\u00e2ncia da a\u00e7\u00e3o ao perceber o trabalho realizado na praia.<\/p>\n\n\n\n<p>\u201cEu achei muito bonito ver esse cuidado aqui na praia. N\u00e3o \u00e9 s\u00f3 uma lembran\u00e7a do dia, tem informa\u00e7\u00e3o e conversa com as pessoas. Isso mostra preocupa\u00e7\u00e3o com quem mora e tamb\u00e9m com quem est\u00e1 visitando a cidade. A gente se sente acolhida\u201d, relatou.<\/p>\n\n\n\n<p>A Guarda Civil Municipal de Cabo Frio refor\u00e7a que casos de viol\u00eancia contra a mulher ou situa\u00e7\u00f5es de emerg\u00eancia podem ser comunicados pelo telefone 153, canal que funciona 24 horas para den\u00fancias e atendimento \u00e0 popula\u00e7\u00e3o.&nbsp;&nbsp;&nbsp;&nbsp;<\/p>\n","protected":false},"excerpt":{"rendered":"<p>Uma a\u00e7\u00e3o de conscientiza\u00e7\u00e3o marcou a manh\u00e3 deste domingo (8) na Praia do Forte, em Cabo Frio, em refer\u00eancia ao Dia Internacional da Mulher. A atividade foi promovida pela Prefeitura por meio da Patrulha Maria da Penha, vinculada \u00e0 Guarda Civil Municipal, com apoio de equipes do Grupamento Operacional de Praia (GOP), da Guarda Mar\u00edtima [&hellip;]<\/p>\n","protected":false},"author":2,"featured_media":33765,"comment_status":"open","ping_status":"closed","sticky":false,"template":"","format":"standard","meta":{"footnotes":""},"categories":[31],"tags":[],"class_list":["post-33764","post","type-post","status-publish","format-standard","has-post-thumbnail","hentry","category-cabo-frio"],"yoast_head":"<!-- This site is optimized with the Yoast SEO plugin v26.5 - https:\/\/yoast.com\/wordpress\/plugins\/seo\/ -->\n<title>Cabo Frio leva informa\u00e7\u00e3o e mobiliza\u00e7\u00e3o pelo Dia da Mulher \u00e0 Praia do Forte - Rota Rio<\/title>\n<meta name=\"robots\" content=\"index, follow, max-snippet:-1, max-image-preview:large, max-video-preview:-1\" \/>\n<link rel=\"canonical\" href=\"https:\/\/rotario.com.br\/site\/cabo-frio-leva-informacao-e-mobilizacao-pelo-dia-da-mulher-a-praia-do-forte\/\" \/>\n<meta property=\"og:locale\" content=\"pt_BR\" \/>\n<meta property=\"og:type\" content=\"article\" \/>\n<meta property=\"og:title\" content=\"Cabo Frio leva informa\u00e7\u00e3o e mobiliza\u00e7\u00e3o pelo Dia da Mulher \u00e0 Praia do Forte - Rota Rio\" \/>\n<meta property=\"og:description\" content=\"Uma a\u00e7\u00e3o de conscientiza\u00e7\u00e3o marcou a manh\u00e3 deste domingo (8) na Praia do Forte, em Cabo Frio, em refer\u00eancia ao Dia Internacional da Mulher. A atividade foi promovida pela Prefeitura por meio da Patrulha Maria da Penha, vinculada \u00e0 Guarda Civil Municipal, com apoio de equipes do Grupamento Operacional de Praia (GOP), da Guarda Mar\u00edtima [&hellip;]\" \/>\n<meta property=\"og:url\" content=\"https:\/\/rotario.com.br\/site\/cabo-frio-leva-informacao-e-mobilizacao-pelo-dia-da-mulher-a-praia-do-forte\/\" \/>\n<meta property=\"og:site_name\" content=\"Rota Rio\" \/>\n<meta property=\"article:published_time\" content=\"2026-03-09T16:08:11+00:00\" \/>\n<meta property=\"article:modified_time\" content=\"2026-03-09T16:08:14+00:00\" \/>\n<meta property=\"og:image\" content=\"https:\/\/rotario.com.br\/site\/wp-content\/uploads\/2026\/03\/WhatsApp-Image-2026-03-09-at-10.15.59-1.jpeg\" \/>\n\t<meta property=\"og:image:width\" content=\"551\" \/>\n\t<meta property=\"og:image:height\" content=\"501\" \/>\n\t<meta property=\"og:image:type\" content=\"image\/jpeg\" \/>\n<meta name=\"author\" content=\"Galv\u00e3o\" \/>\n<meta name=\"twitter:card\" content=\"summary_large_image\" \/>\n<meta name=\"twitter:label1\" content=\"Escrito por\" \/>\n\t<meta name=\"twitter:data1\" content=\"Galv\u00e3o\" \/>\n\t<meta name=\"twitter:label2\" content=\"Est. tempo de leitura\" \/>\n\t<meta name=\"twitter:data2\" content=\"3 minutos\" \/>\n<script type=\"application\/ld+json\" class=\"yoast-schema-graph\">{\"@context\":\"https:\/\/schema.org\",\"@graph\":[{\"@type\":\"Article\",\"@id\":\"https:\/\/rotario.com.br\/site\/cabo-frio-leva-informacao-e-mobilizacao-pelo-dia-da-mulher-a-praia-do-forte\/#article\",\"isPartOf\":{\"@id\":\"https:\/\/rotario.com.br\/site\/cabo-frio-leva-informacao-e-mobilizacao-pelo-dia-da-mulher-a-praia-do-forte\/\"},\"author\":{\"name\":\"Galv\u00e3o\",\"@id\":\"https:\/\/rotario.com.br\/site\/#\/schema\/person\/fd89bbbf4136f7e8a21e0dd67b8a66c7\"},\"headline\":\"Cabo Frio leva informa\u00e7\u00e3o e mobiliza\u00e7\u00e3o pelo Dia da Mulher \u00e0 Praia do Forte\",\"datePublished\":\"2026-03-09T16:08:11+00:00\",\"dateModified\":\"2026-03-09T16:08:14+00:00\",\"mainEntityOfPage\":{\"@id\":\"https:\/\/rotario.com.br\/site\/cabo-frio-leva-informacao-e-mobilizacao-pelo-dia-da-mulher-a-praia-do-forte\/\"},\"wordCount\":427,\"commentCount\":0,\"publisher\":{\"@id\":\"https:\/\/rotario.com.br\/site\/#organization\"},\"image\":{\"@id\":\"https:\/\/rotario.com.br\/site\/cabo-frio-leva-informacao-e-mobilizacao-pelo-dia-da-mulher-a-praia-do-forte\/#primaryimage\"},\"thumbnailUrl\":\"https:\/\/rotario.com.br\/site\/wp-content\/uploads\/2026\/03\/WhatsApp-Image-2026-03-09-at-10.15.59-1.jpeg\",\"articleSection\":[\"Cabo Frio\"],\"inLanguage\":\"pt-BR\",\"potentialAction\":[{\"@type\":\"CommentAction\",\"name\":\"Comment\",\"target\":[\"https:\/\/rotario.com.br\/site\/cabo-frio-leva-informacao-e-mobilizacao-pelo-dia-da-mulher-a-praia-do-forte\/#respond\"]}]},{\"@type\":\"WebPage\",\"@id\":\"https:\/\/rotario.com.br\/site\/cabo-frio-leva-informacao-e-mobilizacao-pelo-dia-da-mulher-a-praia-do-forte\/\",\"url\":\"https:\/\/rotario.com.br\/site\/cabo-frio-leva-informacao-e-mobilizacao-pelo-dia-da-mulher-a-praia-do-forte\/\",\"name\":\"Cabo Frio leva informa\u00e7\u00e3o e mobiliza\u00e7\u00e3o pelo Dia da Mulher \u00e0 Praia do Forte - Rota Rio\",\"isPartOf\":{\"@id\":\"https:\/\/rotario.com.br\/site\/#website\"},\"primaryImageOfPage\":{\"@id\":\"https:\/\/rotario.com.br\/site\/cabo-frio-leva-informacao-e-mobilizacao-pelo-dia-da-mulher-a-praia-do-forte\/#primaryimage\"},\"image\":{\"@id\":\"https:\/\/rotario.com.br\/site\/cabo-frio-leva-informacao-e-mobilizacao-pelo-dia-da-mulher-a-praia-do-forte\/#primaryimage\"},\"thumbnailUrl\":\"https:\/\/rotario.com.br\/site\/wp-content\/uploads\/2026\/03\/WhatsApp-Image-2026-03-09-at-10.15.59-1.jpeg\",\"datePublished\":\"2026-03-09T16:08:11+00:00\",\"dateModified\":\"2026-03-09T16:08:14+00:00\",\"breadcrumb\":{\"@id\":\"https:\/\/rotario.com.br\/site\/cabo-frio-leva-informacao-e-mobilizacao-pelo-dia-da-mulher-a-praia-do-forte\/#breadcrumb\"},\"inLanguage\":\"pt-BR\",\"potentialAction\":[{\"@type\":\"ReadAction\",\"target\":[\"https:\/\/rotario.com.br\/site\/cabo-frio-leva-informacao-e-mobilizacao-pelo-dia-da-mulher-a-praia-do-forte\/\"]}]},{\"@type\":\"ImageObject\",\"inLanguage\":\"pt-BR\",\"@id\":\"https:\/\/rotario.com.br\/site\/cabo-frio-leva-informacao-e-mobilizacao-pelo-dia-da-mulher-a-praia-do-forte\/#primaryimage\",\"url\":\"https:\/\/rotario.com.br\/site\/wp-content\/uploads\/2026\/03\/WhatsApp-Image-2026-03-09-at-10.15.59-1.jpeg\",\"contentUrl\":\"https:\/\/rotario.com.br\/site\/wp-content\/uploads\/2026\/03\/WhatsApp-Image-2026-03-09-at-10.15.59-1.jpeg\",\"width\":551,\"height\":501},{\"@type\":\"BreadcrumbList\",\"@id\":\"https:\/\/rotario.com.br\/site\/cabo-frio-leva-informacao-e-mobilizacao-pelo-dia-da-mulher-a-praia-do-forte\/#breadcrumb\",\"itemListElement\":[{\"@type\":\"ListItem\",\"position\":1,\"name\":\"In\u00edcio\",\"item\":\"https:\/\/rotario.com.br\/site\/\"},{\"@type\":\"ListItem\",\"position\":2,\"name\":\"Cabo Frio leva informa\u00e7\u00e3o e mobiliza\u00e7\u00e3o pelo Dia da Mulher \u00e0 Praia do Forte\"}]},{\"@type\":\"WebSite\",\"@id\":\"https:\/\/rotario.com.br\/site\/#website\",\"url\":\"https:\/\/rotario.com.br\/site\/\",\"name\":\"Rota Rio\",\"description\":\"Aqui, o Rio de Janeiro \u00e9 a pauta!\",\"publisher\":{\"@id\":\"https:\/\/rotario.com.br\/site\/#organization\"},\"potentialAction\":[{\"@type\":\"SearchAction\",\"target\":{\"@type\":\"EntryPoint\",\"urlTemplate\":\"https:\/\/rotario.com.br\/site\/?s={search_term_string}\"},\"query-input\":{\"@type\":\"PropertyValueSpecification\",\"valueRequired\":true,\"valueName\":\"search_term_string\"}}],\"inLanguage\":\"pt-BR\"},{\"@type\":\"Organization\",\"@id\":\"https:\/\/rotario.com.br\/site\/#organization\",\"name\":\"Rota Rio\",\"url\":\"https:\/\/rotario.com.br\/site\/\",\"logo\":{\"@type\":\"ImageObject\",\"inLanguage\":\"pt-BR\",\"@id\":\"https:\/\/rotario.com.br\/site\/#\/schema\/logo\/image\/\",\"url\":\"https:\/\/rotario.com.br\/site\/wp-content\/uploads\/2022\/04\/cropped-ROTARIO-LOGO-Prancheta-1-1-2048x654-1.png\",\"contentUrl\":\"https:\/\/rotario.com.br\/site\/wp-content\/uploads\/2022\/04\/cropped-ROTARIO-LOGO-Prancheta-1-1-2048x654-1.png\",\"width\":2048,\"height\":654,\"caption\":\"Rota Rio\"},\"image\":{\"@id\":\"https:\/\/rotario.com.br\/site\/#\/schema\/logo\/image\/\"}},{\"@type\":\"Person\",\"@id\":\"https:\/\/rotario.com.br\/site\/#\/schema\/person\/fd89bbbf4136f7e8a21e0dd67b8a66c7\",\"name\":\"Galv\u00e3o\",\"url\":\"https:\/\/rotario.com.br\/site\/author\/daniel\/\"}]}<\/script>\n<!-- \/ Yoast SEO plugin. -->","yoast_head_json":{"title":"Cabo Frio leva informa\u00e7\u00e3o e mobiliza\u00e7\u00e3o pelo Dia da Mulher \u00e0 Praia do Forte - Rota Rio","robots":{"index":"index","follow":"follow","max-snippet":"max-snippet:-1","max-image-preview":"max-image-preview:large","max-video-preview":"max-video-preview:-1"},"canonical":"https:\/\/rotario.com.br\/site\/cabo-frio-leva-informacao-e-mobilizacao-pelo-dia-da-mulher-a-praia-do-forte\/","og_locale":"pt_BR","og_type":"article","og_title":"Cabo Frio leva informa\u00e7\u00e3o e mobiliza\u00e7\u00e3o pelo Dia da Mulher \u00e0 Praia do Forte - Rota Rio","og_description":"Uma a\u00e7\u00e3o de conscientiza\u00e7\u00e3o marcou a manh\u00e3 deste domingo (8) na Praia do Forte, em Cabo Frio, em refer\u00eancia ao Dia Internacional da Mulher. A atividade foi promovida pela Prefeitura por meio da Patrulha Maria da Penha, vinculada \u00e0 Guarda Civil Municipal, com apoio de equipes do Grupamento Operacional de Praia (GOP), da Guarda Mar\u00edtima [&hellip;]","og_url":"https:\/\/rotario.com.br\/site\/cabo-frio-leva-informacao-e-mobilizacao-pelo-dia-da-mulher-a-praia-do-forte\/","og_site_name":"Rota Rio","article_published_time":"2026-03-09T16:08:11+00:00","article_modified_time":"2026-03-09T16:08:14+00:00","og_image":[{"width":551,"height":501,"url":"https:\/\/rotario.com.br\/site\/wp-content\/uploads\/2026\/03\/WhatsApp-Image-2026-03-09-at-10.15.59-1.jpeg","type":"image\/jpeg"}],"author":"Galv\u00e3o","twitter_card":"summary_large_image","twitter_misc":{"Escrito por":"Galv\u00e3o","Est. tempo de leitura":"3 minutos"},"schema":{"@context":"https:\/\/schema.org","@graph":[{"@type":"Article","@id":"https:\/\/rotario.com.br\/site\/cabo-frio-leva-informacao-e-mobilizacao-pelo-dia-da-mulher-a-praia-do-forte\/#article","isPartOf":{"@id":"https:\/\/rotario.com.br\/site\/cabo-frio-leva-informacao-e-mobilizacao-pelo-dia-da-mulher-a-praia-do-forte\/"},"author":{"name":"Galv\u00e3o","@id":"https:\/\/rotario.com.br\/site\/#\/schema\/person\/fd89bbbf4136f7e8a21e0dd67b8a66c7"},"headline":"Cabo Frio leva informa\u00e7\u00e3o e mobiliza\u00e7\u00e3o pelo Dia da Mulher \u00e0 Praia do Forte","datePublished":"2026-03-09T16:08:11+00:00","dateModified":"2026-03-09T16:08:14+00:00","mainEntityOfPage":{"@id":"https:\/\/rotario.com.br\/site\/cabo-frio-leva-informacao-e-mobilizacao-pelo-dia-da-mulher-a-praia-do-forte\/"},"wordCount":427,"commentCount":0,"publisher":{"@id":"https:\/\/rotario.com.br\/site\/#organization"},"image":{"@id":"https:\/\/rotario.com.br\/site\/cabo-frio-leva-informacao-e-mobilizacao-pelo-dia-da-mulher-a-praia-do-forte\/#primaryimage"},"thumbnailUrl":"https:\/\/rotario.com.br\/site\/wp-content\/uploads\/2026\/03\/WhatsApp-Image-2026-03-09-at-10.15.59-1.jpeg","articleSection":["Cabo Frio"],"inLanguage":"pt-BR","potentialAction":[{"@type":"CommentAction","name":"Comment","target":["https:\/\/rotario.com.br\/site\/cabo-frio-leva-informacao-e-mobilizacao-pelo-dia-da-mulher-a-praia-do-forte\/#respond"]}]},{"@type":"WebPage","@id":"https:\/\/rotario.com.br\/site\/cabo-frio-leva-informacao-e-mobilizacao-pelo-dia-da-mulher-a-praia-do-forte\/","url":"https:\/\/rotario.com.br\/site\/cabo-frio-leva-informacao-e-mobilizacao-pelo-dia-da-mulher-a-praia-do-forte\/","name":"Cabo Frio leva informa\u00e7\u00e3o e mobiliza\u00e7\u00e3o pelo Dia da Mulher \u00e0 Praia do Forte - Rota Rio","isPartOf":{"@id":"https:\/\/rotario.com.br\/site\/#website"},"primaryImageOfPage":{"@id":"https:\/\/rotario.com.br\/site\/cabo-frio-leva-informacao-e-mobilizacao-pelo-dia-da-mulher-a-praia-do-forte\/#primaryimage"},"image":{"@id":"https:\/\/rotario.com.br\/site\/cabo-frio-leva-informacao-e-mobilizacao-pelo-dia-da-mulher-a-praia-do-forte\/#primaryimage"},"thumbnailUrl":"https:\/\/rotario.com.br\/site\/wp-content\/uploads\/2026\/03\/WhatsApp-Image-2026-03-09-at-10.15.59-1.jpeg","datePublished":"2026-03-09T16:08:11+00:00","dateModified":"2026-03-09T16:08:14+00:00","breadcrumb":{"@id":"https:\/\/rotario.com.br\/site\/cabo-frio-leva-informacao-e-mobilizacao-pelo-dia-da-mulher-a-praia-do-forte\/#breadcrumb"},"inLanguage":"pt-BR","potentialAction":[{"@type":"ReadAction","target":["https:\/\/rotario.com.br\/site\/cabo-frio-leva-informacao-e-mobilizacao-pelo-dia-da-mulher-a-praia-do-forte\/"]}]},{"@type":"ImageObject","inLanguage":"pt-BR","@id":"https:\/\/rotario.com.br\/site\/cabo-frio-leva-informacao-e-mobilizacao-pelo-dia-da-mulher-a-praia-do-forte\/#primaryimage","url":"https:\/\/rotario.com.br\/site\/wp-content\/uploads\/2026\/03\/WhatsApp-Image-2026-03-09-at-10.15.59-1.jpeg","contentUrl":"https:\/\/rotario.com.br\/site\/wp-content\/uploads\/2026\/03\/WhatsApp-Image-2026-03-09-at-10.15.59-1.jpeg","width":551,"height":501},{"@type":"BreadcrumbList","@id":"https:\/\/rotario.com.br\/site\/cabo-frio-leva-informacao-e-mobilizacao-pelo-dia-da-mulher-a-praia-do-forte\/#breadcrumb","itemListElement":[{"@type":"ListItem","position":1,"name":"In\u00edcio","item":"https:\/\/rotario.com.br\/site\/"},{"@type":"ListItem","position":2,"name":"Cabo Frio leva informa\u00e7\u00e3o e mobiliza\u00e7\u00e3o pelo Dia da Mulher \u00e0 Praia do Forte"}]},{"@type":"WebSite","@id":"https:\/\/rotario.com.br\/site\/#website","url":"https:\/\/rotario.com.br\/site\/","name":"Rota Rio","description":"Aqui, o Rio de Janeiro \u00e9 a pauta!","publisher":{"@id":"https:\/\/rotario.com.br\/site\/#organization"},"potentialAction":[{"@type":"SearchAction","target":{"@type":"EntryPoint","urlTemplate":"https:\/\/rotario.com.br\/site\/?s={search_term_string}"},"query-input":{"@type":"PropertyValueSpecification","valueRequired":true,"valueName":"search_term_string"}}],"inLanguage":"pt-BR"},{"@type":"Organization","@id":"https:\/\/rotario.com.br\/site\/#organization","name":"Rota Rio","url":"https:\/\/rotario.com.br\/site\/","logo":{"@type":"ImageObject","inLanguage":"pt-BR","@id":"https:\/\/rotario.com.br\/site\/#\/schema\/logo\/image\/","url":"https:\/\/rotario.com.br\/site\/wp-content\/uploads\/2022\/04\/cropped-ROTARIO-LOGO-Prancheta-1-1-2048x654-1.png","contentUrl":"https:\/\/rotario.com.br\/site\/wp-content\/uploads\/2022\/04\/cropped-ROTARIO-LOGO-Prancheta-1-1-2048x654-1.png","width":2048,"height":654,"caption":"Rota Rio"},"image":{"@id":"https:\/\/rotario.com.br\/site\/#\/schema\/logo\/image\/"}},{"@type":"Person","@id":"https:\/\/rotario.com.br\/site\/#\/schema\/person\/fd89bbbf4136f7e8a21e0dd67b8a66c7","name":"Galv\u00e3o","url":"https:\/\/rotario.com.br\/site\/author\/daniel\/"}]}},"_links":{"self":[{"href":"https:\/\/rotario.com.br\/site\/wp-json\/wp\/v2\/posts\/33764","targetHints":{"allow":["GET"]}}],"collection":[{"href":"https:\/\/rotario.com.br\/site\/wp-json\/wp\/v2\/posts"}],"about":[{"href":"https:\/\/rotario.com.br\/site\/wp-json\/wp\/v2\/types\/post"}],"author":[{"embeddable":true,"href":"https:\/\/rotario.com.br\/site\/wp-json\/wp\/v2\/users\/2"}],"replies":[{"embeddable":true,"href":"https:\/\/rotario.com.br\/site\/wp-json\/wp\/v2\/comments?post=33764"}],"version-history":[{"count":1,"href":"https:\/\/rotario.com.br\/site\/wp-json\/wp\/v2\/posts\/33764\/revisions"}],"predecessor-version":[{"id":33766,"href":"https:\/\/rotario.com.br\/site\/wp-json\/wp\/v2\/posts\/33764\/revisions\/33766"}],"wp:featuredmedia":[{"embeddable":true,"href":"https:\/\/rotario.com.br\/site\/wp-json\/wp\/v2\/media\/33765"}],"wp:attachment":[{"href":"https:\/\/rotario.com.br\/site\/wp-json\/wp\/v2\/media?parent=33764"}],"wp:term":[{"taxonomy":"category","embeddable":true,"href":"https:\/\/rotario.com.br\/site\/wp-json\/wp\/v2\/categories?post=33764"},{"taxonomy":"post_tag","embeddable":true,"href":"https:\/\/rotario.com.br\/site\/wp-json\/wp\/v2\/tags?post=33764"}],"curies":[{"name":"wp","href":"https:\/\/api.w.org\/{rel}","templated":true}]}}