{"id":33767,"date":"2026-03-09T13:11:19","date_gmt":"2026-03-09T16:11:19","guid":{"rendered":"https:\/\/rotario.com.br\/site\/?p=33767"},"modified":"2026-03-09T13:11:23","modified_gmt":"2026-03-09T16:11:23","slug":"equipes-da-guarda-civil-realizam-abordagens-e-acoes-ambientais-em-cabo-frio-no-fim-de-semana","status":"publish","type":"post","link":"https:\/\/rotario.com.br\/site\/equipes-da-guarda-civil-realizam-abordagens-e-acoes-ambientais-em-cabo-frio-no-fim-de-semana\/","title":{"rendered":"Equipes da Guarda Civil realizam abordagens e a\u00e7\u00f5es ambientais em Cabo Frio no fim de semana"},"content":{"rendered":"\n<p>A Guarda Civil Municipal de Cabo Frio realizou diversas a\u00e7\u00f5es de patrulhamento e atendimento ao longo do fim de semana em diferentes regi\u00f5es da cidade. As equipes atuaram em ruas, bairros, \u00e1reas ambientais e nas praias, desenvolvendo atividades de fiscaliza\u00e7\u00e3o, abordagens e suporte \u00e0 popula\u00e7\u00e3o.<\/p>\n\n\n\n<p>Entre os registros, agentes da Ronda Ostensiva Municipal (Romu) encaminharam um homem \u00e0 126\u00aa Delegacia de Pol\u00edcia ap\u00f3s uma abordagem na Avenida Ant\u00f4nio Ferreira dos Santos, no bairro Braga. Segundo a ocorr\u00eancia, o motorista realizava transporte por aplicativo utilizando, supostamente, um nome falso. O caso foi apresentado \u00e0 autoridade policial para as medidas legais.<\/p>\n\n\n\n<p>Durante patrulhamento na regi\u00e3o central, guardas identificaram um ve\u00edculo aparentemente abandonado na Rua Manoel Francisco Correia, em Vila Nova. Ap\u00f3s consulta no sistema, foi verificado que o autom\u00f3vel possu\u00eda registro de roubo ou furto. No momento da remo\u00e7\u00e3o, um homem se apresentou como propriet\u00e1rio e acabou sendo conduzido junto com o ve\u00edculo para a 126\u00aa DP. A ocorr\u00eancia foi registrada como recepta\u00e7\u00e3o culposa.<\/p>\n\n\n\n<p>Na Praia do Forte, pr\u00f3ximo ao ponto conhecido como Torresmo, equipes da Romu prestaram apoio ao Grupamento Operacional de Praia (GOP) em uma abordagem a suspeitos de portar drogas. O material encontrado foi apreendido e um dos envolvidos foi encaminhado para averigua\u00e7\u00e3o na delegacia.<\/p>\n\n\n\n<p>As equipes tamb\u00e9m realizaram a\u00e7\u00f5es ambientais. A Guarda Mar\u00edtima e Ambiental resgatou dois filhotes de jacar\u00e9-do-papo-amarelo em diferentes pontos da cidade. Um dos animais foi recolhido na Rua das Margaridas, no bairro Tangar\u00e1, e o outro foi entregue \u00e0 equipe por funcion\u00e1rios do Condom\u00ednio dos P\u00e1ssaros. Ap\u00f3s o resgate, ambos foram devolvidos ao habitat natural, em \u00e1rea adequada da Lagoa do Guriri.<\/p>\n\n\n\n<p>&nbsp;Durante rondas em bairros e \u00e1reas tur\u00edsticas, os agentes atenderam ainda uma den\u00fancia de perturba\u00e7\u00e3o sonora no bairro Jardim Cai\u00e7ara, orientando o respons\u00e1vel a reduzir o volume do som. Na Passagem, tamb\u00e9m foram realizadas a\u00e7\u00f5es de fiscaliza\u00e7\u00e3o com notifica\u00e7\u00f5es a ve\u00edculos estacionados irregularmente, com o objetivo de melhorar a organiza\u00e7\u00e3o e a seguran\u00e7a do tr\u00e2nsito.<\/p>\n\n\n\n<p>Outro atendimento ocorreu na base do Grupamento Operacional de Praia, na Praia do Forte, onde uma fam\u00edlia em situa\u00e7\u00e3o de vulnerabilidade social procurou aux\u00edlio. Ap\u00f3s contato com os \u00f3rg\u00e3os competentes, o grupo \u2014 formado por um casal e tr\u00eas crian\u00e7as, sendo a mulher gestante \u2014 foi encaminhado para acolhimento em abrigo p\u00fablico do munic\u00edpio.<\/p>\n\n\n\n<p>Na Ilha do Japon\u00eas, agentes ambientais tamb\u00e9m participaram de uma fiscaliza\u00e7\u00e3o envolvendo uma motocicleta estacionada em local proibido. O condutor havia levantado a placa do ve\u00edculo, dificultando a identifica\u00e7\u00e3o. Com apoio do grupamento de tr\u00e2nsito, foi emitido auto de infra\u00e7\u00e3o e a motocicleta foi conduzida \u00e0 126\u00aa Delegacia de Pol\u00edcia, sendo posteriormente encaminhada ao dep\u00f3sito p\u00fablico.<\/p>\n\n\n\n<p>&nbsp;Patrulha Maria da Penha tamb\u00e9m atuou durante o per\u00edodo, prestando apoio a uma mulher atendida na UPA de Tamoios e acompanhando-a posteriormente at\u00e9 a Delegacia Especializada de Atendimento \u00e0 Mulher (Deam) para registro da ocorr\u00eancia.<\/p>\n\n\n\n<p>A Guarda Civil Municipal de Cabo Frio refor\u00e7a que a popula\u00e7\u00e3o pode acionar o telefone 153 para emerg\u00eancias, den\u00fancias ou solicita\u00e7\u00f5es de apoio.&nbsp;&nbsp;&nbsp;&nbsp;<\/p>\n","protected":false},"excerpt":{"rendered":"<p>A Guarda Civil Municipal de Cabo Frio realizou diversas a\u00e7\u00f5es de patrulhamento e atendimento ao longo do fim de semana em diferentes regi\u00f5es da cidade. As equipes atuaram em ruas, bairros, \u00e1reas ambientais e nas praias, desenvolvendo atividades de fiscaliza\u00e7\u00e3o, abordagens e suporte \u00e0 popula\u00e7\u00e3o. Entre os registros, agentes da Ronda Ostensiva Municipal (Romu) encaminharam [&hellip;]<\/p>\n","protected":false},"author":2,"featured_media":33768,"comment_status":"open","ping_status":"closed","sticky":false,"template":"","format":"standard","meta":{"footnotes":""},"categories":[31],"tags":[],"class_list":["post-33767","post","type-post","status-publish","format-standard","has-post-thumbnail","hentry","category-cabo-frio"],"yoast_head":"<!-- This site is optimized with the Yoast SEO plugin v26.5 - https:\/\/yoast.com\/wordpress\/plugins\/seo\/ -->\n<title>Equipes da Guarda Civil realizam abordagens e a\u00e7\u00f5es ambientais em Cabo Frio no fim de semana - Rota Rio<\/title>\n<meta name=\"robots\" content=\"index, follow, max-snippet:-1, max-image-preview:large, max-video-preview:-1\" \/>\n<link rel=\"canonical\" href=\"https:\/\/rotario.com.br\/site\/equipes-da-guarda-civil-realizam-abordagens-e-acoes-ambientais-em-cabo-frio-no-fim-de-semana\/\" \/>\n<meta property=\"og:locale\" content=\"pt_BR\" \/>\n<meta property=\"og:type\" content=\"article\" \/>\n<meta property=\"og:title\" content=\"Equipes da Guarda Civil realizam abordagens e a\u00e7\u00f5es ambientais em Cabo Frio no fim de semana - Rota Rio\" \/>\n<meta property=\"og:description\" content=\"A Guarda Civil Municipal de Cabo Frio realizou diversas a\u00e7\u00f5es de patrulhamento e atendimento ao longo do fim de semana em diferentes regi\u00f5es da cidade. As equipes atuaram em ruas, bairros, \u00e1reas ambientais e nas praias, desenvolvendo atividades de fiscaliza\u00e7\u00e3o, abordagens e suporte \u00e0 popula\u00e7\u00e3o. Entre os registros, agentes da Ronda Ostensiva Municipal (Romu) encaminharam [&hellip;]\" \/>\n<meta property=\"og:url\" content=\"https:\/\/rotario.com.br\/site\/equipes-da-guarda-civil-realizam-abordagens-e-acoes-ambientais-em-cabo-frio-no-fim-de-semana\/\" \/>\n<meta property=\"og:site_name\" content=\"Rota Rio\" \/>\n<meta property=\"article:published_time\" content=\"2026-03-09T16:11:19+00:00\" \/>\n<meta property=\"article:modified_time\" content=\"2026-03-09T16:11:23+00:00\" \/>\n<meta property=\"og:image\" content=\"https:\/\/rotario.com.br\/site\/wp-content\/uploads\/2026\/03\/WhatsApp-Image-2026-03-09-at-10.48.29.jpeg\" \/>\n\t<meta property=\"og:image:width\" content=\"551\" \/>\n\t<meta property=\"og:image:height\" content=\"501\" \/>\n\t<meta property=\"og:image:type\" content=\"image\/jpeg\" \/>\n<meta name=\"author\" content=\"Galv\u00e3o\" \/>\n<meta name=\"twitter:card\" content=\"summary_large_image\" \/>\n<meta name=\"twitter:label1\" content=\"Escrito por\" \/>\n\t<meta name=\"twitter:data1\" content=\"Galv\u00e3o\" \/>\n\t<meta name=\"twitter:label2\" content=\"Est. tempo de leitura\" \/>\n\t<meta name=\"twitter:data2\" content=\"3 minutos\" \/>\n<script type=\"application\/ld+json\" class=\"yoast-schema-graph\">{\"@context\":\"https:\/\/schema.org\",\"@graph\":[{\"@type\":\"Article\",\"@id\":\"https:\/\/rotario.com.br\/site\/equipes-da-guarda-civil-realizam-abordagens-e-acoes-ambientais-em-cabo-frio-no-fim-de-semana\/#article\",\"isPartOf\":{\"@id\":\"https:\/\/rotario.com.br\/site\/equipes-da-guarda-civil-realizam-abordagens-e-acoes-ambientais-em-cabo-frio-no-fim-de-semana\/\"},\"author\":{\"name\":\"Galv\u00e3o\",\"@id\":\"https:\/\/rotario.com.br\/site\/#\/schema\/person\/fd89bbbf4136f7e8a21e0dd67b8a66c7\"},\"headline\":\"Equipes da Guarda Civil realizam abordagens e a\u00e7\u00f5es ambientais em Cabo Frio no fim de semana\",\"datePublished\":\"2026-03-09T16:11:19+00:00\",\"dateModified\":\"2026-03-09T16:11:23+00:00\",\"mainEntityOfPage\":{\"@id\":\"https:\/\/rotario.com.br\/site\/equipes-da-guarda-civil-realizam-abordagens-e-acoes-ambientais-em-cabo-frio-no-fim-de-semana\/\"},\"wordCount\":570,\"commentCount\":0,\"publisher\":{\"@id\":\"https:\/\/rotario.com.br\/site\/#organization\"},\"image\":{\"@id\":\"https:\/\/rotario.com.br\/site\/equipes-da-guarda-civil-realizam-abordagens-e-acoes-ambientais-em-cabo-frio-no-fim-de-semana\/#primaryimage\"},\"thumbnailUrl\":\"https:\/\/rotario.com.br\/site\/wp-content\/uploads\/2026\/03\/WhatsApp-Image-2026-03-09-at-10.48.29.jpeg\",\"articleSection\":[\"Cabo Frio\"],\"inLanguage\":\"pt-BR\",\"potentialAction\":[{\"@type\":\"CommentAction\",\"name\":\"Comment\",\"target\":[\"https:\/\/rotario.com.br\/site\/equipes-da-guarda-civil-realizam-abordagens-e-acoes-ambientais-em-cabo-frio-no-fim-de-semana\/#respond\"]}]},{\"@type\":\"WebPage\",\"@id\":\"https:\/\/rotario.com.br\/site\/equipes-da-guarda-civil-realizam-abordagens-e-acoes-ambientais-em-cabo-frio-no-fim-de-semana\/\",\"url\":\"https:\/\/rotario.com.br\/site\/equipes-da-guarda-civil-realizam-abordagens-e-acoes-ambientais-em-cabo-frio-no-fim-de-semana\/\",\"name\":\"Equipes da Guarda Civil realizam abordagens e a\u00e7\u00f5es ambientais em Cabo Frio no fim de semana - Rota Rio\",\"isPartOf\":{\"@id\":\"https:\/\/rotario.com.br\/site\/#website\"},\"primaryImageOfPage\":{\"@id\":\"https:\/\/rotario.com.br\/site\/equipes-da-guarda-civil-realizam-abordagens-e-acoes-ambientais-em-cabo-frio-no-fim-de-semana\/#primaryimage\"},\"image\":{\"@id\":\"https:\/\/rotario.com.br\/site\/equipes-da-guarda-civil-realizam-abordagens-e-acoes-ambientais-em-cabo-frio-no-fim-de-semana\/#primaryimage\"},\"thumbnailUrl\":\"https:\/\/rotario.com.br\/site\/wp-content\/uploads\/2026\/03\/WhatsApp-Image-2026-03-09-at-10.48.29.jpeg\",\"datePublished\":\"2026-03-09T16:11:19+00:00\",\"dateModified\":\"2026-03-09T16:11:23+00:00\",\"breadcrumb\":{\"@id\":\"https:\/\/rotario.com.br\/site\/equipes-da-guarda-civil-realizam-abordagens-e-acoes-ambientais-em-cabo-frio-no-fim-de-semana\/#breadcrumb\"},\"inLanguage\":\"pt-BR\",\"potentialAction\":[{\"@type\":\"ReadAction\",\"target\":[\"https:\/\/rotario.com.br\/site\/equipes-da-guarda-civil-realizam-abordagens-e-acoes-ambientais-em-cabo-frio-no-fim-de-semana\/\"]}]},{\"@type\":\"ImageObject\",\"inLanguage\":\"pt-BR\",\"@id\":\"https:\/\/rotario.com.br\/site\/equipes-da-guarda-civil-realizam-abordagens-e-acoes-ambientais-em-cabo-frio-no-fim-de-semana\/#primaryimage\",\"url\":\"https:\/\/rotario.com.br\/site\/wp-content\/uploads\/2026\/03\/WhatsApp-Image-2026-03-09-at-10.48.29.jpeg\",\"contentUrl\":\"https:\/\/rotario.com.br\/site\/wp-content\/uploads\/2026\/03\/WhatsApp-Image-2026-03-09-at-10.48.29.jpeg\",\"width\":551,\"height\":501},{\"@type\":\"BreadcrumbList\",\"@id\":\"https:\/\/rotario.com.br\/site\/equipes-da-guarda-civil-realizam-abordagens-e-acoes-ambientais-em-cabo-frio-no-fim-de-semana\/#breadcrumb\",\"itemListElement\":[{\"@type\":\"ListItem\",\"position\":1,\"name\":\"In\u00edcio\",\"item\":\"https:\/\/rotario.com.br\/site\/\"},{\"@type\":\"ListItem\",\"position\":2,\"name\":\"Equipes da Guarda Civil realizam abordagens e a\u00e7\u00f5es ambientais em Cabo Frio no fim de semana\"}]},{\"@type\":\"WebSite\",\"@id\":\"https:\/\/rotario.com.br\/site\/#website\",\"url\":\"https:\/\/rotario.com.br\/site\/\",\"name\":\"Rota Rio\",\"description\":\"Aqui, o Rio de Janeiro \u00e9 a pauta!\",\"publisher\":{\"@id\":\"https:\/\/rotario.com.br\/site\/#organization\"},\"potentialAction\":[{\"@type\":\"SearchAction\",\"target\":{\"@type\":\"EntryPoint\",\"urlTemplate\":\"https:\/\/rotario.com.br\/site\/?s={search_term_string}\"},\"query-input\":{\"@type\":\"PropertyValueSpecification\",\"valueRequired\":true,\"valueName\":\"search_term_string\"}}],\"inLanguage\":\"pt-BR\"},{\"@type\":\"Organization\",\"@id\":\"https:\/\/rotario.com.br\/site\/#organization\",\"name\":\"Rota Rio\",\"url\":\"https:\/\/rotario.com.br\/site\/\",\"logo\":{\"@type\":\"ImageObject\",\"inLanguage\":\"pt-BR\",\"@id\":\"https:\/\/rotario.com.br\/site\/#\/schema\/logo\/image\/\",\"url\":\"https:\/\/rotario.com.br\/site\/wp-content\/uploads\/2022\/04\/cropped-ROTARIO-LOGO-Prancheta-1-1-2048x654-1.png\",\"contentUrl\":\"https:\/\/rotario.com.br\/site\/wp-content\/uploads\/2022\/04\/cropped-ROTARIO-LOGO-Prancheta-1-1-2048x654-1.png\",\"width\":2048,\"height\":654,\"caption\":\"Rota Rio\"},\"image\":{\"@id\":\"https:\/\/rotario.com.br\/site\/#\/schema\/logo\/image\/\"}},{\"@type\":\"Person\",\"@id\":\"https:\/\/rotario.com.br\/site\/#\/schema\/person\/fd89bbbf4136f7e8a21e0dd67b8a66c7\",\"name\":\"Galv\u00e3o\",\"url\":\"https:\/\/rotario.com.br\/site\/author\/daniel\/\"}]}<\/script>\n<!-- \/ Yoast SEO plugin. -->","yoast_head_json":{"title":"Equipes da Guarda Civil realizam abordagens e a\u00e7\u00f5es ambientais em Cabo Frio no fim de semana - Rota Rio","robots":{"index":"index","follow":"follow","max-snippet":"max-snippet:-1","max-image-preview":"max-image-preview:large","max-video-preview":"max-video-preview:-1"},"canonical":"https:\/\/rotario.com.br\/site\/equipes-da-guarda-civil-realizam-abordagens-e-acoes-ambientais-em-cabo-frio-no-fim-de-semana\/","og_locale":"pt_BR","og_type":"article","og_title":"Equipes da Guarda Civil realizam abordagens e a\u00e7\u00f5es ambientais em Cabo Frio no fim de semana - Rota Rio","og_description":"A Guarda Civil Municipal de Cabo Frio realizou diversas a\u00e7\u00f5es de patrulhamento e atendimento ao longo do fim de semana em diferentes regi\u00f5es da cidade. As equipes atuaram em ruas, bairros, \u00e1reas ambientais e nas praias, desenvolvendo atividades de fiscaliza\u00e7\u00e3o, abordagens e suporte \u00e0 popula\u00e7\u00e3o. Entre os registros, agentes da Ronda Ostensiva Municipal (Romu) encaminharam [&hellip;]","og_url":"https:\/\/rotario.com.br\/site\/equipes-da-guarda-civil-realizam-abordagens-e-acoes-ambientais-em-cabo-frio-no-fim-de-semana\/","og_site_name":"Rota Rio","article_published_time":"2026-03-09T16:11:19+00:00","article_modified_time":"2026-03-09T16:11:23+00:00","og_image":[{"width":551,"height":501,"url":"https:\/\/rotario.com.br\/site\/wp-content\/uploads\/2026\/03\/WhatsApp-Image-2026-03-09-at-10.48.29.jpeg","type":"image\/jpeg"}],"author":"Galv\u00e3o","twitter_card":"summary_large_image","twitter_misc":{"Escrito por":"Galv\u00e3o","Est. tempo de leitura":"3 minutos"},"schema":{"@context":"https:\/\/schema.org","@graph":[{"@type":"Article","@id":"https:\/\/rotario.com.br\/site\/equipes-da-guarda-civil-realizam-abordagens-e-acoes-ambientais-em-cabo-frio-no-fim-de-semana\/#article","isPartOf":{"@id":"https:\/\/rotario.com.br\/site\/equipes-da-guarda-civil-realizam-abordagens-e-acoes-ambientais-em-cabo-frio-no-fim-de-semana\/"},"author":{"name":"Galv\u00e3o","@id":"https:\/\/rotario.com.br\/site\/#\/schema\/person\/fd89bbbf4136f7e8a21e0dd67b8a66c7"},"headline":"Equipes da Guarda Civil realizam abordagens e a\u00e7\u00f5es ambientais em Cabo Frio no fim de semana","datePublished":"2026-03-09T16:11:19+00:00","dateModified":"2026-03-09T16:11:23+00:00","mainEntityOfPage":{"@id":"https:\/\/rotario.com.br\/site\/equipes-da-guarda-civil-realizam-abordagens-e-acoes-ambientais-em-cabo-frio-no-fim-de-semana\/"},"wordCount":570,"commentCount":0,"publisher":{"@id":"https:\/\/rotario.com.br\/site\/#organization"},"image":{"@id":"https:\/\/rotario.com.br\/site\/equipes-da-guarda-civil-realizam-abordagens-e-acoes-ambientais-em-cabo-frio-no-fim-de-semana\/#primaryimage"},"thumbnailUrl":"https:\/\/rotario.com.br\/site\/wp-content\/uploads\/2026\/03\/WhatsApp-Image-2026-03-09-at-10.48.29.jpeg","articleSection":["Cabo Frio"],"inLanguage":"pt-BR","potentialAction":[{"@type":"CommentAction","name":"Comment","target":["https:\/\/rotario.com.br\/site\/equipes-da-guarda-civil-realizam-abordagens-e-acoes-ambientais-em-cabo-frio-no-fim-de-semana\/#respond"]}]},{"@type":"WebPage","@id":"https:\/\/rotario.com.br\/site\/equipes-da-guarda-civil-realizam-abordagens-e-acoes-ambientais-em-cabo-frio-no-fim-de-semana\/","url":"https:\/\/rotario.com.br\/site\/equipes-da-guarda-civil-realizam-abordagens-e-acoes-ambientais-em-cabo-frio-no-fim-de-semana\/","name":"Equipes da Guarda Civil realizam abordagens e a\u00e7\u00f5es ambientais em Cabo Frio no fim de semana - Rota Rio","isPartOf":{"@id":"https:\/\/rotario.com.br\/site\/#website"},"primaryImageOfPage":{"@id":"https:\/\/rotario.com.br\/site\/equipes-da-guarda-civil-realizam-abordagens-e-acoes-ambientais-em-cabo-frio-no-fim-de-semana\/#primaryimage"},"image":{"@id":"https:\/\/rotario.com.br\/site\/equipes-da-guarda-civil-realizam-abordagens-e-acoes-ambientais-em-cabo-frio-no-fim-de-semana\/#primaryimage"},"thumbnailUrl":"https:\/\/rotario.com.br\/site\/wp-content\/uploads\/2026\/03\/WhatsApp-Image-2026-03-09-at-10.48.29.jpeg","datePublished":"2026-03-09T16:11:19+00:00","dateModified":"2026-03-09T16:11:23+00:00","breadcrumb":{"@id":"https:\/\/rotario.com.br\/site\/equipes-da-guarda-civil-realizam-abordagens-e-acoes-ambientais-em-cabo-frio-no-fim-de-semana\/#breadcrumb"},"inLanguage":"pt-BR","potentialAction":[{"@type":"ReadAction","target":["https:\/\/rotario.com.br\/site\/equipes-da-guarda-civil-realizam-abordagens-e-acoes-ambientais-em-cabo-frio-no-fim-de-semana\/"]}]},{"@type":"ImageObject","inLanguage":"pt-BR","@id":"https:\/\/rotario.com.br\/site\/equipes-da-guarda-civil-realizam-abordagens-e-acoes-ambientais-em-cabo-frio-no-fim-de-semana\/#primaryimage","url":"https:\/\/rotario.com.br\/site\/wp-content\/uploads\/2026\/03\/WhatsApp-Image-2026-03-09-at-10.48.29.jpeg","contentUrl":"https:\/\/rotario.com.br\/site\/wp-content\/uploads\/2026\/03\/WhatsApp-Image-2026-03-09-at-10.48.29.jpeg","width":551,"height":501},{"@type":"BreadcrumbList","@id":"https:\/\/rotario.com.br\/site\/equipes-da-guarda-civil-realizam-abordagens-e-acoes-ambientais-em-cabo-frio-no-fim-de-semana\/#breadcrumb","itemListElement":[{"@type":"ListItem","position":1,"name":"In\u00edcio","item":"https:\/\/rotario.com.br\/site\/"},{"@type":"ListItem","position":2,"name":"Equipes da Guarda Civil realizam abordagens e a\u00e7\u00f5es ambientais em Cabo Frio no fim de semana"}]},{"@type":"WebSite","@id":"https:\/\/rotario.com.br\/site\/#website","url":"https:\/\/rotario.com.br\/site\/","name":"Rota Rio","description":"Aqui, o Rio de Janeiro \u00e9 a pauta!","publisher":{"@id":"https:\/\/rotario.com.br\/site\/#organization"},"potentialAction":[{"@type":"SearchAction","target":{"@type":"EntryPoint","urlTemplate":"https:\/\/rotario.com.br\/site\/?s={search_term_string}"},"query-input":{"@type":"PropertyValueSpecification","valueRequired":true,"valueName":"search_term_string"}}],"inLanguage":"pt-BR"},{"@type":"Organization","@id":"https:\/\/rotario.com.br\/site\/#organization","name":"Rota Rio","url":"https:\/\/rotario.com.br\/site\/","logo":{"@type":"ImageObject","inLanguage":"pt-BR","@id":"https:\/\/rotario.com.br\/site\/#\/schema\/logo\/image\/","url":"https:\/\/rotario.com.br\/site\/wp-content\/uploads\/2022\/04\/cropped-ROTARIO-LOGO-Prancheta-1-1-2048x654-1.png","contentUrl":"https:\/\/rotario.com.br\/site\/wp-content\/uploads\/2022\/04\/cropped-ROTARIO-LOGO-Prancheta-1-1-2048x654-1.png","width":2048,"height":654,"caption":"Rota Rio"},"image":{"@id":"https:\/\/rotario.com.br\/site\/#\/schema\/logo\/image\/"}},{"@type":"Person","@id":"https:\/\/rotario.com.br\/site\/#\/schema\/person\/fd89bbbf4136f7e8a21e0dd67b8a66c7","name":"Galv\u00e3o","url":"https:\/\/rotario.com.br\/site\/author\/daniel\/"}]}},"_links":{"self":[{"href":"https:\/\/rotario.com.br\/site\/wp-json\/wp\/v2\/posts\/33767","targetHints":{"allow":["GET"]}}],"collection":[{"href":"https:\/\/rotario.com.br\/site\/wp-json\/wp\/v2\/posts"}],"about":[{"href":"https:\/\/rotario.com.br\/site\/wp-json\/wp\/v2\/types\/post"}],"author":[{"embeddable":true,"href":"https:\/\/rotario.com.br\/site\/wp-json\/wp\/v2\/users\/2"}],"replies":[{"embeddable":true,"href":"https:\/\/rotario.com.br\/site\/wp-json\/wp\/v2\/comments?post=33767"}],"version-history":[{"count":1,"href":"https:\/\/rotario.com.br\/site\/wp-json\/wp\/v2\/posts\/33767\/revisions"}],"predecessor-version":[{"id":33769,"href":"https:\/\/rotario.com.br\/site\/wp-json\/wp\/v2\/posts\/33767\/revisions\/33769"}],"wp:featuredmedia":[{"embeddable":true,"href":"https:\/\/rotario.com.br\/site\/wp-json\/wp\/v2\/media\/33768"}],"wp:attachment":[{"href":"https:\/\/rotario.com.br\/site\/wp-json\/wp\/v2\/media?parent=33767"}],"wp:term":[{"taxonomy":"category","embeddable":true,"href":"https:\/\/rotario.com.br\/site\/wp-json\/wp\/v2\/categories?post=33767"},{"taxonomy":"post_tag","embeddable":true,"href":"https:\/\/rotario.com.br\/site\/wp-json\/wp\/v2\/tags?post=33767"}],"curies":[{"name":"wp","href":"https:\/\/api.w.org\/{rel}","templated":true}]}}