{"id":33773,"date":"2026-03-09T13:16:45","date_gmt":"2026-03-09T16:16:45","guid":{"rendered":"https:\/\/rotario.com.br\/site\/?p=33773"},"modified":"2026-03-09T13:16:52","modified_gmt":"2026-03-09T16:16:52","slug":"evento-gastronomico-e-musical-agita-arraial-do-cabo-e-prepara-encerramento-com-paulo-ricardo","status":"publish","type":"post","link":"https:\/\/rotario.com.br\/site\/evento-gastronomico-e-musical-agita-arraial-do-cabo-e-prepara-encerramento-com-paulo-ricardo\/","title":{"rendered":"Evento gastron\u00f4mico e musical agita Arraial do Cabo e prepara encerramento com Paulo Ricardo"},"content":{"rendered":"\n<p>O Est\u00e1dio Municipal Hermenegildo Barcellos, conhecido como Barcel\u00e3o, voltou a receber grande p\u00fablico neste s\u00e1bado (7) durante o segundo dia do Arraial BBQ Festival, em Arraial do Cabo. O evento manteve o clima festivo que tem marcado a programa\u00e7\u00e3o, reunindo moradores e turistas em torno de uma combina\u00e7\u00e3o que j\u00e1 se tornou marca registrada do festival: churrasco na brasa, chopp gelado e apresenta\u00e7\u00f5es de rock.<\/p>\n\n\n\n<p>Durante toda a tarde e noite, o palco recebeu bandas que animaram o p\u00fablico com repert\u00f3rios repletos de cl\u00e1ssicos do rock nacional e internacional. Passaram pelo festival os grupos Perdidos na Selva, Markyze, Ramona Rox e Pepper Spray, que levaram tributos e sucessos conhecidos do p\u00fablico, garantindo a anima\u00e7\u00e3o de quem acompanhava os shows no est\u00e1dio.<\/p>\n\n\n\n<p>Al\u00e9m da programa\u00e7\u00e3o musical, o festival tamb\u00e9m chamou aten\u00e7\u00e3o pela diversidade gastron\u00f4mica. Esta\u00e7\u00f5es de preparo ao vivo reuniram chefs especializados em churrasco, que apresentaram cortes premium preparados na brasa. Entre as op\u00e7\u00f5es oferecidas estavam costela no fogo de ch\u00e3o, torresmo de rolo, cupim defumado, ancho, picanha e hamb\u00farguer artesanal grelhado.<\/p>\n\n\n\n<p>A programa\u00e7\u00e3o do Arraial BBQ Festival continua neste domingo (8), \u00faltimo dia do evento. As atra\u00e7\u00f5es come\u00e7am a partir das 12h30, com apresenta\u00e7\u00e3o da banda Os Cascas. Em seguida, \u00e0s 15h20, sobe ao palco o grupo Dr. Law. J\u00e1 \u00e0s 18h, quem assume o comando do palco \u00e9 a banda Mais do Mesmo.<\/p>\n\n\n\n<p>O encerramento da programa\u00e7\u00e3o ficar\u00e1 por conta do cantor Paulo Ricardo, que se apresenta \u00e0s 21h. O artista promete reunir sucessos da banda RPM, al\u00e9m de m\u00fasicas da carreira solo e cl\u00e1ssicos do pop rock brasileiro.<\/p>\n\n\n\n<p>A organiza\u00e7\u00e3o do evento refor\u00e7a a import\u00e2ncia do consumo consciente de bebidas alco\u00f3licas e orienta o p\u00fablico a priorizar o uso de transporte p\u00fablico para chegar ao local. As linhas municipais 701 e 702 passam nas proximidades do Est\u00e1dio Barcel\u00e3o, facilitando o acesso ao festival.<\/p>\n\n\n\n<p>Com curadoria da equipe do Blend BBQ Festival, considerado um dos maiores festivais de churrasco do pa\u00eds, o Arraial BBQ Festival re\u00fane gastronomia, m\u00fasica e entretenimento em uma programa\u00e7\u00e3o voltada tanto para moradores quanto para visitantes.<\/p>\n\n\n\n<p>O evento conta com patroc\u00ednio da Secretaria de Estado de Turismo do Rio de Janeiro e da TurisRio, al\u00e9m do apoio da Prefeitura de Arraial do Cabo.&nbsp;&nbsp;&nbsp;&nbsp;<\/p>\n","protected":false},"excerpt":{"rendered":"<p>O Est\u00e1dio Municipal Hermenegildo Barcellos, conhecido como Barcel\u00e3o, voltou a receber grande p\u00fablico neste s\u00e1bado (7) durante o segundo dia do Arraial BBQ Festival, em Arraial do Cabo. O evento manteve o clima festivo que tem marcado a programa\u00e7\u00e3o, reunindo moradores e turistas em torno de uma combina\u00e7\u00e3o que j\u00e1 se tornou marca registrada do [&hellip;]<\/p>\n","protected":false},"author":2,"featured_media":33774,"comment_status":"open","ping_status":"closed","sticky":false,"template":"","format":"standard","meta":{"footnotes":""},"categories":[44],"tags":[],"class_list":["post-33773","post","type-post","status-publish","format-standard","has-post-thumbnail","hentry","category-arraial-do-cabo"],"yoast_head":"<!-- This site is optimized with the Yoast SEO plugin v26.5 - https:\/\/yoast.com\/wordpress\/plugins\/seo\/ -->\n<title>Evento gastron\u00f4mico e musical agita Arraial do Cabo e prepara encerramento com Paulo Ricardo - Rota Rio<\/title>\n<meta name=\"robots\" content=\"index, follow, max-snippet:-1, max-image-preview:large, max-video-preview:-1\" \/>\n<link rel=\"canonical\" href=\"https:\/\/rotario.com.br\/site\/evento-gastronomico-e-musical-agita-arraial-do-cabo-e-prepara-encerramento-com-paulo-ricardo\/\" \/>\n<meta property=\"og:locale\" content=\"pt_BR\" \/>\n<meta property=\"og:type\" content=\"article\" \/>\n<meta property=\"og:title\" content=\"Evento gastron\u00f4mico e musical agita Arraial do Cabo e prepara encerramento com Paulo Ricardo - Rota Rio\" \/>\n<meta property=\"og:description\" content=\"O Est\u00e1dio Municipal Hermenegildo Barcellos, conhecido como Barcel\u00e3o, voltou a receber grande p\u00fablico neste s\u00e1bado (7) durante o segundo dia do Arraial BBQ Festival, em Arraial do Cabo. O evento manteve o clima festivo que tem marcado a programa\u00e7\u00e3o, reunindo moradores e turistas em torno de uma combina\u00e7\u00e3o que j\u00e1 se tornou marca registrada do [&hellip;]\" \/>\n<meta property=\"og:url\" content=\"https:\/\/rotario.com.br\/site\/evento-gastronomico-e-musical-agita-arraial-do-cabo-e-prepara-encerramento-com-paulo-ricardo\/\" \/>\n<meta property=\"og:site_name\" content=\"Rota Rio\" \/>\n<meta property=\"article:published_time\" content=\"2026-03-09T16:16:45+00:00\" \/>\n<meta property=\"article:modified_time\" content=\"2026-03-09T16:16:52+00:00\" \/>\n<meta property=\"og:image\" content=\"https:\/\/rotario.com.br\/site\/wp-content\/uploads\/2026\/03\/WhatsApp-Image-2026-03-09-at-11.03.36.jpeg\" \/>\n\t<meta property=\"og:image:width\" content=\"1012\" \/>\n\t<meta property=\"og:image:height\" content=\"687\" \/>\n\t<meta property=\"og:image:type\" content=\"image\/jpeg\" \/>\n<meta name=\"author\" content=\"Galv\u00e3o\" \/>\n<meta name=\"twitter:card\" content=\"summary_large_image\" \/>\n<meta name=\"twitter:label1\" content=\"Escrito por\" \/>\n\t<meta name=\"twitter:data1\" content=\"Galv\u00e3o\" \/>\n\t<meta name=\"twitter:label2\" content=\"Est. tempo de leitura\" \/>\n\t<meta name=\"twitter:data2\" content=\"3 minutos\" \/>\n<script type=\"application\/ld+json\" class=\"yoast-schema-graph\">{\"@context\":\"https:\/\/schema.org\",\"@graph\":[{\"@type\":\"Article\",\"@id\":\"https:\/\/rotario.com.br\/site\/evento-gastronomico-e-musical-agita-arraial-do-cabo-e-prepara-encerramento-com-paulo-ricardo\/#article\",\"isPartOf\":{\"@id\":\"https:\/\/rotario.com.br\/site\/evento-gastronomico-e-musical-agita-arraial-do-cabo-e-prepara-encerramento-com-paulo-ricardo\/\"},\"author\":{\"name\":\"Galv\u00e3o\",\"@id\":\"https:\/\/rotario.com.br\/site\/#\/schema\/person\/fd89bbbf4136f7e8a21e0dd67b8a66c7\"},\"headline\":\"Evento gastron\u00f4mico e musical agita Arraial do Cabo e prepara encerramento com Paulo Ricardo\",\"datePublished\":\"2026-03-09T16:16:45+00:00\",\"dateModified\":\"2026-03-09T16:16:52+00:00\",\"mainEntityOfPage\":{\"@id\":\"https:\/\/rotario.com.br\/site\/evento-gastronomico-e-musical-agita-arraial-do-cabo-e-prepara-encerramento-com-paulo-ricardo\/\"},\"wordCount\":426,\"commentCount\":0,\"publisher\":{\"@id\":\"https:\/\/rotario.com.br\/site\/#organization\"},\"image\":{\"@id\":\"https:\/\/rotario.com.br\/site\/evento-gastronomico-e-musical-agita-arraial-do-cabo-e-prepara-encerramento-com-paulo-ricardo\/#primaryimage\"},\"thumbnailUrl\":\"https:\/\/rotario.com.br\/site\/wp-content\/uploads\/2026\/03\/WhatsApp-Image-2026-03-09-at-11.03.36.jpeg\",\"articleSection\":[\"Arraial do Cabo\"],\"inLanguage\":\"pt-BR\",\"potentialAction\":[{\"@type\":\"CommentAction\",\"name\":\"Comment\",\"target\":[\"https:\/\/rotario.com.br\/site\/evento-gastronomico-e-musical-agita-arraial-do-cabo-e-prepara-encerramento-com-paulo-ricardo\/#respond\"]}]},{\"@type\":\"WebPage\",\"@id\":\"https:\/\/rotario.com.br\/site\/evento-gastronomico-e-musical-agita-arraial-do-cabo-e-prepara-encerramento-com-paulo-ricardo\/\",\"url\":\"https:\/\/rotario.com.br\/site\/evento-gastronomico-e-musical-agita-arraial-do-cabo-e-prepara-encerramento-com-paulo-ricardo\/\",\"name\":\"Evento gastron\u00f4mico e musical agita Arraial do Cabo e prepara encerramento com Paulo Ricardo - Rota Rio\",\"isPartOf\":{\"@id\":\"https:\/\/rotario.com.br\/site\/#website\"},\"primaryImageOfPage\":{\"@id\":\"https:\/\/rotario.com.br\/site\/evento-gastronomico-e-musical-agita-arraial-do-cabo-e-prepara-encerramento-com-paulo-ricardo\/#primaryimage\"},\"image\":{\"@id\":\"https:\/\/rotario.com.br\/site\/evento-gastronomico-e-musical-agita-arraial-do-cabo-e-prepara-encerramento-com-paulo-ricardo\/#primaryimage\"},\"thumbnailUrl\":\"https:\/\/rotario.com.br\/site\/wp-content\/uploads\/2026\/03\/WhatsApp-Image-2026-03-09-at-11.03.36.jpeg\",\"datePublished\":\"2026-03-09T16:16:45+00:00\",\"dateModified\":\"2026-03-09T16:16:52+00:00\",\"breadcrumb\":{\"@id\":\"https:\/\/rotario.com.br\/site\/evento-gastronomico-e-musical-agita-arraial-do-cabo-e-prepara-encerramento-com-paulo-ricardo\/#breadcrumb\"},\"inLanguage\":\"pt-BR\",\"potentialAction\":[{\"@type\":\"ReadAction\",\"target\":[\"https:\/\/rotario.com.br\/site\/evento-gastronomico-e-musical-agita-arraial-do-cabo-e-prepara-encerramento-com-paulo-ricardo\/\"]}]},{\"@type\":\"ImageObject\",\"inLanguage\":\"pt-BR\",\"@id\":\"https:\/\/rotario.com.br\/site\/evento-gastronomico-e-musical-agita-arraial-do-cabo-e-prepara-encerramento-com-paulo-ricardo\/#primaryimage\",\"url\":\"https:\/\/rotario.com.br\/site\/wp-content\/uploads\/2026\/03\/WhatsApp-Image-2026-03-09-at-11.03.36.jpeg\",\"contentUrl\":\"https:\/\/rotario.com.br\/site\/wp-content\/uploads\/2026\/03\/WhatsApp-Image-2026-03-09-at-11.03.36.jpeg\",\"width\":1012,\"height\":687},{\"@type\":\"BreadcrumbList\",\"@id\":\"https:\/\/rotario.com.br\/site\/evento-gastronomico-e-musical-agita-arraial-do-cabo-e-prepara-encerramento-com-paulo-ricardo\/#breadcrumb\",\"itemListElement\":[{\"@type\":\"ListItem\",\"position\":1,\"name\":\"In\u00edcio\",\"item\":\"https:\/\/rotario.com.br\/site\/\"},{\"@type\":\"ListItem\",\"position\":2,\"name\":\"Evento gastron\u00f4mico e musical agita Arraial do Cabo e prepara encerramento com Paulo Ricardo\"}]},{\"@type\":\"WebSite\",\"@id\":\"https:\/\/rotario.com.br\/site\/#website\",\"url\":\"https:\/\/rotario.com.br\/site\/\",\"name\":\"Rota Rio\",\"description\":\"Aqui, o Rio de Janeiro \u00e9 a pauta!\",\"publisher\":{\"@id\":\"https:\/\/rotario.com.br\/site\/#organization\"},\"potentialAction\":[{\"@type\":\"SearchAction\",\"target\":{\"@type\":\"EntryPoint\",\"urlTemplate\":\"https:\/\/rotario.com.br\/site\/?s={search_term_string}\"},\"query-input\":{\"@type\":\"PropertyValueSpecification\",\"valueRequired\":true,\"valueName\":\"search_term_string\"}}],\"inLanguage\":\"pt-BR\"},{\"@type\":\"Organization\",\"@id\":\"https:\/\/rotario.com.br\/site\/#organization\",\"name\":\"Rota Rio\",\"url\":\"https:\/\/rotario.com.br\/site\/\",\"logo\":{\"@type\":\"ImageObject\",\"inLanguage\":\"pt-BR\",\"@id\":\"https:\/\/rotario.com.br\/site\/#\/schema\/logo\/image\/\",\"url\":\"https:\/\/rotario.com.br\/site\/wp-content\/uploads\/2022\/04\/cropped-ROTARIO-LOGO-Prancheta-1-1-2048x654-1.png\",\"contentUrl\":\"https:\/\/rotario.com.br\/site\/wp-content\/uploads\/2022\/04\/cropped-ROTARIO-LOGO-Prancheta-1-1-2048x654-1.png\",\"width\":2048,\"height\":654,\"caption\":\"Rota Rio\"},\"image\":{\"@id\":\"https:\/\/rotario.com.br\/site\/#\/schema\/logo\/image\/\"}},{\"@type\":\"Person\",\"@id\":\"https:\/\/rotario.com.br\/site\/#\/schema\/person\/fd89bbbf4136f7e8a21e0dd67b8a66c7\",\"name\":\"Galv\u00e3o\",\"url\":\"https:\/\/rotario.com.br\/site\/author\/daniel\/\"}]}<\/script>\n<!-- \/ Yoast SEO plugin. -->","yoast_head_json":{"title":"Evento gastron\u00f4mico e musical agita Arraial do Cabo e prepara encerramento com Paulo Ricardo - Rota Rio","robots":{"index":"index","follow":"follow","max-snippet":"max-snippet:-1","max-image-preview":"max-image-preview:large","max-video-preview":"max-video-preview:-1"},"canonical":"https:\/\/rotario.com.br\/site\/evento-gastronomico-e-musical-agita-arraial-do-cabo-e-prepara-encerramento-com-paulo-ricardo\/","og_locale":"pt_BR","og_type":"article","og_title":"Evento gastron\u00f4mico e musical agita Arraial do Cabo e prepara encerramento com Paulo Ricardo - Rota Rio","og_description":"O Est\u00e1dio Municipal Hermenegildo Barcellos, conhecido como Barcel\u00e3o, voltou a receber grande p\u00fablico neste s\u00e1bado (7) durante o segundo dia do Arraial BBQ Festival, em Arraial do Cabo. O evento manteve o clima festivo que tem marcado a programa\u00e7\u00e3o, reunindo moradores e turistas em torno de uma combina\u00e7\u00e3o que j\u00e1 se tornou marca registrada do [&hellip;]","og_url":"https:\/\/rotario.com.br\/site\/evento-gastronomico-e-musical-agita-arraial-do-cabo-e-prepara-encerramento-com-paulo-ricardo\/","og_site_name":"Rota Rio","article_published_time":"2026-03-09T16:16:45+00:00","article_modified_time":"2026-03-09T16:16:52+00:00","og_image":[{"width":1012,"height":687,"url":"https:\/\/rotario.com.br\/site\/wp-content\/uploads\/2026\/03\/WhatsApp-Image-2026-03-09-at-11.03.36.jpeg","type":"image\/jpeg"}],"author":"Galv\u00e3o","twitter_card":"summary_large_image","twitter_misc":{"Escrito por":"Galv\u00e3o","Est. tempo de leitura":"3 minutos"},"schema":{"@context":"https:\/\/schema.org","@graph":[{"@type":"Article","@id":"https:\/\/rotario.com.br\/site\/evento-gastronomico-e-musical-agita-arraial-do-cabo-e-prepara-encerramento-com-paulo-ricardo\/#article","isPartOf":{"@id":"https:\/\/rotario.com.br\/site\/evento-gastronomico-e-musical-agita-arraial-do-cabo-e-prepara-encerramento-com-paulo-ricardo\/"},"author":{"name":"Galv\u00e3o","@id":"https:\/\/rotario.com.br\/site\/#\/schema\/person\/fd89bbbf4136f7e8a21e0dd67b8a66c7"},"headline":"Evento gastron\u00f4mico e musical agita Arraial do Cabo e prepara encerramento com Paulo Ricardo","datePublished":"2026-03-09T16:16:45+00:00","dateModified":"2026-03-09T16:16:52+00:00","mainEntityOfPage":{"@id":"https:\/\/rotario.com.br\/site\/evento-gastronomico-e-musical-agita-arraial-do-cabo-e-prepara-encerramento-com-paulo-ricardo\/"},"wordCount":426,"commentCount":0,"publisher":{"@id":"https:\/\/rotario.com.br\/site\/#organization"},"image":{"@id":"https:\/\/rotario.com.br\/site\/evento-gastronomico-e-musical-agita-arraial-do-cabo-e-prepara-encerramento-com-paulo-ricardo\/#primaryimage"},"thumbnailUrl":"https:\/\/rotario.com.br\/site\/wp-content\/uploads\/2026\/03\/WhatsApp-Image-2026-03-09-at-11.03.36.jpeg","articleSection":["Arraial do Cabo"],"inLanguage":"pt-BR","potentialAction":[{"@type":"CommentAction","name":"Comment","target":["https:\/\/rotario.com.br\/site\/evento-gastronomico-e-musical-agita-arraial-do-cabo-e-prepara-encerramento-com-paulo-ricardo\/#respond"]}]},{"@type":"WebPage","@id":"https:\/\/rotario.com.br\/site\/evento-gastronomico-e-musical-agita-arraial-do-cabo-e-prepara-encerramento-com-paulo-ricardo\/","url":"https:\/\/rotario.com.br\/site\/evento-gastronomico-e-musical-agita-arraial-do-cabo-e-prepara-encerramento-com-paulo-ricardo\/","name":"Evento gastron\u00f4mico e musical agita Arraial do Cabo e prepara encerramento com Paulo Ricardo - Rota Rio","isPartOf":{"@id":"https:\/\/rotario.com.br\/site\/#website"},"primaryImageOfPage":{"@id":"https:\/\/rotario.com.br\/site\/evento-gastronomico-e-musical-agita-arraial-do-cabo-e-prepara-encerramento-com-paulo-ricardo\/#primaryimage"},"image":{"@id":"https:\/\/rotario.com.br\/site\/evento-gastronomico-e-musical-agita-arraial-do-cabo-e-prepara-encerramento-com-paulo-ricardo\/#primaryimage"},"thumbnailUrl":"https:\/\/rotario.com.br\/site\/wp-content\/uploads\/2026\/03\/WhatsApp-Image-2026-03-09-at-11.03.36.jpeg","datePublished":"2026-03-09T16:16:45+00:00","dateModified":"2026-03-09T16:16:52+00:00","breadcrumb":{"@id":"https:\/\/rotario.com.br\/site\/evento-gastronomico-e-musical-agita-arraial-do-cabo-e-prepara-encerramento-com-paulo-ricardo\/#breadcrumb"},"inLanguage":"pt-BR","potentialAction":[{"@type":"ReadAction","target":["https:\/\/rotario.com.br\/site\/evento-gastronomico-e-musical-agita-arraial-do-cabo-e-prepara-encerramento-com-paulo-ricardo\/"]}]},{"@type":"ImageObject","inLanguage":"pt-BR","@id":"https:\/\/rotario.com.br\/site\/evento-gastronomico-e-musical-agita-arraial-do-cabo-e-prepara-encerramento-com-paulo-ricardo\/#primaryimage","url":"https:\/\/rotario.com.br\/site\/wp-content\/uploads\/2026\/03\/WhatsApp-Image-2026-03-09-at-11.03.36.jpeg","contentUrl":"https:\/\/rotario.com.br\/site\/wp-content\/uploads\/2026\/03\/WhatsApp-Image-2026-03-09-at-11.03.36.jpeg","width":1012,"height":687},{"@type":"BreadcrumbList","@id":"https:\/\/rotario.com.br\/site\/evento-gastronomico-e-musical-agita-arraial-do-cabo-e-prepara-encerramento-com-paulo-ricardo\/#breadcrumb","itemListElement":[{"@type":"ListItem","position":1,"name":"In\u00edcio","item":"https:\/\/rotario.com.br\/site\/"},{"@type":"ListItem","position":2,"name":"Evento gastron\u00f4mico e musical agita Arraial do Cabo e prepara encerramento com Paulo Ricardo"}]},{"@type":"WebSite","@id":"https:\/\/rotario.com.br\/site\/#website","url":"https:\/\/rotario.com.br\/site\/","name":"Rota Rio","description":"Aqui, o Rio de Janeiro \u00e9 a pauta!","publisher":{"@id":"https:\/\/rotario.com.br\/site\/#organization"},"potentialAction":[{"@type":"SearchAction","target":{"@type":"EntryPoint","urlTemplate":"https:\/\/rotario.com.br\/site\/?s={search_term_string}"},"query-input":{"@type":"PropertyValueSpecification","valueRequired":true,"valueName":"search_term_string"}}],"inLanguage":"pt-BR"},{"@type":"Organization","@id":"https:\/\/rotario.com.br\/site\/#organization","name":"Rota Rio","url":"https:\/\/rotario.com.br\/site\/","logo":{"@type":"ImageObject","inLanguage":"pt-BR","@id":"https:\/\/rotario.com.br\/site\/#\/schema\/logo\/image\/","url":"https:\/\/rotario.com.br\/site\/wp-content\/uploads\/2022\/04\/cropped-ROTARIO-LOGO-Prancheta-1-1-2048x654-1.png","contentUrl":"https:\/\/rotario.com.br\/site\/wp-content\/uploads\/2022\/04\/cropped-ROTARIO-LOGO-Prancheta-1-1-2048x654-1.png","width":2048,"height":654,"caption":"Rota Rio"},"image":{"@id":"https:\/\/rotario.com.br\/site\/#\/schema\/logo\/image\/"}},{"@type":"Person","@id":"https:\/\/rotario.com.br\/site\/#\/schema\/person\/fd89bbbf4136f7e8a21e0dd67b8a66c7","name":"Galv\u00e3o","url":"https:\/\/rotario.com.br\/site\/author\/daniel\/"}]}},"_links":{"self":[{"href":"https:\/\/rotario.com.br\/site\/wp-json\/wp\/v2\/posts\/33773","targetHints":{"allow":["GET"]}}],"collection":[{"href":"https:\/\/rotario.com.br\/site\/wp-json\/wp\/v2\/posts"}],"about":[{"href":"https:\/\/rotario.com.br\/site\/wp-json\/wp\/v2\/types\/post"}],"author":[{"embeddable":true,"href":"https:\/\/rotario.com.br\/site\/wp-json\/wp\/v2\/users\/2"}],"replies":[{"embeddable":true,"href":"https:\/\/rotario.com.br\/site\/wp-json\/wp\/v2\/comments?post=33773"}],"version-history":[{"count":1,"href":"https:\/\/rotario.com.br\/site\/wp-json\/wp\/v2\/posts\/33773\/revisions"}],"predecessor-version":[{"id":33775,"href":"https:\/\/rotario.com.br\/site\/wp-json\/wp\/v2\/posts\/33773\/revisions\/33775"}],"wp:featuredmedia":[{"embeddable":true,"href":"https:\/\/rotario.com.br\/site\/wp-json\/wp\/v2\/media\/33774"}],"wp:attachment":[{"href":"https:\/\/rotario.com.br\/site\/wp-json\/wp\/v2\/media?parent=33773"}],"wp:term":[{"taxonomy":"category","embeddable":true,"href":"https:\/\/rotario.com.br\/site\/wp-json\/wp\/v2\/categories?post=33773"},{"taxonomy":"post_tag","embeddable":true,"href":"https:\/\/rotario.com.br\/site\/wp-json\/wp\/v2\/tags?post=33773"}],"curies":[{"name":"wp","href":"https:\/\/api.w.org\/{rel}","templated":true}]}}