{"id":33776,"date":"2026-03-09T13:20:23","date_gmt":"2026-03-09T16:20:23","guid":{"rendered":"https:\/\/rotario.com.br\/site\/?p=33776"},"modified":"2026-03-09T13:20:30","modified_gmt":"2026-03-09T16:20:30","slug":"empresaria-em-cabo-frio-afirma-ter-vivido-relacao-marcada-por-violencia-e-controle","status":"publish","type":"post","link":"https:\/\/rotario.com.br\/site\/empresaria-em-cabo-frio-afirma-ter-vivido-relacao-marcada-por-violencia-e-controle\/","title":{"rendered":"Empres\u00e1ria em Cabo Frio, afirma ter vivido rela\u00e7\u00e3o marcada por viol\u00eancia e controle"},"content":{"rendered":"\n<p>As declara\u00e7\u00f5es feitas nas redes sociais pela empres\u00e1ria Estephany G\u00f3es ganharam grande repercuss\u00e3o entre moradores de Cabo Frio e da Regi\u00e3o dos Lagos no \u00faltimo domingo (8), data em que se celebra o Dia Internacional da Mulher. As publica\u00e7\u00f5es reacenderam o debate p\u00fablico sobre viol\u00eancia contra a mulher e relacionamentos abusivos.<\/p>\n\n\n\n<p>At\u00e9 o momento da publica\u00e7\u00e3o das manifesta\u00e7\u00f5es, o empres\u00e1rio F\u00e1bio Goes, mencionado nas declara\u00e7\u00f5es, n\u00e3o havia se pronunciado publicamente sobre o conte\u00fado divulgado.<\/p>\n\n\n\n<p>Nas mensagens compartilhadas, a empres\u00e1ria relatou que decidiu tornar p\u00fablico o que afirma ter vivido ap\u00f3s encerrar definitivamente o relacionamento. Segundo ela, a decis\u00e3o veio depois de um processo pessoal de reflex\u00e3o e fortalecimento emocional.<\/p>\n\n\n\n<p>\u201cQuem me acompanha sabe que eu nunca fui uma pessoa de aparecer aqui e me expor por problemas pessoais. Sempre acreditei na discri\u00e7\u00e3o e na preserva\u00e7\u00e3o da minha vida pessoal. Mas h\u00e1 momentos em que o sil\u00eancio deixa de ser uma op\u00e7\u00e3o\u201d, escreveu.<\/p>\n\n\n\n<p>De acordo com o relato, o relacionamento teria sido marcado por situa\u00e7\u00f5es que ela descreve como viol\u00eancia emocional, sexual, patrimonial e financeira. A empres\u00e1ria tamb\u00e9m afirmou que enfrentou crises de ansiedade e sofrimento psicol\u00f3gico durante o per\u00edodo em que manteve a rela\u00e7\u00e3o.<\/p>\n\n\n\n<p>Antes de tornar a situa\u00e7\u00e3o p\u00fablica, ela afirma que buscou apoio familiar e iniciou acompanhamento terap\u00eautico para lidar com os impactos emocionais da experi\u00eancia.<\/p>\n\n\n\n<p>Segundo a empres\u00e1ria, havia tamb\u00e9m um ambiente de controle constante. Ela relatou que o ent\u00e3o companheiro interferia em decis\u00f5es financeiras, h\u00e1bitos cotidianos e at\u00e9 em suas rela\u00e7\u00f5es sociais.<\/p>\n\n\n\n<p>As publica\u00e7\u00f5es foram feitas tanto no perfil pessoal de Estephany G\u00f3es quanto nas redes sociais do sal\u00e3o de beleza de alto padr\u00e3o que ela administra no bairro Passagem.<\/p>\n\n\n\n<p>H\u00e1 ainda ind\u00edcios de que o caso tenha gerado registros de den\u00fancia na Delegacia Especializada de Atendimento \u00e0 Mulher, al\u00e9m de pedido de medidas protetivas. At\u00e9 o momento, por\u00e9m, detalhes sobre eventuais procedimentos n\u00e3o foram oficialmente divulgados.<\/p>\n\n\n\n<p>Em suas declara\u00e7\u00f5es, a empres\u00e1ria afirmou que n\u00e3o mant\u00e9m mais qualquer rela\u00e7\u00e3o pessoal ou profissional com o ex-marido e que pretende concentrar esfor\u00e7os na reconstru\u00e7\u00e3o da pr\u00f3pria vida.<\/p>\n\n\n\n<p>Casos de viol\u00eancia contra a mulher podem ser denunciados pelo telefone 180, canal nacional de atendimento que funciona 24 horas por dia e oferece orienta\u00e7\u00e3o e encaminhamento \u00e0s v\u00edtimas.&nbsp;&nbsp;&nbsp;&nbsp;&nbsp;<\/p>\n","protected":false},"excerpt":{"rendered":"<p>As declara\u00e7\u00f5es feitas nas redes sociais pela empres\u00e1ria Estephany G\u00f3es ganharam grande repercuss\u00e3o entre moradores de Cabo Frio e da Regi\u00e3o dos Lagos no \u00faltimo domingo (8), data em que se celebra o Dia Internacional da Mulher. As publica\u00e7\u00f5es reacenderam o debate p\u00fablico sobre viol\u00eancia contra a mulher e relacionamentos abusivos. At\u00e9 o momento da [&hellip;]<\/p>\n","protected":false},"author":2,"featured_media":33777,"comment_status":"open","ping_status":"closed","sticky":false,"template":"","format":"standard","meta":{"footnotes":""},"categories":[31],"tags":[],"class_list":["post-33776","post","type-post","status-publish","format-standard","has-post-thumbnail","hentry","category-cabo-frio"],"yoast_head":"<!-- This site is optimized with the Yoast SEO plugin v26.5 - https:\/\/yoast.com\/wordpress\/plugins\/seo\/ -->\n<title>Empres\u00e1ria em Cabo Frio, afirma ter vivido rela\u00e7\u00e3o marcada por viol\u00eancia e controle - Rota Rio<\/title>\n<meta name=\"robots\" content=\"index, follow, max-snippet:-1, max-image-preview:large, max-video-preview:-1\" \/>\n<link rel=\"canonical\" href=\"https:\/\/rotario.com.br\/site\/empresaria-em-cabo-frio-afirma-ter-vivido-relacao-marcada-por-violencia-e-controle\/\" \/>\n<meta property=\"og:locale\" content=\"pt_BR\" \/>\n<meta property=\"og:type\" content=\"article\" \/>\n<meta property=\"og:title\" content=\"Empres\u00e1ria em Cabo Frio, afirma ter vivido rela\u00e7\u00e3o marcada por viol\u00eancia e controle - Rota Rio\" \/>\n<meta property=\"og:description\" content=\"As declara\u00e7\u00f5es feitas nas redes sociais pela empres\u00e1ria Estephany G\u00f3es ganharam grande repercuss\u00e3o entre moradores de Cabo Frio e da Regi\u00e3o dos Lagos no \u00faltimo domingo (8), data em que se celebra o Dia Internacional da Mulher. As publica\u00e7\u00f5es reacenderam o debate p\u00fablico sobre viol\u00eancia contra a mulher e relacionamentos abusivos. At\u00e9 o momento da [&hellip;]\" \/>\n<meta property=\"og:url\" content=\"https:\/\/rotario.com.br\/site\/empresaria-em-cabo-frio-afirma-ter-vivido-relacao-marcada-por-violencia-e-controle\/\" \/>\n<meta property=\"og:site_name\" content=\"Rota Rio\" \/>\n<meta property=\"article:published_time\" content=\"2026-03-09T16:20:23+00:00\" \/>\n<meta property=\"article:modified_time\" content=\"2026-03-09T16:20:30+00:00\" \/>\n<meta property=\"og:image\" content=\"https:\/\/rotario.com.br\/site\/wp-content\/uploads\/2026\/03\/05.1-1.jpeg\" \/>\n\t<meta property=\"og:image:width\" content=\"630\" \/>\n\t<meta property=\"og:image:height\" content=\"573\" \/>\n\t<meta property=\"og:image:type\" content=\"image\/jpeg\" \/>\n<meta name=\"author\" content=\"Galv\u00e3o\" \/>\n<meta name=\"twitter:card\" content=\"summary_large_image\" \/>\n<meta name=\"twitter:label1\" content=\"Escrito por\" \/>\n\t<meta name=\"twitter:data1\" content=\"Galv\u00e3o\" \/>\n\t<meta name=\"twitter:label2\" content=\"Est. tempo de leitura\" \/>\n\t<meta name=\"twitter:data2\" content=\"3 minutos\" \/>\n<script type=\"application\/ld+json\" class=\"yoast-schema-graph\">{\"@context\":\"https:\/\/schema.org\",\"@graph\":[{\"@type\":\"Article\",\"@id\":\"https:\/\/rotario.com.br\/site\/empresaria-em-cabo-frio-afirma-ter-vivido-relacao-marcada-por-violencia-e-controle\/#article\",\"isPartOf\":{\"@id\":\"https:\/\/rotario.com.br\/site\/empresaria-em-cabo-frio-afirma-ter-vivido-relacao-marcada-por-violencia-e-controle\/\"},\"author\":{\"name\":\"Galv\u00e3o\",\"@id\":\"https:\/\/rotario.com.br\/site\/#\/schema\/person\/fd89bbbf4136f7e8a21e0dd67b8a66c7\"},\"headline\":\"Empres\u00e1ria em Cabo Frio, afirma ter vivido rela\u00e7\u00e3o marcada por viol\u00eancia e controle\",\"datePublished\":\"2026-03-09T16:20:23+00:00\",\"dateModified\":\"2026-03-09T16:20:30+00:00\",\"mainEntityOfPage\":{\"@id\":\"https:\/\/rotario.com.br\/site\/empresaria-em-cabo-frio-afirma-ter-vivido-relacao-marcada-por-violencia-e-controle\/\"},\"wordCount\":446,\"commentCount\":0,\"publisher\":{\"@id\":\"https:\/\/rotario.com.br\/site\/#organization\"},\"image\":{\"@id\":\"https:\/\/rotario.com.br\/site\/empresaria-em-cabo-frio-afirma-ter-vivido-relacao-marcada-por-violencia-e-controle\/#primaryimage\"},\"thumbnailUrl\":\"https:\/\/rotario.com.br\/site\/wp-content\/uploads\/2026\/03\/05.1-1.jpeg\",\"articleSection\":[\"Cabo Frio\"],\"inLanguage\":\"pt-BR\",\"potentialAction\":[{\"@type\":\"CommentAction\",\"name\":\"Comment\",\"target\":[\"https:\/\/rotario.com.br\/site\/empresaria-em-cabo-frio-afirma-ter-vivido-relacao-marcada-por-violencia-e-controle\/#respond\"]}]},{\"@type\":\"WebPage\",\"@id\":\"https:\/\/rotario.com.br\/site\/empresaria-em-cabo-frio-afirma-ter-vivido-relacao-marcada-por-violencia-e-controle\/\",\"url\":\"https:\/\/rotario.com.br\/site\/empresaria-em-cabo-frio-afirma-ter-vivido-relacao-marcada-por-violencia-e-controle\/\",\"name\":\"Empres\u00e1ria em Cabo Frio, afirma ter vivido rela\u00e7\u00e3o marcada por viol\u00eancia e controle - Rota Rio\",\"isPartOf\":{\"@id\":\"https:\/\/rotario.com.br\/site\/#website\"},\"primaryImageOfPage\":{\"@id\":\"https:\/\/rotario.com.br\/site\/empresaria-em-cabo-frio-afirma-ter-vivido-relacao-marcada-por-violencia-e-controle\/#primaryimage\"},\"image\":{\"@id\":\"https:\/\/rotario.com.br\/site\/empresaria-em-cabo-frio-afirma-ter-vivido-relacao-marcada-por-violencia-e-controle\/#primaryimage\"},\"thumbnailUrl\":\"https:\/\/rotario.com.br\/site\/wp-content\/uploads\/2026\/03\/05.1-1.jpeg\",\"datePublished\":\"2026-03-09T16:20:23+00:00\",\"dateModified\":\"2026-03-09T16:20:30+00:00\",\"breadcrumb\":{\"@id\":\"https:\/\/rotario.com.br\/site\/empresaria-em-cabo-frio-afirma-ter-vivido-relacao-marcada-por-violencia-e-controle\/#breadcrumb\"},\"inLanguage\":\"pt-BR\",\"potentialAction\":[{\"@type\":\"ReadAction\",\"target\":[\"https:\/\/rotario.com.br\/site\/empresaria-em-cabo-frio-afirma-ter-vivido-relacao-marcada-por-violencia-e-controle\/\"]}]},{\"@type\":\"ImageObject\",\"inLanguage\":\"pt-BR\",\"@id\":\"https:\/\/rotario.com.br\/site\/empresaria-em-cabo-frio-afirma-ter-vivido-relacao-marcada-por-violencia-e-controle\/#primaryimage\",\"url\":\"https:\/\/rotario.com.br\/site\/wp-content\/uploads\/2026\/03\/05.1-1.jpeg\",\"contentUrl\":\"https:\/\/rotario.com.br\/site\/wp-content\/uploads\/2026\/03\/05.1-1.jpeg\",\"width\":630,\"height\":573},{\"@type\":\"BreadcrumbList\",\"@id\":\"https:\/\/rotario.com.br\/site\/empresaria-em-cabo-frio-afirma-ter-vivido-relacao-marcada-por-violencia-e-controle\/#breadcrumb\",\"itemListElement\":[{\"@type\":\"ListItem\",\"position\":1,\"name\":\"In\u00edcio\",\"item\":\"https:\/\/rotario.com.br\/site\/\"},{\"@type\":\"ListItem\",\"position\":2,\"name\":\"Empres\u00e1ria em Cabo Frio, afirma ter vivido rela\u00e7\u00e3o marcada por viol\u00eancia e controle\"}]},{\"@type\":\"WebSite\",\"@id\":\"https:\/\/rotario.com.br\/site\/#website\",\"url\":\"https:\/\/rotario.com.br\/site\/\",\"name\":\"Rota Rio\",\"description\":\"Aqui, o Rio de Janeiro \u00e9 a pauta!\",\"publisher\":{\"@id\":\"https:\/\/rotario.com.br\/site\/#organization\"},\"potentialAction\":[{\"@type\":\"SearchAction\",\"target\":{\"@type\":\"EntryPoint\",\"urlTemplate\":\"https:\/\/rotario.com.br\/site\/?s={search_term_string}\"},\"query-input\":{\"@type\":\"PropertyValueSpecification\",\"valueRequired\":true,\"valueName\":\"search_term_string\"}}],\"inLanguage\":\"pt-BR\"},{\"@type\":\"Organization\",\"@id\":\"https:\/\/rotario.com.br\/site\/#organization\",\"name\":\"Rota Rio\",\"url\":\"https:\/\/rotario.com.br\/site\/\",\"logo\":{\"@type\":\"ImageObject\",\"inLanguage\":\"pt-BR\",\"@id\":\"https:\/\/rotario.com.br\/site\/#\/schema\/logo\/image\/\",\"url\":\"https:\/\/rotario.com.br\/site\/wp-content\/uploads\/2022\/04\/cropped-ROTARIO-LOGO-Prancheta-1-1-2048x654-1.png\",\"contentUrl\":\"https:\/\/rotario.com.br\/site\/wp-content\/uploads\/2022\/04\/cropped-ROTARIO-LOGO-Prancheta-1-1-2048x654-1.png\",\"width\":2048,\"height\":654,\"caption\":\"Rota Rio\"},\"image\":{\"@id\":\"https:\/\/rotario.com.br\/site\/#\/schema\/logo\/image\/\"}},{\"@type\":\"Person\",\"@id\":\"https:\/\/rotario.com.br\/site\/#\/schema\/person\/fd89bbbf4136f7e8a21e0dd67b8a66c7\",\"name\":\"Galv\u00e3o\",\"url\":\"https:\/\/rotario.com.br\/site\/author\/daniel\/\"}]}<\/script>\n<!-- \/ Yoast SEO plugin. -->","yoast_head_json":{"title":"Empres\u00e1ria em Cabo Frio, afirma ter vivido rela\u00e7\u00e3o marcada por viol\u00eancia e controle - Rota Rio","robots":{"index":"index","follow":"follow","max-snippet":"max-snippet:-1","max-image-preview":"max-image-preview:large","max-video-preview":"max-video-preview:-1"},"canonical":"https:\/\/rotario.com.br\/site\/empresaria-em-cabo-frio-afirma-ter-vivido-relacao-marcada-por-violencia-e-controle\/","og_locale":"pt_BR","og_type":"article","og_title":"Empres\u00e1ria em Cabo Frio, afirma ter vivido rela\u00e7\u00e3o marcada por viol\u00eancia e controle - Rota Rio","og_description":"As declara\u00e7\u00f5es feitas nas redes sociais pela empres\u00e1ria Estephany G\u00f3es ganharam grande repercuss\u00e3o entre moradores de Cabo Frio e da Regi\u00e3o dos Lagos no \u00faltimo domingo (8), data em que se celebra o Dia Internacional da Mulher. As publica\u00e7\u00f5es reacenderam o debate p\u00fablico sobre viol\u00eancia contra a mulher e relacionamentos abusivos. At\u00e9 o momento da [&hellip;]","og_url":"https:\/\/rotario.com.br\/site\/empresaria-em-cabo-frio-afirma-ter-vivido-relacao-marcada-por-violencia-e-controle\/","og_site_name":"Rota Rio","article_published_time":"2026-03-09T16:20:23+00:00","article_modified_time":"2026-03-09T16:20:30+00:00","og_image":[{"width":630,"height":573,"url":"https:\/\/rotario.com.br\/site\/wp-content\/uploads\/2026\/03\/05.1-1.jpeg","type":"image\/jpeg"}],"author":"Galv\u00e3o","twitter_card":"summary_large_image","twitter_misc":{"Escrito por":"Galv\u00e3o","Est. tempo de leitura":"3 minutos"},"schema":{"@context":"https:\/\/schema.org","@graph":[{"@type":"Article","@id":"https:\/\/rotario.com.br\/site\/empresaria-em-cabo-frio-afirma-ter-vivido-relacao-marcada-por-violencia-e-controle\/#article","isPartOf":{"@id":"https:\/\/rotario.com.br\/site\/empresaria-em-cabo-frio-afirma-ter-vivido-relacao-marcada-por-violencia-e-controle\/"},"author":{"name":"Galv\u00e3o","@id":"https:\/\/rotario.com.br\/site\/#\/schema\/person\/fd89bbbf4136f7e8a21e0dd67b8a66c7"},"headline":"Empres\u00e1ria em Cabo Frio, afirma ter vivido rela\u00e7\u00e3o marcada por viol\u00eancia e controle","datePublished":"2026-03-09T16:20:23+00:00","dateModified":"2026-03-09T16:20:30+00:00","mainEntityOfPage":{"@id":"https:\/\/rotario.com.br\/site\/empresaria-em-cabo-frio-afirma-ter-vivido-relacao-marcada-por-violencia-e-controle\/"},"wordCount":446,"commentCount":0,"publisher":{"@id":"https:\/\/rotario.com.br\/site\/#organization"},"image":{"@id":"https:\/\/rotario.com.br\/site\/empresaria-em-cabo-frio-afirma-ter-vivido-relacao-marcada-por-violencia-e-controle\/#primaryimage"},"thumbnailUrl":"https:\/\/rotario.com.br\/site\/wp-content\/uploads\/2026\/03\/05.1-1.jpeg","articleSection":["Cabo Frio"],"inLanguage":"pt-BR","potentialAction":[{"@type":"CommentAction","name":"Comment","target":["https:\/\/rotario.com.br\/site\/empresaria-em-cabo-frio-afirma-ter-vivido-relacao-marcada-por-violencia-e-controle\/#respond"]}]},{"@type":"WebPage","@id":"https:\/\/rotario.com.br\/site\/empresaria-em-cabo-frio-afirma-ter-vivido-relacao-marcada-por-violencia-e-controle\/","url":"https:\/\/rotario.com.br\/site\/empresaria-em-cabo-frio-afirma-ter-vivido-relacao-marcada-por-violencia-e-controle\/","name":"Empres\u00e1ria em Cabo Frio, afirma ter vivido rela\u00e7\u00e3o marcada por viol\u00eancia e controle - Rota Rio","isPartOf":{"@id":"https:\/\/rotario.com.br\/site\/#website"},"primaryImageOfPage":{"@id":"https:\/\/rotario.com.br\/site\/empresaria-em-cabo-frio-afirma-ter-vivido-relacao-marcada-por-violencia-e-controle\/#primaryimage"},"image":{"@id":"https:\/\/rotario.com.br\/site\/empresaria-em-cabo-frio-afirma-ter-vivido-relacao-marcada-por-violencia-e-controle\/#primaryimage"},"thumbnailUrl":"https:\/\/rotario.com.br\/site\/wp-content\/uploads\/2026\/03\/05.1-1.jpeg","datePublished":"2026-03-09T16:20:23+00:00","dateModified":"2026-03-09T16:20:30+00:00","breadcrumb":{"@id":"https:\/\/rotario.com.br\/site\/empresaria-em-cabo-frio-afirma-ter-vivido-relacao-marcada-por-violencia-e-controle\/#breadcrumb"},"inLanguage":"pt-BR","potentialAction":[{"@type":"ReadAction","target":["https:\/\/rotario.com.br\/site\/empresaria-em-cabo-frio-afirma-ter-vivido-relacao-marcada-por-violencia-e-controle\/"]}]},{"@type":"ImageObject","inLanguage":"pt-BR","@id":"https:\/\/rotario.com.br\/site\/empresaria-em-cabo-frio-afirma-ter-vivido-relacao-marcada-por-violencia-e-controle\/#primaryimage","url":"https:\/\/rotario.com.br\/site\/wp-content\/uploads\/2026\/03\/05.1-1.jpeg","contentUrl":"https:\/\/rotario.com.br\/site\/wp-content\/uploads\/2026\/03\/05.1-1.jpeg","width":630,"height":573},{"@type":"BreadcrumbList","@id":"https:\/\/rotario.com.br\/site\/empresaria-em-cabo-frio-afirma-ter-vivido-relacao-marcada-por-violencia-e-controle\/#breadcrumb","itemListElement":[{"@type":"ListItem","position":1,"name":"In\u00edcio","item":"https:\/\/rotario.com.br\/site\/"},{"@type":"ListItem","position":2,"name":"Empres\u00e1ria em Cabo Frio, afirma ter vivido rela\u00e7\u00e3o marcada por viol\u00eancia e controle"}]},{"@type":"WebSite","@id":"https:\/\/rotario.com.br\/site\/#website","url":"https:\/\/rotario.com.br\/site\/","name":"Rota Rio","description":"Aqui, o Rio de Janeiro \u00e9 a pauta!","publisher":{"@id":"https:\/\/rotario.com.br\/site\/#organization"},"potentialAction":[{"@type":"SearchAction","target":{"@type":"EntryPoint","urlTemplate":"https:\/\/rotario.com.br\/site\/?s={search_term_string}"},"query-input":{"@type":"PropertyValueSpecification","valueRequired":true,"valueName":"search_term_string"}}],"inLanguage":"pt-BR"},{"@type":"Organization","@id":"https:\/\/rotario.com.br\/site\/#organization","name":"Rota Rio","url":"https:\/\/rotario.com.br\/site\/","logo":{"@type":"ImageObject","inLanguage":"pt-BR","@id":"https:\/\/rotario.com.br\/site\/#\/schema\/logo\/image\/","url":"https:\/\/rotario.com.br\/site\/wp-content\/uploads\/2022\/04\/cropped-ROTARIO-LOGO-Prancheta-1-1-2048x654-1.png","contentUrl":"https:\/\/rotario.com.br\/site\/wp-content\/uploads\/2022\/04\/cropped-ROTARIO-LOGO-Prancheta-1-1-2048x654-1.png","width":2048,"height":654,"caption":"Rota Rio"},"image":{"@id":"https:\/\/rotario.com.br\/site\/#\/schema\/logo\/image\/"}},{"@type":"Person","@id":"https:\/\/rotario.com.br\/site\/#\/schema\/person\/fd89bbbf4136f7e8a21e0dd67b8a66c7","name":"Galv\u00e3o","url":"https:\/\/rotario.com.br\/site\/author\/daniel\/"}]}},"_links":{"self":[{"href":"https:\/\/rotario.com.br\/site\/wp-json\/wp\/v2\/posts\/33776","targetHints":{"allow":["GET"]}}],"collection":[{"href":"https:\/\/rotario.com.br\/site\/wp-json\/wp\/v2\/posts"}],"about":[{"href":"https:\/\/rotario.com.br\/site\/wp-json\/wp\/v2\/types\/post"}],"author":[{"embeddable":true,"href":"https:\/\/rotario.com.br\/site\/wp-json\/wp\/v2\/users\/2"}],"replies":[{"embeddable":true,"href":"https:\/\/rotario.com.br\/site\/wp-json\/wp\/v2\/comments?post=33776"}],"version-history":[{"count":1,"href":"https:\/\/rotario.com.br\/site\/wp-json\/wp\/v2\/posts\/33776\/revisions"}],"predecessor-version":[{"id":33778,"href":"https:\/\/rotario.com.br\/site\/wp-json\/wp\/v2\/posts\/33776\/revisions\/33778"}],"wp:featuredmedia":[{"embeddable":true,"href":"https:\/\/rotario.com.br\/site\/wp-json\/wp\/v2\/media\/33777"}],"wp:attachment":[{"href":"https:\/\/rotario.com.br\/site\/wp-json\/wp\/v2\/media?parent=33776"}],"wp:term":[{"taxonomy":"category","embeddable":true,"href":"https:\/\/rotario.com.br\/site\/wp-json\/wp\/v2\/categories?post=33776"},{"taxonomy":"post_tag","embeddable":true,"href":"https:\/\/rotario.com.br\/site\/wp-json\/wp\/v2\/tags?post=33776"}],"curies":[{"name":"wp","href":"https:\/\/api.w.org\/{rel}","templated":true}]}}