{"id":33785,"date":"2026-03-09T16:01:43","date_gmt":"2026-03-09T19:01:43","guid":{"rendered":"https:\/\/rotario.com.br\/site\/?p=33785"},"modified":"2026-03-09T16:01:47","modified_gmt":"2026-03-09T19:01:47","slug":"parceria-entre-secretarias-amplia-acesso-a-cursos-culturais-em-sao-pedro-da-aldeia","status":"publish","type":"post","link":"https:\/\/rotario.com.br\/site\/parceria-entre-secretarias-amplia-acesso-a-cursos-culturais-em-sao-pedro-da-aldeia\/","title":{"rendered":"Parceria entre secretarias amplia acesso a cursos culturais em S\u00e3o Pedro da Aldeia"},"content":{"rendered":"\n<p>Os interessados em participar das oficinas culturais da Escola de Artes Municipal Diretora Luiza Maria Leal Mendes ainda ter\u00e3o novas oportunidades de matr\u00edcula ao longo desta semana. Ap\u00f3s as inscri\u00e7\u00f5es realizadas no Centro Esportivo Municipal Rei Pel\u00e9, o processo continuar\u00e1 na sede da unidade com a abertura de vagas remanescentes entre quarta-feira (11) e sexta-feira (13). J\u00e1 as vagas restantes para as turmas oferecidas no centro esportivo ser\u00e3o disponibilizadas na ter\u00e7a-feira (10).<\/p>\n\n\n\n<p>Para garantir a participa\u00e7\u00e3o nas atividades, os candidatos devem apresentar c\u00f3pias do CPF do aluno e do respons\u00e1vel, comprovante de resid\u00eancia atualizado, declara\u00e7\u00e3o escolar referente a 2026, duas fotos 3\u00d74 e informa\u00e7\u00f5es de contato, como telefone e e-mail. Caso o participante seja Pessoa com Defici\u00eancia ou possua alguma comorbidade, tamb\u00e9m ser\u00e1 necess\u00e1rio apresentar laudo m\u00e9dico.<\/p>\n\n\n\n<p>De acordo com a diretora interina da unidade, Giselle Ruiz Lima, a procura inicial pelas oficinas foi significativa. \u201cEncerramos a primeira semana de inscri\u00e7\u00f5es com uma procura muito positiva pelas oficinas, o que demonstra o interesse da popula\u00e7\u00e3o pelas atividades culturais oferecidas pela Escola de Artes. Aproveito para lembrar que quem j\u00e1 realizou a inscri\u00e7\u00e3o, mas est\u00e1 com algum documento pendente, deve regularizar a situa\u00e7\u00e3o at\u00e9 a pr\u00f3xima sexta-feira, dia 13 de mar\u00e7o, para garantir a vaga\u201d, afirmou.<\/p>\n\n\n\n<p>A amplia\u00e7\u00e3o das inscri\u00e7\u00f5es para outros pontos da cidade \u00e9 resultado de uma parceria entre a Secretaria Municipal de Cultura de S\u00e3o Pedro da Aldeia e a Secretaria Municipal de Esporte e Lazer de S\u00e3o Pedro da Aldeia, iniciativa que busca levar atividades culturais para diferentes regi\u00f5es do munic\u00edpio.<\/p>\n\n\n\n<p>O secret\u00e1rio de Cultura, Thiago Marques, destacou a import\u00e2ncia da integra\u00e7\u00e3o entre as pastas para ampliar o acesso da popula\u00e7\u00e3o \u00e0s a\u00e7\u00f5es culturais e esportivas. \u201cQuero agradecer ao secret\u00e1rio de Esporte e Lazer, Ricardo Ramos, por disponibilizar uma das salas do Centro Esportivo Rei Pel\u00e9 para a realiza\u00e7\u00e3o dessas oficinas. Essa parceria demonstra a import\u00e2ncia da uni\u00e3o entre as Secretarias, seguindo a orienta\u00e7\u00e3o do prefeito F\u00e1bio do Pastel de trabalhar de forma integrada para ampliar o acesso da popula\u00e7\u00e3o \u00e0s pol\u00edticas p\u00fablicas de cultura e esporte\u201d, declarou.<\/p>\n\n\n\n<p>As matr\u00edculas para as turmas de teatro e dan\u00e7a de sal\u00e3o voltadas aos moradores do bairro Campo Redondo e regi\u00f5es pr\u00f3ximas acontecem nesta segunda-feira (9), diretamente no Centro Esportivo Municipal Rei Pel\u00e9, das 8h \u00e0s 11h39 e das 14h \u00e0s 17h.<\/p>\n\n\n\n<p>O espa\u00e7o onde ser\u00e3o realizadas as inscri\u00e7\u00f5es est\u00e1 localizado na Rua Silva Jardim, s\/n\u00ba, em Campo Redondo. Informa\u00e7\u00f5es adicionais podem ser solicitadas pelo e-mail <a href=\"mailto:escoladeartes@pmspa.rj.gov.br\">escoladeartes@pmspa.rj.gov.br<\/a>.&nbsp;&nbsp;&nbsp;&nbsp;<\/p>\n","protected":false},"excerpt":{"rendered":"<p>Os interessados em participar das oficinas culturais da Escola de Artes Municipal Diretora Luiza Maria Leal Mendes ainda ter\u00e3o novas oportunidades de matr\u00edcula ao longo desta semana. Ap\u00f3s as inscri\u00e7\u00f5es realizadas no Centro Esportivo Municipal Rei Pel\u00e9, o processo continuar\u00e1 na sede da unidade com a abertura de vagas remanescentes entre quarta-feira (11) e sexta-feira [&hellip;]<\/p>\n","protected":false},"author":2,"featured_media":33786,"comment_status":"open","ping_status":"closed","sticky":false,"template":"","format":"standard","meta":{"footnotes":""},"categories":[123],"tags":[],"class_list":["post-33785","post","type-post","status-publish","format-standard","has-post-thumbnail","hentry","category-sao-pedro-da-aldeia"],"yoast_head":"<!-- This site is optimized with the Yoast SEO plugin v26.5 - https:\/\/yoast.com\/wordpress\/plugins\/seo\/ -->\n<title>Parceria entre secretarias amplia acesso a cursos culturais em S\u00e3o Pedro da Aldeia - Rota Rio<\/title>\n<meta name=\"robots\" content=\"index, follow, max-snippet:-1, max-image-preview:large, max-video-preview:-1\" \/>\n<link rel=\"canonical\" href=\"https:\/\/rotario.com.br\/site\/parceria-entre-secretarias-amplia-acesso-a-cursos-culturais-em-sao-pedro-da-aldeia\/\" \/>\n<meta property=\"og:locale\" content=\"pt_BR\" \/>\n<meta property=\"og:type\" content=\"article\" \/>\n<meta property=\"og:title\" content=\"Parceria entre secretarias amplia acesso a cursos culturais em S\u00e3o Pedro da Aldeia - Rota Rio\" \/>\n<meta property=\"og:description\" content=\"Os interessados em participar das oficinas culturais da Escola de Artes Municipal Diretora Luiza Maria Leal Mendes ainda ter\u00e3o novas oportunidades de matr\u00edcula ao longo desta semana. Ap\u00f3s as inscri\u00e7\u00f5es realizadas no Centro Esportivo Municipal Rei Pel\u00e9, o processo continuar\u00e1 na sede da unidade com a abertura de vagas remanescentes entre quarta-feira (11) e sexta-feira [&hellip;]\" \/>\n<meta property=\"og:url\" content=\"https:\/\/rotario.com.br\/site\/parceria-entre-secretarias-amplia-acesso-a-cursos-culturais-em-sao-pedro-da-aldeia\/\" \/>\n<meta property=\"og:site_name\" content=\"Rota Rio\" \/>\n<meta property=\"article:published_time\" content=\"2026-03-09T19:01:43+00:00\" \/>\n<meta property=\"article:modified_time\" content=\"2026-03-09T19:01:47+00:00\" \/>\n<meta property=\"og:image\" content=\"https:\/\/rotario.com.br\/site\/wp-content\/uploads\/2026\/03\/WhatsApp-Image-2026-03-09-at-15.38.57.jpeg\" \/>\n\t<meta property=\"og:image:width\" content=\"1012\" \/>\n\t<meta property=\"og:image:height\" content=\"686\" \/>\n\t<meta property=\"og:image:type\" content=\"image\/jpeg\" \/>\n<meta name=\"author\" content=\"Galv\u00e3o\" \/>\n<meta name=\"twitter:card\" content=\"summary_large_image\" \/>\n<meta name=\"twitter:label1\" content=\"Escrito por\" \/>\n\t<meta name=\"twitter:data1\" content=\"Galv\u00e3o\" \/>\n\t<meta name=\"twitter:label2\" content=\"Est. tempo de leitura\" \/>\n\t<meta name=\"twitter:data2\" content=\"3 minutos\" \/>\n<script type=\"application\/ld+json\" class=\"yoast-schema-graph\">{\"@context\":\"https:\/\/schema.org\",\"@graph\":[{\"@type\":\"Article\",\"@id\":\"https:\/\/rotario.com.br\/site\/parceria-entre-secretarias-amplia-acesso-a-cursos-culturais-em-sao-pedro-da-aldeia\/#article\",\"isPartOf\":{\"@id\":\"https:\/\/rotario.com.br\/site\/parceria-entre-secretarias-amplia-acesso-a-cursos-culturais-em-sao-pedro-da-aldeia\/\"},\"author\":{\"name\":\"Galv\u00e3o\",\"@id\":\"https:\/\/rotario.com.br\/site\/#\/schema\/person\/fd89bbbf4136f7e8a21e0dd67b8a66c7\"},\"headline\":\"Parceria entre secretarias amplia acesso a cursos culturais em S\u00e3o Pedro da Aldeia\",\"datePublished\":\"2026-03-09T19:01:43+00:00\",\"dateModified\":\"2026-03-09T19:01:47+00:00\",\"mainEntityOfPage\":{\"@id\":\"https:\/\/rotario.com.br\/site\/parceria-entre-secretarias-amplia-acesso-a-cursos-culturais-em-sao-pedro-da-aldeia\/\"},\"wordCount\":473,\"commentCount\":0,\"publisher\":{\"@id\":\"https:\/\/rotario.com.br\/site\/#organization\"},\"image\":{\"@id\":\"https:\/\/rotario.com.br\/site\/parceria-entre-secretarias-amplia-acesso-a-cursos-culturais-em-sao-pedro-da-aldeia\/#primaryimage\"},\"thumbnailUrl\":\"https:\/\/rotario.com.br\/site\/wp-content\/uploads\/2026\/03\/WhatsApp-Image-2026-03-09-at-15.38.57.jpeg\",\"articleSection\":[\"S\u00e3o Pedro da Aldeia\"],\"inLanguage\":\"pt-BR\",\"potentialAction\":[{\"@type\":\"CommentAction\",\"name\":\"Comment\",\"target\":[\"https:\/\/rotario.com.br\/site\/parceria-entre-secretarias-amplia-acesso-a-cursos-culturais-em-sao-pedro-da-aldeia\/#respond\"]}]},{\"@type\":\"WebPage\",\"@id\":\"https:\/\/rotario.com.br\/site\/parceria-entre-secretarias-amplia-acesso-a-cursos-culturais-em-sao-pedro-da-aldeia\/\",\"url\":\"https:\/\/rotario.com.br\/site\/parceria-entre-secretarias-amplia-acesso-a-cursos-culturais-em-sao-pedro-da-aldeia\/\",\"name\":\"Parceria entre secretarias amplia acesso a cursos culturais em S\u00e3o Pedro da Aldeia - Rota Rio\",\"isPartOf\":{\"@id\":\"https:\/\/rotario.com.br\/site\/#website\"},\"primaryImageOfPage\":{\"@id\":\"https:\/\/rotario.com.br\/site\/parceria-entre-secretarias-amplia-acesso-a-cursos-culturais-em-sao-pedro-da-aldeia\/#primaryimage\"},\"image\":{\"@id\":\"https:\/\/rotario.com.br\/site\/parceria-entre-secretarias-amplia-acesso-a-cursos-culturais-em-sao-pedro-da-aldeia\/#primaryimage\"},\"thumbnailUrl\":\"https:\/\/rotario.com.br\/site\/wp-content\/uploads\/2026\/03\/WhatsApp-Image-2026-03-09-at-15.38.57.jpeg\",\"datePublished\":\"2026-03-09T19:01:43+00:00\",\"dateModified\":\"2026-03-09T19:01:47+00:00\",\"breadcrumb\":{\"@id\":\"https:\/\/rotario.com.br\/site\/parceria-entre-secretarias-amplia-acesso-a-cursos-culturais-em-sao-pedro-da-aldeia\/#breadcrumb\"},\"inLanguage\":\"pt-BR\",\"potentialAction\":[{\"@type\":\"ReadAction\",\"target\":[\"https:\/\/rotario.com.br\/site\/parceria-entre-secretarias-amplia-acesso-a-cursos-culturais-em-sao-pedro-da-aldeia\/\"]}]},{\"@type\":\"ImageObject\",\"inLanguage\":\"pt-BR\",\"@id\":\"https:\/\/rotario.com.br\/site\/parceria-entre-secretarias-amplia-acesso-a-cursos-culturais-em-sao-pedro-da-aldeia\/#primaryimage\",\"url\":\"https:\/\/rotario.com.br\/site\/wp-content\/uploads\/2026\/03\/WhatsApp-Image-2026-03-09-at-15.38.57.jpeg\",\"contentUrl\":\"https:\/\/rotario.com.br\/site\/wp-content\/uploads\/2026\/03\/WhatsApp-Image-2026-03-09-at-15.38.57.jpeg\",\"width\":1012,\"height\":686},{\"@type\":\"BreadcrumbList\",\"@id\":\"https:\/\/rotario.com.br\/site\/parceria-entre-secretarias-amplia-acesso-a-cursos-culturais-em-sao-pedro-da-aldeia\/#breadcrumb\",\"itemListElement\":[{\"@type\":\"ListItem\",\"position\":1,\"name\":\"In\u00edcio\",\"item\":\"https:\/\/rotario.com.br\/site\/\"},{\"@type\":\"ListItem\",\"position\":2,\"name\":\"Parceria entre secretarias amplia acesso a cursos culturais em S\u00e3o Pedro da Aldeia\"}]},{\"@type\":\"WebSite\",\"@id\":\"https:\/\/rotario.com.br\/site\/#website\",\"url\":\"https:\/\/rotario.com.br\/site\/\",\"name\":\"Rota Rio\",\"description\":\"Aqui, o Rio de Janeiro \u00e9 a pauta!\",\"publisher\":{\"@id\":\"https:\/\/rotario.com.br\/site\/#organization\"},\"potentialAction\":[{\"@type\":\"SearchAction\",\"target\":{\"@type\":\"EntryPoint\",\"urlTemplate\":\"https:\/\/rotario.com.br\/site\/?s={search_term_string}\"},\"query-input\":{\"@type\":\"PropertyValueSpecification\",\"valueRequired\":true,\"valueName\":\"search_term_string\"}}],\"inLanguage\":\"pt-BR\"},{\"@type\":\"Organization\",\"@id\":\"https:\/\/rotario.com.br\/site\/#organization\",\"name\":\"Rota Rio\",\"url\":\"https:\/\/rotario.com.br\/site\/\",\"logo\":{\"@type\":\"ImageObject\",\"inLanguage\":\"pt-BR\",\"@id\":\"https:\/\/rotario.com.br\/site\/#\/schema\/logo\/image\/\",\"url\":\"https:\/\/rotario.com.br\/site\/wp-content\/uploads\/2022\/04\/cropped-ROTARIO-LOGO-Prancheta-1-1-2048x654-1.png\",\"contentUrl\":\"https:\/\/rotario.com.br\/site\/wp-content\/uploads\/2022\/04\/cropped-ROTARIO-LOGO-Prancheta-1-1-2048x654-1.png\",\"width\":2048,\"height\":654,\"caption\":\"Rota Rio\"},\"image\":{\"@id\":\"https:\/\/rotario.com.br\/site\/#\/schema\/logo\/image\/\"}},{\"@type\":\"Person\",\"@id\":\"https:\/\/rotario.com.br\/site\/#\/schema\/person\/fd89bbbf4136f7e8a21e0dd67b8a66c7\",\"name\":\"Galv\u00e3o\",\"url\":\"https:\/\/rotario.com.br\/site\/author\/daniel\/\"}]}<\/script>\n<!-- \/ Yoast SEO plugin. -->","yoast_head_json":{"title":"Parceria entre secretarias amplia acesso a cursos culturais em S\u00e3o Pedro da Aldeia - Rota Rio","robots":{"index":"index","follow":"follow","max-snippet":"max-snippet:-1","max-image-preview":"max-image-preview:large","max-video-preview":"max-video-preview:-1"},"canonical":"https:\/\/rotario.com.br\/site\/parceria-entre-secretarias-amplia-acesso-a-cursos-culturais-em-sao-pedro-da-aldeia\/","og_locale":"pt_BR","og_type":"article","og_title":"Parceria entre secretarias amplia acesso a cursos culturais em S\u00e3o Pedro da Aldeia - Rota Rio","og_description":"Os interessados em participar das oficinas culturais da Escola de Artes Municipal Diretora Luiza Maria Leal Mendes ainda ter\u00e3o novas oportunidades de matr\u00edcula ao longo desta semana. Ap\u00f3s as inscri\u00e7\u00f5es realizadas no Centro Esportivo Municipal Rei Pel\u00e9, o processo continuar\u00e1 na sede da unidade com a abertura de vagas remanescentes entre quarta-feira (11) e sexta-feira [&hellip;]","og_url":"https:\/\/rotario.com.br\/site\/parceria-entre-secretarias-amplia-acesso-a-cursos-culturais-em-sao-pedro-da-aldeia\/","og_site_name":"Rota Rio","article_published_time":"2026-03-09T19:01:43+00:00","article_modified_time":"2026-03-09T19:01:47+00:00","og_image":[{"width":1012,"height":686,"url":"https:\/\/rotario.com.br\/site\/wp-content\/uploads\/2026\/03\/WhatsApp-Image-2026-03-09-at-15.38.57.jpeg","type":"image\/jpeg"}],"author":"Galv\u00e3o","twitter_card":"summary_large_image","twitter_misc":{"Escrito por":"Galv\u00e3o","Est. tempo de leitura":"3 minutos"},"schema":{"@context":"https:\/\/schema.org","@graph":[{"@type":"Article","@id":"https:\/\/rotario.com.br\/site\/parceria-entre-secretarias-amplia-acesso-a-cursos-culturais-em-sao-pedro-da-aldeia\/#article","isPartOf":{"@id":"https:\/\/rotario.com.br\/site\/parceria-entre-secretarias-amplia-acesso-a-cursos-culturais-em-sao-pedro-da-aldeia\/"},"author":{"name":"Galv\u00e3o","@id":"https:\/\/rotario.com.br\/site\/#\/schema\/person\/fd89bbbf4136f7e8a21e0dd67b8a66c7"},"headline":"Parceria entre secretarias amplia acesso a cursos culturais em S\u00e3o Pedro da Aldeia","datePublished":"2026-03-09T19:01:43+00:00","dateModified":"2026-03-09T19:01:47+00:00","mainEntityOfPage":{"@id":"https:\/\/rotario.com.br\/site\/parceria-entre-secretarias-amplia-acesso-a-cursos-culturais-em-sao-pedro-da-aldeia\/"},"wordCount":473,"commentCount":0,"publisher":{"@id":"https:\/\/rotario.com.br\/site\/#organization"},"image":{"@id":"https:\/\/rotario.com.br\/site\/parceria-entre-secretarias-amplia-acesso-a-cursos-culturais-em-sao-pedro-da-aldeia\/#primaryimage"},"thumbnailUrl":"https:\/\/rotario.com.br\/site\/wp-content\/uploads\/2026\/03\/WhatsApp-Image-2026-03-09-at-15.38.57.jpeg","articleSection":["S\u00e3o Pedro da Aldeia"],"inLanguage":"pt-BR","potentialAction":[{"@type":"CommentAction","name":"Comment","target":["https:\/\/rotario.com.br\/site\/parceria-entre-secretarias-amplia-acesso-a-cursos-culturais-em-sao-pedro-da-aldeia\/#respond"]}]},{"@type":"WebPage","@id":"https:\/\/rotario.com.br\/site\/parceria-entre-secretarias-amplia-acesso-a-cursos-culturais-em-sao-pedro-da-aldeia\/","url":"https:\/\/rotario.com.br\/site\/parceria-entre-secretarias-amplia-acesso-a-cursos-culturais-em-sao-pedro-da-aldeia\/","name":"Parceria entre secretarias amplia acesso a cursos culturais em S\u00e3o Pedro da Aldeia - Rota Rio","isPartOf":{"@id":"https:\/\/rotario.com.br\/site\/#website"},"primaryImageOfPage":{"@id":"https:\/\/rotario.com.br\/site\/parceria-entre-secretarias-amplia-acesso-a-cursos-culturais-em-sao-pedro-da-aldeia\/#primaryimage"},"image":{"@id":"https:\/\/rotario.com.br\/site\/parceria-entre-secretarias-amplia-acesso-a-cursos-culturais-em-sao-pedro-da-aldeia\/#primaryimage"},"thumbnailUrl":"https:\/\/rotario.com.br\/site\/wp-content\/uploads\/2026\/03\/WhatsApp-Image-2026-03-09-at-15.38.57.jpeg","datePublished":"2026-03-09T19:01:43+00:00","dateModified":"2026-03-09T19:01:47+00:00","breadcrumb":{"@id":"https:\/\/rotario.com.br\/site\/parceria-entre-secretarias-amplia-acesso-a-cursos-culturais-em-sao-pedro-da-aldeia\/#breadcrumb"},"inLanguage":"pt-BR","potentialAction":[{"@type":"ReadAction","target":["https:\/\/rotario.com.br\/site\/parceria-entre-secretarias-amplia-acesso-a-cursos-culturais-em-sao-pedro-da-aldeia\/"]}]},{"@type":"ImageObject","inLanguage":"pt-BR","@id":"https:\/\/rotario.com.br\/site\/parceria-entre-secretarias-amplia-acesso-a-cursos-culturais-em-sao-pedro-da-aldeia\/#primaryimage","url":"https:\/\/rotario.com.br\/site\/wp-content\/uploads\/2026\/03\/WhatsApp-Image-2026-03-09-at-15.38.57.jpeg","contentUrl":"https:\/\/rotario.com.br\/site\/wp-content\/uploads\/2026\/03\/WhatsApp-Image-2026-03-09-at-15.38.57.jpeg","width":1012,"height":686},{"@type":"BreadcrumbList","@id":"https:\/\/rotario.com.br\/site\/parceria-entre-secretarias-amplia-acesso-a-cursos-culturais-em-sao-pedro-da-aldeia\/#breadcrumb","itemListElement":[{"@type":"ListItem","position":1,"name":"In\u00edcio","item":"https:\/\/rotario.com.br\/site\/"},{"@type":"ListItem","position":2,"name":"Parceria entre secretarias amplia acesso a cursos culturais em S\u00e3o Pedro da Aldeia"}]},{"@type":"WebSite","@id":"https:\/\/rotario.com.br\/site\/#website","url":"https:\/\/rotario.com.br\/site\/","name":"Rota Rio","description":"Aqui, o Rio de Janeiro \u00e9 a pauta!","publisher":{"@id":"https:\/\/rotario.com.br\/site\/#organization"},"potentialAction":[{"@type":"SearchAction","target":{"@type":"EntryPoint","urlTemplate":"https:\/\/rotario.com.br\/site\/?s={search_term_string}"},"query-input":{"@type":"PropertyValueSpecification","valueRequired":true,"valueName":"search_term_string"}}],"inLanguage":"pt-BR"},{"@type":"Organization","@id":"https:\/\/rotario.com.br\/site\/#organization","name":"Rota Rio","url":"https:\/\/rotario.com.br\/site\/","logo":{"@type":"ImageObject","inLanguage":"pt-BR","@id":"https:\/\/rotario.com.br\/site\/#\/schema\/logo\/image\/","url":"https:\/\/rotario.com.br\/site\/wp-content\/uploads\/2022\/04\/cropped-ROTARIO-LOGO-Prancheta-1-1-2048x654-1.png","contentUrl":"https:\/\/rotario.com.br\/site\/wp-content\/uploads\/2022\/04\/cropped-ROTARIO-LOGO-Prancheta-1-1-2048x654-1.png","width":2048,"height":654,"caption":"Rota Rio"},"image":{"@id":"https:\/\/rotario.com.br\/site\/#\/schema\/logo\/image\/"}},{"@type":"Person","@id":"https:\/\/rotario.com.br\/site\/#\/schema\/person\/fd89bbbf4136f7e8a21e0dd67b8a66c7","name":"Galv\u00e3o","url":"https:\/\/rotario.com.br\/site\/author\/daniel\/"}]}},"_links":{"self":[{"href":"https:\/\/rotario.com.br\/site\/wp-json\/wp\/v2\/posts\/33785","targetHints":{"allow":["GET"]}}],"collection":[{"href":"https:\/\/rotario.com.br\/site\/wp-json\/wp\/v2\/posts"}],"about":[{"href":"https:\/\/rotario.com.br\/site\/wp-json\/wp\/v2\/types\/post"}],"author":[{"embeddable":true,"href":"https:\/\/rotario.com.br\/site\/wp-json\/wp\/v2\/users\/2"}],"replies":[{"embeddable":true,"href":"https:\/\/rotario.com.br\/site\/wp-json\/wp\/v2\/comments?post=33785"}],"version-history":[{"count":1,"href":"https:\/\/rotario.com.br\/site\/wp-json\/wp\/v2\/posts\/33785\/revisions"}],"predecessor-version":[{"id":33787,"href":"https:\/\/rotario.com.br\/site\/wp-json\/wp\/v2\/posts\/33785\/revisions\/33787"}],"wp:featuredmedia":[{"embeddable":true,"href":"https:\/\/rotario.com.br\/site\/wp-json\/wp\/v2\/media\/33786"}],"wp:attachment":[{"href":"https:\/\/rotario.com.br\/site\/wp-json\/wp\/v2\/media?parent=33785"}],"wp:term":[{"taxonomy":"category","embeddable":true,"href":"https:\/\/rotario.com.br\/site\/wp-json\/wp\/v2\/categories?post=33785"},{"taxonomy":"post_tag","embeddable":true,"href":"https:\/\/rotario.com.br\/site\/wp-json\/wp\/v2\/tags?post=33785"}],"curies":[{"name":"wp","href":"https:\/\/api.w.org\/{rel}","templated":true}]}}