{"id":33808,"date":"2026-03-10T11:28:34","date_gmt":"2026-03-10T14:28:34","guid":{"rendered":"https:\/\/rotario.com.br\/site\/?p=33808"},"modified":"2026-03-10T11:28:42","modified_gmt":"2026-03-10T14:28:42","slug":"policiais-prendem-homem-que-descumpriu-medida-protetiva-na-serra-de-macae","status":"publish","type":"post","link":"https:\/\/rotario.com.br\/site\/policiais-prendem-homem-que-descumpriu-medida-protetiva-na-serra-de-macae\/","title":{"rendered":"Policiais prendem homem que descumpriu medida protetiva na serra de Maca\u00e9"},"content":{"rendered":"\n<p>Policiais do 32\u00ba Batalh\u00e3o da Pol\u00edcia Militar (32\u00ba BPM) prenderam mais um homem por descumprimento de medida protetiva na tarde dessa segunda-feira, 9, em Maca\u00e9, dessa vez na regi\u00e3o serrana, no distrito de C\u00f3rrego do Ouro.<\/p>\n\n\n\n<p>De acordo com a PM, os agentes foram chamados pela mulher, que informou sobre a medida protetiva contra o pr\u00f3prio sogro, que teria invadido a casa na aus\u00eancia dela, armado com uma faca, e danificado v\u00e1rios objetos.<\/p>\n\n\n\n<p>Ao chegarem ao local, os policiais constataram que fog\u00e3o, geladeira, ventilador e televis\u00e3o da v\u00edtima haviam sido quebrados, iniciando a busca pelo homem, que foi encontrado com um ferimento no p\u00e9.<\/p>\n\n\n\n<p>Depois de ser levado a uma unidade de sa\u00fade, para atendimento m\u00e9dico, o homem foi levado para a 123\u00aa Delegacia de Pol\u00edcia Civil (123\u00aa DP), de Maca\u00e9, onde ele foi autuado por descumprimento de medida protetiva, foi colocado atr\u00e1s das grades.<\/p>\n","protected":false},"excerpt":{"rendered":"<p>Policiais do 32\u00ba Batalh\u00e3o da Pol\u00edcia Militar (32\u00ba BPM) prenderam mais um homem por descumprimento de medida protetiva na tarde dessa segunda-feira, 9, em Maca\u00e9, dessa vez na regi\u00e3o serrana, no distrito de C\u00f3rrego do Ouro. De acordo com a PM, os agentes foram chamados pela mulher, que informou sobre a medida protetiva contra o [&hellip;]<\/p>\n","protected":false},"author":2,"featured_media":33809,"comment_status":"open","ping_status":"closed","sticky":false,"template":"","format":"standard","meta":{"footnotes":""},"categories":[1160],"tags":[],"class_list":["post-33808","post","type-post","status-publish","format-standard","has-post-thumbnail","hentry","category-policia"],"yoast_head":"<!-- This site is optimized with the Yoast SEO plugin v26.5 - https:\/\/yoast.com\/wordpress\/plugins\/seo\/ -->\n<title>Policiais prendem homem que descumpriu medida protetiva na serra de Maca\u00e9 - Rota Rio<\/title>\n<meta name=\"robots\" content=\"index, follow, max-snippet:-1, max-image-preview:large, max-video-preview:-1\" \/>\n<link rel=\"canonical\" href=\"https:\/\/rotario.com.br\/site\/policiais-prendem-homem-que-descumpriu-medida-protetiva-na-serra-de-macae\/\" \/>\n<meta property=\"og:locale\" content=\"pt_BR\" \/>\n<meta property=\"og:type\" content=\"article\" \/>\n<meta property=\"og:title\" content=\"Policiais prendem homem que descumpriu medida protetiva na serra de Maca\u00e9 - Rota Rio\" \/>\n<meta property=\"og:description\" content=\"Policiais do 32\u00ba Batalh\u00e3o da Pol\u00edcia Militar (32\u00ba BPM) prenderam mais um homem por descumprimento de medida protetiva na tarde dessa segunda-feira, 9, em Maca\u00e9, dessa vez na regi\u00e3o serrana, no distrito de C\u00f3rrego do Ouro. De acordo com a PM, os agentes foram chamados pela mulher, que informou sobre a medida protetiva contra o [&hellip;]\" \/>\n<meta property=\"og:url\" content=\"https:\/\/rotario.com.br\/site\/policiais-prendem-homem-que-descumpriu-medida-protetiva-na-serra-de-macae\/\" \/>\n<meta property=\"og:site_name\" content=\"Rota Rio\" \/>\n<meta property=\"article:published_time\" content=\"2026-03-10T14:28:34+00:00\" \/>\n<meta property=\"article:modified_time\" content=\"2026-03-10T14:28:42+00:00\" \/>\n<meta property=\"og:image\" content=\"https:\/\/rotario.com.br\/site\/wp-content\/uploads\/2026\/03\/WhatsApp-Image-2026-03-10-at-10.34.12.jpeg\" \/>\n\t<meta property=\"og:image:width\" content=\"800\" \/>\n\t<meta property=\"og:image:height\" content=\"600\" \/>\n\t<meta property=\"og:image:type\" content=\"image\/jpeg\" \/>\n<meta name=\"author\" content=\"Galv\u00e3o\" \/>\n<meta name=\"twitter:card\" content=\"summary_large_image\" \/>\n<meta name=\"twitter:label1\" content=\"Escrito por\" \/>\n\t<meta name=\"twitter:data1\" content=\"Galv\u00e3o\" \/>\n\t<meta name=\"twitter:label2\" content=\"Est. tempo de leitura\" \/>\n\t<meta name=\"twitter:data2\" content=\"2 minutos\" \/>\n<script type=\"application\/ld+json\" class=\"yoast-schema-graph\">{\"@context\":\"https:\/\/schema.org\",\"@graph\":[{\"@type\":\"Article\",\"@id\":\"https:\/\/rotario.com.br\/site\/policiais-prendem-homem-que-descumpriu-medida-protetiva-na-serra-de-macae\/#article\",\"isPartOf\":{\"@id\":\"https:\/\/rotario.com.br\/site\/policiais-prendem-homem-que-descumpriu-medida-protetiva-na-serra-de-macae\/\"},\"author\":{\"name\":\"Galv\u00e3o\",\"@id\":\"https:\/\/rotario.com.br\/site\/#\/schema\/person\/fd89bbbf4136f7e8a21e0dd67b8a66c7\"},\"headline\":\"Policiais prendem homem que descumpriu medida protetiva na serra de Maca\u00e9\",\"datePublished\":\"2026-03-10T14:28:34+00:00\",\"dateModified\":\"2026-03-10T14:28:42+00:00\",\"mainEntityOfPage\":{\"@id\":\"https:\/\/rotario.com.br\/site\/policiais-prendem-homem-que-descumpriu-medida-protetiva-na-serra-de-macae\/\"},\"wordCount\":165,\"commentCount\":0,\"publisher\":{\"@id\":\"https:\/\/rotario.com.br\/site\/#organization\"},\"image\":{\"@id\":\"https:\/\/rotario.com.br\/site\/policiais-prendem-homem-que-descumpriu-medida-protetiva-na-serra-de-macae\/#primaryimage\"},\"thumbnailUrl\":\"https:\/\/rotario.com.br\/site\/wp-content\/uploads\/2026\/03\/WhatsApp-Image-2026-03-10-at-10.34.12.jpeg\",\"articleSection\":[\"Pol\u00edcia\"],\"inLanguage\":\"pt-BR\",\"potentialAction\":[{\"@type\":\"CommentAction\",\"name\":\"Comment\",\"target\":[\"https:\/\/rotario.com.br\/site\/policiais-prendem-homem-que-descumpriu-medida-protetiva-na-serra-de-macae\/#respond\"]}]},{\"@type\":\"WebPage\",\"@id\":\"https:\/\/rotario.com.br\/site\/policiais-prendem-homem-que-descumpriu-medida-protetiva-na-serra-de-macae\/\",\"url\":\"https:\/\/rotario.com.br\/site\/policiais-prendem-homem-que-descumpriu-medida-protetiva-na-serra-de-macae\/\",\"name\":\"Policiais prendem homem que descumpriu medida protetiva na serra de Maca\u00e9 - Rota Rio\",\"isPartOf\":{\"@id\":\"https:\/\/rotario.com.br\/site\/#website\"},\"primaryImageOfPage\":{\"@id\":\"https:\/\/rotario.com.br\/site\/policiais-prendem-homem-que-descumpriu-medida-protetiva-na-serra-de-macae\/#primaryimage\"},\"image\":{\"@id\":\"https:\/\/rotario.com.br\/site\/policiais-prendem-homem-que-descumpriu-medida-protetiva-na-serra-de-macae\/#primaryimage\"},\"thumbnailUrl\":\"https:\/\/rotario.com.br\/site\/wp-content\/uploads\/2026\/03\/WhatsApp-Image-2026-03-10-at-10.34.12.jpeg\",\"datePublished\":\"2026-03-10T14:28:34+00:00\",\"dateModified\":\"2026-03-10T14:28:42+00:00\",\"breadcrumb\":{\"@id\":\"https:\/\/rotario.com.br\/site\/policiais-prendem-homem-que-descumpriu-medida-protetiva-na-serra-de-macae\/#breadcrumb\"},\"inLanguage\":\"pt-BR\",\"potentialAction\":[{\"@type\":\"ReadAction\",\"target\":[\"https:\/\/rotario.com.br\/site\/policiais-prendem-homem-que-descumpriu-medida-protetiva-na-serra-de-macae\/\"]}]},{\"@type\":\"ImageObject\",\"inLanguage\":\"pt-BR\",\"@id\":\"https:\/\/rotario.com.br\/site\/policiais-prendem-homem-que-descumpriu-medida-protetiva-na-serra-de-macae\/#primaryimage\",\"url\":\"https:\/\/rotario.com.br\/site\/wp-content\/uploads\/2026\/03\/WhatsApp-Image-2026-03-10-at-10.34.12.jpeg\",\"contentUrl\":\"https:\/\/rotario.com.br\/site\/wp-content\/uploads\/2026\/03\/WhatsApp-Image-2026-03-10-at-10.34.12.jpeg\",\"width\":800,\"height\":600},{\"@type\":\"BreadcrumbList\",\"@id\":\"https:\/\/rotario.com.br\/site\/policiais-prendem-homem-que-descumpriu-medida-protetiva-na-serra-de-macae\/#breadcrumb\",\"itemListElement\":[{\"@type\":\"ListItem\",\"position\":1,\"name\":\"In\u00edcio\",\"item\":\"https:\/\/rotario.com.br\/site\/\"},{\"@type\":\"ListItem\",\"position\":2,\"name\":\"Policiais prendem homem que descumpriu medida protetiva na serra de Maca\u00e9\"}]},{\"@type\":\"WebSite\",\"@id\":\"https:\/\/rotario.com.br\/site\/#website\",\"url\":\"https:\/\/rotario.com.br\/site\/\",\"name\":\"Rota Rio\",\"description\":\"Aqui, o Rio de Janeiro \u00e9 a pauta!\",\"publisher\":{\"@id\":\"https:\/\/rotario.com.br\/site\/#organization\"},\"potentialAction\":[{\"@type\":\"SearchAction\",\"target\":{\"@type\":\"EntryPoint\",\"urlTemplate\":\"https:\/\/rotario.com.br\/site\/?s={search_term_string}\"},\"query-input\":{\"@type\":\"PropertyValueSpecification\",\"valueRequired\":true,\"valueName\":\"search_term_string\"}}],\"inLanguage\":\"pt-BR\"},{\"@type\":\"Organization\",\"@id\":\"https:\/\/rotario.com.br\/site\/#organization\",\"name\":\"Rota Rio\",\"url\":\"https:\/\/rotario.com.br\/site\/\",\"logo\":{\"@type\":\"ImageObject\",\"inLanguage\":\"pt-BR\",\"@id\":\"https:\/\/rotario.com.br\/site\/#\/schema\/logo\/image\/\",\"url\":\"https:\/\/rotario.com.br\/site\/wp-content\/uploads\/2022\/04\/cropped-ROTARIO-LOGO-Prancheta-1-1-2048x654-1.png\",\"contentUrl\":\"https:\/\/rotario.com.br\/site\/wp-content\/uploads\/2022\/04\/cropped-ROTARIO-LOGO-Prancheta-1-1-2048x654-1.png\",\"width\":2048,\"height\":654,\"caption\":\"Rota Rio\"},\"image\":{\"@id\":\"https:\/\/rotario.com.br\/site\/#\/schema\/logo\/image\/\"}},{\"@type\":\"Person\",\"@id\":\"https:\/\/rotario.com.br\/site\/#\/schema\/person\/fd89bbbf4136f7e8a21e0dd67b8a66c7\",\"name\":\"Galv\u00e3o\",\"url\":\"https:\/\/rotario.com.br\/site\/author\/daniel\/\"}]}<\/script>\n<!-- \/ Yoast SEO plugin. -->","yoast_head_json":{"title":"Policiais prendem homem que descumpriu medida protetiva na serra de Maca\u00e9 - Rota Rio","robots":{"index":"index","follow":"follow","max-snippet":"max-snippet:-1","max-image-preview":"max-image-preview:large","max-video-preview":"max-video-preview:-1"},"canonical":"https:\/\/rotario.com.br\/site\/policiais-prendem-homem-que-descumpriu-medida-protetiva-na-serra-de-macae\/","og_locale":"pt_BR","og_type":"article","og_title":"Policiais prendem homem que descumpriu medida protetiva na serra de Maca\u00e9 - Rota Rio","og_description":"Policiais do 32\u00ba Batalh\u00e3o da Pol\u00edcia Militar (32\u00ba BPM) prenderam mais um homem por descumprimento de medida protetiva na tarde dessa segunda-feira, 9, em Maca\u00e9, dessa vez na regi\u00e3o serrana, no distrito de C\u00f3rrego do Ouro. De acordo com a PM, os agentes foram chamados pela mulher, que informou sobre a medida protetiva contra o [&hellip;]","og_url":"https:\/\/rotario.com.br\/site\/policiais-prendem-homem-que-descumpriu-medida-protetiva-na-serra-de-macae\/","og_site_name":"Rota Rio","article_published_time":"2026-03-10T14:28:34+00:00","article_modified_time":"2026-03-10T14:28:42+00:00","og_image":[{"width":800,"height":600,"url":"https:\/\/rotario.com.br\/site\/wp-content\/uploads\/2026\/03\/WhatsApp-Image-2026-03-10-at-10.34.12.jpeg","type":"image\/jpeg"}],"author":"Galv\u00e3o","twitter_card":"summary_large_image","twitter_misc":{"Escrito por":"Galv\u00e3o","Est. tempo de leitura":"2 minutos"},"schema":{"@context":"https:\/\/schema.org","@graph":[{"@type":"Article","@id":"https:\/\/rotario.com.br\/site\/policiais-prendem-homem-que-descumpriu-medida-protetiva-na-serra-de-macae\/#article","isPartOf":{"@id":"https:\/\/rotario.com.br\/site\/policiais-prendem-homem-que-descumpriu-medida-protetiva-na-serra-de-macae\/"},"author":{"name":"Galv\u00e3o","@id":"https:\/\/rotario.com.br\/site\/#\/schema\/person\/fd89bbbf4136f7e8a21e0dd67b8a66c7"},"headline":"Policiais prendem homem que descumpriu medida protetiva na serra de Maca\u00e9","datePublished":"2026-03-10T14:28:34+00:00","dateModified":"2026-03-10T14:28:42+00:00","mainEntityOfPage":{"@id":"https:\/\/rotario.com.br\/site\/policiais-prendem-homem-que-descumpriu-medida-protetiva-na-serra-de-macae\/"},"wordCount":165,"commentCount":0,"publisher":{"@id":"https:\/\/rotario.com.br\/site\/#organization"},"image":{"@id":"https:\/\/rotario.com.br\/site\/policiais-prendem-homem-que-descumpriu-medida-protetiva-na-serra-de-macae\/#primaryimage"},"thumbnailUrl":"https:\/\/rotario.com.br\/site\/wp-content\/uploads\/2026\/03\/WhatsApp-Image-2026-03-10-at-10.34.12.jpeg","articleSection":["Pol\u00edcia"],"inLanguage":"pt-BR","potentialAction":[{"@type":"CommentAction","name":"Comment","target":["https:\/\/rotario.com.br\/site\/policiais-prendem-homem-que-descumpriu-medida-protetiva-na-serra-de-macae\/#respond"]}]},{"@type":"WebPage","@id":"https:\/\/rotario.com.br\/site\/policiais-prendem-homem-que-descumpriu-medida-protetiva-na-serra-de-macae\/","url":"https:\/\/rotario.com.br\/site\/policiais-prendem-homem-que-descumpriu-medida-protetiva-na-serra-de-macae\/","name":"Policiais prendem homem que descumpriu medida protetiva na serra de Maca\u00e9 - Rota Rio","isPartOf":{"@id":"https:\/\/rotario.com.br\/site\/#website"},"primaryImageOfPage":{"@id":"https:\/\/rotario.com.br\/site\/policiais-prendem-homem-que-descumpriu-medida-protetiva-na-serra-de-macae\/#primaryimage"},"image":{"@id":"https:\/\/rotario.com.br\/site\/policiais-prendem-homem-que-descumpriu-medida-protetiva-na-serra-de-macae\/#primaryimage"},"thumbnailUrl":"https:\/\/rotario.com.br\/site\/wp-content\/uploads\/2026\/03\/WhatsApp-Image-2026-03-10-at-10.34.12.jpeg","datePublished":"2026-03-10T14:28:34+00:00","dateModified":"2026-03-10T14:28:42+00:00","breadcrumb":{"@id":"https:\/\/rotario.com.br\/site\/policiais-prendem-homem-que-descumpriu-medida-protetiva-na-serra-de-macae\/#breadcrumb"},"inLanguage":"pt-BR","potentialAction":[{"@type":"ReadAction","target":["https:\/\/rotario.com.br\/site\/policiais-prendem-homem-que-descumpriu-medida-protetiva-na-serra-de-macae\/"]}]},{"@type":"ImageObject","inLanguage":"pt-BR","@id":"https:\/\/rotario.com.br\/site\/policiais-prendem-homem-que-descumpriu-medida-protetiva-na-serra-de-macae\/#primaryimage","url":"https:\/\/rotario.com.br\/site\/wp-content\/uploads\/2026\/03\/WhatsApp-Image-2026-03-10-at-10.34.12.jpeg","contentUrl":"https:\/\/rotario.com.br\/site\/wp-content\/uploads\/2026\/03\/WhatsApp-Image-2026-03-10-at-10.34.12.jpeg","width":800,"height":600},{"@type":"BreadcrumbList","@id":"https:\/\/rotario.com.br\/site\/policiais-prendem-homem-que-descumpriu-medida-protetiva-na-serra-de-macae\/#breadcrumb","itemListElement":[{"@type":"ListItem","position":1,"name":"In\u00edcio","item":"https:\/\/rotario.com.br\/site\/"},{"@type":"ListItem","position":2,"name":"Policiais prendem homem que descumpriu medida protetiva na serra de Maca\u00e9"}]},{"@type":"WebSite","@id":"https:\/\/rotario.com.br\/site\/#website","url":"https:\/\/rotario.com.br\/site\/","name":"Rota Rio","description":"Aqui, o Rio de Janeiro \u00e9 a pauta!","publisher":{"@id":"https:\/\/rotario.com.br\/site\/#organization"},"potentialAction":[{"@type":"SearchAction","target":{"@type":"EntryPoint","urlTemplate":"https:\/\/rotario.com.br\/site\/?s={search_term_string}"},"query-input":{"@type":"PropertyValueSpecification","valueRequired":true,"valueName":"search_term_string"}}],"inLanguage":"pt-BR"},{"@type":"Organization","@id":"https:\/\/rotario.com.br\/site\/#organization","name":"Rota Rio","url":"https:\/\/rotario.com.br\/site\/","logo":{"@type":"ImageObject","inLanguage":"pt-BR","@id":"https:\/\/rotario.com.br\/site\/#\/schema\/logo\/image\/","url":"https:\/\/rotario.com.br\/site\/wp-content\/uploads\/2022\/04\/cropped-ROTARIO-LOGO-Prancheta-1-1-2048x654-1.png","contentUrl":"https:\/\/rotario.com.br\/site\/wp-content\/uploads\/2022\/04\/cropped-ROTARIO-LOGO-Prancheta-1-1-2048x654-1.png","width":2048,"height":654,"caption":"Rota Rio"},"image":{"@id":"https:\/\/rotario.com.br\/site\/#\/schema\/logo\/image\/"}},{"@type":"Person","@id":"https:\/\/rotario.com.br\/site\/#\/schema\/person\/fd89bbbf4136f7e8a21e0dd67b8a66c7","name":"Galv\u00e3o","url":"https:\/\/rotario.com.br\/site\/author\/daniel\/"}]}},"_links":{"self":[{"href":"https:\/\/rotario.com.br\/site\/wp-json\/wp\/v2\/posts\/33808","targetHints":{"allow":["GET"]}}],"collection":[{"href":"https:\/\/rotario.com.br\/site\/wp-json\/wp\/v2\/posts"}],"about":[{"href":"https:\/\/rotario.com.br\/site\/wp-json\/wp\/v2\/types\/post"}],"author":[{"embeddable":true,"href":"https:\/\/rotario.com.br\/site\/wp-json\/wp\/v2\/users\/2"}],"replies":[{"embeddable":true,"href":"https:\/\/rotario.com.br\/site\/wp-json\/wp\/v2\/comments?post=33808"}],"version-history":[{"count":1,"href":"https:\/\/rotario.com.br\/site\/wp-json\/wp\/v2\/posts\/33808\/revisions"}],"predecessor-version":[{"id":33810,"href":"https:\/\/rotario.com.br\/site\/wp-json\/wp\/v2\/posts\/33808\/revisions\/33810"}],"wp:featuredmedia":[{"embeddable":true,"href":"https:\/\/rotario.com.br\/site\/wp-json\/wp\/v2\/media\/33809"}],"wp:attachment":[{"href":"https:\/\/rotario.com.br\/site\/wp-json\/wp\/v2\/media?parent=33808"}],"wp:term":[{"taxonomy":"category","embeddable":true,"href":"https:\/\/rotario.com.br\/site\/wp-json\/wp\/v2\/categories?post=33808"},{"taxonomy":"post_tag","embeddable":true,"href":"https:\/\/rotario.com.br\/site\/wp-json\/wp\/v2\/tags?post=33808"}],"curies":[{"name":"wp","href":"https:\/\/api.w.org\/{rel}","templated":true}]}}