{"id":33832,"date":"2026-03-10T15:42:13","date_gmt":"2026-03-10T18:42:13","guid":{"rendered":"https:\/\/rotario.com.br\/site\/?p=33832"},"modified":"2026-03-10T15:42:19","modified_gmt":"2026-03-10T18:42:19","slug":"araruama-realiza-evento-com-palestras-e-relatos-de-mulheres-sobre-politica-empreendedorismo-e-direitos","status":"publish","type":"post","link":"https:\/\/rotario.com.br\/site\/araruama-realiza-evento-com-palestras-e-relatos-de-mulheres-sobre-politica-empreendedorismo-e-direitos\/","title":{"rendered":"Araruama realiza evento com palestras e relatos de mulheres sobre pol\u00edtica, empreendedorismo e direitos"},"content":{"rendered":"\n<p>A Pra\u00e7a Ant\u00f4nio Raposo, no Centro de Araruama, foi palco na noite desta segunda-feira (9) do encontro \u201cPara Voc\u00ea, Mulher\u201d, iniciativa que reuniu moradoras para discutir temas ligados ao protagonismo feminino, desafios sociais e ocupa\u00e7\u00e3o de espa\u00e7os por mulheres em diferentes \u00e1reas da sociedade.<\/p>\n\n\n\n<p>Na segunda parte da programa\u00e7\u00e3o, a sex\u00f3loga Yeda Portela conduziu uma palestra sobre sexualidade feminina. Durante a apresenta\u00e7\u00e3o, ela abordou temas relacionados ao autoconhecimento, mudan\u00e7as do corpo e a menopausa, al\u00e9m de destacar a import\u00e2ncia de abrir espa\u00e7os p\u00fablicos para tratar desses assuntos.<\/p>\n\n\n\n<p>\u201cAs pessoas t\u00eam medo de falar sobre sexualidade, ent\u00e3o essa oportunidade que ela deu \u00e9 de uma coragem muito grande do poder p\u00fablico feminino \u00e0 frente do seu tempo\u201d, afirmou.<\/p>\n\n\n\n<p>O encontro tamb\u00e9m contou com um momento de participa\u00e7\u00e3o do p\u00fablico, que p\u00f4de fazer perguntas e compartilhar reflex\u00f5es sobre os temas discutidos ao longo da noite. Ao final do evento, foram distribu\u00eddos kits com ecobags e outros itens \u00e0s participantes.<\/p>\n\n\n\n<p>A primeira etapa da programa\u00e7\u00e3o foi dedicada a uma roda de conversa mediada pela superintendente de Comunica\u00e7\u00e3o, Ilziane Laun\u00e9. Durante o di\u00e1logo, convidadas compartilharam experi\u00eancias pessoais e profissionais, abordando trajet\u00f3rias em \u00e1reas como pol\u00edtica, empreendedorismo, religi\u00e3o e trabalho social.<\/p>\n\n\n\n<p>Entre as participantes estiveram a prefeita Daniela Soares (PL), a empreendedora Ione Menezes, a pastora Selma Castro, a superintendente da Terceira Idade, Gracinha Marchon, e a superintendente da Mulher, Marizete Ramos.<\/p>\n\n\n\n<p>Durante a conversa, a prefeita Daniela Soares comentou sobre os desafios enfrentados por mulheres que ocupam cargos na pol\u00edtica. \u201cA gente sabe dos desafios que \u00e9 estar na pol\u00edtica, mas tamb\u00e9m sabemos da for\u00e7a que temos para mudar cen\u00e1rios e transformar a vida das pessoas. Precisamos proteger nossas jovens e adolescentes e seguir ocupando os espa\u00e7os com responsabilidade e determina\u00e7\u00e3o\u201d, declarou.<\/p>\n\n\n\n<p>A pastora Selma Castro apresentou a\u00e7\u00f5es desenvolvidas no distrito de S\u00e3o Vicente, incluindo trabalhos voltados a fam\u00edlias de localidades como Barro Vermelho. J\u00e1 a empreendedora Ione Menezes relembrou a trajet\u00f3ria no setor de produ\u00e7\u00e3o de alimentos e destacou a import\u00e2ncia do conhecimento transmitido entre gera\u00e7\u00f5es. \u201cTenho muito orgulho da minha hist\u00f3ria e da minha m\u00e3e, que me ensinou a ser quem eu sou hoje. Sou mulher da ro\u00e7a e tenho orgulho do meu trabalho\u201d, disse.<\/p>\n\n\n\n<p>Tamb\u00e9m presente no encontro, Gracinha Marchon falou sobre a experi\u00eancia profissional e o trabalho voltado ao p\u00fablico da terceira idade. \u201cComecei a trabalhar com 18 anos e sou muito feliz por hoje estar \u00e0 frente de um trabalho voltado para a terceira idade. A maturidade que vem com o tempo traz muitos aprendizados\u201d, afirmou.<\/p>\n\n\n\n<p>Durante o debate, Marizete Ramos abordou iniciativas de prote\u00e7\u00e3o \u00e0s mulheres e mencionou legisla\u00e7\u00f5es como a Lei Maria da Penha e a lei que tipifica o feminic\u00eddio. Ela tamb\u00e9m citou a atua\u00e7\u00e3o do Centro de Refer\u00eancia de Atendimento \u00e0 Mulher no munic\u00edpio e o funcionamento da viatura da Lei Maria da Penha, que atua 24 horas.<\/p>\n\n\n\n<p>A deputada estadual Francine Motta tamb\u00e9m participou da atividade e falou sobre a import\u00e2ncia da presen\u00e7a feminina em espa\u00e7os de decis\u00e3o e representa\u00e7\u00e3o pol\u00edtica.<\/p>\n\n\n\n<p>Ao final da roda de conversa, as convidadas foram homenageadas com certificados e flores.&nbsp;&nbsp;&nbsp;&nbsp;&nbsp;&nbsp;&nbsp;<\/p>\n","protected":false},"excerpt":{"rendered":"<p>A Pra\u00e7a Ant\u00f4nio Raposo, no Centro de Araruama, foi palco na noite desta segunda-feira (9) do encontro \u201cPara Voc\u00ea, Mulher\u201d, iniciativa que reuniu moradoras para discutir temas ligados ao protagonismo feminino, desafios sociais e ocupa\u00e7\u00e3o de espa\u00e7os por mulheres em diferentes \u00e1reas da sociedade. Na segunda parte da programa\u00e7\u00e3o, a sex\u00f3loga Yeda Portela conduziu uma [&hellip;]<\/p>\n","protected":false},"author":2,"featured_media":33833,"comment_status":"open","ping_status":"closed","sticky":false,"template":"","format":"standard","meta":{"footnotes":""},"categories":[113],"tags":[],"class_list":["post-33832","post","type-post","status-publish","format-standard","has-post-thumbnail","hentry","category-araruama"],"yoast_head":"<!-- This site is optimized with the Yoast SEO plugin v26.5 - https:\/\/yoast.com\/wordpress\/plugins\/seo\/ -->\n<title>Araruama realiza evento com palestras e relatos de mulheres sobre pol\u00edtica, empreendedorismo e direitos - Rota Rio<\/title>\n<meta name=\"robots\" content=\"index, follow, max-snippet:-1, max-image-preview:large, max-video-preview:-1\" \/>\n<link rel=\"canonical\" href=\"https:\/\/rotario.com.br\/site\/araruama-realiza-evento-com-palestras-e-relatos-de-mulheres-sobre-politica-empreendedorismo-e-direitos\/\" \/>\n<meta property=\"og:locale\" content=\"pt_BR\" \/>\n<meta property=\"og:type\" content=\"article\" \/>\n<meta property=\"og:title\" content=\"Araruama realiza evento com palestras e relatos de mulheres sobre pol\u00edtica, empreendedorismo e direitos - Rota Rio\" \/>\n<meta property=\"og:description\" content=\"A Pra\u00e7a Ant\u00f4nio Raposo, no Centro de Araruama, foi palco na noite desta segunda-feira (9) do encontro \u201cPara Voc\u00ea, Mulher\u201d, iniciativa que reuniu moradoras para discutir temas ligados ao protagonismo feminino, desafios sociais e ocupa\u00e7\u00e3o de espa\u00e7os por mulheres em diferentes \u00e1reas da sociedade. Na segunda parte da programa\u00e7\u00e3o, a sex\u00f3loga Yeda Portela conduziu uma [&hellip;]\" \/>\n<meta property=\"og:url\" content=\"https:\/\/rotario.com.br\/site\/araruama-realiza-evento-com-palestras-e-relatos-de-mulheres-sobre-politica-empreendedorismo-e-direitos\/\" \/>\n<meta property=\"og:site_name\" content=\"Rota Rio\" \/>\n<meta property=\"article:published_time\" content=\"2026-03-10T18:42:13+00:00\" \/>\n<meta property=\"article:modified_time\" content=\"2026-03-10T18:42:19+00:00\" \/>\n<meta property=\"og:image\" content=\"https:\/\/rotario.com.br\/site\/wp-content\/uploads\/2026\/03\/WhatsApp-Image-2026-03-10-at-15.13.36.jpeg\" \/>\n\t<meta property=\"og:image:width\" content=\"1012\" \/>\n\t<meta property=\"og:image:height\" content=\"687\" \/>\n\t<meta property=\"og:image:type\" content=\"image\/jpeg\" \/>\n<meta name=\"author\" content=\"Galv\u00e3o\" \/>\n<meta name=\"twitter:card\" content=\"summary_large_image\" \/>\n<meta name=\"twitter:label1\" content=\"Escrito por\" \/>\n\t<meta name=\"twitter:data1\" content=\"Galv\u00e3o\" \/>\n\t<meta name=\"twitter:label2\" content=\"Est. tempo de leitura\" \/>\n\t<meta name=\"twitter:data2\" content=\"4 minutos\" \/>\n<script type=\"application\/ld+json\" class=\"yoast-schema-graph\">{\"@context\":\"https:\/\/schema.org\",\"@graph\":[{\"@type\":\"Article\",\"@id\":\"https:\/\/rotario.com.br\/site\/araruama-realiza-evento-com-palestras-e-relatos-de-mulheres-sobre-politica-empreendedorismo-e-direitos\/#article\",\"isPartOf\":{\"@id\":\"https:\/\/rotario.com.br\/site\/araruama-realiza-evento-com-palestras-e-relatos-de-mulheres-sobre-politica-empreendedorismo-e-direitos\/\"},\"author\":{\"name\":\"Galv\u00e3o\",\"@id\":\"https:\/\/rotario.com.br\/site\/#\/schema\/person\/fd89bbbf4136f7e8a21e0dd67b8a66c7\"},\"headline\":\"Araruama realiza evento com palestras e relatos de mulheres sobre pol\u00edtica, empreendedorismo e direitos\",\"datePublished\":\"2026-03-10T18:42:13+00:00\",\"dateModified\":\"2026-03-10T18:42:19+00:00\",\"mainEntityOfPage\":{\"@id\":\"https:\/\/rotario.com.br\/site\/araruama-realiza-evento-com-palestras-e-relatos-de-mulheres-sobre-politica-empreendedorismo-e-direitos\/\"},\"wordCount\":587,\"commentCount\":0,\"publisher\":{\"@id\":\"https:\/\/rotario.com.br\/site\/#organization\"},\"image\":{\"@id\":\"https:\/\/rotario.com.br\/site\/araruama-realiza-evento-com-palestras-e-relatos-de-mulheres-sobre-politica-empreendedorismo-e-direitos\/#primaryimage\"},\"thumbnailUrl\":\"https:\/\/rotario.com.br\/site\/wp-content\/uploads\/2026\/03\/WhatsApp-Image-2026-03-10-at-15.13.36.jpeg\",\"articleSection\":[\"Araruama\"],\"inLanguage\":\"pt-BR\",\"potentialAction\":[{\"@type\":\"CommentAction\",\"name\":\"Comment\",\"target\":[\"https:\/\/rotario.com.br\/site\/araruama-realiza-evento-com-palestras-e-relatos-de-mulheres-sobre-politica-empreendedorismo-e-direitos\/#respond\"]}]},{\"@type\":\"WebPage\",\"@id\":\"https:\/\/rotario.com.br\/site\/araruama-realiza-evento-com-palestras-e-relatos-de-mulheres-sobre-politica-empreendedorismo-e-direitos\/\",\"url\":\"https:\/\/rotario.com.br\/site\/araruama-realiza-evento-com-palestras-e-relatos-de-mulheres-sobre-politica-empreendedorismo-e-direitos\/\",\"name\":\"Araruama realiza evento com palestras e relatos de mulheres sobre pol\u00edtica, empreendedorismo e direitos - Rota Rio\",\"isPartOf\":{\"@id\":\"https:\/\/rotario.com.br\/site\/#website\"},\"primaryImageOfPage\":{\"@id\":\"https:\/\/rotario.com.br\/site\/araruama-realiza-evento-com-palestras-e-relatos-de-mulheres-sobre-politica-empreendedorismo-e-direitos\/#primaryimage\"},\"image\":{\"@id\":\"https:\/\/rotario.com.br\/site\/araruama-realiza-evento-com-palestras-e-relatos-de-mulheres-sobre-politica-empreendedorismo-e-direitos\/#primaryimage\"},\"thumbnailUrl\":\"https:\/\/rotario.com.br\/site\/wp-content\/uploads\/2026\/03\/WhatsApp-Image-2026-03-10-at-15.13.36.jpeg\",\"datePublished\":\"2026-03-10T18:42:13+00:00\",\"dateModified\":\"2026-03-10T18:42:19+00:00\",\"breadcrumb\":{\"@id\":\"https:\/\/rotario.com.br\/site\/araruama-realiza-evento-com-palestras-e-relatos-de-mulheres-sobre-politica-empreendedorismo-e-direitos\/#breadcrumb\"},\"inLanguage\":\"pt-BR\",\"potentialAction\":[{\"@type\":\"ReadAction\",\"target\":[\"https:\/\/rotario.com.br\/site\/araruama-realiza-evento-com-palestras-e-relatos-de-mulheres-sobre-politica-empreendedorismo-e-direitos\/\"]}]},{\"@type\":\"ImageObject\",\"inLanguage\":\"pt-BR\",\"@id\":\"https:\/\/rotario.com.br\/site\/araruama-realiza-evento-com-palestras-e-relatos-de-mulheres-sobre-politica-empreendedorismo-e-direitos\/#primaryimage\",\"url\":\"https:\/\/rotario.com.br\/site\/wp-content\/uploads\/2026\/03\/WhatsApp-Image-2026-03-10-at-15.13.36.jpeg\",\"contentUrl\":\"https:\/\/rotario.com.br\/site\/wp-content\/uploads\/2026\/03\/WhatsApp-Image-2026-03-10-at-15.13.36.jpeg\",\"width\":1012,\"height\":687},{\"@type\":\"BreadcrumbList\",\"@id\":\"https:\/\/rotario.com.br\/site\/araruama-realiza-evento-com-palestras-e-relatos-de-mulheres-sobre-politica-empreendedorismo-e-direitos\/#breadcrumb\",\"itemListElement\":[{\"@type\":\"ListItem\",\"position\":1,\"name\":\"In\u00edcio\",\"item\":\"https:\/\/rotario.com.br\/site\/\"},{\"@type\":\"ListItem\",\"position\":2,\"name\":\"Araruama realiza evento com palestras e relatos de mulheres sobre pol\u00edtica, empreendedorismo e direitos\"}]},{\"@type\":\"WebSite\",\"@id\":\"https:\/\/rotario.com.br\/site\/#website\",\"url\":\"https:\/\/rotario.com.br\/site\/\",\"name\":\"Rota Rio\",\"description\":\"Aqui, o Rio de Janeiro \u00e9 a pauta!\",\"publisher\":{\"@id\":\"https:\/\/rotario.com.br\/site\/#organization\"},\"potentialAction\":[{\"@type\":\"SearchAction\",\"target\":{\"@type\":\"EntryPoint\",\"urlTemplate\":\"https:\/\/rotario.com.br\/site\/?s={search_term_string}\"},\"query-input\":{\"@type\":\"PropertyValueSpecification\",\"valueRequired\":true,\"valueName\":\"search_term_string\"}}],\"inLanguage\":\"pt-BR\"},{\"@type\":\"Organization\",\"@id\":\"https:\/\/rotario.com.br\/site\/#organization\",\"name\":\"Rota Rio\",\"url\":\"https:\/\/rotario.com.br\/site\/\",\"logo\":{\"@type\":\"ImageObject\",\"inLanguage\":\"pt-BR\",\"@id\":\"https:\/\/rotario.com.br\/site\/#\/schema\/logo\/image\/\",\"url\":\"https:\/\/rotario.com.br\/site\/wp-content\/uploads\/2022\/04\/cropped-ROTARIO-LOGO-Prancheta-1-1-2048x654-1.png\",\"contentUrl\":\"https:\/\/rotario.com.br\/site\/wp-content\/uploads\/2022\/04\/cropped-ROTARIO-LOGO-Prancheta-1-1-2048x654-1.png\",\"width\":2048,\"height\":654,\"caption\":\"Rota Rio\"},\"image\":{\"@id\":\"https:\/\/rotario.com.br\/site\/#\/schema\/logo\/image\/\"}},{\"@type\":\"Person\",\"@id\":\"https:\/\/rotario.com.br\/site\/#\/schema\/person\/fd89bbbf4136f7e8a21e0dd67b8a66c7\",\"name\":\"Galv\u00e3o\",\"url\":\"https:\/\/rotario.com.br\/site\/author\/daniel\/\"}]}<\/script>\n<!-- \/ Yoast SEO plugin. -->","yoast_head_json":{"title":"Araruama realiza evento com palestras e relatos de mulheres sobre pol\u00edtica, empreendedorismo e direitos - Rota Rio","robots":{"index":"index","follow":"follow","max-snippet":"max-snippet:-1","max-image-preview":"max-image-preview:large","max-video-preview":"max-video-preview:-1"},"canonical":"https:\/\/rotario.com.br\/site\/araruama-realiza-evento-com-palestras-e-relatos-de-mulheres-sobre-politica-empreendedorismo-e-direitos\/","og_locale":"pt_BR","og_type":"article","og_title":"Araruama realiza evento com palestras e relatos de mulheres sobre pol\u00edtica, empreendedorismo e direitos - Rota Rio","og_description":"A Pra\u00e7a Ant\u00f4nio Raposo, no Centro de Araruama, foi palco na noite desta segunda-feira (9) do encontro \u201cPara Voc\u00ea, Mulher\u201d, iniciativa que reuniu moradoras para discutir temas ligados ao protagonismo feminino, desafios sociais e ocupa\u00e7\u00e3o de espa\u00e7os por mulheres em diferentes \u00e1reas da sociedade. Na segunda parte da programa\u00e7\u00e3o, a sex\u00f3loga Yeda Portela conduziu uma [&hellip;]","og_url":"https:\/\/rotario.com.br\/site\/araruama-realiza-evento-com-palestras-e-relatos-de-mulheres-sobre-politica-empreendedorismo-e-direitos\/","og_site_name":"Rota Rio","article_published_time":"2026-03-10T18:42:13+00:00","article_modified_time":"2026-03-10T18:42:19+00:00","og_image":[{"width":1012,"height":687,"url":"https:\/\/rotario.com.br\/site\/wp-content\/uploads\/2026\/03\/WhatsApp-Image-2026-03-10-at-15.13.36.jpeg","type":"image\/jpeg"}],"author":"Galv\u00e3o","twitter_card":"summary_large_image","twitter_misc":{"Escrito por":"Galv\u00e3o","Est. tempo de leitura":"4 minutos"},"schema":{"@context":"https:\/\/schema.org","@graph":[{"@type":"Article","@id":"https:\/\/rotario.com.br\/site\/araruama-realiza-evento-com-palestras-e-relatos-de-mulheres-sobre-politica-empreendedorismo-e-direitos\/#article","isPartOf":{"@id":"https:\/\/rotario.com.br\/site\/araruama-realiza-evento-com-palestras-e-relatos-de-mulheres-sobre-politica-empreendedorismo-e-direitos\/"},"author":{"name":"Galv\u00e3o","@id":"https:\/\/rotario.com.br\/site\/#\/schema\/person\/fd89bbbf4136f7e8a21e0dd67b8a66c7"},"headline":"Araruama realiza evento com palestras e relatos de mulheres sobre pol\u00edtica, empreendedorismo e direitos","datePublished":"2026-03-10T18:42:13+00:00","dateModified":"2026-03-10T18:42:19+00:00","mainEntityOfPage":{"@id":"https:\/\/rotario.com.br\/site\/araruama-realiza-evento-com-palestras-e-relatos-de-mulheres-sobre-politica-empreendedorismo-e-direitos\/"},"wordCount":587,"commentCount":0,"publisher":{"@id":"https:\/\/rotario.com.br\/site\/#organization"},"image":{"@id":"https:\/\/rotario.com.br\/site\/araruama-realiza-evento-com-palestras-e-relatos-de-mulheres-sobre-politica-empreendedorismo-e-direitos\/#primaryimage"},"thumbnailUrl":"https:\/\/rotario.com.br\/site\/wp-content\/uploads\/2026\/03\/WhatsApp-Image-2026-03-10-at-15.13.36.jpeg","articleSection":["Araruama"],"inLanguage":"pt-BR","potentialAction":[{"@type":"CommentAction","name":"Comment","target":["https:\/\/rotario.com.br\/site\/araruama-realiza-evento-com-palestras-e-relatos-de-mulheres-sobre-politica-empreendedorismo-e-direitos\/#respond"]}]},{"@type":"WebPage","@id":"https:\/\/rotario.com.br\/site\/araruama-realiza-evento-com-palestras-e-relatos-de-mulheres-sobre-politica-empreendedorismo-e-direitos\/","url":"https:\/\/rotario.com.br\/site\/araruama-realiza-evento-com-palestras-e-relatos-de-mulheres-sobre-politica-empreendedorismo-e-direitos\/","name":"Araruama realiza evento com palestras e relatos de mulheres sobre pol\u00edtica, empreendedorismo e direitos - Rota Rio","isPartOf":{"@id":"https:\/\/rotario.com.br\/site\/#website"},"primaryImageOfPage":{"@id":"https:\/\/rotario.com.br\/site\/araruama-realiza-evento-com-palestras-e-relatos-de-mulheres-sobre-politica-empreendedorismo-e-direitos\/#primaryimage"},"image":{"@id":"https:\/\/rotario.com.br\/site\/araruama-realiza-evento-com-palestras-e-relatos-de-mulheres-sobre-politica-empreendedorismo-e-direitos\/#primaryimage"},"thumbnailUrl":"https:\/\/rotario.com.br\/site\/wp-content\/uploads\/2026\/03\/WhatsApp-Image-2026-03-10-at-15.13.36.jpeg","datePublished":"2026-03-10T18:42:13+00:00","dateModified":"2026-03-10T18:42:19+00:00","breadcrumb":{"@id":"https:\/\/rotario.com.br\/site\/araruama-realiza-evento-com-palestras-e-relatos-de-mulheres-sobre-politica-empreendedorismo-e-direitos\/#breadcrumb"},"inLanguage":"pt-BR","potentialAction":[{"@type":"ReadAction","target":["https:\/\/rotario.com.br\/site\/araruama-realiza-evento-com-palestras-e-relatos-de-mulheres-sobre-politica-empreendedorismo-e-direitos\/"]}]},{"@type":"ImageObject","inLanguage":"pt-BR","@id":"https:\/\/rotario.com.br\/site\/araruama-realiza-evento-com-palestras-e-relatos-de-mulheres-sobre-politica-empreendedorismo-e-direitos\/#primaryimage","url":"https:\/\/rotario.com.br\/site\/wp-content\/uploads\/2026\/03\/WhatsApp-Image-2026-03-10-at-15.13.36.jpeg","contentUrl":"https:\/\/rotario.com.br\/site\/wp-content\/uploads\/2026\/03\/WhatsApp-Image-2026-03-10-at-15.13.36.jpeg","width":1012,"height":687},{"@type":"BreadcrumbList","@id":"https:\/\/rotario.com.br\/site\/araruama-realiza-evento-com-palestras-e-relatos-de-mulheres-sobre-politica-empreendedorismo-e-direitos\/#breadcrumb","itemListElement":[{"@type":"ListItem","position":1,"name":"In\u00edcio","item":"https:\/\/rotario.com.br\/site\/"},{"@type":"ListItem","position":2,"name":"Araruama realiza evento com palestras e relatos de mulheres sobre pol\u00edtica, empreendedorismo e direitos"}]},{"@type":"WebSite","@id":"https:\/\/rotario.com.br\/site\/#website","url":"https:\/\/rotario.com.br\/site\/","name":"Rota Rio","description":"Aqui, o Rio de Janeiro \u00e9 a pauta!","publisher":{"@id":"https:\/\/rotario.com.br\/site\/#organization"},"potentialAction":[{"@type":"SearchAction","target":{"@type":"EntryPoint","urlTemplate":"https:\/\/rotario.com.br\/site\/?s={search_term_string}"},"query-input":{"@type":"PropertyValueSpecification","valueRequired":true,"valueName":"search_term_string"}}],"inLanguage":"pt-BR"},{"@type":"Organization","@id":"https:\/\/rotario.com.br\/site\/#organization","name":"Rota Rio","url":"https:\/\/rotario.com.br\/site\/","logo":{"@type":"ImageObject","inLanguage":"pt-BR","@id":"https:\/\/rotario.com.br\/site\/#\/schema\/logo\/image\/","url":"https:\/\/rotario.com.br\/site\/wp-content\/uploads\/2022\/04\/cropped-ROTARIO-LOGO-Prancheta-1-1-2048x654-1.png","contentUrl":"https:\/\/rotario.com.br\/site\/wp-content\/uploads\/2022\/04\/cropped-ROTARIO-LOGO-Prancheta-1-1-2048x654-1.png","width":2048,"height":654,"caption":"Rota Rio"},"image":{"@id":"https:\/\/rotario.com.br\/site\/#\/schema\/logo\/image\/"}},{"@type":"Person","@id":"https:\/\/rotario.com.br\/site\/#\/schema\/person\/fd89bbbf4136f7e8a21e0dd67b8a66c7","name":"Galv\u00e3o","url":"https:\/\/rotario.com.br\/site\/author\/daniel\/"}]}},"_links":{"self":[{"href":"https:\/\/rotario.com.br\/site\/wp-json\/wp\/v2\/posts\/33832","targetHints":{"allow":["GET"]}}],"collection":[{"href":"https:\/\/rotario.com.br\/site\/wp-json\/wp\/v2\/posts"}],"about":[{"href":"https:\/\/rotario.com.br\/site\/wp-json\/wp\/v2\/types\/post"}],"author":[{"embeddable":true,"href":"https:\/\/rotario.com.br\/site\/wp-json\/wp\/v2\/users\/2"}],"replies":[{"embeddable":true,"href":"https:\/\/rotario.com.br\/site\/wp-json\/wp\/v2\/comments?post=33832"}],"version-history":[{"count":1,"href":"https:\/\/rotario.com.br\/site\/wp-json\/wp\/v2\/posts\/33832\/revisions"}],"predecessor-version":[{"id":33834,"href":"https:\/\/rotario.com.br\/site\/wp-json\/wp\/v2\/posts\/33832\/revisions\/33834"}],"wp:featuredmedia":[{"embeddable":true,"href":"https:\/\/rotario.com.br\/site\/wp-json\/wp\/v2\/media\/33833"}],"wp:attachment":[{"href":"https:\/\/rotario.com.br\/site\/wp-json\/wp\/v2\/media?parent=33832"}],"wp:term":[{"taxonomy":"category","embeddable":true,"href":"https:\/\/rotario.com.br\/site\/wp-json\/wp\/v2\/categories?post=33832"},{"taxonomy":"post_tag","embeddable":true,"href":"https:\/\/rotario.com.br\/site\/wp-json\/wp\/v2\/tags?post=33832"}],"curies":[{"name":"wp","href":"https:\/\/api.w.org\/{rel}","templated":true}]}}