{"id":33835,"date":"2026-03-10T15:51:12","date_gmt":"2026-03-10T18:51:12","guid":{"rendered":"https:\/\/rotario.com.br\/site\/?p=33835"},"modified":"2026-03-10T15:51:40","modified_gmt":"2026-03-10T18:51:40","slug":"relatorio-da-saude-mostra-reducao-de-obitos-infantis-e-aumento-de-investimentos-em-cabo-frio","status":"publish","type":"post","link":"https:\/\/rotario.com.br\/site\/relatorio-da-saude-mostra-reducao-de-obitos-infantis-e-aumento-de-investimentos-em-cabo-frio\/","title":{"rendered":"Relat\u00f3rio da sa\u00fade mostra redu\u00e7\u00e3o de \u00f3bitos infantis e aumento de investimentos em Cabo Frio"},"content":{"rendered":"\n<p>O munic\u00edpio de Cabo Frio encerrou o ano de 2025 com uma redu\u00e7\u00e3o de 33,9% na taxa de mortalidade infantil em compara\u00e7\u00e3o com 2024. O dado faz parte do 3\u00ba Relat\u00f3rio Detalhado do Quadrimestre Anterior, apresentado em audi\u00eancia p\u00fablica na C\u00e2mara Municipal, que re\u00fane indicadores sobre as a\u00e7\u00f5es e resultados da rede municipal de sa\u00fade.<\/p>\n\n\n\n<p>Outro \u00edndice relevante registrado no per\u00edodo foi a diminui\u00e7\u00e3o de 35,7% no n\u00famero absoluto de mortes de crian\u00e7as com at\u00e9 um ano de idade. Os n\u00fameros refletem, principalmente, melhorias nas estrat\u00e9gias de acompanhamento pr\u00e9-natal e na assist\u00eancia oferecida \u00e0s gestantes no munic\u00edpio.<\/p>\n\n\n\n<p>De acordo com o relat\u00f3rio, tamb\u00e9m houve queda de 5,5% nos registros de morbidade hospitalar em compara\u00e7\u00e3o ao ano anterior, apontando uma redu\u00e7\u00e3o geral nas interna\u00e7\u00f5es por diversas causas.<\/p>\n\n\n\n<p>Entre os indicadores que apresentaram crescimento, destaca-se a realiza\u00e7\u00e3o de exames. O total de procedimentos diagn\u00f3sticos teve aumento de 114,32% ao longo de 2025, ampliando a capacidade de diagn\u00f3stico da rede municipal, reduzindo filas de espera e contribuindo para a continuidade de tratamentos.<\/p>\n\n\n\n<p>O documento tamb\u00e9m aponta amplia\u00e7\u00e3o dos investimentos p\u00fablicos no setor. No primeiro ano da atual gest\u00e3o, a aplica\u00e7\u00e3o de recursos na sa\u00fade chegou a 24,71% da receita municipal, percentual quase dez pontos percentuais acima do m\u00ednimo constitucional, que estabelece a obrigatoriedade de investimento de 15% da arrecada\u00e7\u00e3o.<\/p>\n\n\n\n<p>\u201cEsses resultados muito nos animam a continuar o trabalho que estamos fazendo, embora ainda seja apenas o primeiro ano da gest\u00e3o. Os desafios s\u00e3o enormes, mas conto com uma equipe t\u00e9cnica e, sobretudo, que gosta de pessoas. Isso \u00e9 fundamental para seguirmos avan\u00e7ando, pois ainda h\u00e1 muito a ser feito\u201d, afirmou a secret\u00e1ria de Sa\u00fade, Beatriz Trindade.<\/p>\n\n\n\n<p>Na Aten\u00e7\u00e3o B\u00e1sica, os dados tamb\u00e9m mostram crescimento no volume de atendimentos realizados ao longo do ano. Foram registrados 182.277 atendimentos individuais, al\u00e9m de 15.905 atendimentos odontol\u00f3gicos, 272.399 procedimentos e 355.465 visitas domiciliares feitas pelas equipes de sa\u00fade.<\/p>\n\n\n\n<p>\u201cO investimento na Aten\u00e7\u00e3o Prim\u00e1ria \u00e9 um grande acerto estrat\u00e9gico dessa gest\u00e3o, pois refor\u00e7a a cultura de preven\u00e7\u00e3o, reduzindo a press\u00e3o nas unidades de emerg\u00eancia e, consequentemente, o n\u00famero de interna\u00e7\u00f5es\u201d, destacou a secret\u00e1ria adjunta de Vigil\u00e2ncia em Sa\u00fade e Aten\u00e7\u00e3o B\u00e1sica, Sandra Rabelo.&nbsp;&nbsp;&nbsp;&nbsp;<\/p>\n","protected":false},"excerpt":{"rendered":"<p>O munic\u00edpio de Cabo Frio encerrou o ano de 2025 com uma redu\u00e7\u00e3o de 33,9% na taxa de mortalidade infantil em compara\u00e7\u00e3o com 2024. O dado faz parte do 3\u00ba Relat\u00f3rio Detalhado do Quadrimestre Anterior, apresentado em audi\u00eancia p\u00fablica na C\u00e2mara Municipal, que re\u00fane indicadores sobre as a\u00e7\u00f5es e resultados da rede municipal de sa\u00fade. [&hellip;]<\/p>\n","protected":false},"author":2,"featured_media":33836,"comment_status":"open","ping_status":"closed","sticky":false,"template":"","format":"standard","meta":{"footnotes":""},"categories":[115],"tags":[],"class_list":["post-33835","post","type-post","status-publish","format-standard","has-post-thumbnail","hentry","category-cabo-frio-costa-do-sol"],"yoast_head":"<!-- This site is optimized with the Yoast SEO plugin v26.5 - https:\/\/yoast.com\/wordpress\/plugins\/seo\/ -->\n<title>Relat\u00f3rio da sa\u00fade mostra redu\u00e7\u00e3o de \u00f3bitos infantis e aumento de investimentos em Cabo Frio - Rota Rio<\/title>\n<meta name=\"robots\" content=\"index, follow, max-snippet:-1, max-image-preview:large, max-video-preview:-1\" \/>\n<link rel=\"canonical\" href=\"https:\/\/rotario.com.br\/site\/relatorio-da-saude-mostra-reducao-de-obitos-infantis-e-aumento-de-investimentos-em-cabo-frio\/\" \/>\n<meta property=\"og:locale\" content=\"pt_BR\" \/>\n<meta property=\"og:type\" content=\"article\" \/>\n<meta property=\"og:title\" content=\"Relat\u00f3rio da sa\u00fade mostra redu\u00e7\u00e3o de \u00f3bitos infantis e aumento de investimentos em Cabo Frio - Rota Rio\" \/>\n<meta property=\"og:description\" content=\"O munic\u00edpio de Cabo Frio encerrou o ano de 2025 com uma redu\u00e7\u00e3o de 33,9% na taxa de mortalidade infantil em compara\u00e7\u00e3o com 2024. O dado faz parte do 3\u00ba Relat\u00f3rio Detalhado do Quadrimestre Anterior, apresentado em audi\u00eancia p\u00fablica na C\u00e2mara Municipal, que re\u00fane indicadores sobre as a\u00e7\u00f5es e resultados da rede municipal de sa\u00fade. [&hellip;]\" \/>\n<meta property=\"og:url\" content=\"https:\/\/rotario.com.br\/site\/relatorio-da-saude-mostra-reducao-de-obitos-infantis-e-aumento-de-investimentos-em-cabo-frio\/\" \/>\n<meta property=\"og:site_name\" content=\"Rota Rio\" \/>\n<meta property=\"article:published_time\" content=\"2026-03-10T18:51:12+00:00\" \/>\n<meta property=\"article:modified_time\" content=\"2026-03-10T18:51:40+00:00\" \/>\n<meta property=\"og:image\" content=\"https:\/\/rotario.com.br\/site\/wp-content\/uploads\/2026\/03\/WhatsApp-Image-2026-03-10-at-15.17.03.jpeg\" \/>\n\t<meta property=\"og:image:width\" content=\"1012\" \/>\n\t<meta property=\"og:image:height\" content=\"687\" \/>\n\t<meta property=\"og:image:type\" content=\"image\/jpeg\" \/>\n<meta name=\"author\" content=\"Galv\u00e3o\" \/>\n<meta name=\"twitter:card\" content=\"summary_large_image\" \/>\n<meta name=\"twitter:label1\" content=\"Escrito por\" \/>\n\t<meta name=\"twitter:data1\" content=\"Galv\u00e3o\" \/>\n\t<meta name=\"twitter:label2\" content=\"Est. tempo de leitura\" \/>\n\t<meta name=\"twitter:data2\" content=\"3 minutos\" \/>\n<script type=\"application\/ld+json\" class=\"yoast-schema-graph\">{\"@context\":\"https:\/\/schema.org\",\"@graph\":[{\"@type\":\"Article\",\"@id\":\"https:\/\/rotario.com.br\/site\/relatorio-da-saude-mostra-reducao-de-obitos-infantis-e-aumento-de-investimentos-em-cabo-frio\/#article\",\"isPartOf\":{\"@id\":\"https:\/\/rotario.com.br\/site\/relatorio-da-saude-mostra-reducao-de-obitos-infantis-e-aumento-de-investimentos-em-cabo-frio\/\"},\"author\":{\"name\":\"Galv\u00e3o\",\"@id\":\"https:\/\/rotario.com.br\/site\/#\/schema\/person\/fd89bbbf4136f7e8a21e0dd67b8a66c7\"},\"headline\":\"Relat\u00f3rio da sa\u00fade mostra redu\u00e7\u00e3o de \u00f3bitos infantis e aumento de investimentos em Cabo Frio\",\"datePublished\":\"2026-03-10T18:51:12+00:00\",\"dateModified\":\"2026-03-10T18:51:40+00:00\",\"mainEntityOfPage\":{\"@id\":\"https:\/\/rotario.com.br\/site\/relatorio-da-saude-mostra-reducao-de-obitos-infantis-e-aumento-de-investimentos-em-cabo-frio\/\"},\"wordCount\":423,\"commentCount\":0,\"publisher\":{\"@id\":\"https:\/\/rotario.com.br\/site\/#organization\"},\"image\":{\"@id\":\"https:\/\/rotario.com.br\/site\/relatorio-da-saude-mostra-reducao-de-obitos-infantis-e-aumento-de-investimentos-em-cabo-frio\/#primaryimage\"},\"thumbnailUrl\":\"https:\/\/rotario.com.br\/site\/wp-content\/uploads\/2026\/03\/WhatsApp-Image-2026-03-10-at-15.17.03.jpeg\",\"articleSection\":[\"Cabo Frio\"],\"inLanguage\":\"pt-BR\",\"potentialAction\":[{\"@type\":\"CommentAction\",\"name\":\"Comment\",\"target\":[\"https:\/\/rotario.com.br\/site\/relatorio-da-saude-mostra-reducao-de-obitos-infantis-e-aumento-de-investimentos-em-cabo-frio\/#respond\"]}]},{\"@type\":\"WebPage\",\"@id\":\"https:\/\/rotario.com.br\/site\/relatorio-da-saude-mostra-reducao-de-obitos-infantis-e-aumento-de-investimentos-em-cabo-frio\/\",\"url\":\"https:\/\/rotario.com.br\/site\/relatorio-da-saude-mostra-reducao-de-obitos-infantis-e-aumento-de-investimentos-em-cabo-frio\/\",\"name\":\"Relat\u00f3rio da sa\u00fade mostra redu\u00e7\u00e3o de \u00f3bitos infantis e aumento de investimentos em Cabo Frio - Rota Rio\",\"isPartOf\":{\"@id\":\"https:\/\/rotario.com.br\/site\/#website\"},\"primaryImageOfPage\":{\"@id\":\"https:\/\/rotario.com.br\/site\/relatorio-da-saude-mostra-reducao-de-obitos-infantis-e-aumento-de-investimentos-em-cabo-frio\/#primaryimage\"},\"image\":{\"@id\":\"https:\/\/rotario.com.br\/site\/relatorio-da-saude-mostra-reducao-de-obitos-infantis-e-aumento-de-investimentos-em-cabo-frio\/#primaryimage\"},\"thumbnailUrl\":\"https:\/\/rotario.com.br\/site\/wp-content\/uploads\/2026\/03\/WhatsApp-Image-2026-03-10-at-15.17.03.jpeg\",\"datePublished\":\"2026-03-10T18:51:12+00:00\",\"dateModified\":\"2026-03-10T18:51:40+00:00\",\"breadcrumb\":{\"@id\":\"https:\/\/rotario.com.br\/site\/relatorio-da-saude-mostra-reducao-de-obitos-infantis-e-aumento-de-investimentos-em-cabo-frio\/#breadcrumb\"},\"inLanguage\":\"pt-BR\",\"potentialAction\":[{\"@type\":\"ReadAction\",\"target\":[\"https:\/\/rotario.com.br\/site\/relatorio-da-saude-mostra-reducao-de-obitos-infantis-e-aumento-de-investimentos-em-cabo-frio\/\"]}]},{\"@type\":\"ImageObject\",\"inLanguage\":\"pt-BR\",\"@id\":\"https:\/\/rotario.com.br\/site\/relatorio-da-saude-mostra-reducao-de-obitos-infantis-e-aumento-de-investimentos-em-cabo-frio\/#primaryimage\",\"url\":\"https:\/\/rotario.com.br\/site\/wp-content\/uploads\/2026\/03\/WhatsApp-Image-2026-03-10-at-15.17.03.jpeg\",\"contentUrl\":\"https:\/\/rotario.com.br\/site\/wp-content\/uploads\/2026\/03\/WhatsApp-Image-2026-03-10-at-15.17.03.jpeg\",\"width\":1012,\"height\":687},{\"@type\":\"BreadcrumbList\",\"@id\":\"https:\/\/rotario.com.br\/site\/relatorio-da-saude-mostra-reducao-de-obitos-infantis-e-aumento-de-investimentos-em-cabo-frio\/#breadcrumb\",\"itemListElement\":[{\"@type\":\"ListItem\",\"position\":1,\"name\":\"In\u00edcio\",\"item\":\"https:\/\/rotario.com.br\/site\/\"},{\"@type\":\"ListItem\",\"position\":2,\"name\":\"Relat\u00f3rio da sa\u00fade mostra redu\u00e7\u00e3o de \u00f3bitos infantis e aumento de investimentos em Cabo Frio\"}]},{\"@type\":\"WebSite\",\"@id\":\"https:\/\/rotario.com.br\/site\/#website\",\"url\":\"https:\/\/rotario.com.br\/site\/\",\"name\":\"Rota Rio\",\"description\":\"Aqui, o Rio de Janeiro \u00e9 a pauta!\",\"publisher\":{\"@id\":\"https:\/\/rotario.com.br\/site\/#organization\"},\"potentialAction\":[{\"@type\":\"SearchAction\",\"target\":{\"@type\":\"EntryPoint\",\"urlTemplate\":\"https:\/\/rotario.com.br\/site\/?s={search_term_string}\"},\"query-input\":{\"@type\":\"PropertyValueSpecification\",\"valueRequired\":true,\"valueName\":\"search_term_string\"}}],\"inLanguage\":\"pt-BR\"},{\"@type\":\"Organization\",\"@id\":\"https:\/\/rotario.com.br\/site\/#organization\",\"name\":\"Rota Rio\",\"url\":\"https:\/\/rotario.com.br\/site\/\",\"logo\":{\"@type\":\"ImageObject\",\"inLanguage\":\"pt-BR\",\"@id\":\"https:\/\/rotario.com.br\/site\/#\/schema\/logo\/image\/\",\"url\":\"https:\/\/rotario.com.br\/site\/wp-content\/uploads\/2022\/04\/cropped-ROTARIO-LOGO-Prancheta-1-1-2048x654-1.png\",\"contentUrl\":\"https:\/\/rotario.com.br\/site\/wp-content\/uploads\/2022\/04\/cropped-ROTARIO-LOGO-Prancheta-1-1-2048x654-1.png\",\"width\":2048,\"height\":654,\"caption\":\"Rota Rio\"},\"image\":{\"@id\":\"https:\/\/rotario.com.br\/site\/#\/schema\/logo\/image\/\"}},{\"@type\":\"Person\",\"@id\":\"https:\/\/rotario.com.br\/site\/#\/schema\/person\/fd89bbbf4136f7e8a21e0dd67b8a66c7\",\"name\":\"Galv\u00e3o\",\"url\":\"https:\/\/rotario.com.br\/site\/author\/daniel\/\"}]}<\/script>\n<!-- \/ Yoast SEO plugin. -->","yoast_head_json":{"title":"Relat\u00f3rio da sa\u00fade mostra redu\u00e7\u00e3o de \u00f3bitos infantis e aumento de investimentos em Cabo Frio - Rota Rio","robots":{"index":"index","follow":"follow","max-snippet":"max-snippet:-1","max-image-preview":"max-image-preview:large","max-video-preview":"max-video-preview:-1"},"canonical":"https:\/\/rotario.com.br\/site\/relatorio-da-saude-mostra-reducao-de-obitos-infantis-e-aumento-de-investimentos-em-cabo-frio\/","og_locale":"pt_BR","og_type":"article","og_title":"Relat\u00f3rio da sa\u00fade mostra redu\u00e7\u00e3o de \u00f3bitos infantis e aumento de investimentos em Cabo Frio - Rota Rio","og_description":"O munic\u00edpio de Cabo Frio encerrou o ano de 2025 com uma redu\u00e7\u00e3o de 33,9% na taxa de mortalidade infantil em compara\u00e7\u00e3o com 2024. O dado faz parte do 3\u00ba Relat\u00f3rio Detalhado do Quadrimestre Anterior, apresentado em audi\u00eancia p\u00fablica na C\u00e2mara Municipal, que re\u00fane indicadores sobre as a\u00e7\u00f5es e resultados da rede municipal de sa\u00fade. [&hellip;]","og_url":"https:\/\/rotario.com.br\/site\/relatorio-da-saude-mostra-reducao-de-obitos-infantis-e-aumento-de-investimentos-em-cabo-frio\/","og_site_name":"Rota Rio","article_published_time":"2026-03-10T18:51:12+00:00","article_modified_time":"2026-03-10T18:51:40+00:00","og_image":[{"width":1012,"height":687,"url":"https:\/\/rotario.com.br\/site\/wp-content\/uploads\/2026\/03\/WhatsApp-Image-2026-03-10-at-15.17.03.jpeg","type":"image\/jpeg"}],"author":"Galv\u00e3o","twitter_card":"summary_large_image","twitter_misc":{"Escrito por":"Galv\u00e3o","Est. tempo de leitura":"3 minutos"},"schema":{"@context":"https:\/\/schema.org","@graph":[{"@type":"Article","@id":"https:\/\/rotario.com.br\/site\/relatorio-da-saude-mostra-reducao-de-obitos-infantis-e-aumento-de-investimentos-em-cabo-frio\/#article","isPartOf":{"@id":"https:\/\/rotario.com.br\/site\/relatorio-da-saude-mostra-reducao-de-obitos-infantis-e-aumento-de-investimentos-em-cabo-frio\/"},"author":{"name":"Galv\u00e3o","@id":"https:\/\/rotario.com.br\/site\/#\/schema\/person\/fd89bbbf4136f7e8a21e0dd67b8a66c7"},"headline":"Relat\u00f3rio da sa\u00fade mostra redu\u00e7\u00e3o de \u00f3bitos infantis e aumento de investimentos em Cabo Frio","datePublished":"2026-03-10T18:51:12+00:00","dateModified":"2026-03-10T18:51:40+00:00","mainEntityOfPage":{"@id":"https:\/\/rotario.com.br\/site\/relatorio-da-saude-mostra-reducao-de-obitos-infantis-e-aumento-de-investimentos-em-cabo-frio\/"},"wordCount":423,"commentCount":0,"publisher":{"@id":"https:\/\/rotario.com.br\/site\/#organization"},"image":{"@id":"https:\/\/rotario.com.br\/site\/relatorio-da-saude-mostra-reducao-de-obitos-infantis-e-aumento-de-investimentos-em-cabo-frio\/#primaryimage"},"thumbnailUrl":"https:\/\/rotario.com.br\/site\/wp-content\/uploads\/2026\/03\/WhatsApp-Image-2026-03-10-at-15.17.03.jpeg","articleSection":["Cabo Frio"],"inLanguage":"pt-BR","potentialAction":[{"@type":"CommentAction","name":"Comment","target":["https:\/\/rotario.com.br\/site\/relatorio-da-saude-mostra-reducao-de-obitos-infantis-e-aumento-de-investimentos-em-cabo-frio\/#respond"]}]},{"@type":"WebPage","@id":"https:\/\/rotario.com.br\/site\/relatorio-da-saude-mostra-reducao-de-obitos-infantis-e-aumento-de-investimentos-em-cabo-frio\/","url":"https:\/\/rotario.com.br\/site\/relatorio-da-saude-mostra-reducao-de-obitos-infantis-e-aumento-de-investimentos-em-cabo-frio\/","name":"Relat\u00f3rio da sa\u00fade mostra redu\u00e7\u00e3o de \u00f3bitos infantis e aumento de investimentos em Cabo Frio - Rota Rio","isPartOf":{"@id":"https:\/\/rotario.com.br\/site\/#website"},"primaryImageOfPage":{"@id":"https:\/\/rotario.com.br\/site\/relatorio-da-saude-mostra-reducao-de-obitos-infantis-e-aumento-de-investimentos-em-cabo-frio\/#primaryimage"},"image":{"@id":"https:\/\/rotario.com.br\/site\/relatorio-da-saude-mostra-reducao-de-obitos-infantis-e-aumento-de-investimentos-em-cabo-frio\/#primaryimage"},"thumbnailUrl":"https:\/\/rotario.com.br\/site\/wp-content\/uploads\/2026\/03\/WhatsApp-Image-2026-03-10-at-15.17.03.jpeg","datePublished":"2026-03-10T18:51:12+00:00","dateModified":"2026-03-10T18:51:40+00:00","breadcrumb":{"@id":"https:\/\/rotario.com.br\/site\/relatorio-da-saude-mostra-reducao-de-obitos-infantis-e-aumento-de-investimentos-em-cabo-frio\/#breadcrumb"},"inLanguage":"pt-BR","potentialAction":[{"@type":"ReadAction","target":["https:\/\/rotario.com.br\/site\/relatorio-da-saude-mostra-reducao-de-obitos-infantis-e-aumento-de-investimentos-em-cabo-frio\/"]}]},{"@type":"ImageObject","inLanguage":"pt-BR","@id":"https:\/\/rotario.com.br\/site\/relatorio-da-saude-mostra-reducao-de-obitos-infantis-e-aumento-de-investimentos-em-cabo-frio\/#primaryimage","url":"https:\/\/rotario.com.br\/site\/wp-content\/uploads\/2026\/03\/WhatsApp-Image-2026-03-10-at-15.17.03.jpeg","contentUrl":"https:\/\/rotario.com.br\/site\/wp-content\/uploads\/2026\/03\/WhatsApp-Image-2026-03-10-at-15.17.03.jpeg","width":1012,"height":687},{"@type":"BreadcrumbList","@id":"https:\/\/rotario.com.br\/site\/relatorio-da-saude-mostra-reducao-de-obitos-infantis-e-aumento-de-investimentos-em-cabo-frio\/#breadcrumb","itemListElement":[{"@type":"ListItem","position":1,"name":"In\u00edcio","item":"https:\/\/rotario.com.br\/site\/"},{"@type":"ListItem","position":2,"name":"Relat\u00f3rio da sa\u00fade mostra redu\u00e7\u00e3o de \u00f3bitos infantis e aumento de investimentos em Cabo Frio"}]},{"@type":"WebSite","@id":"https:\/\/rotario.com.br\/site\/#website","url":"https:\/\/rotario.com.br\/site\/","name":"Rota Rio","description":"Aqui, o Rio de Janeiro \u00e9 a pauta!","publisher":{"@id":"https:\/\/rotario.com.br\/site\/#organization"},"potentialAction":[{"@type":"SearchAction","target":{"@type":"EntryPoint","urlTemplate":"https:\/\/rotario.com.br\/site\/?s={search_term_string}"},"query-input":{"@type":"PropertyValueSpecification","valueRequired":true,"valueName":"search_term_string"}}],"inLanguage":"pt-BR"},{"@type":"Organization","@id":"https:\/\/rotario.com.br\/site\/#organization","name":"Rota Rio","url":"https:\/\/rotario.com.br\/site\/","logo":{"@type":"ImageObject","inLanguage":"pt-BR","@id":"https:\/\/rotario.com.br\/site\/#\/schema\/logo\/image\/","url":"https:\/\/rotario.com.br\/site\/wp-content\/uploads\/2022\/04\/cropped-ROTARIO-LOGO-Prancheta-1-1-2048x654-1.png","contentUrl":"https:\/\/rotario.com.br\/site\/wp-content\/uploads\/2022\/04\/cropped-ROTARIO-LOGO-Prancheta-1-1-2048x654-1.png","width":2048,"height":654,"caption":"Rota Rio"},"image":{"@id":"https:\/\/rotario.com.br\/site\/#\/schema\/logo\/image\/"}},{"@type":"Person","@id":"https:\/\/rotario.com.br\/site\/#\/schema\/person\/fd89bbbf4136f7e8a21e0dd67b8a66c7","name":"Galv\u00e3o","url":"https:\/\/rotario.com.br\/site\/author\/daniel\/"}]}},"_links":{"self":[{"href":"https:\/\/rotario.com.br\/site\/wp-json\/wp\/v2\/posts\/33835","targetHints":{"allow":["GET"]}}],"collection":[{"href":"https:\/\/rotario.com.br\/site\/wp-json\/wp\/v2\/posts"}],"about":[{"href":"https:\/\/rotario.com.br\/site\/wp-json\/wp\/v2\/types\/post"}],"author":[{"embeddable":true,"href":"https:\/\/rotario.com.br\/site\/wp-json\/wp\/v2\/users\/2"}],"replies":[{"embeddable":true,"href":"https:\/\/rotario.com.br\/site\/wp-json\/wp\/v2\/comments?post=33835"}],"version-history":[{"count":1,"href":"https:\/\/rotario.com.br\/site\/wp-json\/wp\/v2\/posts\/33835\/revisions"}],"predecessor-version":[{"id":33838,"href":"https:\/\/rotario.com.br\/site\/wp-json\/wp\/v2\/posts\/33835\/revisions\/33838"}],"wp:featuredmedia":[{"embeddable":true,"href":"https:\/\/rotario.com.br\/site\/wp-json\/wp\/v2\/media\/33836"}],"wp:attachment":[{"href":"https:\/\/rotario.com.br\/site\/wp-json\/wp\/v2\/media?parent=33835"}],"wp:term":[{"taxonomy":"category","embeddable":true,"href":"https:\/\/rotario.com.br\/site\/wp-json\/wp\/v2\/categories?post=33835"},{"taxonomy":"post_tag","embeddable":true,"href":"https:\/\/rotario.com.br\/site\/wp-json\/wp\/v2\/tags?post=33835"}],"curies":[{"name":"wp","href":"https:\/\/api.w.org\/{rel}","templated":true}]}}