{"id":33839,"date":"2026-03-10T15:55:36","date_gmt":"2026-03-10T18:55:36","guid":{"rendered":"https:\/\/rotario.com.br\/site\/?p=33839"},"modified":"2026-03-10T15:55:49","modified_gmt":"2026-03-10T18:55:49","slug":"policia-investiga-homicidio-registrado-na-manha-desta-terca-em-sao-pedro-da-aldeia","status":"publish","type":"post","link":"https:\/\/rotario.com.br\/site\/policia-investiga-homicidio-registrado-na-manha-desta-terca-em-sao-pedro-da-aldeia\/","title":{"rendered":"Pol\u00edcia investiga homic\u00eddio registrado na manh\u00e3 desta ter\u00e7a em S\u00e3o Pedro da Aldeia"},"content":{"rendered":"\n<p>Um homem foi assassinado a tiros na manh\u00e3 desta ter\u00e7a-feira (10) no bairro Recanto das Orqu\u00eddeas, em S\u00e3o Pedro da Aldeia. O caso aconteceu na Rua Um, nas proximidades de um pequeno mercado da regi\u00e3o.<\/p>\n\n\n\n<p>Moradores relataram ter ouvido v\u00e1rios disparos de arma de fogo, o que provocou medo entre pessoas que estavam nas redondezas no momento do crime. Ap\u00f3s os tiros, a movimenta\u00e7\u00e3o no local chamou a aten\u00e7\u00e3o de quem vive ou circula pela \u00e1rea.<\/p>\n\n\n\n<p>Equipes da Pol\u00edcia Militar foram acionadas e, ao chegarem ao endere\u00e7o indicado, encontraram a v\u00edtima j\u00e1 sem sinais de vida. A \u00e1rea foi imediatamente isolada para a realiza\u00e7\u00e3o da per\u00edcia t\u00e9cnica.<\/p>\n\n\n\n<p>Depois dos trabalhos periciais, o corpo foi removido e encaminhado para o Instituto M\u00e9dico Legal de Cabo Frio.<\/p>\n\n\n\n<p>O registro da ocorr\u00eancia foi feito na 125\u00aa Delegacia de Pol\u00edcia de S\u00e3o Pedro da Aldeia, unidade que ficar\u00e1 respons\u00e1vel pela investiga\u00e7\u00e3o do caso.<\/p>\n\n\n\n<p>At\u00e9 o momento, n\u00e3o foram divulgadas informa\u00e7\u00f5es sobre a identidade da v\u00edtima, nem sobre poss\u00edveis suspeitos envolvidos no homic\u00eddio. A Pol\u00edcia Civil busca agora identificar testemunhas e verificar imagens de c\u00e2meras de seguran\u00e7a da regi\u00e3o que possam contribuir para esclarecer as circunst\u00e2ncias do crime.<\/p>\n","protected":false},"excerpt":{"rendered":"<p>Um homem foi assassinado a tiros na manh\u00e3 desta ter\u00e7a-feira (10) no bairro Recanto das Orqu\u00eddeas, em S\u00e3o Pedro da Aldeia. O caso aconteceu na Rua Um, nas proximidades de um pequeno mercado da regi\u00e3o. Moradores relataram ter ouvido v\u00e1rios disparos de arma de fogo, o que provocou medo entre pessoas que estavam nas redondezas [&hellip;]<\/p>\n","protected":false},"author":2,"featured_media":33840,"comment_status":"open","ping_status":"closed","sticky":false,"template":"","format":"standard","meta":{"footnotes":""},"categories":[123],"tags":[],"class_list":["post-33839","post","type-post","status-publish","format-standard","has-post-thumbnail","hentry","category-sao-pedro-da-aldeia"],"yoast_head":"<!-- This site is optimized with the Yoast SEO plugin v26.5 - https:\/\/yoast.com\/wordpress\/plugins\/seo\/ -->\n<title>Pol\u00edcia investiga homic\u00eddio registrado na manh\u00e3 desta ter\u00e7a em S\u00e3o Pedro da Aldeia - Rota Rio<\/title>\n<meta name=\"robots\" content=\"index, follow, max-snippet:-1, max-image-preview:large, max-video-preview:-1\" \/>\n<link rel=\"canonical\" href=\"https:\/\/rotario.com.br\/site\/policia-investiga-homicidio-registrado-na-manha-desta-terca-em-sao-pedro-da-aldeia\/\" \/>\n<meta property=\"og:locale\" content=\"pt_BR\" \/>\n<meta property=\"og:type\" content=\"article\" \/>\n<meta property=\"og:title\" content=\"Pol\u00edcia investiga homic\u00eddio registrado na manh\u00e3 desta ter\u00e7a em S\u00e3o Pedro da Aldeia - Rota Rio\" \/>\n<meta property=\"og:description\" content=\"Um homem foi assassinado a tiros na manh\u00e3 desta ter\u00e7a-feira (10) no bairro Recanto das Orqu\u00eddeas, em S\u00e3o Pedro da Aldeia. O caso aconteceu na Rua Um, nas proximidades de um pequeno mercado da regi\u00e3o. Moradores relataram ter ouvido v\u00e1rios disparos de arma de fogo, o que provocou medo entre pessoas que estavam nas redondezas [&hellip;]\" \/>\n<meta property=\"og:url\" content=\"https:\/\/rotario.com.br\/site\/policia-investiga-homicidio-registrado-na-manha-desta-terca-em-sao-pedro-da-aldeia\/\" \/>\n<meta property=\"og:site_name\" content=\"Rota Rio\" \/>\n<meta property=\"article:published_time\" content=\"2026-03-10T18:55:36+00:00\" \/>\n<meta property=\"article:modified_time\" content=\"2026-03-10T18:55:49+00:00\" \/>\n<meta property=\"og:image\" content=\"https:\/\/rotario.com.br\/site\/wp-content\/uploads\/2026\/03\/07.1.jpg\" \/>\n\t<meta property=\"og:image:width\" content=\"1012\" \/>\n\t<meta property=\"og:image:height\" content=\"689\" \/>\n\t<meta property=\"og:image:type\" content=\"image\/jpeg\" \/>\n<meta name=\"author\" content=\"Galv\u00e3o\" \/>\n<meta name=\"twitter:card\" content=\"summary_large_image\" \/>\n<meta name=\"twitter:label1\" content=\"Escrito por\" \/>\n\t<meta name=\"twitter:data1\" content=\"Galv\u00e3o\" \/>\n\t<meta name=\"twitter:label2\" content=\"Est. tempo de leitura\" \/>\n\t<meta name=\"twitter:data2\" content=\"2 minutos\" \/>\n<script type=\"application\/ld+json\" class=\"yoast-schema-graph\">{\"@context\":\"https:\/\/schema.org\",\"@graph\":[{\"@type\":\"Article\",\"@id\":\"https:\/\/rotario.com.br\/site\/policia-investiga-homicidio-registrado-na-manha-desta-terca-em-sao-pedro-da-aldeia\/#article\",\"isPartOf\":{\"@id\":\"https:\/\/rotario.com.br\/site\/policia-investiga-homicidio-registrado-na-manha-desta-terca-em-sao-pedro-da-aldeia\/\"},\"author\":{\"name\":\"Galv\u00e3o\",\"@id\":\"https:\/\/rotario.com.br\/site\/#\/schema\/person\/fd89bbbf4136f7e8a21e0dd67b8a66c7\"},\"headline\":\"Pol\u00edcia investiga homic\u00eddio registrado na manh\u00e3 desta ter\u00e7a em S\u00e3o Pedro da Aldeia\",\"datePublished\":\"2026-03-10T18:55:36+00:00\",\"dateModified\":\"2026-03-10T18:55:49+00:00\",\"mainEntityOfPage\":{\"@id\":\"https:\/\/rotario.com.br\/site\/policia-investiga-homicidio-registrado-na-manha-desta-terca-em-sao-pedro-da-aldeia\/\"},\"wordCount\":238,\"commentCount\":0,\"publisher\":{\"@id\":\"https:\/\/rotario.com.br\/site\/#organization\"},\"image\":{\"@id\":\"https:\/\/rotario.com.br\/site\/policia-investiga-homicidio-registrado-na-manha-desta-terca-em-sao-pedro-da-aldeia\/#primaryimage\"},\"thumbnailUrl\":\"https:\/\/rotario.com.br\/site\/wp-content\/uploads\/2026\/03\/07.1.jpg\",\"articleSection\":[\"S\u00e3o Pedro da Aldeia\"],\"inLanguage\":\"pt-BR\",\"potentialAction\":[{\"@type\":\"CommentAction\",\"name\":\"Comment\",\"target\":[\"https:\/\/rotario.com.br\/site\/policia-investiga-homicidio-registrado-na-manha-desta-terca-em-sao-pedro-da-aldeia\/#respond\"]}]},{\"@type\":\"WebPage\",\"@id\":\"https:\/\/rotario.com.br\/site\/policia-investiga-homicidio-registrado-na-manha-desta-terca-em-sao-pedro-da-aldeia\/\",\"url\":\"https:\/\/rotario.com.br\/site\/policia-investiga-homicidio-registrado-na-manha-desta-terca-em-sao-pedro-da-aldeia\/\",\"name\":\"Pol\u00edcia investiga homic\u00eddio registrado na manh\u00e3 desta ter\u00e7a em S\u00e3o Pedro da Aldeia - Rota Rio\",\"isPartOf\":{\"@id\":\"https:\/\/rotario.com.br\/site\/#website\"},\"primaryImageOfPage\":{\"@id\":\"https:\/\/rotario.com.br\/site\/policia-investiga-homicidio-registrado-na-manha-desta-terca-em-sao-pedro-da-aldeia\/#primaryimage\"},\"image\":{\"@id\":\"https:\/\/rotario.com.br\/site\/policia-investiga-homicidio-registrado-na-manha-desta-terca-em-sao-pedro-da-aldeia\/#primaryimage\"},\"thumbnailUrl\":\"https:\/\/rotario.com.br\/site\/wp-content\/uploads\/2026\/03\/07.1.jpg\",\"datePublished\":\"2026-03-10T18:55:36+00:00\",\"dateModified\":\"2026-03-10T18:55:49+00:00\",\"breadcrumb\":{\"@id\":\"https:\/\/rotario.com.br\/site\/policia-investiga-homicidio-registrado-na-manha-desta-terca-em-sao-pedro-da-aldeia\/#breadcrumb\"},\"inLanguage\":\"pt-BR\",\"potentialAction\":[{\"@type\":\"ReadAction\",\"target\":[\"https:\/\/rotario.com.br\/site\/policia-investiga-homicidio-registrado-na-manha-desta-terca-em-sao-pedro-da-aldeia\/\"]}]},{\"@type\":\"ImageObject\",\"inLanguage\":\"pt-BR\",\"@id\":\"https:\/\/rotario.com.br\/site\/policia-investiga-homicidio-registrado-na-manha-desta-terca-em-sao-pedro-da-aldeia\/#primaryimage\",\"url\":\"https:\/\/rotario.com.br\/site\/wp-content\/uploads\/2026\/03\/07.1.jpg\",\"contentUrl\":\"https:\/\/rotario.com.br\/site\/wp-content\/uploads\/2026\/03\/07.1.jpg\",\"width\":1012,\"height\":689},{\"@type\":\"BreadcrumbList\",\"@id\":\"https:\/\/rotario.com.br\/site\/policia-investiga-homicidio-registrado-na-manha-desta-terca-em-sao-pedro-da-aldeia\/#breadcrumb\",\"itemListElement\":[{\"@type\":\"ListItem\",\"position\":1,\"name\":\"In\u00edcio\",\"item\":\"https:\/\/rotario.com.br\/site\/\"},{\"@type\":\"ListItem\",\"position\":2,\"name\":\"Pol\u00edcia investiga homic\u00eddio registrado na manh\u00e3 desta ter\u00e7a em S\u00e3o Pedro da Aldeia\"}]},{\"@type\":\"WebSite\",\"@id\":\"https:\/\/rotario.com.br\/site\/#website\",\"url\":\"https:\/\/rotario.com.br\/site\/\",\"name\":\"Rota Rio\",\"description\":\"Aqui, o Rio de Janeiro \u00e9 a pauta!\",\"publisher\":{\"@id\":\"https:\/\/rotario.com.br\/site\/#organization\"},\"potentialAction\":[{\"@type\":\"SearchAction\",\"target\":{\"@type\":\"EntryPoint\",\"urlTemplate\":\"https:\/\/rotario.com.br\/site\/?s={search_term_string}\"},\"query-input\":{\"@type\":\"PropertyValueSpecification\",\"valueRequired\":true,\"valueName\":\"search_term_string\"}}],\"inLanguage\":\"pt-BR\"},{\"@type\":\"Organization\",\"@id\":\"https:\/\/rotario.com.br\/site\/#organization\",\"name\":\"Rota Rio\",\"url\":\"https:\/\/rotario.com.br\/site\/\",\"logo\":{\"@type\":\"ImageObject\",\"inLanguage\":\"pt-BR\",\"@id\":\"https:\/\/rotario.com.br\/site\/#\/schema\/logo\/image\/\",\"url\":\"https:\/\/rotario.com.br\/site\/wp-content\/uploads\/2022\/04\/cropped-ROTARIO-LOGO-Prancheta-1-1-2048x654-1.png\",\"contentUrl\":\"https:\/\/rotario.com.br\/site\/wp-content\/uploads\/2022\/04\/cropped-ROTARIO-LOGO-Prancheta-1-1-2048x654-1.png\",\"width\":2048,\"height\":654,\"caption\":\"Rota Rio\"},\"image\":{\"@id\":\"https:\/\/rotario.com.br\/site\/#\/schema\/logo\/image\/\"}},{\"@type\":\"Person\",\"@id\":\"https:\/\/rotario.com.br\/site\/#\/schema\/person\/fd89bbbf4136f7e8a21e0dd67b8a66c7\",\"name\":\"Galv\u00e3o\",\"url\":\"https:\/\/rotario.com.br\/site\/author\/daniel\/\"}]}<\/script>\n<!-- \/ Yoast SEO plugin. -->","yoast_head_json":{"title":"Pol\u00edcia investiga homic\u00eddio registrado na manh\u00e3 desta ter\u00e7a em S\u00e3o Pedro da Aldeia - Rota Rio","robots":{"index":"index","follow":"follow","max-snippet":"max-snippet:-1","max-image-preview":"max-image-preview:large","max-video-preview":"max-video-preview:-1"},"canonical":"https:\/\/rotario.com.br\/site\/policia-investiga-homicidio-registrado-na-manha-desta-terca-em-sao-pedro-da-aldeia\/","og_locale":"pt_BR","og_type":"article","og_title":"Pol\u00edcia investiga homic\u00eddio registrado na manh\u00e3 desta ter\u00e7a em S\u00e3o Pedro da Aldeia - Rota Rio","og_description":"Um homem foi assassinado a tiros na manh\u00e3 desta ter\u00e7a-feira (10) no bairro Recanto das Orqu\u00eddeas, em S\u00e3o Pedro da Aldeia. O caso aconteceu na Rua Um, nas proximidades de um pequeno mercado da regi\u00e3o. Moradores relataram ter ouvido v\u00e1rios disparos de arma de fogo, o que provocou medo entre pessoas que estavam nas redondezas [&hellip;]","og_url":"https:\/\/rotario.com.br\/site\/policia-investiga-homicidio-registrado-na-manha-desta-terca-em-sao-pedro-da-aldeia\/","og_site_name":"Rota Rio","article_published_time":"2026-03-10T18:55:36+00:00","article_modified_time":"2026-03-10T18:55:49+00:00","og_image":[{"width":1012,"height":689,"url":"https:\/\/rotario.com.br\/site\/wp-content\/uploads\/2026\/03\/07.1.jpg","type":"image\/jpeg"}],"author":"Galv\u00e3o","twitter_card":"summary_large_image","twitter_misc":{"Escrito por":"Galv\u00e3o","Est. tempo de leitura":"2 minutos"},"schema":{"@context":"https:\/\/schema.org","@graph":[{"@type":"Article","@id":"https:\/\/rotario.com.br\/site\/policia-investiga-homicidio-registrado-na-manha-desta-terca-em-sao-pedro-da-aldeia\/#article","isPartOf":{"@id":"https:\/\/rotario.com.br\/site\/policia-investiga-homicidio-registrado-na-manha-desta-terca-em-sao-pedro-da-aldeia\/"},"author":{"name":"Galv\u00e3o","@id":"https:\/\/rotario.com.br\/site\/#\/schema\/person\/fd89bbbf4136f7e8a21e0dd67b8a66c7"},"headline":"Pol\u00edcia investiga homic\u00eddio registrado na manh\u00e3 desta ter\u00e7a em S\u00e3o Pedro da Aldeia","datePublished":"2026-03-10T18:55:36+00:00","dateModified":"2026-03-10T18:55:49+00:00","mainEntityOfPage":{"@id":"https:\/\/rotario.com.br\/site\/policia-investiga-homicidio-registrado-na-manha-desta-terca-em-sao-pedro-da-aldeia\/"},"wordCount":238,"commentCount":0,"publisher":{"@id":"https:\/\/rotario.com.br\/site\/#organization"},"image":{"@id":"https:\/\/rotario.com.br\/site\/policia-investiga-homicidio-registrado-na-manha-desta-terca-em-sao-pedro-da-aldeia\/#primaryimage"},"thumbnailUrl":"https:\/\/rotario.com.br\/site\/wp-content\/uploads\/2026\/03\/07.1.jpg","articleSection":["S\u00e3o Pedro da Aldeia"],"inLanguage":"pt-BR","potentialAction":[{"@type":"CommentAction","name":"Comment","target":["https:\/\/rotario.com.br\/site\/policia-investiga-homicidio-registrado-na-manha-desta-terca-em-sao-pedro-da-aldeia\/#respond"]}]},{"@type":"WebPage","@id":"https:\/\/rotario.com.br\/site\/policia-investiga-homicidio-registrado-na-manha-desta-terca-em-sao-pedro-da-aldeia\/","url":"https:\/\/rotario.com.br\/site\/policia-investiga-homicidio-registrado-na-manha-desta-terca-em-sao-pedro-da-aldeia\/","name":"Pol\u00edcia investiga homic\u00eddio registrado na manh\u00e3 desta ter\u00e7a em S\u00e3o Pedro da Aldeia - Rota Rio","isPartOf":{"@id":"https:\/\/rotario.com.br\/site\/#website"},"primaryImageOfPage":{"@id":"https:\/\/rotario.com.br\/site\/policia-investiga-homicidio-registrado-na-manha-desta-terca-em-sao-pedro-da-aldeia\/#primaryimage"},"image":{"@id":"https:\/\/rotario.com.br\/site\/policia-investiga-homicidio-registrado-na-manha-desta-terca-em-sao-pedro-da-aldeia\/#primaryimage"},"thumbnailUrl":"https:\/\/rotario.com.br\/site\/wp-content\/uploads\/2026\/03\/07.1.jpg","datePublished":"2026-03-10T18:55:36+00:00","dateModified":"2026-03-10T18:55:49+00:00","breadcrumb":{"@id":"https:\/\/rotario.com.br\/site\/policia-investiga-homicidio-registrado-na-manha-desta-terca-em-sao-pedro-da-aldeia\/#breadcrumb"},"inLanguage":"pt-BR","potentialAction":[{"@type":"ReadAction","target":["https:\/\/rotario.com.br\/site\/policia-investiga-homicidio-registrado-na-manha-desta-terca-em-sao-pedro-da-aldeia\/"]}]},{"@type":"ImageObject","inLanguage":"pt-BR","@id":"https:\/\/rotario.com.br\/site\/policia-investiga-homicidio-registrado-na-manha-desta-terca-em-sao-pedro-da-aldeia\/#primaryimage","url":"https:\/\/rotario.com.br\/site\/wp-content\/uploads\/2026\/03\/07.1.jpg","contentUrl":"https:\/\/rotario.com.br\/site\/wp-content\/uploads\/2026\/03\/07.1.jpg","width":1012,"height":689},{"@type":"BreadcrumbList","@id":"https:\/\/rotario.com.br\/site\/policia-investiga-homicidio-registrado-na-manha-desta-terca-em-sao-pedro-da-aldeia\/#breadcrumb","itemListElement":[{"@type":"ListItem","position":1,"name":"In\u00edcio","item":"https:\/\/rotario.com.br\/site\/"},{"@type":"ListItem","position":2,"name":"Pol\u00edcia investiga homic\u00eddio registrado na manh\u00e3 desta ter\u00e7a em S\u00e3o Pedro da Aldeia"}]},{"@type":"WebSite","@id":"https:\/\/rotario.com.br\/site\/#website","url":"https:\/\/rotario.com.br\/site\/","name":"Rota Rio","description":"Aqui, o Rio de Janeiro \u00e9 a pauta!","publisher":{"@id":"https:\/\/rotario.com.br\/site\/#organization"},"potentialAction":[{"@type":"SearchAction","target":{"@type":"EntryPoint","urlTemplate":"https:\/\/rotario.com.br\/site\/?s={search_term_string}"},"query-input":{"@type":"PropertyValueSpecification","valueRequired":true,"valueName":"search_term_string"}}],"inLanguage":"pt-BR"},{"@type":"Organization","@id":"https:\/\/rotario.com.br\/site\/#organization","name":"Rota Rio","url":"https:\/\/rotario.com.br\/site\/","logo":{"@type":"ImageObject","inLanguage":"pt-BR","@id":"https:\/\/rotario.com.br\/site\/#\/schema\/logo\/image\/","url":"https:\/\/rotario.com.br\/site\/wp-content\/uploads\/2022\/04\/cropped-ROTARIO-LOGO-Prancheta-1-1-2048x654-1.png","contentUrl":"https:\/\/rotario.com.br\/site\/wp-content\/uploads\/2022\/04\/cropped-ROTARIO-LOGO-Prancheta-1-1-2048x654-1.png","width":2048,"height":654,"caption":"Rota Rio"},"image":{"@id":"https:\/\/rotario.com.br\/site\/#\/schema\/logo\/image\/"}},{"@type":"Person","@id":"https:\/\/rotario.com.br\/site\/#\/schema\/person\/fd89bbbf4136f7e8a21e0dd67b8a66c7","name":"Galv\u00e3o","url":"https:\/\/rotario.com.br\/site\/author\/daniel\/"}]}},"_links":{"self":[{"href":"https:\/\/rotario.com.br\/site\/wp-json\/wp\/v2\/posts\/33839","targetHints":{"allow":["GET"]}}],"collection":[{"href":"https:\/\/rotario.com.br\/site\/wp-json\/wp\/v2\/posts"}],"about":[{"href":"https:\/\/rotario.com.br\/site\/wp-json\/wp\/v2\/types\/post"}],"author":[{"embeddable":true,"href":"https:\/\/rotario.com.br\/site\/wp-json\/wp\/v2\/users\/2"}],"replies":[{"embeddable":true,"href":"https:\/\/rotario.com.br\/site\/wp-json\/wp\/v2\/comments?post=33839"}],"version-history":[{"count":1,"href":"https:\/\/rotario.com.br\/site\/wp-json\/wp\/v2\/posts\/33839\/revisions"}],"predecessor-version":[{"id":33843,"href":"https:\/\/rotario.com.br\/site\/wp-json\/wp\/v2\/posts\/33839\/revisions\/33843"}],"wp:featuredmedia":[{"embeddable":true,"href":"https:\/\/rotario.com.br\/site\/wp-json\/wp\/v2\/media\/33840"}],"wp:attachment":[{"href":"https:\/\/rotario.com.br\/site\/wp-json\/wp\/v2\/media?parent=33839"}],"wp:term":[{"taxonomy":"category","embeddable":true,"href":"https:\/\/rotario.com.br\/site\/wp-json\/wp\/v2\/categories?post=33839"},{"taxonomy":"post_tag","embeddable":true,"href":"https:\/\/rotario.com.br\/site\/wp-json\/wp\/v2\/tags?post=33839"}],"curies":[{"name":"wp","href":"https:\/\/api.w.org\/{rel}","templated":true}]}}