{"id":33845,"date":"2026-03-10T16:02:19","date_gmt":"2026-03-10T19:02:19","guid":{"rendered":"https:\/\/rotario.com.br\/site\/?p=33845"},"modified":"2026-03-10T16:02:30","modified_gmt":"2026-03-10T19:02:30","slug":"evento-em-arraial-do-cabo-reune-atendimentos-e-atividades-dedicadas-ao-publico-feminino","status":"publish","type":"post","link":"https:\/\/rotario.com.br\/site\/evento-em-arraial-do-cabo-reune-atendimentos-e-atividades-dedicadas-ao-publico-feminino\/","title":{"rendered":"Evento em Arraial do Cabo re\u00fane atendimentos e atividades dedicadas ao p\u00fablico feminino"},"content":{"rendered":"\n<p>A Pra\u00e7a do Guarany, em Arraial do Cabo, foi palco na manh\u00e3 desta ter\u00e7a-feira, 10 de mar\u00e7o, da a\u00e7\u00e3o \u201cA Pra\u00e7a \u00e9 Delas\u201d. A iniciativa reuniu uma s\u00e9rie de servi\u00e7os gratuitos voltados ao p\u00fablico feminino, com foco no cuidado, na cidadania e na valoriza\u00e7\u00e3o das mulheres.<\/p>\n\n\n\n<p>A programa\u00e7\u00e3o integrou as atividades que marcam o M\u00eas da Mulher no munic\u00edpio e concentrou diferentes atendimentos em um \u00fanico espa\u00e7o, facilitando o acesso da popula\u00e7\u00e3o a servi\u00e7os p\u00fablicos e atividades de bem-estar.<\/p>\n\n\n\n<p>Coordenado pela Secretaria Municipal de Desenvolvimento Social, o evento contou com a participa\u00e7\u00e3o de diversos \u00f3rg\u00e3os e institui\u00e7\u00f5es. Entre eles estiveram a Secretaria Municipal de Sa\u00fade, o Centro de Cidadania LGBTI+ Baixada Litor\u00e2nea 1 e 2, a Patrulha Maria da Penha e a Secretaria Municipal de Seguran\u00e7a P\u00fablica.<\/p>\n\n\n\n<p>Durante a a\u00e7\u00e3o, foram oferecidos atendimentos nas \u00e1reas de sa\u00fade e assist\u00eancia social, al\u00e9m de orienta\u00e7\u00f5es voltadas \u00e0 prote\u00e7\u00e3o e garantia de direitos.<\/p>\n\n\n\n<p>O p\u00fablico tamb\u00e9m teve acesso a servi\u00e7os de cuidados pessoais, como design de c\u00edlios e sobrancelhas e esmalta\u00e7\u00e3o simples de unhas. As atividades foram realizadas com a participa\u00e7\u00e3o da equipe da Secretaria de Estado de Juventude e Envelhecimento Saud\u00e1vel.<\/p>\n\n\n\n<p>A programa\u00e7\u00e3o contou ainda com a presen\u00e7a da Oficina de Barbeiro, desenvolvida pela Superintend\u00eancia da Juventude de Arraial do Cabo.<\/p>\n\n\n\n<p>A proposta do evento foi reunir diferentes servi\u00e7os e atividades em um ambiente de acolhimento e integra\u00e7\u00e3o, promovendo um momento dedicado ao cuidado, \u00e0 valoriza\u00e7\u00e3o e ao fortalecimento do protagonismo feminino na cidade.&nbsp;&nbsp;&nbsp;&nbsp;<\/p>\n","protected":false},"excerpt":{"rendered":"<p>A Pra\u00e7a do Guarany, em Arraial do Cabo, foi palco na manh\u00e3 desta ter\u00e7a-feira, 10 de mar\u00e7o, da a\u00e7\u00e3o \u201cA Pra\u00e7a \u00e9 Delas\u201d. A iniciativa reuniu uma s\u00e9rie de servi\u00e7os gratuitos voltados ao p\u00fablico feminino, com foco no cuidado, na cidadania e na valoriza\u00e7\u00e3o das mulheres. A programa\u00e7\u00e3o integrou as atividades que marcam o M\u00eas [&hellip;]<\/p>\n","protected":false},"author":2,"featured_media":33846,"comment_status":"open","ping_status":"closed","sticky":false,"template":"","format":"standard","meta":{"footnotes":""},"categories":[44],"tags":[],"class_list":["post-33845","post","type-post","status-publish","format-standard","has-post-thumbnail","hentry","category-arraial-do-cabo"],"yoast_head":"<!-- This site is optimized with the Yoast SEO plugin v26.5 - https:\/\/yoast.com\/wordpress\/plugins\/seo\/ -->\n<title>Evento em Arraial do Cabo re\u00fane atendimentos e atividades dedicadas ao p\u00fablico feminino - Rota Rio<\/title>\n<meta name=\"robots\" content=\"index, follow, max-snippet:-1, max-image-preview:large, max-video-preview:-1\" \/>\n<link rel=\"canonical\" href=\"https:\/\/rotario.com.br\/site\/evento-em-arraial-do-cabo-reune-atendimentos-e-atividades-dedicadas-ao-publico-feminino\/\" \/>\n<meta property=\"og:locale\" content=\"pt_BR\" \/>\n<meta property=\"og:type\" content=\"article\" \/>\n<meta property=\"og:title\" content=\"Evento em Arraial do Cabo re\u00fane atendimentos e atividades dedicadas ao p\u00fablico feminino - Rota Rio\" \/>\n<meta property=\"og:description\" content=\"A Pra\u00e7a do Guarany, em Arraial do Cabo, foi palco na manh\u00e3 desta ter\u00e7a-feira, 10 de mar\u00e7o, da a\u00e7\u00e3o \u201cA Pra\u00e7a \u00e9 Delas\u201d. A iniciativa reuniu uma s\u00e9rie de servi\u00e7os gratuitos voltados ao p\u00fablico feminino, com foco no cuidado, na cidadania e na valoriza\u00e7\u00e3o das mulheres. A programa\u00e7\u00e3o integrou as atividades que marcam o M\u00eas [&hellip;]\" \/>\n<meta property=\"og:url\" content=\"https:\/\/rotario.com.br\/site\/evento-em-arraial-do-cabo-reune-atendimentos-e-atividades-dedicadas-ao-publico-feminino\/\" \/>\n<meta property=\"og:site_name\" content=\"Rota Rio\" \/>\n<meta property=\"article:published_time\" content=\"2026-03-10T19:02:19+00:00\" \/>\n<meta property=\"article:modified_time\" content=\"2026-03-10T19:02:30+00:00\" \/>\n<meta property=\"og:image\" content=\"https:\/\/rotario.com.br\/site\/wp-content\/uploads\/2026\/03\/WhatsApp-Image-2026-03-10-at-15.35.52.jpeg\" \/>\n\t<meta property=\"og:image:width\" content=\"1012\" \/>\n\t<meta property=\"og:image:height\" content=\"688\" \/>\n\t<meta property=\"og:image:type\" content=\"image\/jpeg\" \/>\n<meta name=\"author\" content=\"Galv\u00e3o\" \/>\n<meta name=\"twitter:card\" content=\"summary_large_image\" \/>\n<meta name=\"twitter:label1\" content=\"Escrito por\" \/>\n\t<meta name=\"twitter:data1\" content=\"Galv\u00e3o\" \/>\n\t<meta name=\"twitter:label2\" content=\"Est. tempo de leitura\" \/>\n\t<meta name=\"twitter:data2\" content=\"2 minutos\" \/>\n<script type=\"application\/ld+json\" class=\"yoast-schema-graph\">{\"@context\":\"https:\/\/schema.org\",\"@graph\":[{\"@type\":\"Article\",\"@id\":\"https:\/\/rotario.com.br\/site\/evento-em-arraial-do-cabo-reune-atendimentos-e-atividades-dedicadas-ao-publico-feminino\/#article\",\"isPartOf\":{\"@id\":\"https:\/\/rotario.com.br\/site\/evento-em-arraial-do-cabo-reune-atendimentos-e-atividades-dedicadas-ao-publico-feminino\/\"},\"author\":{\"name\":\"Galv\u00e3o\",\"@id\":\"https:\/\/rotario.com.br\/site\/#\/schema\/person\/fd89bbbf4136f7e8a21e0dd67b8a66c7\"},\"headline\":\"Evento em Arraial do Cabo re\u00fane atendimentos e atividades dedicadas ao p\u00fablico feminino\",\"datePublished\":\"2026-03-10T19:02:19+00:00\",\"dateModified\":\"2026-03-10T19:02:30+00:00\",\"mainEntityOfPage\":{\"@id\":\"https:\/\/rotario.com.br\/site\/evento-em-arraial-do-cabo-reune-atendimentos-e-atividades-dedicadas-ao-publico-feminino\/\"},\"wordCount\":297,\"commentCount\":0,\"publisher\":{\"@id\":\"https:\/\/rotario.com.br\/site\/#organization\"},\"image\":{\"@id\":\"https:\/\/rotario.com.br\/site\/evento-em-arraial-do-cabo-reune-atendimentos-e-atividades-dedicadas-ao-publico-feminino\/#primaryimage\"},\"thumbnailUrl\":\"https:\/\/rotario.com.br\/site\/wp-content\/uploads\/2026\/03\/WhatsApp-Image-2026-03-10-at-15.35.52.jpeg\",\"articleSection\":[\"Arraial do Cabo\"],\"inLanguage\":\"pt-BR\",\"potentialAction\":[{\"@type\":\"CommentAction\",\"name\":\"Comment\",\"target\":[\"https:\/\/rotario.com.br\/site\/evento-em-arraial-do-cabo-reune-atendimentos-e-atividades-dedicadas-ao-publico-feminino\/#respond\"]}]},{\"@type\":\"WebPage\",\"@id\":\"https:\/\/rotario.com.br\/site\/evento-em-arraial-do-cabo-reune-atendimentos-e-atividades-dedicadas-ao-publico-feminino\/\",\"url\":\"https:\/\/rotario.com.br\/site\/evento-em-arraial-do-cabo-reune-atendimentos-e-atividades-dedicadas-ao-publico-feminino\/\",\"name\":\"Evento em Arraial do Cabo re\u00fane atendimentos e atividades dedicadas ao p\u00fablico feminino - Rota Rio\",\"isPartOf\":{\"@id\":\"https:\/\/rotario.com.br\/site\/#website\"},\"primaryImageOfPage\":{\"@id\":\"https:\/\/rotario.com.br\/site\/evento-em-arraial-do-cabo-reune-atendimentos-e-atividades-dedicadas-ao-publico-feminino\/#primaryimage\"},\"image\":{\"@id\":\"https:\/\/rotario.com.br\/site\/evento-em-arraial-do-cabo-reune-atendimentos-e-atividades-dedicadas-ao-publico-feminino\/#primaryimage\"},\"thumbnailUrl\":\"https:\/\/rotario.com.br\/site\/wp-content\/uploads\/2026\/03\/WhatsApp-Image-2026-03-10-at-15.35.52.jpeg\",\"datePublished\":\"2026-03-10T19:02:19+00:00\",\"dateModified\":\"2026-03-10T19:02:30+00:00\",\"breadcrumb\":{\"@id\":\"https:\/\/rotario.com.br\/site\/evento-em-arraial-do-cabo-reune-atendimentos-e-atividades-dedicadas-ao-publico-feminino\/#breadcrumb\"},\"inLanguage\":\"pt-BR\",\"potentialAction\":[{\"@type\":\"ReadAction\",\"target\":[\"https:\/\/rotario.com.br\/site\/evento-em-arraial-do-cabo-reune-atendimentos-e-atividades-dedicadas-ao-publico-feminino\/\"]}]},{\"@type\":\"ImageObject\",\"inLanguage\":\"pt-BR\",\"@id\":\"https:\/\/rotario.com.br\/site\/evento-em-arraial-do-cabo-reune-atendimentos-e-atividades-dedicadas-ao-publico-feminino\/#primaryimage\",\"url\":\"https:\/\/rotario.com.br\/site\/wp-content\/uploads\/2026\/03\/WhatsApp-Image-2026-03-10-at-15.35.52.jpeg\",\"contentUrl\":\"https:\/\/rotario.com.br\/site\/wp-content\/uploads\/2026\/03\/WhatsApp-Image-2026-03-10-at-15.35.52.jpeg\",\"width\":1012,\"height\":688},{\"@type\":\"BreadcrumbList\",\"@id\":\"https:\/\/rotario.com.br\/site\/evento-em-arraial-do-cabo-reune-atendimentos-e-atividades-dedicadas-ao-publico-feminino\/#breadcrumb\",\"itemListElement\":[{\"@type\":\"ListItem\",\"position\":1,\"name\":\"In\u00edcio\",\"item\":\"https:\/\/rotario.com.br\/site\/\"},{\"@type\":\"ListItem\",\"position\":2,\"name\":\"Evento em Arraial do Cabo re\u00fane atendimentos e atividades dedicadas ao p\u00fablico feminino\"}]},{\"@type\":\"WebSite\",\"@id\":\"https:\/\/rotario.com.br\/site\/#website\",\"url\":\"https:\/\/rotario.com.br\/site\/\",\"name\":\"Rota Rio\",\"description\":\"Aqui, o Rio de Janeiro \u00e9 a pauta!\",\"publisher\":{\"@id\":\"https:\/\/rotario.com.br\/site\/#organization\"},\"potentialAction\":[{\"@type\":\"SearchAction\",\"target\":{\"@type\":\"EntryPoint\",\"urlTemplate\":\"https:\/\/rotario.com.br\/site\/?s={search_term_string}\"},\"query-input\":{\"@type\":\"PropertyValueSpecification\",\"valueRequired\":true,\"valueName\":\"search_term_string\"}}],\"inLanguage\":\"pt-BR\"},{\"@type\":\"Organization\",\"@id\":\"https:\/\/rotario.com.br\/site\/#organization\",\"name\":\"Rota Rio\",\"url\":\"https:\/\/rotario.com.br\/site\/\",\"logo\":{\"@type\":\"ImageObject\",\"inLanguage\":\"pt-BR\",\"@id\":\"https:\/\/rotario.com.br\/site\/#\/schema\/logo\/image\/\",\"url\":\"https:\/\/rotario.com.br\/site\/wp-content\/uploads\/2022\/04\/cropped-ROTARIO-LOGO-Prancheta-1-1-2048x654-1.png\",\"contentUrl\":\"https:\/\/rotario.com.br\/site\/wp-content\/uploads\/2022\/04\/cropped-ROTARIO-LOGO-Prancheta-1-1-2048x654-1.png\",\"width\":2048,\"height\":654,\"caption\":\"Rota Rio\"},\"image\":{\"@id\":\"https:\/\/rotario.com.br\/site\/#\/schema\/logo\/image\/\"}},{\"@type\":\"Person\",\"@id\":\"https:\/\/rotario.com.br\/site\/#\/schema\/person\/fd89bbbf4136f7e8a21e0dd67b8a66c7\",\"name\":\"Galv\u00e3o\",\"url\":\"https:\/\/rotario.com.br\/site\/author\/daniel\/\"}]}<\/script>\n<!-- \/ Yoast SEO plugin. -->","yoast_head_json":{"title":"Evento em Arraial do Cabo re\u00fane atendimentos e atividades dedicadas ao p\u00fablico feminino - Rota Rio","robots":{"index":"index","follow":"follow","max-snippet":"max-snippet:-1","max-image-preview":"max-image-preview:large","max-video-preview":"max-video-preview:-1"},"canonical":"https:\/\/rotario.com.br\/site\/evento-em-arraial-do-cabo-reune-atendimentos-e-atividades-dedicadas-ao-publico-feminino\/","og_locale":"pt_BR","og_type":"article","og_title":"Evento em Arraial do Cabo re\u00fane atendimentos e atividades dedicadas ao p\u00fablico feminino - Rota Rio","og_description":"A Pra\u00e7a do Guarany, em Arraial do Cabo, foi palco na manh\u00e3 desta ter\u00e7a-feira, 10 de mar\u00e7o, da a\u00e7\u00e3o \u201cA Pra\u00e7a \u00e9 Delas\u201d. A iniciativa reuniu uma s\u00e9rie de servi\u00e7os gratuitos voltados ao p\u00fablico feminino, com foco no cuidado, na cidadania e na valoriza\u00e7\u00e3o das mulheres. A programa\u00e7\u00e3o integrou as atividades que marcam o M\u00eas [&hellip;]","og_url":"https:\/\/rotario.com.br\/site\/evento-em-arraial-do-cabo-reune-atendimentos-e-atividades-dedicadas-ao-publico-feminino\/","og_site_name":"Rota Rio","article_published_time":"2026-03-10T19:02:19+00:00","article_modified_time":"2026-03-10T19:02:30+00:00","og_image":[{"width":1012,"height":688,"url":"https:\/\/rotario.com.br\/site\/wp-content\/uploads\/2026\/03\/WhatsApp-Image-2026-03-10-at-15.35.52.jpeg","type":"image\/jpeg"}],"author":"Galv\u00e3o","twitter_card":"summary_large_image","twitter_misc":{"Escrito por":"Galv\u00e3o","Est. tempo de leitura":"2 minutos"},"schema":{"@context":"https:\/\/schema.org","@graph":[{"@type":"Article","@id":"https:\/\/rotario.com.br\/site\/evento-em-arraial-do-cabo-reune-atendimentos-e-atividades-dedicadas-ao-publico-feminino\/#article","isPartOf":{"@id":"https:\/\/rotario.com.br\/site\/evento-em-arraial-do-cabo-reune-atendimentos-e-atividades-dedicadas-ao-publico-feminino\/"},"author":{"name":"Galv\u00e3o","@id":"https:\/\/rotario.com.br\/site\/#\/schema\/person\/fd89bbbf4136f7e8a21e0dd67b8a66c7"},"headline":"Evento em Arraial do Cabo re\u00fane atendimentos e atividades dedicadas ao p\u00fablico feminino","datePublished":"2026-03-10T19:02:19+00:00","dateModified":"2026-03-10T19:02:30+00:00","mainEntityOfPage":{"@id":"https:\/\/rotario.com.br\/site\/evento-em-arraial-do-cabo-reune-atendimentos-e-atividades-dedicadas-ao-publico-feminino\/"},"wordCount":297,"commentCount":0,"publisher":{"@id":"https:\/\/rotario.com.br\/site\/#organization"},"image":{"@id":"https:\/\/rotario.com.br\/site\/evento-em-arraial-do-cabo-reune-atendimentos-e-atividades-dedicadas-ao-publico-feminino\/#primaryimage"},"thumbnailUrl":"https:\/\/rotario.com.br\/site\/wp-content\/uploads\/2026\/03\/WhatsApp-Image-2026-03-10-at-15.35.52.jpeg","articleSection":["Arraial do Cabo"],"inLanguage":"pt-BR","potentialAction":[{"@type":"CommentAction","name":"Comment","target":["https:\/\/rotario.com.br\/site\/evento-em-arraial-do-cabo-reune-atendimentos-e-atividades-dedicadas-ao-publico-feminino\/#respond"]}]},{"@type":"WebPage","@id":"https:\/\/rotario.com.br\/site\/evento-em-arraial-do-cabo-reune-atendimentos-e-atividades-dedicadas-ao-publico-feminino\/","url":"https:\/\/rotario.com.br\/site\/evento-em-arraial-do-cabo-reune-atendimentos-e-atividades-dedicadas-ao-publico-feminino\/","name":"Evento em Arraial do Cabo re\u00fane atendimentos e atividades dedicadas ao p\u00fablico feminino - Rota Rio","isPartOf":{"@id":"https:\/\/rotario.com.br\/site\/#website"},"primaryImageOfPage":{"@id":"https:\/\/rotario.com.br\/site\/evento-em-arraial-do-cabo-reune-atendimentos-e-atividades-dedicadas-ao-publico-feminino\/#primaryimage"},"image":{"@id":"https:\/\/rotario.com.br\/site\/evento-em-arraial-do-cabo-reune-atendimentos-e-atividades-dedicadas-ao-publico-feminino\/#primaryimage"},"thumbnailUrl":"https:\/\/rotario.com.br\/site\/wp-content\/uploads\/2026\/03\/WhatsApp-Image-2026-03-10-at-15.35.52.jpeg","datePublished":"2026-03-10T19:02:19+00:00","dateModified":"2026-03-10T19:02:30+00:00","breadcrumb":{"@id":"https:\/\/rotario.com.br\/site\/evento-em-arraial-do-cabo-reune-atendimentos-e-atividades-dedicadas-ao-publico-feminino\/#breadcrumb"},"inLanguage":"pt-BR","potentialAction":[{"@type":"ReadAction","target":["https:\/\/rotario.com.br\/site\/evento-em-arraial-do-cabo-reune-atendimentos-e-atividades-dedicadas-ao-publico-feminino\/"]}]},{"@type":"ImageObject","inLanguage":"pt-BR","@id":"https:\/\/rotario.com.br\/site\/evento-em-arraial-do-cabo-reune-atendimentos-e-atividades-dedicadas-ao-publico-feminino\/#primaryimage","url":"https:\/\/rotario.com.br\/site\/wp-content\/uploads\/2026\/03\/WhatsApp-Image-2026-03-10-at-15.35.52.jpeg","contentUrl":"https:\/\/rotario.com.br\/site\/wp-content\/uploads\/2026\/03\/WhatsApp-Image-2026-03-10-at-15.35.52.jpeg","width":1012,"height":688},{"@type":"BreadcrumbList","@id":"https:\/\/rotario.com.br\/site\/evento-em-arraial-do-cabo-reune-atendimentos-e-atividades-dedicadas-ao-publico-feminino\/#breadcrumb","itemListElement":[{"@type":"ListItem","position":1,"name":"In\u00edcio","item":"https:\/\/rotario.com.br\/site\/"},{"@type":"ListItem","position":2,"name":"Evento em Arraial do Cabo re\u00fane atendimentos e atividades dedicadas ao p\u00fablico feminino"}]},{"@type":"WebSite","@id":"https:\/\/rotario.com.br\/site\/#website","url":"https:\/\/rotario.com.br\/site\/","name":"Rota Rio","description":"Aqui, o Rio de Janeiro \u00e9 a pauta!","publisher":{"@id":"https:\/\/rotario.com.br\/site\/#organization"},"potentialAction":[{"@type":"SearchAction","target":{"@type":"EntryPoint","urlTemplate":"https:\/\/rotario.com.br\/site\/?s={search_term_string}"},"query-input":{"@type":"PropertyValueSpecification","valueRequired":true,"valueName":"search_term_string"}}],"inLanguage":"pt-BR"},{"@type":"Organization","@id":"https:\/\/rotario.com.br\/site\/#organization","name":"Rota Rio","url":"https:\/\/rotario.com.br\/site\/","logo":{"@type":"ImageObject","inLanguage":"pt-BR","@id":"https:\/\/rotario.com.br\/site\/#\/schema\/logo\/image\/","url":"https:\/\/rotario.com.br\/site\/wp-content\/uploads\/2022\/04\/cropped-ROTARIO-LOGO-Prancheta-1-1-2048x654-1.png","contentUrl":"https:\/\/rotario.com.br\/site\/wp-content\/uploads\/2022\/04\/cropped-ROTARIO-LOGO-Prancheta-1-1-2048x654-1.png","width":2048,"height":654,"caption":"Rota Rio"},"image":{"@id":"https:\/\/rotario.com.br\/site\/#\/schema\/logo\/image\/"}},{"@type":"Person","@id":"https:\/\/rotario.com.br\/site\/#\/schema\/person\/fd89bbbf4136f7e8a21e0dd67b8a66c7","name":"Galv\u00e3o","url":"https:\/\/rotario.com.br\/site\/author\/daniel\/"}]}},"_links":{"self":[{"href":"https:\/\/rotario.com.br\/site\/wp-json\/wp\/v2\/posts\/33845","targetHints":{"allow":["GET"]}}],"collection":[{"href":"https:\/\/rotario.com.br\/site\/wp-json\/wp\/v2\/posts"}],"about":[{"href":"https:\/\/rotario.com.br\/site\/wp-json\/wp\/v2\/types\/post"}],"author":[{"embeddable":true,"href":"https:\/\/rotario.com.br\/site\/wp-json\/wp\/v2\/users\/2"}],"replies":[{"embeddable":true,"href":"https:\/\/rotario.com.br\/site\/wp-json\/wp\/v2\/comments?post=33845"}],"version-history":[{"count":1,"href":"https:\/\/rotario.com.br\/site\/wp-json\/wp\/v2\/posts\/33845\/revisions"}],"predecessor-version":[{"id":33847,"href":"https:\/\/rotario.com.br\/site\/wp-json\/wp\/v2\/posts\/33845\/revisions\/33847"}],"wp:featuredmedia":[{"embeddable":true,"href":"https:\/\/rotario.com.br\/site\/wp-json\/wp\/v2\/media\/33846"}],"wp:attachment":[{"href":"https:\/\/rotario.com.br\/site\/wp-json\/wp\/v2\/media?parent=33845"}],"wp:term":[{"taxonomy":"category","embeddable":true,"href":"https:\/\/rotario.com.br\/site\/wp-json\/wp\/v2\/categories?post=33845"},{"taxonomy":"post_tag","embeddable":true,"href":"https:\/\/rotario.com.br\/site\/wp-json\/wp\/v2\/tags?post=33845"}],"curies":[{"name":"wp","href":"https:\/\/api.w.org\/{rel}","templated":true}]}}