{"id":33848,"date":"2026-03-10T17:04:22","date_gmt":"2026-03-10T20:04:22","guid":{"rendered":"https:\/\/rotario.com.br\/site\/?p=33848"},"modified":"2026-03-10T17:04:29","modified_gmt":"2026-03-10T20:04:29","slug":"obras-da-cedae-em-macae-terao-prazo-reduzido-de-6-para-3-meses-apos-cobranca-do-prefeito","status":"publish","type":"post","link":"https:\/\/rotario.com.br\/site\/obras-da-cedae-em-macae-terao-prazo-reduzido-de-6-para-3-meses-apos-cobranca-do-prefeito\/","title":{"rendered":"Obras da Cedae em Maca\u00e9 ter\u00e3o prazo reduzido de 6 para 3 meses ap\u00f3s cobran\u00e7a do prefeito"},"content":{"rendered":"\n<p>Em evento realizado em Maca\u00e9 nessa ter\u00e7a-feira, 10, o prefeito Welberth Rezende (CIDADANIA) recebeu o presidente da Companhia Estadual de \u00c1guas e Esgoto do Rio (Cedae), Aguinaldo Ballon, que prometeu reduzir pela metade o prazo das obras de abastecimento de \u00e1gua no bairro Lagomar.<\/p>\n\n\n\n<p>Durante o encontro, o gestor da Cedae explicou que a companhia pretende dispensar a licita\u00e7\u00e3o para compra de \u201cboosters\u201d, que s\u00e3o equipamentos que bombeamento de \u00e1gua compactos que aumentam a press\u00e3o e a vaz\u00e3o em redes de distribui\u00e7\u00e3o.<\/p>\n\n\n\n<p>Segundo Aguinaldo Ballon, essa medida, que ser\u00e1 tomada em car\u00e1ter emergencial, reduzir\u00e1 o prazo para a realiza\u00e7\u00e3o das obras de abastecimento de \u00e1gua no Lagomar, que passar\u00e1 de 6 para 3 meses, visando o atendimento da demanda dos moradores.<\/p>\n\n\n\n<p>\u201cO processo de compra dos \u2018boosters\u2019, a rigor, ele deveria ser feito por licita\u00e7\u00e3o, mas considerando a situa\u00e7\u00e3o emergencial, a ideia \u00e9 n\u00e3o fazer processo de licita\u00e7\u00e3o, fazendo a compra emergencial e reduzir esse prazo a\u00ed, ao inv\u00e9s de ser 6 meses, em 3 meses a gente est\u00e1 com esses \u2018boosters\u2019 instalados e em funcionamento. Ent\u00e3o seria um prazo de 6 meses e n\u00f3s estamos assumindo um compromisso aqui de dispensar a licita\u00e7\u00e3o, contratar emergencialmente, e a\u00ed vai ser muito mais a disponibilidade dos \u2018boosters\u2019 no mercado para instalar e j\u00e1 come\u00e7ar a operar imediatamente\u201d, afirmou Aguinaldo Ballon.<\/p>\n\n\n\n<p>O compromisso firmado pelo gestor da Cedae agradou Welberth, que prometeu continuar cobrando da companhia as melhorias necess\u00e1rias para resolver os problemas de abastecimento de \u00e1gua dos moradores do Lagomar.<\/p>\n\n\n\n<p>\u201cRecebi o presidente da Cedae, Aguinaldo Ballon, para tratar das obras e das melhorias no abastecimento de \u00e1gua do Lagomar. Durante a reuni\u00e3o, ficou firmado o compromisso de reduzir o prazo da obra de 6 para 3 meses, acelerando uma solu\u00e7\u00e3o muito aguardada pelos moradores. Seguimos trabalhando e cobrando para garantir mais dignidade e qualidade de vida para a popula\u00e7\u00e3o\u201d, escreveu o prefeito, em publica\u00e7\u00e3o nas redes sociais.<\/p>\n","protected":false},"excerpt":{"rendered":"<p>Em evento realizado em Maca\u00e9 nessa ter\u00e7a-feira, 10, o prefeito Welberth Rezende (CIDADANIA) recebeu o presidente da Companhia Estadual de \u00c1guas e Esgoto do Rio (Cedae), Aguinaldo Ballon, que prometeu reduzir pela metade o prazo das obras de abastecimento de \u00e1gua no bairro Lagomar. Durante o encontro, o gestor da Cedae explicou que a companhia [&hellip;]<\/p>\n","protected":false},"author":2,"featured_media":33849,"comment_status":"open","ping_status":"closed","sticky":false,"template":"","format":"standard","meta":{"footnotes":""},"categories":[52],"tags":[],"class_list":["post-33848","post","type-post","status-publish","format-standard","has-post-thumbnail","hentry","category-macae"],"yoast_head":"<!-- This site is optimized with the Yoast SEO plugin v26.5 - https:\/\/yoast.com\/wordpress\/plugins\/seo\/ -->\n<title>Obras da Cedae em Maca\u00e9 ter\u00e3o prazo reduzido de 6 para 3 meses ap\u00f3s cobran\u00e7a do prefeito - Rota Rio<\/title>\n<meta name=\"robots\" content=\"index, follow, max-snippet:-1, max-image-preview:large, max-video-preview:-1\" \/>\n<link rel=\"canonical\" href=\"https:\/\/rotario.com.br\/site\/obras-da-cedae-em-macae-terao-prazo-reduzido-de-6-para-3-meses-apos-cobranca-do-prefeito\/\" \/>\n<meta property=\"og:locale\" content=\"pt_BR\" \/>\n<meta property=\"og:type\" content=\"article\" \/>\n<meta property=\"og:title\" content=\"Obras da Cedae em Maca\u00e9 ter\u00e3o prazo reduzido de 6 para 3 meses ap\u00f3s cobran\u00e7a do prefeito - Rota Rio\" \/>\n<meta property=\"og:description\" content=\"Em evento realizado em Maca\u00e9 nessa ter\u00e7a-feira, 10, o prefeito Welberth Rezende (CIDADANIA) recebeu o presidente da Companhia Estadual de \u00c1guas e Esgoto do Rio (Cedae), Aguinaldo Ballon, que prometeu reduzir pela metade o prazo das obras de abastecimento de \u00e1gua no bairro Lagomar. Durante o encontro, o gestor da Cedae explicou que a companhia [&hellip;]\" \/>\n<meta property=\"og:url\" content=\"https:\/\/rotario.com.br\/site\/obras-da-cedae-em-macae-terao-prazo-reduzido-de-6-para-3-meses-apos-cobranca-do-prefeito\/\" \/>\n<meta property=\"og:site_name\" content=\"Rota Rio\" \/>\n<meta property=\"article:published_time\" content=\"2026-03-10T20:04:22+00:00\" \/>\n<meta property=\"article:modified_time\" content=\"2026-03-10T20:04:29+00:00\" \/>\n<meta property=\"og:image\" content=\"https:\/\/rotario.com.br\/site\/wp-content\/uploads\/2026\/03\/WhatsApp-Image-2026-03-10-at-15.35.08.jpeg\" \/>\n\t<meta property=\"og:image:width\" content=\"800\" \/>\n\t<meta property=\"og:image:height\" content=\"600\" \/>\n\t<meta property=\"og:image:type\" content=\"image\/jpeg\" \/>\n<meta name=\"author\" content=\"Galv\u00e3o\" \/>\n<meta name=\"twitter:card\" content=\"summary_large_image\" \/>\n<meta name=\"twitter:label1\" content=\"Escrito por\" \/>\n\t<meta name=\"twitter:data1\" content=\"Galv\u00e3o\" \/>\n\t<meta name=\"twitter:label2\" content=\"Est. tempo de leitura\" \/>\n\t<meta name=\"twitter:data2\" content=\"2 minutos\" \/>\n<script type=\"application\/ld+json\" class=\"yoast-schema-graph\">{\"@context\":\"https:\/\/schema.org\",\"@graph\":[{\"@type\":\"Article\",\"@id\":\"https:\/\/rotario.com.br\/site\/obras-da-cedae-em-macae-terao-prazo-reduzido-de-6-para-3-meses-apos-cobranca-do-prefeito\/#article\",\"isPartOf\":{\"@id\":\"https:\/\/rotario.com.br\/site\/obras-da-cedae-em-macae-terao-prazo-reduzido-de-6-para-3-meses-apos-cobranca-do-prefeito\/\"},\"author\":{\"name\":\"Galv\u00e3o\",\"@id\":\"https:\/\/rotario.com.br\/site\/#\/schema\/person\/fd89bbbf4136f7e8a21e0dd67b8a66c7\"},\"headline\":\"Obras da Cedae em Maca\u00e9 ter\u00e3o prazo reduzido de 6 para 3 meses ap\u00f3s cobran\u00e7a do prefeito\",\"datePublished\":\"2026-03-10T20:04:22+00:00\",\"dateModified\":\"2026-03-10T20:04:29+00:00\",\"mainEntityOfPage\":{\"@id\":\"https:\/\/rotario.com.br\/site\/obras-da-cedae-em-macae-terao-prazo-reduzido-de-6-para-3-meses-apos-cobranca-do-prefeito\/\"},\"wordCount\":348,\"commentCount\":0,\"publisher\":{\"@id\":\"https:\/\/rotario.com.br\/site\/#organization\"},\"image\":{\"@id\":\"https:\/\/rotario.com.br\/site\/obras-da-cedae-em-macae-terao-prazo-reduzido-de-6-para-3-meses-apos-cobranca-do-prefeito\/#primaryimage\"},\"thumbnailUrl\":\"https:\/\/rotario.com.br\/site\/wp-content\/uploads\/2026\/03\/WhatsApp-Image-2026-03-10-at-15.35.08.jpeg\",\"articleSection\":[\"Maca\u00e9\"],\"inLanguage\":\"pt-BR\",\"potentialAction\":[{\"@type\":\"CommentAction\",\"name\":\"Comment\",\"target\":[\"https:\/\/rotario.com.br\/site\/obras-da-cedae-em-macae-terao-prazo-reduzido-de-6-para-3-meses-apos-cobranca-do-prefeito\/#respond\"]}]},{\"@type\":\"WebPage\",\"@id\":\"https:\/\/rotario.com.br\/site\/obras-da-cedae-em-macae-terao-prazo-reduzido-de-6-para-3-meses-apos-cobranca-do-prefeito\/\",\"url\":\"https:\/\/rotario.com.br\/site\/obras-da-cedae-em-macae-terao-prazo-reduzido-de-6-para-3-meses-apos-cobranca-do-prefeito\/\",\"name\":\"Obras da Cedae em Maca\u00e9 ter\u00e3o prazo reduzido de 6 para 3 meses ap\u00f3s cobran\u00e7a do prefeito - Rota Rio\",\"isPartOf\":{\"@id\":\"https:\/\/rotario.com.br\/site\/#website\"},\"primaryImageOfPage\":{\"@id\":\"https:\/\/rotario.com.br\/site\/obras-da-cedae-em-macae-terao-prazo-reduzido-de-6-para-3-meses-apos-cobranca-do-prefeito\/#primaryimage\"},\"image\":{\"@id\":\"https:\/\/rotario.com.br\/site\/obras-da-cedae-em-macae-terao-prazo-reduzido-de-6-para-3-meses-apos-cobranca-do-prefeito\/#primaryimage\"},\"thumbnailUrl\":\"https:\/\/rotario.com.br\/site\/wp-content\/uploads\/2026\/03\/WhatsApp-Image-2026-03-10-at-15.35.08.jpeg\",\"datePublished\":\"2026-03-10T20:04:22+00:00\",\"dateModified\":\"2026-03-10T20:04:29+00:00\",\"breadcrumb\":{\"@id\":\"https:\/\/rotario.com.br\/site\/obras-da-cedae-em-macae-terao-prazo-reduzido-de-6-para-3-meses-apos-cobranca-do-prefeito\/#breadcrumb\"},\"inLanguage\":\"pt-BR\",\"potentialAction\":[{\"@type\":\"ReadAction\",\"target\":[\"https:\/\/rotario.com.br\/site\/obras-da-cedae-em-macae-terao-prazo-reduzido-de-6-para-3-meses-apos-cobranca-do-prefeito\/\"]}]},{\"@type\":\"ImageObject\",\"inLanguage\":\"pt-BR\",\"@id\":\"https:\/\/rotario.com.br\/site\/obras-da-cedae-em-macae-terao-prazo-reduzido-de-6-para-3-meses-apos-cobranca-do-prefeito\/#primaryimage\",\"url\":\"https:\/\/rotario.com.br\/site\/wp-content\/uploads\/2026\/03\/WhatsApp-Image-2026-03-10-at-15.35.08.jpeg\",\"contentUrl\":\"https:\/\/rotario.com.br\/site\/wp-content\/uploads\/2026\/03\/WhatsApp-Image-2026-03-10-at-15.35.08.jpeg\",\"width\":800,\"height\":600},{\"@type\":\"BreadcrumbList\",\"@id\":\"https:\/\/rotario.com.br\/site\/obras-da-cedae-em-macae-terao-prazo-reduzido-de-6-para-3-meses-apos-cobranca-do-prefeito\/#breadcrumb\",\"itemListElement\":[{\"@type\":\"ListItem\",\"position\":1,\"name\":\"In\u00edcio\",\"item\":\"https:\/\/rotario.com.br\/site\/\"},{\"@type\":\"ListItem\",\"position\":2,\"name\":\"Obras da Cedae em Maca\u00e9 ter\u00e3o prazo reduzido de 6 para 3 meses ap\u00f3s cobran\u00e7a do prefeito\"}]},{\"@type\":\"WebSite\",\"@id\":\"https:\/\/rotario.com.br\/site\/#website\",\"url\":\"https:\/\/rotario.com.br\/site\/\",\"name\":\"Rota Rio\",\"description\":\"Aqui, o Rio de Janeiro \u00e9 a pauta!\",\"publisher\":{\"@id\":\"https:\/\/rotario.com.br\/site\/#organization\"},\"potentialAction\":[{\"@type\":\"SearchAction\",\"target\":{\"@type\":\"EntryPoint\",\"urlTemplate\":\"https:\/\/rotario.com.br\/site\/?s={search_term_string}\"},\"query-input\":{\"@type\":\"PropertyValueSpecification\",\"valueRequired\":true,\"valueName\":\"search_term_string\"}}],\"inLanguage\":\"pt-BR\"},{\"@type\":\"Organization\",\"@id\":\"https:\/\/rotario.com.br\/site\/#organization\",\"name\":\"Rota Rio\",\"url\":\"https:\/\/rotario.com.br\/site\/\",\"logo\":{\"@type\":\"ImageObject\",\"inLanguage\":\"pt-BR\",\"@id\":\"https:\/\/rotario.com.br\/site\/#\/schema\/logo\/image\/\",\"url\":\"https:\/\/rotario.com.br\/site\/wp-content\/uploads\/2022\/04\/cropped-ROTARIO-LOGO-Prancheta-1-1-2048x654-1.png\",\"contentUrl\":\"https:\/\/rotario.com.br\/site\/wp-content\/uploads\/2022\/04\/cropped-ROTARIO-LOGO-Prancheta-1-1-2048x654-1.png\",\"width\":2048,\"height\":654,\"caption\":\"Rota Rio\"},\"image\":{\"@id\":\"https:\/\/rotario.com.br\/site\/#\/schema\/logo\/image\/\"}},{\"@type\":\"Person\",\"@id\":\"https:\/\/rotario.com.br\/site\/#\/schema\/person\/fd89bbbf4136f7e8a21e0dd67b8a66c7\",\"name\":\"Galv\u00e3o\",\"url\":\"https:\/\/rotario.com.br\/site\/author\/daniel\/\"}]}<\/script>\n<!-- \/ Yoast SEO plugin. -->","yoast_head_json":{"title":"Obras da Cedae em Maca\u00e9 ter\u00e3o prazo reduzido de 6 para 3 meses ap\u00f3s cobran\u00e7a do prefeito - Rota Rio","robots":{"index":"index","follow":"follow","max-snippet":"max-snippet:-1","max-image-preview":"max-image-preview:large","max-video-preview":"max-video-preview:-1"},"canonical":"https:\/\/rotario.com.br\/site\/obras-da-cedae-em-macae-terao-prazo-reduzido-de-6-para-3-meses-apos-cobranca-do-prefeito\/","og_locale":"pt_BR","og_type":"article","og_title":"Obras da Cedae em Maca\u00e9 ter\u00e3o prazo reduzido de 6 para 3 meses ap\u00f3s cobran\u00e7a do prefeito - Rota Rio","og_description":"Em evento realizado em Maca\u00e9 nessa ter\u00e7a-feira, 10, o prefeito Welberth Rezende (CIDADANIA) recebeu o presidente da Companhia Estadual de \u00c1guas e Esgoto do Rio (Cedae), Aguinaldo Ballon, que prometeu reduzir pela metade o prazo das obras de abastecimento de \u00e1gua no bairro Lagomar. Durante o encontro, o gestor da Cedae explicou que a companhia [&hellip;]","og_url":"https:\/\/rotario.com.br\/site\/obras-da-cedae-em-macae-terao-prazo-reduzido-de-6-para-3-meses-apos-cobranca-do-prefeito\/","og_site_name":"Rota Rio","article_published_time":"2026-03-10T20:04:22+00:00","article_modified_time":"2026-03-10T20:04:29+00:00","og_image":[{"width":800,"height":600,"url":"https:\/\/rotario.com.br\/site\/wp-content\/uploads\/2026\/03\/WhatsApp-Image-2026-03-10-at-15.35.08.jpeg","type":"image\/jpeg"}],"author":"Galv\u00e3o","twitter_card":"summary_large_image","twitter_misc":{"Escrito por":"Galv\u00e3o","Est. tempo de leitura":"2 minutos"},"schema":{"@context":"https:\/\/schema.org","@graph":[{"@type":"Article","@id":"https:\/\/rotario.com.br\/site\/obras-da-cedae-em-macae-terao-prazo-reduzido-de-6-para-3-meses-apos-cobranca-do-prefeito\/#article","isPartOf":{"@id":"https:\/\/rotario.com.br\/site\/obras-da-cedae-em-macae-terao-prazo-reduzido-de-6-para-3-meses-apos-cobranca-do-prefeito\/"},"author":{"name":"Galv\u00e3o","@id":"https:\/\/rotario.com.br\/site\/#\/schema\/person\/fd89bbbf4136f7e8a21e0dd67b8a66c7"},"headline":"Obras da Cedae em Maca\u00e9 ter\u00e3o prazo reduzido de 6 para 3 meses ap\u00f3s cobran\u00e7a do prefeito","datePublished":"2026-03-10T20:04:22+00:00","dateModified":"2026-03-10T20:04:29+00:00","mainEntityOfPage":{"@id":"https:\/\/rotario.com.br\/site\/obras-da-cedae-em-macae-terao-prazo-reduzido-de-6-para-3-meses-apos-cobranca-do-prefeito\/"},"wordCount":348,"commentCount":0,"publisher":{"@id":"https:\/\/rotario.com.br\/site\/#organization"},"image":{"@id":"https:\/\/rotario.com.br\/site\/obras-da-cedae-em-macae-terao-prazo-reduzido-de-6-para-3-meses-apos-cobranca-do-prefeito\/#primaryimage"},"thumbnailUrl":"https:\/\/rotario.com.br\/site\/wp-content\/uploads\/2026\/03\/WhatsApp-Image-2026-03-10-at-15.35.08.jpeg","articleSection":["Maca\u00e9"],"inLanguage":"pt-BR","potentialAction":[{"@type":"CommentAction","name":"Comment","target":["https:\/\/rotario.com.br\/site\/obras-da-cedae-em-macae-terao-prazo-reduzido-de-6-para-3-meses-apos-cobranca-do-prefeito\/#respond"]}]},{"@type":"WebPage","@id":"https:\/\/rotario.com.br\/site\/obras-da-cedae-em-macae-terao-prazo-reduzido-de-6-para-3-meses-apos-cobranca-do-prefeito\/","url":"https:\/\/rotario.com.br\/site\/obras-da-cedae-em-macae-terao-prazo-reduzido-de-6-para-3-meses-apos-cobranca-do-prefeito\/","name":"Obras da Cedae em Maca\u00e9 ter\u00e3o prazo reduzido de 6 para 3 meses ap\u00f3s cobran\u00e7a do prefeito - Rota Rio","isPartOf":{"@id":"https:\/\/rotario.com.br\/site\/#website"},"primaryImageOfPage":{"@id":"https:\/\/rotario.com.br\/site\/obras-da-cedae-em-macae-terao-prazo-reduzido-de-6-para-3-meses-apos-cobranca-do-prefeito\/#primaryimage"},"image":{"@id":"https:\/\/rotario.com.br\/site\/obras-da-cedae-em-macae-terao-prazo-reduzido-de-6-para-3-meses-apos-cobranca-do-prefeito\/#primaryimage"},"thumbnailUrl":"https:\/\/rotario.com.br\/site\/wp-content\/uploads\/2026\/03\/WhatsApp-Image-2026-03-10-at-15.35.08.jpeg","datePublished":"2026-03-10T20:04:22+00:00","dateModified":"2026-03-10T20:04:29+00:00","breadcrumb":{"@id":"https:\/\/rotario.com.br\/site\/obras-da-cedae-em-macae-terao-prazo-reduzido-de-6-para-3-meses-apos-cobranca-do-prefeito\/#breadcrumb"},"inLanguage":"pt-BR","potentialAction":[{"@type":"ReadAction","target":["https:\/\/rotario.com.br\/site\/obras-da-cedae-em-macae-terao-prazo-reduzido-de-6-para-3-meses-apos-cobranca-do-prefeito\/"]}]},{"@type":"ImageObject","inLanguage":"pt-BR","@id":"https:\/\/rotario.com.br\/site\/obras-da-cedae-em-macae-terao-prazo-reduzido-de-6-para-3-meses-apos-cobranca-do-prefeito\/#primaryimage","url":"https:\/\/rotario.com.br\/site\/wp-content\/uploads\/2026\/03\/WhatsApp-Image-2026-03-10-at-15.35.08.jpeg","contentUrl":"https:\/\/rotario.com.br\/site\/wp-content\/uploads\/2026\/03\/WhatsApp-Image-2026-03-10-at-15.35.08.jpeg","width":800,"height":600},{"@type":"BreadcrumbList","@id":"https:\/\/rotario.com.br\/site\/obras-da-cedae-em-macae-terao-prazo-reduzido-de-6-para-3-meses-apos-cobranca-do-prefeito\/#breadcrumb","itemListElement":[{"@type":"ListItem","position":1,"name":"In\u00edcio","item":"https:\/\/rotario.com.br\/site\/"},{"@type":"ListItem","position":2,"name":"Obras da Cedae em Maca\u00e9 ter\u00e3o prazo reduzido de 6 para 3 meses ap\u00f3s cobran\u00e7a do prefeito"}]},{"@type":"WebSite","@id":"https:\/\/rotario.com.br\/site\/#website","url":"https:\/\/rotario.com.br\/site\/","name":"Rota Rio","description":"Aqui, o Rio de Janeiro \u00e9 a pauta!","publisher":{"@id":"https:\/\/rotario.com.br\/site\/#organization"},"potentialAction":[{"@type":"SearchAction","target":{"@type":"EntryPoint","urlTemplate":"https:\/\/rotario.com.br\/site\/?s={search_term_string}"},"query-input":{"@type":"PropertyValueSpecification","valueRequired":true,"valueName":"search_term_string"}}],"inLanguage":"pt-BR"},{"@type":"Organization","@id":"https:\/\/rotario.com.br\/site\/#organization","name":"Rota Rio","url":"https:\/\/rotario.com.br\/site\/","logo":{"@type":"ImageObject","inLanguage":"pt-BR","@id":"https:\/\/rotario.com.br\/site\/#\/schema\/logo\/image\/","url":"https:\/\/rotario.com.br\/site\/wp-content\/uploads\/2022\/04\/cropped-ROTARIO-LOGO-Prancheta-1-1-2048x654-1.png","contentUrl":"https:\/\/rotario.com.br\/site\/wp-content\/uploads\/2022\/04\/cropped-ROTARIO-LOGO-Prancheta-1-1-2048x654-1.png","width":2048,"height":654,"caption":"Rota Rio"},"image":{"@id":"https:\/\/rotario.com.br\/site\/#\/schema\/logo\/image\/"}},{"@type":"Person","@id":"https:\/\/rotario.com.br\/site\/#\/schema\/person\/fd89bbbf4136f7e8a21e0dd67b8a66c7","name":"Galv\u00e3o","url":"https:\/\/rotario.com.br\/site\/author\/daniel\/"}]}},"_links":{"self":[{"href":"https:\/\/rotario.com.br\/site\/wp-json\/wp\/v2\/posts\/33848","targetHints":{"allow":["GET"]}}],"collection":[{"href":"https:\/\/rotario.com.br\/site\/wp-json\/wp\/v2\/posts"}],"about":[{"href":"https:\/\/rotario.com.br\/site\/wp-json\/wp\/v2\/types\/post"}],"author":[{"embeddable":true,"href":"https:\/\/rotario.com.br\/site\/wp-json\/wp\/v2\/users\/2"}],"replies":[{"embeddable":true,"href":"https:\/\/rotario.com.br\/site\/wp-json\/wp\/v2\/comments?post=33848"}],"version-history":[{"count":1,"href":"https:\/\/rotario.com.br\/site\/wp-json\/wp\/v2\/posts\/33848\/revisions"}],"predecessor-version":[{"id":33850,"href":"https:\/\/rotario.com.br\/site\/wp-json\/wp\/v2\/posts\/33848\/revisions\/33850"}],"wp:featuredmedia":[{"embeddable":true,"href":"https:\/\/rotario.com.br\/site\/wp-json\/wp\/v2\/media\/33849"}],"wp:attachment":[{"href":"https:\/\/rotario.com.br\/site\/wp-json\/wp\/v2\/media?parent=33848"}],"wp:term":[{"taxonomy":"category","embeddable":true,"href":"https:\/\/rotario.com.br\/site\/wp-json\/wp\/v2\/categories?post=33848"},{"taxonomy":"post_tag","embeddable":true,"href":"https:\/\/rotario.com.br\/site\/wp-json\/wp\/v2\/tags?post=33848"}],"curies":[{"name":"wp","href":"https:\/\/api.w.org\/{rel}","templated":true}]}}