{"id":33874,"date":"2026-03-11T13:35:41","date_gmt":"2026-03-11T16:35:41","guid":{"rendered":"https:\/\/rotario.com.br\/site\/?p=33874"},"modified":"2026-03-11T13:35:47","modified_gmt":"2026-03-11T16:35:47","slug":"resgates-de-jiboias-em-cabo-frio-reforcam-alerta-sobre-presenca-de-fauna-silvestre-em-areas-urbanas","status":"publish","type":"post","link":"https:\/\/rotario.com.br\/site\/resgates-de-jiboias-em-cabo-frio-reforcam-alerta-sobre-presenca-de-fauna-silvestre-em-areas-urbanas\/","title":{"rendered":"Resgates de jiboias em Cabo Frio refor\u00e7am alerta sobre presen\u00e7a de fauna silvestre em \u00e1reas urbanas"},"content":{"rendered":"\n<p>Agentes da Guarda Civil Municipal de Cabo Frio atuaram, nesta ter\u00e7a-feira (10), no resgate de duas jiboias em diferentes pontos da cidade. As a\u00e7\u00f5es foram conduzidas por equipes da Guarda Mar\u00edtima e Ambiental, respons\u00e1veis por ocorr\u00eancias envolvendo animais silvestres no munic\u00edpio.<\/p>\n\n\n\n<p>O primeiro chamado ocorreu por volta das 10h, na regi\u00e3o da Ilha do Japon\u00eas. No local, a serpente foi encontrada pr\u00f3xima a um quiosque, o que gerou preocupa\u00e7\u00e3o entre frequentadores da \u00e1rea. A equipe foi acionada e realizou a captura do animal de forma segura, evitando riscos tanto para as pessoas quanto para a pr\u00f3pria fauna.<\/p>\n\n\n\n<p>A segunda ocorr\u00eancia foi registrada por volta das 12h50, no bairro Recanto das Dunas, na Rua Angusturas. Ao chegar ao endere\u00e7o, os agentes localizaram uma jiboia que estava dentro de uma gaiola em uma resid\u00eancia. Ap\u00f3s o resgate e avalia\u00e7\u00e3o das condi\u00e7\u00f5es do animal, ele foi reinserido em seu ambiente natural.<\/p>\n\n\n\n<p>A jiboia \u00e9 uma serpente n\u00e3o pe\u00e7onhenta bastante comum em v\u00e1rias regi\u00f5es do Brasil. O animal pode atingir cerca de dois metros de comprimento e costuma viver em \u00e1reas de mata, restingas, manguezais e locais pr\u00f3ximos a cursos d\u2019\u00e1gua, como rios e lagoas. Sua dieta inclui pequenos mam\u00edferos, aves e roedores, desempenhando papel importante no controle natural de pragas e no equil\u00edbrio do ecossistema.<\/p>\n\n\n\n<p>Apesar do porte que pode causar medo, a esp\u00e9cie n\u00e3o costuma representar risco aos seres humanos quando n\u00e3o \u00e9 provocada. A jiboia captura suas presas por meio da for\u00e7a do pr\u00f3prio corpo e raramente apresenta comportamento agressivo.<\/p>\n\n\n\n<p>Durante per\u00edodos de calor intenso, como no ver\u00e3o, \u00e9 mais frequente o aparecimento de animais silvestres em regi\u00f5es urbanizadas ou pr\u00f3ximas a resid\u00eancias, geralmente em busca de alimento ou abrigo.<\/p>\n\n\n\n<p>A Guarda Civil Municipal orienta que, ao se deparar com animais desse tipo, a popula\u00e7\u00e3o n\u00e3o tente captur\u00e1-los ou feri-los. A recomenda\u00e7\u00e3o \u00e9 acionar imediatamente a equipe especializada pelo telefone 153, para que o manejo seja realizado de maneira adequada e segura.&nbsp;&nbsp;&nbsp;&nbsp;<\/p>\n","protected":false},"excerpt":{"rendered":"<p>Agentes da Guarda Civil Municipal de Cabo Frio atuaram, nesta ter\u00e7a-feira (10), no resgate de duas jiboias em diferentes pontos da cidade. As a\u00e7\u00f5es foram conduzidas por equipes da Guarda Mar\u00edtima e Ambiental, respons\u00e1veis por ocorr\u00eancias envolvendo animais silvestres no munic\u00edpio. O primeiro chamado ocorreu por volta das 10h, na regi\u00e3o da Ilha do Japon\u00eas. [&hellip;]<\/p>\n","protected":false},"author":2,"featured_media":33875,"comment_status":"open","ping_status":"closed","sticky":false,"template":"","format":"standard","meta":{"footnotes":""},"categories":[31],"tags":[],"class_list":["post-33874","post","type-post","status-publish","format-standard","has-post-thumbnail","hentry","category-cabo-frio"],"yoast_head":"<!-- This site is optimized with the Yoast SEO plugin v26.5 - https:\/\/yoast.com\/wordpress\/plugins\/seo\/ -->\n<title>Resgates de jiboias em Cabo Frio refor\u00e7am alerta sobre presen\u00e7a de fauna silvestre em \u00e1reas urbanas - Rota Rio<\/title>\n<meta name=\"robots\" content=\"index, follow, max-snippet:-1, max-image-preview:large, max-video-preview:-1\" \/>\n<link rel=\"canonical\" href=\"https:\/\/rotario.com.br\/site\/resgates-de-jiboias-em-cabo-frio-reforcam-alerta-sobre-presenca-de-fauna-silvestre-em-areas-urbanas\/\" \/>\n<meta property=\"og:locale\" content=\"pt_BR\" \/>\n<meta property=\"og:type\" content=\"article\" \/>\n<meta property=\"og:title\" content=\"Resgates de jiboias em Cabo Frio refor\u00e7am alerta sobre presen\u00e7a de fauna silvestre em \u00e1reas urbanas - Rota Rio\" \/>\n<meta property=\"og:description\" content=\"Agentes da Guarda Civil Municipal de Cabo Frio atuaram, nesta ter\u00e7a-feira (10), no resgate de duas jiboias em diferentes pontos da cidade. As a\u00e7\u00f5es foram conduzidas por equipes da Guarda Mar\u00edtima e Ambiental, respons\u00e1veis por ocorr\u00eancias envolvendo animais silvestres no munic\u00edpio. O primeiro chamado ocorreu por volta das 10h, na regi\u00e3o da Ilha do Japon\u00eas. [&hellip;]\" \/>\n<meta property=\"og:url\" content=\"https:\/\/rotario.com.br\/site\/resgates-de-jiboias-em-cabo-frio-reforcam-alerta-sobre-presenca-de-fauna-silvestre-em-areas-urbanas\/\" \/>\n<meta property=\"og:site_name\" content=\"Rota Rio\" \/>\n<meta property=\"article:published_time\" content=\"2026-03-11T16:35:41+00:00\" \/>\n<meta property=\"article:modified_time\" content=\"2026-03-11T16:35:47+00:00\" \/>\n<meta property=\"og:image\" content=\"https:\/\/rotario.com.br\/site\/wp-content\/uploads\/2026\/03\/WhatsApp-Image-2026-03-11-at-12.29.04.jpeg\" \/>\n\t<meta property=\"og:image:width\" content=\"630\" \/>\n\t<meta property=\"og:image:height\" content=\"572\" \/>\n\t<meta property=\"og:image:type\" content=\"image\/jpeg\" \/>\n<meta name=\"author\" content=\"Galv\u00e3o\" \/>\n<meta name=\"twitter:card\" content=\"summary_large_image\" \/>\n<meta name=\"twitter:label1\" content=\"Escrito por\" \/>\n\t<meta name=\"twitter:data1\" content=\"Galv\u00e3o\" \/>\n\t<meta name=\"twitter:label2\" content=\"Est. tempo de leitura\" \/>\n\t<meta name=\"twitter:data2\" content=\"2 minutos\" \/>\n<script type=\"application\/ld+json\" class=\"yoast-schema-graph\">{\"@context\":\"https:\/\/schema.org\",\"@graph\":[{\"@type\":\"Article\",\"@id\":\"https:\/\/rotario.com.br\/site\/resgates-de-jiboias-em-cabo-frio-reforcam-alerta-sobre-presenca-de-fauna-silvestre-em-areas-urbanas\/#article\",\"isPartOf\":{\"@id\":\"https:\/\/rotario.com.br\/site\/resgates-de-jiboias-em-cabo-frio-reforcam-alerta-sobre-presenca-de-fauna-silvestre-em-areas-urbanas\/\"},\"author\":{\"name\":\"Galv\u00e3o\",\"@id\":\"https:\/\/rotario.com.br\/site\/#\/schema\/person\/fd89bbbf4136f7e8a21e0dd67b8a66c7\"},\"headline\":\"Resgates de jiboias em Cabo Frio refor\u00e7am alerta sobre presen\u00e7a de fauna silvestre em \u00e1reas urbanas\",\"datePublished\":\"2026-03-11T16:35:41+00:00\",\"dateModified\":\"2026-03-11T16:35:47+00:00\",\"mainEntityOfPage\":{\"@id\":\"https:\/\/rotario.com.br\/site\/resgates-de-jiboias-em-cabo-frio-reforcam-alerta-sobre-presenca-de-fauna-silvestre-em-areas-urbanas\/\"},\"wordCount\":376,\"commentCount\":0,\"publisher\":{\"@id\":\"https:\/\/rotario.com.br\/site\/#organization\"},\"image\":{\"@id\":\"https:\/\/rotario.com.br\/site\/resgates-de-jiboias-em-cabo-frio-reforcam-alerta-sobre-presenca-de-fauna-silvestre-em-areas-urbanas\/#primaryimage\"},\"thumbnailUrl\":\"https:\/\/rotario.com.br\/site\/wp-content\/uploads\/2026\/03\/WhatsApp-Image-2026-03-11-at-12.29.04.jpeg\",\"articleSection\":[\"Cabo Frio\"],\"inLanguage\":\"pt-BR\",\"potentialAction\":[{\"@type\":\"CommentAction\",\"name\":\"Comment\",\"target\":[\"https:\/\/rotario.com.br\/site\/resgates-de-jiboias-em-cabo-frio-reforcam-alerta-sobre-presenca-de-fauna-silvestre-em-areas-urbanas\/#respond\"]}]},{\"@type\":\"WebPage\",\"@id\":\"https:\/\/rotario.com.br\/site\/resgates-de-jiboias-em-cabo-frio-reforcam-alerta-sobre-presenca-de-fauna-silvestre-em-areas-urbanas\/\",\"url\":\"https:\/\/rotario.com.br\/site\/resgates-de-jiboias-em-cabo-frio-reforcam-alerta-sobre-presenca-de-fauna-silvestre-em-areas-urbanas\/\",\"name\":\"Resgates de jiboias em Cabo Frio refor\u00e7am alerta sobre presen\u00e7a de fauna silvestre em \u00e1reas urbanas - Rota Rio\",\"isPartOf\":{\"@id\":\"https:\/\/rotario.com.br\/site\/#website\"},\"primaryImageOfPage\":{\"@id\":\"https:\/\/rotario.com.br\/site\/resgates-de-jiboias-em-cabo-frio-reforcam-alerta-sobre-presenca-de-fauna-silvestre-em-areas-urbanas\/#primaryimage\"},\"image\":{\"@id\":\"https:\/\/rotario.com.br\/site\/resgates-de-jiboias-em-cabo-frio-reforcam-alerta-sobre-presenca-de-fauna-silvestre-em-areas-urbanas\/#primaryimage\"},\"thumbnailUrl\":\"https:\/\/rotario.com.br\/site\/wp-content\/uploads\/2026\/03\/WhatsApp-Image-2026-03-11-at-12.29.04.jpeg\",\"datePublished\":\"2026-03-11T16:35:41+00:00\",\"dateModified\":\"2026-03-11T16:35:47+00:00\",\"breadcrumb\":{\"@id\":\"https:\/\/rotario.com.br\/site\/resgates-de-jiboias-em-cabo-frio-reforcam-alerta-sobre-presenca-de-fauna-silvestre-em-areas-urbanas\/#breadcrumb\"},\"inLanguage\":\"pt-BR\",\"potentialAction\":[{\"@type\":\"ReadAction\",\"target\":[\"https:\/\/rotario.com.br\/site\/resgates-de-jiboias-em-cabo-frio-reforcam-alerta-sobre-presenca-de-fauna-silvestre-em-areas-urbanas\/\"]}]},{\"@type\":\"ImageObject\",\"inLanguage\":\"pt-BR\",\"@id\":\"https:\/\/rotario.com.br\/site\/resgates-de-jiboias-em-cabo-frio-reforcam-alerta-sobre-presenca-de-fauna-silvestre-em-areas-urbanas\/#primaryimage\",\"url\":\"https:\/\/rotario.com.br\/site\/wp-content\/uploads\/2026\/03\/WhatsApp-Image-2026-03-11-at-12.29.04.jpeg\",\"contentUrl\":\"https:\/\/rotario.com.br\/site\/wp-content\/uploads\/2026\/03\/WhatsApp-Image-2026-03-11-at-12.29.04.jpeg\",\"width\":630,\"height\":572},{\"@type\":\"BreadcrumbList\",\"@id\":\"https:\/\/rotario.com.br\/site\/resgates-de-jiboias-em-cabo-frio-reforcam-alerta-sobre-presenca-de-fauna-silvestre-em-areas-urbanas\/#breadcrumb\",\"itemListElement\":[{\"@type\":\"ListItem\",\"position\":1,\"name\":\"In\u00edcio\",\"item\":\"https:\/\/rotario.com.br\/site\/\"},{\"@type\":\"ListItem\",\"position\":2,\"name\":\"Resgates de jiboias em Cabo Frio refor\u00e7am alerta sobre presen\u00e7a de fauna silvestre em \u00e1reas urbanas\"}]},{\"@type\":\"WebSite\",\"@id\":\"https:\/\/rotario.com.br\/site\/#website\",\"url\":\"https:\/\/rotario.com.br\/site\/\",\"name\":\"Rota Rio\",\"description\":\"Aqui, o Rio de Janeiro \u00e9 a pauta!\",\"publisher\":{\"@id\":\"https:\/\/rotario.com.br\/site\/#organization\"},\"potentialAction\":[{\"@type\":\"SearchAction\",\"target\":{\"@type\":\"EntryPoint\",\"urlTemplate\":\"https:\/\/rotario.com.br\/site\/?s={search_term_string}\"},\"query-input\":{\"@type\":\"PropertyValueSpecification\",\"valueRequired\":true,\"valueName\":\"search_term_string\"}}],\"inLanguage\":\"pt-BR\"},{\"@type\":\"Organization\",\"@id\":\"https:\/\/rotario.com.br\/site\/#organization\",\"name\":\"Rota Rio\",\"url\":\"https:\/\/rotario.com.br\/site\/\",\"logo\":{\"@type\":\"ImageObject\",\"inLanguage\":\"pt-BR\",\"@id\":\"https:\/\/rotario.com.br\/site\/#\/schema\/logo\/image\/\",\"url\":\"https:\/\/rotario.com.br\/site\/wp-content\/uploads\/2022\/04\/cropped-ROTARIO-LOGO-Prancheta-1-1-2048x654-1.png\",\"contentUrl\":\"https:\/\/rotario.com.br\/site\/wp-content\/uploads\/2022\/04\/cropped-ROTARIO-LOGO-Prancheta-1-1-2048x654-1.png\",\"width\":2048,\"height\":654,\"caption\":\"Rota Rio\"},\"image\":{\"@id\":\"https:\/\/rotario.com.br\/site\/#\/schema\/logo\/image\/\"}},{\"@type\":\"Person\",\"@id\":\"https:\/\/rotario.com.br\/site\/#\/schema\/person\/fd89bbbf4136f7e8a21e0dd67b8a66c7\",\"name\":\"Galv\u00e3o\",\"url\":\"https:\/\/rotario.com.br\/site\/author\/daniel\/\"}]}<\/script>\n<!-- \/ Yoast SEO plugin. -->","yoast_head_json":{"title":"Resgates de jiboias em Cabo Frio refor\u00e7am alerta sobre presen\u00e7a de fauna silvestre em \u00e1reas urbanas - Rota Rio","robots":{"index":"index","follow":"follow","max-snippet":"max-snippet:-1","max-image-preview":"max-image-preview:large","max-video-preview":"max-video-preview:-1"},"canonical":"https:\/\/rotario.com.br\/site\/resgates-de-jiboias-em-cabo-frio-reforcam-alerta-sobre-presenca-de-fauna-silvestre-em-areas-urbanas\/","og_locale":"pt_BR","og_type":"article","og_title":"Resgates de jiboias em Cabo Frio refor\u00e7am alerta sobre presen\u00e7a de fauna silvestre em \u00e1reas urbanas - Rota Rio","og_description":"Agentes da Guarda Civil Municipal de Cabo Frio atuaram, nesta ter\u00e7a-feira (10), no resgate de duas jiboias em diferentes pontos da cidade. As a\u00e7\u00f5es foram conduzidas por equipes da Guarda Mar\u00edtima e Ambiental, respons\u00e1veis por ocorr\u00eancias envolvendo animais silvestres no munic\u00edpio. O primeiro chamado ocorreu por volta das 10h, na regi\u00e3o da Ilha do Japon\u00eas. [&hellip;]","og_url":"https:\/\/rotario.com.br\/site\/resgates-de-jiboias-em-cabo-frio-reforcam-alerta-sobre-presenca-de-fauna-silvestre-em-areas-urbanas\/","og_site_name":"Rota Rio","article_published_time":"2026-03-11T16:35:41+00:00","article_modified_time":"2026-03-11T16:35:47+00:00","og_image":[{"width":630,"height":572,"url":"https:\/\/rotario.com.br\/site\/wp-content\/uploads\/2026\/03\/WhatsApp-Image-2026-03-11-at-12.29.04.jpeg","type":"image\/jpeg"}],"author":"Galv\u00e3o","twitter_card":"summary_large_image","twitter_misc":{"Escrito por":"Galv\u00e3o","Est. tempo de leitura":"2 minutos"},"schema":{"@context":"https:\/\/schema.org","@graph":[{"@type":"Article","@id":"https:\/\/rotario.com.br\/site\/resgates-de-jiboias-em-cabo-frio-reforcam-alerta-sobre-presenca-de-fauna-silvestre-em-areas-urbanas\/#article","isPartOf":{"@id":"https:\/\/rotario.com.br\/site\/resgates-de-jiboias-em-cabo-frio-reforcam-alerta-sobre-presenca-de-fauna-silvestre-em-areas-urbanas\/"},"author":{"name":"Galv\u00e3o","@id":"https:\/\/rotario.com.br\/site\/#\/schema\/person\/fd89bbbf4136f7e8a21e0dd67b8a66c7"},"headline":"Resgates de jiboias em Cabo Frio refor\u00e7am alerta sobre presen\u00e7a de fauna silvestre em \u00e1reas urbanas","datePublished":"2026-03-11T16:35:41+00:00","dateModified":"2026-03-11T16:35:47+00:00","mainEntityOfPage":{"@id":"https:\/\/rotario.com.br\/site\/resgates-de-jiboias-em-cabo-frio-reforcam-alerta-sobre-presenca-de-fauna-silvestre-em-areas-urbanas\/"},"wordCount":376,"commentCount":0,"publisher":{"@id":"https:\/\/rotario.com.br\/site\/#organization"},"image":{"@id":"https:\/\/rotario.com.br\/site\/resgates-de-jiboias-em-cabo-frio-reforcam-alerta-sobre-presenca-de-fauna-silvestre-em-areas-urbanas\/#primaryimage"},"thumbnailUrl":"https:\/\/rotario.com.br\/site\/wp-content\/uploads\/2026\/03\/WhatsApp-Image-2026-03-11-at-12.29.04.jpeg","articleSection":["Cabo Frio"],"inLanguage":"pt-BR","potentialAction":[{"@type":"CommentAction","name":"Comment","target":["https:\/\/rotario.com.br\/site\/resgates-de-jiboias-em-cabo-frio-reforcam-alerta-sobre-presenca-de-fauna-silvestre-em-areas-urbanas\/#respond"]}]},{"@type":"WebPage","@id":"https:\/\/rotario.com.br\/site\/resgates-de-jiboias-em-cabo-frio-reforcam-alerta-sobre-presenca-de-fauna-silvestre-em-areas-urbanas\/","url":"https:\/\/rotario.com.br\/site\/resgates-de-jiboias-em-cabo-frio-reforcam-alerta-sobre-presenca-de-fauna-silvestre-em-areas-urbanas\/","name":"Resgates de jiboias em Cabo Frio refor\u00e7am alerta sobre presen\u00e7a de fauna silvestre em \u00e1reas urbanas - Rota Rio","isPartOf":{"@id":"https:\/\/rotario.com.br\/site\/#website"},"primaryImageOfPage":{"@id":"https:\/\/rotario.com.br\/site\/resgates-de-jiboias-em-cabo-frio-reforcam-alerta-sobre-presenca-de-fauna-silvestre-em-areas-urbanas\/#primaryimage"},"image":{"@id":"https:\/\/rotario.com.br\/site\/resgates-de-jiboias-em-cabo-frio-reforcam-alerta-sobre-presenca-de-fauna-silvestre-em-areas-urbanas\/#primaryimage"},"thumbnailUrl":"https:\/\/rotario.com.br\/site\/wp-content\/uploads\/2026\/03\/WhatsApp-Image-2026-03-11-at-12.29.04.jpeg","datePublished":"2026-03-11T16:35:41+00:00","dateModified":"2026-03-11T16:35:47+00:00","breadcrumb":{"@id":"https:\/\/rotario.com.br\/site\/resgates-de-jiboias-em-cabo-frio-reforcam-alerta-sobre-presenca-de-fauna-silvestre-em-areas-urbanas\/#breadcrumb"},"inLanguage":"pt-BR","potentialAction":[{"@type":"ReadAction","target":["https:\/\/rotario.com.br\/site\/resgates-de-jiboias-em-cabo-frio-reforcam-alerta-sobre-presenca-de-fauna-silvestre-em-areas-urbanas\/"]}]},{"@type":"ImageObject","inLanguage":"pt-BR","@id":"https:\/\/rotario.com.br\/site\/resgates-de-jiboias-em-cabo-frio-reforcam-alerta-sobre-presenca-de-fauna-silvestre-em-areas-urbanas\/#primaryimage","url":"https:\/\/rotario.com.br\/site\/wp-content\/uploads\/2026\/03\/WhatsApp-Image-2026-03-11-at-12.29.04.jpeg","contentUrl":"https:\/\/rotario.com.br\/site\/wp-content\/uploads\/2026\/03\/WhatsApp-Image-2026-03-11-at-12.29.04.jpeg","width":630,"height":572},{"@type":"BreadcrumbList","@id":"https:\/\/rotario.com.br\/site\/resgates-de-jiboias-em-cabo-frio-reforcam-alerta-sobre-presenca-de-fauna-silvestre-em-areas-urbanas\/#breadcrumb","itemListElement":[{"@type":"ListItem","position":1,"name":"In\u00edcio","item":"https:\/\/rotario.com.br\/site\/"},{"@type":"ListItem","position":2,"name":"Resgates de jiboias em Cabo Frio refor\u00e7am alerta sobre presen\u00e7a de fauna silvestre em \u00e1reas urbanas"}]},{"@type":"WebSite","@id":"https:\/\/rotario.com.br\/site\/#website","url":"https:\/\/rotario.com.br\/site\/","name":"Rota Rio","description":"Aqui, o Rio de Janeiro \u00e9 a pauta!","publisher":{"@id":"https:\/\/rotario.com.br\/site\/#organization"},"potentialAction":[{"@type":"SearchAction","target":{"@type":"EntryPoint","urlTemplate":"https:\/\/rotario.com.br\/site\/?s={search_term_string}"},"query-input":{"@type":"PropertyValueSpecification","valueRequired":true,"valueName":"search_term_string"}}],"inLanguage":"pt-BR"},{"@type":"Organization","@id":"https:\/\/rotario.com.br\/site\/#organization","name":"Rota Rio","url":"https:\/\/rotario.com.br\/site\/","logo":{"@type":"ImageObject","inLanguage":"pt-BR","@id":"https:\/\/rotario.com.br\/site\/#\/schema\/logo\/image\/","url":"https:\/\/rotario.com.br\/site\/wp-content\/uploads\/2022\/04\/cropped-ROTARIO-LOGO-Prancheta-1-1-2048x654-1.png","contentUrl":"https:\/\/rotario.com.br\/site\/wp-content\/uploads\/2022\/04\/cropped-ROTARIO-LOGO-Prancheta-1-1-2048x654-1.png","width":2048,"height":654,"caption":"Rota Rio"},"image":{"@id":"https:\/\/rotario.com.br\/site\/#\/schema\/logo\/image\/"}},{"@type":"Person","@id":"https:\/\/rotario.com.br\/site\/#\/schema\/person\/fd89bbbf4136f7e8a21e0dd67b8a66c7","name":"Galv\u00e3o","url":"https:\/\/rotario.com.br\/site\/author\/daniel\/"}]}},"_links":{"self":[{"href":"https:\/\/rotario.com.br\/site\/wp-json\/wp\/v2\/posts\/33874","targetHints":{"allow":["GET"]}}],"collection":[{"href":"https:\/\/rotario.com.br\/site\/wp-json\/wp\/v2\/posts"}],"about":[{"href":"https:\/\/rotario.com.br\/site\/wp-json\/wp\/v2\/types\/post"}],"author":[{"embeddable":true,"href":"https:\/\/rotario.com.br\/site\/wp-json\/wp\/v2\/users\/2"}],"replies":[{"embeddable":true,"href":"https:\/\/rotario.com.br\/site\/wp-json\/wp\/v2\/comments?post=33874"}],"version-history":[{"count":1,"href":"https:\/\/rotario.com.br\/site\/wp-json\/wp\/v2\/posts\/33874\/revisions"}],"predecessor-version":[{"id":33876,"href":"https:\/\/rotario.com.br\/site\/wp-json\/wp\/v2\/posts\/33874\/revisions\/33876"}],"wp:featuredmedia":[{"embeddable":true,"href":"https:\/\/rotario.com.br\/site\/wp-json\/wp\/v2\/media\/33875"}],"wp:attachment":[{"href":"https:\/\/rotario.com.br\/site\/wp-json\/wp\/v2\/media?parent=33874"}],"wp:term":[{"taxonomy":"category","embeddable":true,"href":"https:\/\/rotario.com.br\/site\/wp-json\/wp\/v2\/categories?post=33874"},{"taxonomy":"post_tag","embeddable":true,"href":"https:\/\/rotario.com.br\/site\/wp-json\/wp\/v2\/tags?post=33874"}],"curies":[{"name":"wp","href":"https:\/\/api.w.org\/{rel}","templated":true}]}}