{"id":33883,"date":"2026-03-11T17:27:39","date_gmt":"2026-03-11T20:27:39","guid":{"rendered":"https:\/\/rotario.com.br\/site\/?p=33883"},"modified":"2026-03-11T17:27:43","modified_gmt":"2026-03-11T20:27:43","slug":"cabo-frio-debate-recuperacao-de-recursos-hidricos-e-novos-investimentos-ambientais","status":"publish","type":"post","link":"https:\/\/rotario.com.br\/site\/cabo-frio-debate-recuperacao-de-recursos-hidricos-e-novos-investimentos-ambientais\/","title":{"rendered":"Cabo Frio debate recupera\u00e7\u00e3o de recursos h\u00eddricos e novos investimentos ambientais"},"content":{"rendered":"\n<p>A Prefeitura de Cabo Frio, por meio da Secretaria de Meio Ambiente, Clima e Saneamento, participou nesta semana de um encontro com representantes do Governo do Estado para tratar de pol\u00edticas e investimentos voltados \u00e0 gest\u00e3o dos recursos h\u00eddricos. A reuni\u00e3o foi realizada no Rio de Janeiro e reuniu o secret\u00e1rio estadual do Ambiente e Sustentabilidade, Bernardo Rossi, o presidente do Instituto Estadual do Ambiente (Inea), Renato Jord\u00e3o, al\u00e9m de integrantes dos Comit\u00eas de Bacias Hidrogr\u00e1ficas de diversas regi\u00f5es do estado.<\/p>\n\n\n\n<p>Durante o encontro, foram debatidas estrat\u00e9gias para ampliar a\u00e7\u00f5es ambientais, al\u00e9m da destina\u00e7\u00e3o de recursos para projetos ligados ao saneamento, recupera\u00e7\u00e3o de \u00e1reas naturais e fortalecimento de atividades sustent\u00e1veis.<\/p>\n\n\n\n<p>O secret\u00e1rio de Meio Ambiente de Cabo Frio e presidente do Comit\u00ea de Bacia Hidrogr\u00e1fica Lagos S\u00e3o Jo\u00e3o (CBHLSJ), Jailton Nogueira, apresentou avan\u00e7os relacionados \u00e0 dragagem da Praia do Siqueira, realizada dentro do programa Limpa Rio em parceria com o Governo do Estado. Na ocasi\u00e3o, tamb\u00e9m foram sugeridos novos locais para interven\u00e7\u00f5es voltadas \u00e0 recupera\u00e7\u00e3o de corpos h\u00eddricos no munic\u00edpio.<\/p>\n\n\n\n<p>\u201cApresentamos o impacto positivo das a\u00e7\u00f5es j\u00e1 realizadas no munic\u00edpio e formalizamos a necessidade de expandir o Limpa Rio para outras \u00e1reas cruciais, como a Lagoa do Meio, no bairro Foguete, e outros pontos no distrito de Tamoios. Nosso objetivo \u00e9 garantir a preserva\u00e7\u00e3o dos nossos ecossistemas lagunares\u201d, afirmou o secret\u00e1rio.<\/p>\n\n\n\n<p>Al\u00e9m das interven\u00e7\u00f5es ambientais, os participantes discutiram a aplica\u00e7\u00e3o de recursos do Fundo Estadual de Recursos H\u00eddricos (FUNDRHI), iniciativas ligadas \u00e0 Economia Azul, projetos de restaura\u00e7\u00e3o florestal e medidas de incentivo \u00e0 pesca artesanal, atividade considerada importante para o desenvolvimento sustent\u00e1vel da regi\u00e3o.<\/p>\n\n\n\n<p>Ao final da reuni\u00e3o, foi confirmada a realiza\u00e7\u00e3o do Encontro Estadual de Comit\u00eas de Bacias Hidrogr\u00e1ficas (ECOB), marcado para ocorrer entre os dias 13 e 16 de abril, no munic\u00edpio de Miguel Pereira, no interior do Rio de Janeiro. O evento reunir\u00e1 representantes de diferentes regi\u00f5es do estado para debater solu\u00e7\u00f5es e estrat\u00e9gias voltadas \u00e0 gest\u00e3o das bacias hidrogr\u00e1ficas.&nbsp;&nbsp;&nbsp;&nbsp;&nbsp;<\/p>\n","protected":false},"excerpt":{"rendered":"<p>A Prefeitura de Cabo Frio, por meio da Secretaria de Meio Ambiente, Clima e Saneamento, participou nesta semana de um encontro com representantes do Governo do Estado para tratar de pol\u00edticas e investimentos voltados \u00e0 gest\u00e3o dos recursos h\u00eddricos. A reuni\u00e3o foi realizada no Rio de Janeiro e reuniu o secret\u00e1rio estadual do Ambiente e [&hellip;]<\/p>\n","protected":false},"author":2,"featured_media":33884,"comment_status":"open","ping_status":"closed","sticky":false,"template":"","format":"standard","meta":{"footnotes":""},"categories":[31],"tags":[],"class_list":["post-33883","post","type-post","status-publish","format-standard","has-post-thumbnail","hentry","category-cabo-frio"],"yoast_head":"<!-- This site is optimized with the Yoast SEO plugin v26.5 - https:\/\/yoast.com\/wordpress\/plugins\/seo\/ -->\n<title>Cabo Frio debate recupera\u00e7\u00e3o de recursos h\u00eddricos e novos investimentos ambientais - Rota Rio<\/title>\n<meta name=\"robots\" content=\"index, follow, max-snippet:-1, max-image-preview:large, max-video-preview:-1\" \/>\n<link rel=\"canonical\" href=\"https:\/\/rotario.com.br\/site\/cabo-frio-debate-recuperacao-de-recursos-hidricos-e-novos-investimentos-ambientais\/\" \/>\n<meta property=\"og:locale\" content=\"pt_BR\" \/>\n<meta property=\"og:type\" content=\"article\" \/>\n<meta property=\"og:title\" content=\"Cabo Frio debate recupera\u00e7\u00e3o de recursos h\u00eddricos e novos investimentos ambientais - Rota Rio\" \/>\n<meta property=\"og:description\" content=\"A Prefeitura de Cabo Frio, por meio da Secretaria de Meio Ambiente, Clima e Saneamento, participou nesta semana de um encontro com representantes do Governo do Estado para tratar de pol\u00edticas e investimentos voltados \u00e0 gest\u00e3o dos recursos h\u00eddricos. A reuni\u00e3o foi realizada no Rio de Janeiro e reuniu o secret\u00e1rio estadual do Ambiente e [&hellip;]\" \/>\n<meta property=\"og:url\" content=\"https:\/\/rotario.com.br\/site\/cabo-frio-debate-recuperacao-de-recursos-hidricos-e-novos-investimentos-ambientais\/\" \/>\n<meta property=\"og:site_name\" content=\"Rota Rio\" \/>\n<meta property=\"article:published_time\" content=\"2026-03-11T20:27:39+00:00\" \/>\n<meta property=\"article:modified_time\" content=\"2026-03-11T20:27:43+00:00\" \/>\n<meta property=\"og:image\" content=\"https:\/\/rotario.com.br\/site\/wp-content\/uploads\/2026\/03\/04.1.jpg\" \/>\n\t<meta property=\"og:image:width\" content=\"1012\" \/>\n\t<meta property=\"og:image:height\" content=\"688\" \/>\n\t<meta property=\"og:image:type\" content=\"image\/jpeg\" \/>\n<meta name=\"author\" content=\"Galv\u00e3o\" \/>\n<meta name=\"twitter:card\" content=\"summary_large_image\" \/>\n<meta name=\"twitter:label1\" content=\"Escrito por\" \/>\n\t<meta name=\"twitter:data1\" content=\"Galv\u00e3o\" \/>\n\t<meta name=\"twitter:label2\" content=\"Est. tempo de leitura\" \/>\n\t<meta name=\"twitter:data2\" content=\"2 minutos\" \/>\n<script type=\"application\/ld+json\" class=\"yoast-schema-graph\">{\"@context\":\"https:\/\/schema.org\",\"@graph\":[{\"@type\":\"Article\",\"@id\":\"https:\/\/rotario.com.br\/site\/cabo-frio-debate-recuperacao-de-recursos-hidricos-e-novos-investimentos-ambientais\/#article\",\"isPartOf\":{\"@id\":\"https:\/\/rotario.com.br\/site\/cabo-frio-debate-recuperacao-de-recursos-hidricos-e-novos-investimentos-ambientais\/\"},\"author\":{\"name\":\"Galv\u00e3o\",\"@id\":\"https:\/\/rotario.com.br\/site\/#\/schema\/person\/fd89bbbf4136f7e8a21e0dd67b8a66c7\"},\"headline\":\"Cabo Frio debate recupera\u00e7\u00e3o de recursos h\u00eddricos e novos investimentos ambientais\",\"datePublished\":\"2026-03-11T20:27:39+00:00\",\"dateModified\":\"2026-03-11T20:27:43+00:00\",\"mainEntityOfPage\":{\"@id\":\"https:\/\/rotario.com.br\/site\/cabo-frio-debate-recuperacao-de-recursos-hidricos-e-novos-investimentos-ambientais\/\"},\"wordCount\":380,\"commentCount\":0,\"publisher\":{\"@id\":\"https:\/\/rotario.com.br\/site\/#organization\"},\"image\":{\"@id\":\"https:\/\/rotario.com.br\/site\/cabo-frio-debate-recuperacao-de-recursos-hidricos-e-novos-investimentos-ambientais\/#primaryimage\"},\"thumbnailUrl\":\"https:\/\/rotario.com.br\/site\/wp-content\/uploads\/2026\/03\/04.1.jpg\",\"articleSection\":[\"Cabo Frio\"],\"inLanguage\":\"pt-BR\",\"potentialAction\":[{\"@type\":\"CommentAction\",\"name\":\"Comment\",\"target\":[\"https:\/\/rotario.com.br\/site\/cabo-frio-debate-recuperacao-de-recursos-hidricos-e-novos-investimentos-ambientais\/#respond\"]}]},{\"@type\":\"WebPage\",\"@id\":\"https:\/\/rotario.com.br\/site\/cabo-frio-debate-recuperacao-de-recursos-hidricos-e-novos-investimentos-ambientais\/\",\"url\":\"https:\/\/rotario.com.br\/site\/cabo-frio-debate-recuperacao-de-recursos-hidricos-e-novos-investimentos-ambientais\/\",\"name\":\"Cabo Frio debate recupera\u00e7\u00e3o de recursos h\u00eddricos e novos investimentos ambientais - Rota Rio\",\"isPartOf\":{\"@id\":\"https:\/\/rotario.com.br\/site\/#website\"},\"primaryImageOfPage\":{\"@id\":\"https:\/\/rotario.com.br\/site\/cabo-frio-debate-recuperacao-de-recursos-hidricos-e-novos-investimentos-ambientais\/#primaryimage\"},\"image\":{\"@id\":\"https:\/\/rotario.com.br\/site\/cabo-frio-debate-recuperacao-de-recursos-hidricos-e-novos-investimentos-ambientais\/#primaryimage\"},\"thumbnailUrl\":\"https:\/\/rotario.com.br\/site\/wp-content\/uploads\/2026\/03\/04.1.jpg\",\"datePublished\":\"2026-03-11T20:27:39+00:00\",\"dateModified\":\"2026-03-11T20:27:43+00:00\",\"breadcrumb\":{\"@id\":\"https:\/\/rotario.com.br\/site\/cabo-frio-debate-recuperacao-de-recursos-hidricos-e-novos-investimentos-ambientais\/#breadcrumb\"},\"inLanguage\":\"pt-BR\",\"potentialAction\":[{\"@type\":\"ReadAction\",\"target\":[\"https:\/\/rotario.com.br\/site\/cabo-frio-debate-recuperacao-de-recursos-hidricos-e-novos-investimentos-ambientais\/\"]}]},{\"@type\":\"ImageObject\",\"inLanguage\":\"pt-BR\",\"@id\":\"https:\/\/rotario.com.br\/site\/cabo-frio-debate-recuperacao-de-recursos-hidricos-e-novos-investimentos-ambientais\/#primaryimage\",\"url\":\"https:\/\/rotario.com.br\/site\/wp-content\/uploads\/2026\/03\/04.1.jpg\",\"contentUrl\":\"https:\/\/rotario.com.br\/site\/wp-content\/uploads\/2026\/03\/04.1.jpg\",\"width\":1012,\"height\":688},{\"@type\":\"BreadcrumbList\",\"@id\":\"https:\/\/rotario.com.br\/site\/cabo-frio-debate-recuperacao-de-recursos-hidricos-e-novos-investimentos-ambientais\/#breadcrumb\",\"itemListElement\":[{\"@type\":\"ListItem\",\"position\":1,\"name\":\"In\u00edcio\",\"item\":\"https:\/\/rotario.com.br\/site\/\"},{\"@type\":\"ListItem\",\"position\":2,\"name\":\"Cabo Frio debate recupera\u00e7\u00e3o de recursos h\u00eddricos e novos investimentos ambientais\"}]},{\"@type\":\"WebSite\",\"@id\":\"https:\/\/rotario.com.br\/site\/#website\",\"url\":\"https:\/\/rotario.com.br\/site\/\",\"name\":\"Rota Rio\",\"description\":\"Aqui, o Rio de Janeiro \u00e9 a pauta!\",\"publisher\":{\"@id\":\"https:\/\/rotario.com.br\/site\/#organization\"},\"potentialAction\":[{\"@type\":\"SearchAction\",\"target\":{\"@type\":\"EntryPoint\",\"urlTemplate\":\"https:\/\/rotario.com.br\/site\/?s={search_term_string}\"},\"query-input\":{\"@type\":\"PropertyValueSpecification\",\"valueRequired\":true,\"valueName\":\"search_term_string\"}}],\"inLanguage\":\"pt-BR\"},{\"@type\":\"Organization\",\"@id\":\"https:\/\/rotario.com.br\/site\/#organization\",\"name\":\"Rota Rio\",\"url\":\"https:\/\/rotario.com.br\/site\/\",\"logo\":{\"@type\":\"ImageObject\",\"inLanguage\":\"pt-BR\",\"@id\":\"https:\/\/rotario.com.br\/site\/#\/schema\/logo\/image\/\",\"url\":\"https:\/\/rotario.com.br\/site\/wp-content\/uploads\/2022\/04\/cropped-ROTARIO-LOGO-Prancheta-1-1-2048x654-1.png\",\"contentUrl\":\"https:\/\/rotario.com.br\/site\/wp-content\/uploads\/2022\/04\/cropped-ROTARIO-LOGO-Prancheta-1-1-2048x654-1.png\",\"width\":2048,\"height\":654,\"caption\":\"Rota Rio\"},\"image\":{\"@id\":\"https:\/\/rotario.com.br\/site\/#\/schema\/logo\/image\/\"}},{\"@type\":\"Person\",\"@id\":\"https:\/\/rotario.com.br\/site\/#\/schema\/person\/fd89bbbf4136f7e8a21e0dd67b8a66c7\",\"name\":\"Galv\u00e3o\",\"url\":\"https:\/\/rotario.com.br\/site\/author\/daniel\/\"}]}<\/script>\n<!-- \/ Yoast SEO plugin. -->","yoast_head_json":{"title":"Cabo Frio debate recupera\u00e7\u00e3o de recursos h\u00eddricos e novos investimentos ambientais - Rota Rio","robots":{"index":"index","follow":"follow","max-snippet":"max-snippet:-1","max-image-preview":"max-image-preview:large","max-video-preview":"max-video-preview:-1"},"canonical":"https:\/\/rotario.com.br\/site\/cabo-frio-debate-recuperacao-de-recursos-hidricos-e-novos-investimentos-ambientais\/","og_locale":"pt_BR","og_type":"article","og_title":"Cabo Frio debate recupera\u00e7\u00e3o de recursos h\u00eddricos e novos investimentos ambientais - Rota Rio","og_description":"A Prefeitura de Cabo Frio, por meio da Secretaria de Meio Ambiente, Clima e Saneamento, participou nesta semana de um encontro com representantes do Governo do Estado para tratar de pol\u00edticas e investimentos voltados \u00e0 gest\u00e3o dos recursos h\u00eddricos. A reuni\u00e3o foi realizada no Rio de Janeiro e reuniu o secret\u00e1rio estadual do Ambiente e [&hellip;]","og_url":"https:\/\/rotario.com.br\/site\/cabo-frio-debate-recuperacao-de-recursos-hidricos-e-novos-investimentos-ambientais\/","og_site_name":"Rota Rio","article_published_time":"2026-03-11T20:27:39+00:00","article_modified_time":"2026-03-11T20:27:43+00:00","og_image":[{"width":1012,"height":688,"url":"https:\/\/rotario.com.br\/site\/wp-content\/uploads\/2026\/03\/04.1.jpg","type":"image\/jpeg"}],"author":"Galv\u00e3o","twitter_card":"summary_large_image","twitter_misc":{"Escrito por":"Galv\u00e3o","Est. tempo de leitura":"2 minutos"},"schema":{"@context":"https:\/\/schema.org","@graph":[{"@type":"Article","@id":"https:\/\/rotario.com.br\/site\/cabo-frio-debate-recuperacao-de-recursos-hidricos-e-novos-investimentos-ambientais\/#article","isPartOf":{"@id":"https:\/\/rotario.com.br\/site\/cabo-frio-debate-recuperacao-de-recursos-hidricos-e-novos-investimentos-ambientais\/"},"author":{"name":"Galv\u00e3o","@id":"https:\/\/rotario.com.br\/site\/#\/schema\/person\/fd89bbbf4136f7e8a21e0dd67b8a66c7"},"headline":"Cabo Frio debate recupera\u00e7\u00e3o de recursos h\u00eddricos e novos investimentos ambientais","datePublished":"2026-03-11T20:27:39+00:00","dateModified":"2026-03-11T20:27:43+00:00","mainEntityOfPage":{"@id":"https:\/\/rotario.com.br\/site\/cabo-frio-debate-recuperacao-de-recursos-hidricos-e-novos-investimentos-ambientais\/"},"wordCount":380,"commentCount":0,"publisher":{"@id":"https:\/\/rotario.com.br\/site\/#organization"},"image":{"@id":"https:\/\/rotario.com.br\/site\/cabo-frio-debate-recuperacao-de-recursos-hidricos-e-novos-investimentos-ambientais\/#primaryimage"},"thumbnailUrl":"https:\/\/rotario.com.br\/site\/wp-content\/uploads\/2026\/03\/04.1.jpg","articleSection":["Cabo Frio"],"inLanguage":"pt-BR","potentialAction":[{"@type":"CommentAction","name":"Comment","target":["https:\/\/rotario.com.br\/site\/cabo-frio-debate-recuperacao-de-recursos-hidricos-e-novos-investimentos-ambientais\/#respond"]}]},{"@type":"WebPage","@id":"https:\/\/rotario.com.br\/site\/cabo-frio-debate-recuperacao-de-recursos-hidricos-e-novos-investimentos-ambientais\/","url":"https:\/\/rotario.com.br\/site\/cabo-frio-debate-recuperacao-de-recursos-hidricos-e-novos-investimentos-ambientais\/","name":"Cabo Frio debate recupera\u00e7\u00e3o de recursos h\u00eddricos e novos investimentos ambientais - Rota Rio","isPartOf":{"@id":"https:\/\/rotario.com.br\/site\/#website"},"primaryImageOfPage":{"@id":"https:\/\/rotario.com.br\/site\/cabo-frio-debate-recuperacao-de-recursos-hidricos-e-novos-investimentos-ambientais\/#primaryimage"},"image":{"@id":"https:\/\/rotario.com.br\/site\/cabo-frio-debate-recuperacao-de-recursos-hidricos-e-novos-investimentos-ambientais\/#primaryimage"},"thumbnailUrl":"https:\/\/rotario.com.br\/site\/wp-content\/uploads\/2026\/03\/04.1.jpg","datePublished":"2026-03-11T20:27:39+00:00","dateModified":"2026-03-11T20:27:43+00:00","breadcrumb":{"@id":"https:\/\/rotario.com.br\/site\/cabo-frio-debate-recuperacao-de-recursos-hidricos-e-novos-investimentos-ambientais\/#breadcrumb"},"inLanguage":"pt-BR","potentialAction":[{"@type":"ReadAction","target":["https:\/\/rotario.com.br\/site\/cabo-frio-debate-recuperacao-de-recursos-hidricos-e-novos-investimentos-ambientais\/"]}]},{"@type":"ImageObject","inLanguage":"pt-BR","@id":"https:\/\/rotario.com.br\/site\/cabo-frio-debate-recuperacao-de-recursos-hidricos-e-novos-investimentos-ambientais\/#primaryimage","url":"https:\/\/rotario.com.br\/site\/wp-content\/uploads\/2026\/03\/04.1.jpg","contentUrl":"https:\/\/rotario.com.br\/site\/wp-content\/uploads\/2026\/03\/04.1.jpg","width":1012,"height":688},{"@type":"BreadcrumbList","@id":"https:\/\/rotario.com.br\/site\/cabo-frio-debate-recuperacao-de-recursos-hidricos-e-novos-investimentos-ambientais\/#breadcrumb","itemListElement":[{"@type":"ListItem","position":1,"name":"In\u00edcio","item":"https:\/\/rotario.com.br\/site\/"},{"@type":"ListItem","position":2,"name":"Cabo Frio debate recupera\u00e7\u00e3o de recursos h\u00eddricos e novos investimentos ambientais"}]},{"@type":"WebSite","@id":"https:\/\/rotario.com.br\/site\/#website","url":"https:\/\/rotario.com.br\/site\/","name":"Rota Rio","description":"Aqui, o Rio de Janeiro \u00e9 a pauta!","publisher":{"@id":"https:\/\/rotario.com.br\/site\/#organization"},"potentialAction":[{"@type":"SearchAction","target":{"@type":"EntryPoint","urlTemplate":"https:\/\/rotario.com.br\/site\/?s={search_term_string}"},"query-input":{"@type":"PropertyValueSpecification","valueRequired":true,"valueName":"search_term_string"}}],"inLanguage":"pt-BR"},{"@type":"Organization","@id":"https:\/\/rotario.com.br\/site\/#organization","name":"Rota Rio","url":"https:\/\/rotario.com.br\/site\/","logo":{"@type":"ImageObject","inLanguage":"pt-BR","@id":"https:\/\/rotario.com.br\/site\/#\/schema\/logo\/image\/","url":"https:\/\/rotario.com.br\/site\/wp-content\/uploads\/2022\/04\/cropped-ROTARIO-LOGO-Prancheta-1-1-2048x654-1.png","contentUrl":"https:\/\/rotario.com.br\/site\/wp-content\/uploads\/2022\/04\/cropped-ROTARIO-LOGO-Prancheta-1-1-2048x654-1.png","width":2048,"height":654,"caption":"Rota Rio"},"image":{"@id":"https:\/\/rotario.com.br\/site\/#\/schema\/logo\/image\/"}},{"@type":"Person","@id":"https:\/\/rotario.com.br\/site\/#\/schema\/person\/fd89bbbf4136f7e8a21e0dd67b8a66c7","name":"Galv\u00e3o","url":"https:\/\/rotario.com.br\/site\/author\/daniel\/"}]}},"_links":{"self":[{"href":"https:\/\/rotario.com.br\/site\/wp-json\/wp\/v2\/posts\/33883","targetHints":{"allow":["GET"]}}],"collection":[{"href":"https:\/\/rotario.com.br\/site\/wp-json\/wp\/v2\/posts"}],"about":[{"href":"https:\/\/rotario.com.br\/site\/wp-json\/wp\/v2\/types\/post"}],"author":[{"embeddable":true,"href":"https:\/\/rotario.com.br\/site\/wp-json\/wp\/v2\/users\/2"}],"replies":[{"embeddable":true,"href":"https:\/\/rotario.com.br\/site\/wp-json\/wp\/v2\/comments?post=33883"}],"version-history":[{"count":1,"href":"https:\/\/rotario.com.br\/site\/wp-json\/wp\/v2\/posts\/33883\/revisions"}],"predecessor-version":[{"id":33885,"href":"https:\/\/rotario.com.br\/site\/wp-json\/wp\/v2\/posts\/33883\/revisions\/33885"}],"wp:featuredmedia":[{"embeddable":true,"href":"https:\/\/rotario.com.br\/site\/wp-json\/wp\/v2\/media\/33884"}],"wp:attachment":[{"href":"https:\/\/rotario.com.br\/site\/wp-json\/wp\/v2\/media?parent=33883"}],"wp:term":[{"taxonomy":"category","embeddable":true,"href":"https:\/\/rotario.com.br\/site\/wp-json\/wp\/v2\/categories?post=33883"},{"taxonomy":"post_tag","embeddable":true,"href":"https:\/\/rotario.com.br\/site\/wp-json\/wp\/v2\/tags?post=33883"}],"curies":[{"name":"wp","href":"https:\/\/api.w.org\/{rel}","templated":true}]}}