{"id":33900,"date":"2026-03-11T18:37:15","date_gmt":"2026-03-11T21:37:15","guid":{"rendered":"https:\/\/rotario.com.br\/site\/?p=33900"},"modified":"2026-03-11T18:37:24","modified_gmt":"2026-03-11T21:37:24","slug":"camara-de-macae-presta-homenagem-as-vereadoras-em-alusao-ao-dia-da-mulher","status":"publish","type":"post","link":"https:\/\/rotario.com.br\/site\/camara-de-macae-presta-homenagem-as-vereadoras-em-alusao-ao-dia-da-mulher\/","title":{"rendered":"C\u00e2mara de Maca\u00e9 presta homenagem \u00e0s vereadoras em alus\u00e3o ao Dia da Mulher"},"content":{"rendered":"\n<p>Em sess\u00e3o ordin\u00e1ria realizada nessa ter\u00e7a-feira, 10, a C\u00e2mara de Maca\u00e9 prestou sua homenagem \u00e0s mulheres vereadoras, que equivalem a 23,53% da Casa na atual legislatura, lembrando o Dia Internacional da Mulher, celebrado nesse domingo, 8.<\/p>\n\n\n\n<p>O momento foi marcado pela entrega de buqu\u00eas de flores das m\u00e3os do presidente da C\u00e2mara, vereador Alan Mansur (CIDADANIA), para as vereadoras Leandra Lopes (PT), Mayara Rezende (REPUBLICANOS), Liomar Queiroz (AGIR), e Manu Rezende (CIDADANIA).<\/p>\n\n\n\n<p>Em seus discursos durante a solenidade, as vereadoras refor\u00e7aram a import\u00e2ncia da luta contra o feminic\u00eddio e exaltaram outras mulheres, como a bi\u00f3loga e professora da Universidade Federal do Rio de Janeiro (UFRJ), Tatiana Sampaio.<\/p>\n\n\n\n<p>A cientista ganhou renome nacional e internacional em reconhecimento \u00e0 descoberta do uso da mol\u00e9cula de polilaminina na regenera\u00e7\u00e3o de les\u00f5es medulares, que recebeu, em janeiro de 2026, autoriza\u00e7\u00e3o da Ag\u00eancia Nacional de Vigil\u00e2ncia Sanit\u00e1ria (ANVISA) para o in\u00edcio da realiza\u00e7\u00e3o de testes cl\u00ednicos.<\/p>\n\n\n\n<p>O nome da l\u00edder da pesquisa realizada pela UFRJ desde 1997 foi lembrada pela vereadora Leandra Lopes, que prop\u00f4s uma salva de palmas \u00e0 cientista e seu trabalho que v\u00eam dando esperan\u00e7a de recupera\u00e7\u00e3o de fun\u00e7\u00f5es motoras em tetrapl\u00e9gicos. \u201cReconhe\u00e7amos essa mulher not\u00e1vel por sua contribui\u00e7\u00e3o cient\u00edfica, e tantas outras que mudam o destino das pessoas de forma t\u00e3o extraordin\u00e1ria\u201d, sugeriu Leandra Lopes.<\/p>\n\n\n\n<p>Ex-secret\u00e1ria de Educa\u00e7\u00e3o na 1\u00aa gest\u00e3o Welberth Rezende (CIDADANIA), a vereadora teve aprovado um requerimento que visa a ades\u00e3o de Maca\u00e9 ao Programa Federal \u201cAgora Tem Especialista\u201d, cujo objetivo \u00e9 ampliar o acesso \u00e0 sa\u00fade e reduzir o tempo de espera por atendimentos do Sistema \u00danico de Sa\u00fade (SUS).<\/p>\n\n\n\n<p>A vereadora aproveitou a oportunidade ainda para fazer um apelo aos seus pares masculinos da Casa e a todos os homens da sociedade, para que participem da luta pela equidade de g\u00eanero e do combate ao feminic\u00eddio.<\/p>\n\n\n\n<p>\u201cConvido todos os homens a se mobilizarem pelo fim da viol\u00eancia contra a mulher, pelo nosso direito de permanecermos vivas e ocuparmos os mesmos espa\u00e7os\u201d, pediu Leandra Lopes.<\/p>\n\n\n\n<p>Ainda durante a sess\u00e3o dessa ter\u00e7a, a C\u00e2mara aprovou um projeto de lei de autoria da vereadora Mayara Rezende, que institui o Programa Municipal de Apoio Integral \u00e0s Fam\u00edlias de Pessoas com Defici\u00eancia.<\/p>\n\n\n\n<p>De acordo com o texto da mat\u00e9ria, o objetivo do programa \u00e9 promover qualidade de vida, acolhimento psicol\u00f3gico e acesso facilitado aos servi\u00e7os p\u00fablicos para m\u00e3es, pais e respons\u00e1veis de pessoas com defici\u00eancia (PcDs).<\/p>\n","protected":false},"excerpt":{"rendered":"<p>Em sess\u00e3o ordin\u00e1ria realizada nessa ter\u00e7a-feira, 10, a C\u00e2mara de Maca\u00e9 prestou sua homenagem \u00e0s mulheres vereadoras, que equivalem a 23,53% da Casa na atual legislatura, lembrando o Dia Internacional da Mulher, celebrado nesse domingo, 8. O momento foi marcado pela entrega de buqu\u00eas de flores das m\u00e3os do presidente da C\u00e2mara, vereador Alan Mansur [&hellip;]<\/p>\n","protected":false},"author":2,"featured_media":33901,"comment_status":"open","ping_status":"closed","sticky":false,"template":"","format":"standard","meta":{"footnotes":""},"categories":[2432],"tags":[],"class_list":["post-33900","post","type-post","status-publish","format-standard","has-post-thumbnail","hentry","category-politica"],"yoast_head":"<!-- This site is optimized with the Yoast SEO plugin v26.5 - https:\/\/yoast.com\/wordpress\/plugins\/seo\/ -->\n<title>C\u00e2mara de Maca\u00e9 presta homenagem \u00e0s vereadoras em alus\u00e3o ao Dia da Mulher - Rota Rio<\/title>\n<meta name=\"robots\" content=\"index, follow, max-snippet:-1, max-image-preview:large, max-video-preview:-1\" \/>\n<link rel=\"canonical\" href=\"https:\/\/rotario.com.br\/site\/camara-de-macae-presta-homenagem-as-vereadoras-em-alusao-ao-dia-da-mulher\/\" \/>\n<meta property=\"og:locale\" content=\"pt_BR\" \/>\n<meta property=\"og:type\" content=\"article\" \/>\n<meta property=\"og:title\" content=\"C\u00e2mara de Maca\u00e9 presta homenagem \u00e0s vereadoras em alus\u00e3o ao Dia da Mulher - Rota Rio\" \/>\n<meta property=\"og:description\" content=\"Em sess\u00e3o ordin\u00e1ria realizada nessa ter\u00e7a-feira, 10, a C\u00e2mara de Maca\u00e9 prestou sua homenagem \u00e0s mulheres vereadoras, que equivalem a 23,53% da Casa na atual legislatura, lembrando o Dia Internacional da Mulher, celebrado nesse domingo, 8. O momento foi marcado pela entrega de buqu\u00eas de flores das m\u00e3os do presidente da C\u00e2mara, vereador Alan Mansur [&hellip;]\" \/>\n<meta property=\"og:url\" content=\"https:\/\/rotario.com.br\/site\/camara-de-macae-presta-homenagem-as-vereadoras-em-alusao-ao-dia-da-mulher\/\" \/>\n<meta property=\"og:site_name\" content=\"Rota Rio\" \/>\n<meta property=\"article:published_time\" content=\"2026-03-11T21:37:15+00:00\" \/>\n<meta property=\"article:modified_time\" content=\"2026-03-11T21:37:24+00:00\" \/>\n<meta property=\"og:image\" content=\"https:\/\/rotario.com.br\/site\/wp-content\/uploads\/2026\/03\/Design-sem-nome-74.jpg\" \/>\n\t<meta property=\"og:image:width\" content=\"770\" \/>\n\t<meta property=\"og:image:height\" content=\"523\" \/>\n\t<meta property=\"og:image:type\" content=\"image\/jpeg\" \/>\n<meta name=\"author\" content=\"Galv\u00e3o\" \/>\n<meta name=\"twitter:card\" content=\"summary_large_image\" \/>\n<meta name=\"twitter:label1\" content=\"Escrito por\" \/>\n\t<meta name=\"twitter:data1\" content=\"Galv\u00e3o\" \/>\n\t<meta name=\"twitter:label2\" content=\"Est. tempo de leitura\" \/>\n\t<meta name=\"twitter:data2\" content=\"3 minutos\" \/>\n<script type=\"application\/ld+json\" class=\"yoast-schema-graph\">{\"@context\":\"https:\/\/schema.org\",\"@graph\":[{\"@type\":\"Article\",\"@id\":\"https:\/\/rotario.com.br\/site\/camara-de-macae-presta-homenagem-as-vereadoras-em-alusao-ao-dia-da-mulher\/#article\",\"isPartOf\":{\"@id\":\"https:\/\/rotario.com.br\/site\/camara-de-macae-presta-homenagem-as-vereadoras-em-alusao-ao-dia-da-mulher\/\"},\"author\":{\"name\":\"Galv\u00e3o\",\"@id\":\"https:\/\/rotario.com.br\/site\/#\/schema\/person\/fd89bbbf4136f7e8a21e0dd67b8a66c7\"},\"headline\":\"C\u00e2mara de Maca\u00e9 presta homenagem \u00e0s vereadoras em alus\u00e3o ao Dia da Mulher\",\"datePublished\":\"2026-03-11T21:37:15+00:00\",\"dateModified\":\"2026-03-11T21:37:24+00:00\",\"mainEntityOfPage\":{\"@id\":\"https:\/\/rotario.com.br\/site\/camara-de-macae-presta-homenagem-as-vereadoras-em-alusao-ao-dia-da-mulher\/\"},\"wordCount\":455,\"commentCount\":0,\"publisher\":{\"@id\":\"https:\/\/rotario.com.br\/site\/#organization\"},\"image\":{\"@id\":\"https:\/\/rotario.com.br\/site\/camara-de-macae-presta-homenagem-as-vereadoras-em-alusao-ao-dia-da-mulher\/#primaryimage\"},\"thumbnailUrl\":\"https:\/\/rotario.com.br\/site\/wp-content\/uploads\/2026\/03\/Design-sem-nome-74.jpg\",\"articleSection\":[\"Pol\u00edtica\"],\"inLanguage\":\"pt-BR\",\"potentialAction\":[{\"@type\":\"CommentAction\",\"name\":\"Comment\",\"target\":[\"https:\/\/rotario.com.br\/site\/camara-de-macae-presta-homenagem-as-vereadoras-em-alusao-ao-dia-da-mulher\/#respond\"]}]},{\"@type\":\"WebPage\",\"@id\":\"https:\/\/rotario.com.br\/site\/camara-de-macae-presta-homenagem-as-vereadoras-em-alusao-ao-dia-da-mulher\/\",\"url\":\"https:\/\/rotario.com.br\/site\/camara-de-macae-presta-homenagem-as-vereadoras-em-alusao-ao-dia-da-mulher\/\",\"name\":\"C\u00e2mara de Maca\u00e9 presta homenagem \u00e0s vereadoras em alus\u00e3o ao Dia da Mulher - Rota Rio\",\"isPartOf\":{\"@id\":\"https:\/\/rotario.com.br\/site\/#website\"},\"primaryImageOfPage\":{\"@id\":\"https:\/\/rotario.com.br\/site\/camara-de-macae-presta-homenagem-as-vereadoras-em-alusao-ao-dia-da-mulher\/#primaryimage\"},\"image\":{\"@id\":\"https:\/\/rotario.com.br\/site\/camara-de-macae-presta-homenagem-as-vereadoras-em-alusao-ao-dia-da-mulher\/#primaryimage\"},\"thumbnailUrl\":\"https:\/\/rotario.com.br\/site\/wp-content\/uploads\/2026\/03\/Design-sem-nome-74.jpg\",\"datePublished\":\"2026-03-11T21:37:15+00:00\",\"dateModified\":\"2026-03-11T21:37:24+00:00\",\"breadcrumb\":{\"@id\":\"https:\/\/rotario.com.br\/site\/camara-de-macae-presta-homenagem-as-vereadoras-em-alusao-ao-dia-da-mulher\/#breadcrumb\"},\"inLanguage\":\"pt-BR\",\"potentialAction\":[{\"@type\":\"ReadAction\",\"target\":[\"https:\/\/rotario.com.br\/site\/camara-de-macae-presta-homenagem-as-vereadoras-em-alusao-ao-dia-da-mulher\/\"]}]},{\"@type\":\"ImageObject\",\"inLanguage\":\"pt-BR\",\"@id\":\"https:\/\/rotario.com.br\/site\/camara-de-macae-presta-homenagem-as-vereadoras-em-alusao-ao-dia-da-mulher\/#primaryimage\",\"url\":\"https:\/\/rotario.com.br\/site\/wp-content\/uploads\/2026\/03\/Design-sem-nome-74.jpg\",\"contentUrl\":\"https:\/\/rotario.com.br\/site\/wp-content\/uploads\/2026\/03\/Design-sem-nome-74.jpg\",\"width\":770,\"height\":523},{\"@type\":\"BreadcrumbList\",\"@id\":\"https:\/\/rotario.com.br\/site\/camara-de-macae-presta-homenagem-as-vereadoras-em-alusao-ao-dia-da-mulher\/#breadcrumb\",\"itemListElement\":[{\"@type\":\"ListItem\",\"position\":1,\"name\":\"In\u00edcio\",\"item\":\"https:\/\/rotario.com.br\/site\/\"},{\"@type\":\"ListItem\",\"position\":2,\"name\":\"C\u00e2mara de Maca\u00e9 presta homenagem \u00e0s vereadoras em alus\u00e3o ao Dia da Mulher\"}]},{\"@type\":\"WebSite\",\"@id\":\"https:\/\/rotario.com.br\/site\/#website\",\"url\":\"https:\/\/rotario.com.br\/site\/\",\"name\":\"Rota Rio\",\"description\":\"Aqui, o Rio de Janeiro \u00e9 a pauta!\",\"publisher\":{\"@id\":\"https:\/\/rotario.com.br\/site\/#organization\"},\"potentialAction\":[{\"@type\":\"SearchAction\",\"target\":{\"@type\":\"EntryPoint\",\"urlTemplate\":\"https:\/\/rotario.com.br\/site\/?s={search_term_string}\"},\"query-input\":{\"@type\":\"PropertyValueSpecification\",\"valueRequired\":true,\"valueName\":\"search_term_string\"}}],\"inLanguage\":\"pt-BR\"},{\"@type\":\"Organization\",\"@id\":\"https:\/\/rotario.com.br\/site\/#organization\",\"name\":\"Rota Rio\",\"url\":\"https:\/\/rotario.com.br\/site\/\",\"logo\":{\"@type\":\"ImageObject\",\"inLanguage\":\"pt-BR\",\"@id\":\"https:\/\/rotario.com.br\/site\/#\/schema\/logo\/image\/\",\"url\":\"https:\/\/rotario.com.br\/site\/wp-content\/uploads\/2022\/04\/cropped-ROTARIO-LOGO-Prancheta-1-1-2048x654-1.png\",\"contentUrl\":\"https:\/\/rotario.com.br\/site\/wp-content\/uploads\/2022\/04\/cropped-ROTARIO-LOGO-Prancheta-1-1-2048x654-1.png\",\"width\":2048,\"height\":654,\"caption\":\"Rota Rio\"},\"image\":{\"@id\":\"https:\/\/rotario.com.br\/site\/#\/schema\/logo\/image\/\"}},{\"@type\":\"Person\",\"@id\":\"https:\/\/rotario.com.br\/site\/#\/schema\/person\/fd89bbbf4136f7e8a21e0dd67b8a66c7\",\"name\":\"Galv\u00e3o\",\"url\":\"https:\/\/rotario.com.br\/site\/author\/daniel\/\"}]}<\/script>\n<!-- \/ Yoast SEO plugin. -->","yoast_head_json":{"title":"C\u00e2mara de Maca\u00e9 presta homenagem \u00e0s vereadoras em alus\u00e3o ao Dia da Mulher - Rota Rio","robots":{"index":"index","follow":"follow","max-snippet":"max-snippet:-1","max-image-preview":"max-image-preview:large","max-video-preview":"max-video-preview:-1"},"canonical":"https:\/\/rotario.com.br\/site\/camara-de-macae-presta-homenagem-as-vereadoras-em-alusao-ao-dia-da-mulher\/","og_locale":"pt_BR","og_type":"article","og_title":"C\u00e2mara de Maca\u00e9 presta homenagem \u00e0s vereadoras em alus\u00e3o ao Dia da Mulher - Rota Rio","og_description":"Em sess\u00e3o ordin\u00e1ria realizada nessa ter\u00e7a-feira, 10, a C\u00e2mara de Maca\u00e9 prestou sua homenagem \u00e0s mulheres vereadoras, que equivalem a 23,53% da Casa na atual legislatura, lembrando o Dia Internacional da Mulher, celebrado nesse domingo, 8. O momento foi marcado pela entrega de buqu\u00eas de flores das m\u00e3os do presidente da C\u00e2mara, vereador Alan Mansur [&hellip;]","og_url":"https:\/\/rotario.com.br\/site\/camara-de-macae-presta-homenagem-as-vereadoras-em-alusao-ao-dia-da-mulher\/","og_site_name":"Rota Rio","article_published_time":"2026-03-11T21:37:15+00:00","article_modified_time":"2026-03-11T21:37:24+00:00","og_image":[{"width":770,"height":523,"url":"https:\/\/rotario.com.br\/site\/wp-content\/uploads\/2026\/03\/Design-sem-nome-74.jpg","type":"image\/jpeg"}],"author":"Galv\u00e3o","twitter_card":"summary_large_image","twitter_misc":{"Escrito por":"Galv\u00e3o","Est. tempo de leitura":"3 minutos"},"schema":{"@context":"https:\/\/schema.org","@graph":[{"@type":"Article","@id":"https:\/\/rotario.com.br\/site\/camara-de-macae-presta-homenagem-as-vereadoras-em-alusao-ao-dia-da-mulher\/#article","isPartOf":{"@id":"https:\/\/rotario.com.br\/site\/camara-de-macae-presta-homenagem-as-vereadoras-em-alusao-ao-dia-da-mulher\/"},"author":{"name":"Galv\u00e3o","@id":"https:\/\/rotario.com.br\/site\/#\/schema\/person\/fd89bbbf4136f7e8a21e0dd67b8a66c7"},"headline":"C\u00e2mara de Maca\u00e9 presta homenagem \u00e0s vereadoras em alus\u00e3o ao Dia da Mulher","datePublished":"2026-03-11T21:37:15+00:00","dateModified":"2026-03-11T21:37:24+00:00","mainEntityOfPage":{"@id":"https:\/\/rotario.com.br\/site\/camara-de-macae-presta-homenagem-as-vereadoras-em-alusao-ao-dia-da-mulher\/"},"wordCount":455,"commentCount":0,"publisher":{"@id":"https:\/\/rotario.com.br\/site\/#organization"},"image":{"@id":"https:\/\/rotario.com.br\/site\/camara-de-macae-presta-homenagem-as-vereadoras-em-alusao-ao-dia-da-mulher\/#primaryimage"},"thumbnailUrl":"https:\/\/rotario.com.br\/site\/wp-content\/uploads\/2026\/03\/Design-sem-nome-74.jpg","articleSection":["Pol\u00edtica"],"inLanguage":"pt-BR","potentialAction":[{"@type":"CommentAction","name":"Comment","target":["https:\/\/rotario.com.br\/site\/camara-de-macae-presta-homenagem-as-vereadoras-em-alusao-ao-dia-da-mulher\/#respond"]}]},{"@type":"WebPage","@id":"https:\/\/rotario.com.br\/site\/camara-de-macae-presta-homenagem-as-vereadoras-em-alusao-ao-dia-da-mulher\/","url":"https:\/\/rotario.com.br\/site\/camara-de-macae-presta-homenagem-as-vereadoras-em-alusao-ao-dia-da-mulher\/","name":"C\u00e2mara de Maca\u00e9 presta homenagem \u00e0s vereadoras em alus\u00e3o ao Dia da Mulher - Rota Rio","isPartOf":{"@id":"https:\/\/rotario.com.br\/site\/#website"},"primaryImageOfPage":{"@id":"https:\/\/rotario.com.br\/site\/camara-de-macae-presta-homenagem-as-vereadoras-em-alusao-ao-dia-da-mulher\/#primaryimage"},"image":{"@id":"https:\/\/rotario.com.br\/site\/camara-de-macae-presta-homenagem-as-vereadoras-em-alusao-ao-dia-da-mulher\/#primaryimage"},"thumbnailUrl":"https:\/\/rotario.com.br\/site\/wp-content\/uploads\/2026\/03\/Design-sem-nome-74.jpg","datePublished":"2026-03-11T21:37:15+00:00","dateModified":"2026-03-11T21:37:24+00:00","breadcrumb":{"@id":"https:\/\/rotario.com.br\/site\/camara-de-macae-presta-homenagem-as-vereadoras-em-alusao-ao-dia-da-mulher\/#breadcrumb"},"inLanguage":"pt-BR","potentialAction":[{"@type":"ReadAction","target":["https:\/\/rotario.com.br\/site\/camara-de-macae-presta-homenagem-as-vereadoras-em-alusao-ao-dia-da-mulher\/"]}]},{"@type":"ImageObject","inLanguage":"pt-BR","@id":"https:\/\/rotario.com.br\/site\/camara-de-macae-presta-homenagem-as-vereadoras-em-alusao-ao-dia-da-mulher\/#primaryimage","url":"https:\/\/rotario.com.br\/site\/wp-content\/uploads\/2026\/03\/Design-sem-nome-74.jpg","contentUrl":"https:\/\/rotario.com.br\/site\/wp-content\/uploads\/2026\/03\/Design-sem-nome-74.jpg","width":770,"height":523},{"@type":"BreadcrumbList","@id":"https:\/\/rotario.com.br\/site\/camara-de-macae-presta-homenagem-as-vereadoras-em-alusao-ao-dia-da-mulher\/#breadcrumb","itemListElement":[{"@type":"ListItem","position":1,"name":"In\u00edcio","item":"https:\/\/rotario.com.br\/site\/"},{"@type":"ListItem","position":2,"name":"C\u00e2mara de Maca\u00e9 presta homenagem \u00e0s vereadoras em alus\u00e3o ao Dia da Mulher"}]},{"@type":"WebSite","@id":"https:\/\/rotario.com.br\/site\/#website","url":"https:\/\/rotario.com.br\/site\/","name":"Rota Rio","description":"Aqui, o Rio de Janeiro \u00e9 a pauta!","publisher":{"@id":"https:\/\/rotario.com.br\/site\/#organization"},"potentialAction":[{"@type":"SearchAction","target":{"@type":"EntryPoint","urlTemplate":"https:\/\/rotario.com.br\/site\/?s={search_term_string}"},"query-input":{"@type":"PropertyValueSpecification","valueRequired":true,"valueName":"search_term_string"}}],"inLanguage":"pt-BR"},{"@type":"Organization","@id":"https:\/\/rotario.com.br\/site\/#organization","name":"Rota Rio","url":"https:\/\/rotario.com.br\/site\/","logo":{"@type":"ImageObject","inLanguage":"pt-BR","@id":"https:\/\/rotario.com.br\/site\/#\/schema\/logo\/image\/","url":"https:\/\/rotario.com.br\/site\/wp-content\/uploads\/2022\/04\/cropped-ROTARIO-LOGO-Prancheta-1-1-2048x654-1.png","contentUrl":"https:\/\/rotario.com.br\/site\/wp-content\/uploads\/2022\/04\/cropped-ROTARIO-LOGO-Prancheta-1-1-2048x654-1.png","width":2048,"height":654,"caption":"Rota Rio"},"image":{"@id":"https:\/\/rotario.com.br\/site\/#\/schema\/logo\/image\/"}},{"@type":"Person","@id":"https:\/\/rotario.com.br\/site\/#\/schema\/person\/fd89bbbf4136f7e8a21e0dd67b8a66c7","name":"Galv\u00e3o","url":"https:\/\/rotario.com.br\/site\/author\/daniel\/"}]}},"_links":{"self":[{"href":"https:\/\/rotario.com.br\/site\/wp-json\/wp\/v2\/posts\/33900","targetHints":{"allow":["GET"]}}],"collection":[{"href":"https:\/\/rotario.com.br\/site\/wp-json\/wp\/v2\/posts"}],"about":[{"href":"https:\/\/rotario.com.br\/site\/wp-json\/wp\/v2\/types\/post"}],"author":[{"embeddable":true,"href":"https:\/\/rotario.com.br\/site\/wp-json\/wp\/v2\/users\/2"}],"replies":[{"embeddable":true,"href":"https:\/\/rotario.com.br\/site\/wp-json\/wp\/v2\/comments?post=33900"}],"version-history":[{"count":1,"href":"https:\/\/rotario.com.br\/site\/wp-json\/wp\/v2\/posts\/33900\/revisions"}],"predecessor-version":[{"id":33902,"href":"https:\/\/rotario.com.br\/site\/wp-json\/wp\/v2\/posts\/33900\/revisions\/33902"}],"wp:featuredmedia":[{"embeddable":true,"href":"https:\/\/rotario.com.br\/site\/wp-json\/wp\/v2\/media\/33901"}],"wp:attachment":[{"href":"https:\/\/rotario.com.br\/site\/wp-json\/wp\/v2\/media?parent=33900"}],"wp:term":[{"taxonomy":"category","embeddable":true,"href":"https:\/\/rotario.com.br\/site\/wp-json\/wp\/v2\/categories?post=33900"},{"taxonomy":"post_tag","embeddable":true,"href":"https:\/\/rotario.com.br\/site\/wp-json\/wp\/v2\/tags?post=33900"}],"curies":[{"name":"wp","href":"https:\/\/api.w.org\/{rel}","templated":true}]}}