{"id":33903,"date":"2026-03-11T18:52:16","date_gmt":"2026-03-11T21:52:16","guid":{"rendered":"https:\/\/rotario.com.br\/site\/?p=33903"},"modified":"2026-03-11T18:52:23","modified_gmt":"2026-03-11T21:52:23","slug":"luta-contra-o-feminicidio-e-tema-de-acao-no-campus-da-ufrj-em-macae","status":"publish","type":"post","link":"https:\/\/rotario.com.br\/site\/luta-contra-o-feminicidio-e-tema-de-acao-no-campus-da-ufrj-em-macae\/","title":{"rendered":"Luta contra o feminic\u00eddio \u00e9 tema de a\u00e7\u00e3o no campus da UFRJ em Maca\u00e9"},"content":{"rendered":"\n<p>O campus da Universidade Federal do Rio de Janeiro (UFRJ) em Maca\u00e9, na Cidade Universit\u00e1ria, ganhou 2 bancos totalmente pintados na cor vermelha, que simbolizam as v\u00edtimas e o combate \u00e0 viol\u00eancia contra a mulher.<\/p>\n\n\n\n<p>A iniciativa faz parte do Projeto Banco Vermelho, da Ouvidoria Geral da UFRJ e da Ouvidoria da Mulher, em parceria com a prefeitura, voltado para a conscientiza\u00e7\u00e3o e enfrentamento da viol\u00eancia contra a mulher e o feminic\u00eddio no munic\u00edpio.<\/p>\n\n\n\n<p>Realizada nessa ter\u00e7a-feira, 10, a cerim\u00f4nia de inaugura\u00e7\u00e3o dos bancos contou com a participa\u00e7\u00e3o da ouvidora geral de Maca\u00e9, Denize Neto, a ouvidora de Mulher da UFRJ, \u00c2ngela Bretas, da ouvidora geral da UFRJ, Katya Gualter, e da vereadora Leandra Lopes (PT), entre outras personalidades.<\/p>\n\n\n\n<p>De acordo com a prefeitura, a inaugura\u00e7\u00e3o integra a\u00e7\u00f5es previstas na Lei Federal 14.942, de 2024, que incentiva a cria\u00e7\u00e3o de espa\u00e7os de mem\u00f3ria e reflex\u00e3o sobre o tema em locais p\u00fablicos, como os 2 bancos instalados, um do Centro Multidisciplinar e outro no Instituto de Biodiversidade e Sustentabilidade (NUPEM), da UFRJ.<\/p>\n\n\n\n<p>Segundo a ouvidora geral de Maca\u00e9, Denize Neto, o Projeto Banco Vermelho no campus da UFRJ em Maca\u00e9 segue exemplos de outras iniciativas do Sistema Municipal de Ouvidorias, voltadas \u00e0 promo\u00e7\u00e3o de direitos e ao enfrentamento da viol\u00eancia contra a mulher.<\/p>\n\n\n\n<p>\u201cCada vez mais buscamos parcerias para enfrentar a viol\u00eancia contra a mulher. \u00c9 fundamental compreender que cabe \u00e0 mulher escolher o lugar que quer ocupar no mundo, mas a seguran\u00e7a para viver realizada e feliz nesse espa\u00e7o deve ser garantida como pol\u00edtica p\u00fablica de direitos humanos sustentada pelo poder p\u00fablico. Quando institui\u00e7\u00f5es sediadas em nosso munic\u00edpio constroem a\u00e7\u00f5es nesse sentido, devemos declarar nosso apoio irrestrito\u201d, afirmou Denize Neto.<\/p>\n\n\n\n<p>O munic\u00edpio explica que a proposta da iniciativa \u00e9 intervir no espa\u00e7o f\u00edsico da universidade e chamar a aten\u00e7\u00e3o da comunidade acad\u00eamica para a necessidade de enfrentar a viol\u00eancia contra as mulheres, contribuindo para a constru\u00e7\u00e3o de uma cultura de mem\u00f3ria, respeito, dignidade e valoriza\u00e7\u00e3o da vida.<\/p>\n\n\n\n<p>\u201cHoje as universidades s\u00e3o ocupadas por mulheres pardas, pretas, ind\u00edgenas, mulheres com defici\u00eancia, mulheres trans, mulheres mais velhas e mais jovens. Entretanto, tamb\u00e9m \u00e9 esse p\u00fablico que vem sofrendo viol\u00eancias graves, muitas vezes de forma avassaladora\u201d, reiterou a ouvidora geral da UFRJ, Katya Gualter.<\/p>\n\n\n\n<p>Sobre a escolha da cor, a prefeitura explica que o vermelho representa um s\u00edmbolo de alerta e de mem\u00f3ria, lembrando tanto o sangue derramado pelas mulheres v\u00edtimas de assassinatos no Brasil e no mundo, como a necessidade urgente de enfrentar todas as formas de viol\u00eancia de g\u00eanero.<\/p>\n\n\n\n<p>\u201cEle fala de um passado de sangue derramado, de um presente que exige o enfrentamento ao feminic\u00eddio e de um futuro que precisa ser transformado. Precisamos mudar comportamentos, vis\u00f5es de mundo e a forma como educamos nossos meninos, pois as mulheres s\u00e3o as v\u00edtimas e os homens, na maioria dos casos, s\u00e3o os agressores\u201d, refor\u00e7ou a ouvidora da Mulher da UFRJ, \u00c2ngela Bretas.<\/p>\n","protected":false},"excerpt":{"rendered":"<p>O campus da Universidade Federal do Rio de Janeiro (UFRJ) em Maca\u00e9, na Cidade Universit\u00e1ria, ganhou 2 bancos totalmente pintados na cor vermelha, que simbolizam as v\u00edtimas e o combate \u00e0 viol\u00eancia contra a mulher. A iniciativa faz parte do Projeto Banco Vermelho, da Ouvidoria Geral da UFRJ e da Ouvidoria da Mulher, em parceria [&hellip;]<\/p>\n","protected":false},"author":2,"featured_media":33904,"comment_status":"open","ping_status":"closed","sticky":false,"template":"","format":"standard","meta":{"footnotes":""},"categories":[52],"tags":[2569],"class_list":["post-33903","post","type-post","status-publish","format-standard","has-post-thumbnail","hentry","category-macae","tag-campus-da-universidade-federal-do-rio-de-janeiro-ufrj-em-macae"],"yoast_head":"<!-- This site is optimized with the Yoast SEO plugin v26.5 - https:\/\/yoast.com\/wordpress\/plugins\/seo\/ -->\n<title>Luta contra o feminic\u00eddio \u00e9 tema de a\u00e7\u00e3o no campus da UFRJ em Maca\u00e9 - Rota Rio<\/title>\n<meta name=\"robots\" content=\"index, follow, max-snippet:-1, max-image-preview:large, max-video-preview:-1\" \/>\n<link rel=\"canonical\" href=\"https:\/\/rotario.com.br\/site\/luta-contra-o-feminicidio-e-tema-de-acao-no-campus-da-ufrj-em-macae\/\" \/>\n<meta property=\"og:locale\" content=\"pt_BR\" \/>\n<meta property=\"og:type\" content=\"article\" \/>\n<meta property=\"og:title\" content=\"Luta contra o feminic\u00eddio \u00e9 tema de a\u00e7\u00e3o no campus da UFRJ em Maca\u00e9 - Rota Rio\" \/>\n<meta property=\"og:description\" content=\"O campus da Universidade Federal do Rio de Janeiro (UFRJ) em Maca\u00e9, na Cidade Universit\u00e1ria, ganhou 2 bancos totalmente pintados na cor vermelha, que simbolizam as v\u00edtimas e o combate \u00e0 viol\u00eancia contra a mulher. A iniciativa faz parte do Projeto Banco Vermelho, da Ouvidoria Geral da UFRJ e da Ouvidoria da Mulher, em parceria [&hellip;]\" \/>\n<meta property=\"og:url\" content=\"https:\/\/rotario.com.br\/site\/luta-contra-o-feminicidio-e-tema-de-acao-no-campus-da-ufrj-em-macae\/\" \/>\n<meta property=\"og:site_name\" content=\"Rota Rio\" \/>\n<meta property=\"article:published_time\" content=\"2026-03-11T21:52:16+00:00\" \/>\n<meta property=\"article:modified_time\" content=\"2026-03-11T21:52:23+00:00\" \/>\n<meta property=\"og:image\" content=\"https:\/\/rotario.com.br\/site\/wp-content\/uploads\/2026\/03\/WhatsApp-Image-2026-03-11-at-16.30.44-1.jpeg\" \/>\n\t<meta property=\"og:image:width\" content=\"800\" \/>\n\t<meta property=\"og:image:height\" content=\"600\" \/>\n\t<meta property=\"og:image:type\" content=\"image\/jpeg\" \/>\n<meta name=\"author\" content=\"Galv\u00e3o\" \/>\n<meta name=\"twitter:card\" content=\"summary_large_image\" \/>\n<meta name=\"twitter:label1\" content=\"Escrito por\" \/>\n\t<meta name=\"twitter:data1\" content=\"Galv\u00e3o\" \/>\n\t<meta name=\"twitter:label2\" content=\"Est. tempo de leitura\" \/>\n\t<meta name=\"twitter:data2\" content=\"3 minutos\" \/>\n<script type=\"application\/ld+json\" class=\"yoast-schema-graph\">{\"@context\":\"https:\/\/schema.org\",\"@graph\":[{\"@type\":\"Article\",\"@id\":\"https:\/\/rotario.com.br\/site\/luta-contra-o-feminicidio-e-tema-de-acao-no-campus-da-ufrj-em-macae\/#article\",\"isPartOf\":{\"@id\":\"https:\/\/rotario.com.br\/site\/luta-contra-o-feminicidio-e-tema-de-acao-no-campus-da-ufrj-em-macae\/\"},\"author\":{\"name\":\"Galv\u00e3o\",\"@id\":\"https:\/\/rotario.com.br\/site\/#\/schema\/person\/fd89bbbf4136f7e8a21e0dd67b8a66c7\"},\"headline\":\"Luta contra o feminic\u00eddio \u00e9 tema de a\u00e7\u00e3o no campus da UFRJ em Maca\u00e9\",\"datePublished\":\"2026-03-11T21:52:16+00:00\",\"dateModified\":\"2026-03-11T21:52:23+00:00\",\"mainEntityOfPage\":{\"@id\":\"https:\/\/rotario.com.br\/site\/luta-contra-o-feminicidio-e-tema-de-acao-no-campus-da-ufrj-em-macae\/\"},\"wordCount\":540,\"commentCount\":0,\"publisher\":{\"@id\":\"https:\/\/rotario.com.br\/site\/#organization\"},\"image\":{\"@id\":\"https:\/\/rotario.com.br\/site\/luta-contra-o-feminicidio-e-tema-de-acao-no-campus-da-ufrj-em-macae\/#primaryimage\"},\"thumbnailUrl\":\"https:\/\/rotario.com.br\/site\/wp-content\/uploads\/2026\/03\/WhatsApp-Image-2026-03-11-at-16.30.44-1.jpeg\",\"keywords\":[\"campus da Universidade Federal do Rio de Janeiro (UFRJ) em Maca\u00e9\"],\"articleSection\":[\"Maca\u00e9\"],\"inLanguage\":\"pt-BR\",\"potentialAction\":[{\"@type\":\"CommentAction\",\"name\":\"Comment\",\"target\":[\"https:\/\/rotario.com.br\/site\/luta-contra-o-feminicidio-e-tema-de-acao-no-campus-da-ufrj-em-macae\/#respond\"]}]},{\"@type\":\"WebPage\",\"@id\":\"https:\/\/rotario.com.br\/site\/luta-contra-o-feminicidio-e-tema-de-acao-no-campus-da-ufrj-em-macae\/\",\"url\":\"https:\/\/rotario.com.br\/site\/luta-contra-o-feminicidio-e-tema-de-acao-no-campus-da-ufrj-em-macae\/\",\"name\":\"Luta contra o feminic\u00eddio \u00e9 tema de a\u00e7\u00e3o no campus da UFRJ em Maca\u00e9 - Rota Rio\",\"isPartOf\":{\"@id\":\"https:\/\/rotario.com.br\/site\/#website\"},\"primaryImageOfPage\":{\"@id\":\"https:\/\/rotario.com.br\/site\/luta-contra-o-feminicidio-e-tema-de-acao-no-campus-da-ufrj-em-macae\/#primaryimage\"},\"image\":{\"@id\":\"https:\/\/rotario.com.br\/site\/luta-contra-o-feminicidio-e-tema-de-acao-no-campus-da-ufrj-em-macae\/#primaryimage\"},\"thumbnailUrl\":\"https:\/\/rotario.com.br\/site\/wp-content\/uploads\/2026\/03\/WhatsApp-Image-2026-03-11-at-16.30.44-1.jpeg\",\"datePublished\":\"2026-03-11T21:52:16+00:00\",\"dateModified\":\"2026-03-11T21:52:23+00:00\",\"breadcrumb\":{\"@id\":\"https:\/\/rotario.com.br\/site\/luta-contra-o-feminicidio-e-tema-de-acao-no-campus-da-ufrj-em-macae\/#breadcrumb\"},\"inLanguage\":\"pt-BR\",\"potentialAction\":[{\"@type\":\"ReadAction\",\"target\":[\"https:\/\/rotario.com.br\/site\/luta-contra-o-feminicidio-e-tema-de-acao-no-campus-da-ufrj-em-macae\/\"]}]},{\"@type\":\"ImageObject\",\"inLanguage\":\"pt-BR\",\"@id\":\"https:\/\/rotario.com.br\/site\/luta-contra-o-feminicidio-e-tema-de-acao-no-campus-da-ufrj-em-macae\/#primaryimage\",\"url\":\"https:\/\/rotario.com.br\/site\/wp-content\/uploads\/2026\/03\/WhatsApp-Image-2026-03-11-at-16.30.44-1.jpeg\",\"contentUrl\":\"https:\/\/rotario.com.br\/site\/wp-content\/uploads\/2026\/03\/WhatsApp-Image-2026-03-11-at-16.30.44-1.jpeg\",\"width\":800,\"height\":600},{\"@type\":\"BreadcrumbList\",\"@id\":\"https:\/\/rotario.com.br\/site\/luta-contra-o-feminicidio-e-tema-de-acao-no-campus-da-ufrj-em-macae\/#breadcrumb\",\"itemListElement\":[{\"@type\":\"ListItem\",\"position\":1,\"name\":\"In\u00edcio\",\"item\":\"https:\/\/rotario.com.br\/site\/\"},{\"@type\":\"ListItem\",\"position\":2,\"name\":\"Luta contra o feminic\u00eddio \u00e9 tema de a\u00e7\u00e3o no campus da UFRJ em Maca\u00e9\"}]},{\"@type\":\"WebSite\",\"@id\":\"https:\/\/rotario.com.br\/site\/#website\",\"url\":\"https:\/\/rotario.com.br\/site\/\",\"name\":\"Rota Rio\",\"description\":\"Aqui, o Rio de Janeiro \u00e9 a pauta!\",\"publisher\":{\"@id\":\"https:\/\/rotario.com.br\/site\/#organization\"},\"potentialAction\":[{\"@type\":\"SearchAction\",\"target\":{\"@type\":\"EntryPoint\",\"urlTemplate\":\"https:\/\/rotario.com.br\/site\/?s={search_term_string}\"},\"query-input\":{\"@type\":\"PropertyValueSpecification\",\"valueRequired\":true,\"valueName\":\"search_term_string\"}}],\"inLanguage\":\"pt-BR\"},{\"@type\":\"Organization\",\"@id\":\"https:\/\/rotario.com.br\/site\/#organization\",\"name\":\"Rota Rio\",\"url\":\"https:\/\/rotario.com.br\/site\/\",\"logo\":{\"@type\":\"ImageObject\",\"inLanguage\":\"pt-BR\",\"@id\":\"https:\/\/rotario.com.br\/site\/#\/schema\/logo\/image\/\",\"url\":\"https:\/\/rotario.com.br\/site\/wp-content\/uploads\/2022\/04\/cropped-ROTARIO-LOGO-Prancheta-1-1-2048x654-1.png\",\"contentUrl\":\"https:\/\/rotario.com.br\/site\/wp-content\/uploads\/2022\/04\/cropped-ROTARIO-LOGO-Prancheta-1-1-2048x654-1.png\",\"width\":2048,\"height\":654,\"caption\":\"Rota Rio\"},\"image\":{\"@id\":\"https:\/\/rotario.com.br\/site\/#\/schema\/logo\/image\/\"}},{\"@type\":\"Person\",\"@id\":\"https:\/\/rotario.com.br\/site\/#\/schema\/person\/fd89bbbf4136f7e8a21e0dd67b8a66c7\",\"name\":\"Galv\u00e3o\",\"url\":\"https:\/\/rotario.com.br\/site\/author\/daniel\/\"}]}<\/script>\n<!-- \/ Yoast SEO plugin. -->","yoast_head_json":{"title":"Luta contra o feminic\u00eddio \u00e9 tema de a\u00e7\u00e3o no campus da UFRJ em Maca\u00e9 - Rota Rio","robots":{"index":"index","follow":"follow","max-snippet":"max-snippet:-1","max-image-preview":"max-image-preview:large","max-video-preview":"max-video-preview:-1"},"canonical":"https:\/\/rotario.com.br\/site\/luta-contra-o-feminicidio-e-tema-de-acao-no-campus-da-ufrj-em-macae\/","og_locale":"pt_BR","og_type":"article","og_title":"Luta contra o feminic\u00eddio \u00e9 tema de a\u00e7\u00e3o no campus da UFRJ em Maca\u00e9 - Rota Rio","og_description":"O campus da Universidade Federal do Rio de Janeiro (UFRJ) em Maca\u00e9, na Cidade Universit\u00e1ria, ganhou 2 bancos totalmente pintados na cor vermelha, que simbolizam as v\u00edtimas e o combate \u00e0 viol\u00eancia contra a mulher. A iniciativa faz parte do Projeto Banco Vermelho, da Ouvidoria Geral da UFRJ e da Ouvidoria da Mulher, em parceria [&hellip;]","og_url":"https:\/\/rotario.com.br\/site\/luta-contra-o-feminicidio-e-tema-de-acao-no-campus-da-ufrj-em-macae\/","og_site_name":"Rota Rio","article_published_time":"2026-03-11T21:52:16+00:00","article_modified_time":"2026-03-11T21:52:23+00:00","og_image":[{"width":800,"height":600,"url":"https:\/\/rotario.com.br\/site\/wp-content\/uploads\/2026\/03\/WhatsApp-Image-2026-03-11-at-16.30.44-1.jpeg","type":"image\/jpeg"}],"author":"Galv\u00e3o","twitter_card":"summary_large_image","twitter_misc":{"Escrito por":"Galv\u00e3o","Est. tempo de leitura":"3 minutos"},"schema":{"@context":"https:\/\/schema.org","@graph":[{"@type":"Article","@id":"https:\/\/rotario.com.br\/site\/luta-contra-o-feminicidio-e-tema-de-acao-no-campus-da-ufrj-em-macae\/#article","isPartOf":{"@id":"https:\/\/rotario.com.br\/site\/luta-contra-o-feminicidio-e-tema-de-acao-no-campus-da-ufrj-em-macae\/"},"author":{"name":"Galv\u00e3o","@id":"https:\/\/rotario.com.br\/site\/#\/schema\/person\/fd89bbbf4136f7e8a21e0dd67b8a66c7"},"headline":"Luta contra o feminic\u00eddio \u00e9 tema de a\u00e7\u00e3o no campus da UFRJ em Maca\u00e9","datePublished":"2026-03-11T21:52:16+00:00","dateModified":"2026-03-11T21:52:23+00:00","mainEntityOfPage":{"@id":"https:\/\/rotario.com.br\/site\/luta-contra-o-feminicidio-e-tema-de-acao-no-campus-da-ufrj-em-macae\/"},"wordCount":540,"commentCount":0,"publisher":{"@id":"https:\/\/rotario.com.br\/site\/#organization"},"image":{"@id":"https:\/\/rotario.com.br\/site\/luta-contra-o-feminicidio-e-tema-de-acao-no-campus-da-ufrj-em-macae\/#primaryimage"},"thumbnailUrl":"https:\/\/rotario.com.br\/site\/wp-content\/uploads\/2026\/03\/WhatsApp-Image-2026-03-11-at-16.30.44-1.jpeg","keywords":["campus da Universidade Federal do Rio de Janeiro (UFRJ) em Maca\u00e9"],"articleSection":["Maca\u00e9"],"inLanguage":"pt-BR","potentialAction":[{"@type":"CommentAction","name":"Comment","target":["https:\/\/rotario.com.br\/site\/luta-contra-o-feminicidio-e-tema-de-acao-no-campus-da-ufrj-em-macae\/#respond"]}]},{"@type":"WebPage","@id":"https:\/\/rotario.com.br\/site\/luta-contra-o-feminicidio-e-tema-de-acao-no-campus-da-ufrj-em-macae\/","url":"https:\/\/rotario.com.br\/site\/luta-contra-o-feminicidio-e-tema-de-acao-no-campus-da-ufrj-em-macae\/","name":"Luta contra o feminic\u00eddio \u00e9 tema de a\u00e7\u00e3o no campus da UFRJ em Maca\u00e9 - Rota Rio","isPartOf":{"@id":"https:\/\/rotario.com.br\/site\/#website"},"primaryImageOfPage":{"@id":"https:\/\/rotario.com.br\/site\/luta-contra-o-feminicidio-e-tema-de-acao-no-campus-da-ufrj-em-macae\/#primaryimage"},"image":{"@id":"https:\/\/rotario.com.br\/site\/luta-contra-o-feminicidio-e-tema-de-acao-no-campus-da-ufrj-em-macae\/#primaryimage"},"thumbnailUrl":"https:\/\/rotario.com.br\/site\/wp-content\/uploads\/2026\/03\/WhatsApp-Image-2026-03-11-at-16.30.44-1.jpeg","datePublished":"2026-03-11T21:52:16+00:00","dateModified":"2026-03-11T21:52:23+00:00","breadcrumb":{"@id":"https:\/\/rotario.com.br\/site\/luta-contra-o-feminicidio-e-tema-de-acao-no-campus-da-ufrj-em-macae\/#breadcrumb"},"inLanguage":"pt-BR","potentialAction":[{"@type":"ReadAction","target":["https:\/\/rotario.com.br\/site\/luta-contra-o-feminicidio-e-tema-de-acao-no-campus-da-ufrj-em-macae\/"]}]},{"@type":"ImageObject","inLanguage":"pt-BR","@id":"https:\/\/rotario.com.br\/site\/luta-contra-o-feminicidio-e-tema-de-acao-no-campus-da-ufrj-em-macae\/#primaryimage","url":"https:\/\/rotario.com.br\/site\/wp-content\/uploads\/2026\/03\/WhatsApp-Image-2026-03-11-at-16.30.44-1.jpeg","contentUrl":"https:\/\/rotario.com.br\/site\/wp-content\/uploads\/2026\/03\/WhatsApp-Image-2026-03-11-at-16.30.44-1.jpeg","width":800,"height":600},{"@type":"BreadcrumbList","@id":"https:\/\/rotario.com.br\/site\/luta-contra-o-feminicidio-e-tema-de-acao-no-campus-da-ufrj-em-macae\/#breadcrumb","itemListElement":[{"@type":"ListItem","position":1,"name":"In\u00edcio","item":"https:\/\/rotario.com.br\/site\/"},{"@type":"ListItem","position":2,"name":"Luta contra o feminic\u00eddio \u00e9 tema de a\u00e7\u00e3o no campus da UFRJ em Maca\u00e9"}]},{"@type":"WebSite","@id":"https:\/\/rotario.com.br\/site\/#website","url":"https:\/\/rotario.com.br\/site\/","name":"Rota Rio","description":"Aqui, o Rio de Janeiro \u00e9 a pauta!","publisher":{"@id":"https:\/\/rotario.com.br\/site\/#organization"},"potentialAction":[{"@type":"SearchAction","target":{"@type":"EntryPoint","urlTemplate":"https:\/\/rotario.com.br\/site\/?s={search_term_string}"},"query-input":{"@type":"PropertyValueSpecification","valueRequired":true,"valueName":"search_term_string"}}],"inLanguage":"pt-BR"},{"@type":"Organization","@id":"https:\/\/rotario.com.br\/site\/#organization","name":"Rota Rio","url":"https:\/\/rotario.com.br\/site\/","logo":{"@type":"ImageObject","inLanguage":"pt-BR","@id":"https:\/\/rotario.com.br\/site\/#\/schema\/logo\/image\/","url":"https:\/\/rotario.com.br\/site\/wp-content\/uploads\/2022\/04\/cropped-ROTARIO-LOGO-Prancheta-1-1-2048x654-1.png","contentUrl":"https:\/\/rotario.com.br\/site\/wp-content\/uploads\/2022\/04\/cropped-ROTARIO-LOGO-Prancheta-1-1-2048x654-1.png","width":2048,"height":654,"caption":"Rota Rio"},"image":{"@id":"https:\/\/rotario.com.br\/site\/#\/schema\/logo\/image\/"}},{"@type":"Person","@id":"https:\/\/rotario.com.br\/site\/#\/schema\/person\/fd89bbbf4136f7e8a21e0dd67b8a66c7","name":"Galv\u00e3o","url":"https:\/\/rotario.com.br\/site\/author\/daniel\/"}]}},"_links":{"self":[{"href":"https:\/\/rotario.com.br\/site\/wp-json\/wp\/v2\/posts\/33903","targetHints":{"allow":["GET"]}}],"collection":[{"href":"https:\/\/rotario.com.br\/site\/wp-json\/wp\/v2\/posts"}],"about":[{"href":"https:\/\/rotario.com.br\/site\/wp-json\/wp\/v2\/types\/post"}],"author":[{"embeddable":true,"href":"https:\/\/rotario.com.br\/site\/wp-json\/wp\/v2\/users\/2"}],"replies":[{"embeddable":true,"href":"https:\/\/rotario.com.br\/site\/wp-json\/wp\/v2\/comments?post=33903"}],"version-history":[{"count":1,"href":"https:\/\/rotario.com.br\/site\/wp-json\/wp\/v2\/posts\/33903\/revisions"}],"predecessor-version":[{"id":33905,"href":"https:\/\/rotario.com.br\/site\/wp-json\/wp\/v2\/posts\/33903\/revisions\/33905"}],"wp:featuredmedia":[{"embeddable":true,"href":"https:\/\/rotario.com.br\/site\/wp-json\/wp\/v2\/media\/33904"}],"wp:attachment":[{"href":"https:\/\/rotario.com.br\/site\/wp-json\/wp\/v2\/media?parent=33903"}],"wp:term":[{"taxonomy":"category","embeddable":true,"href":"https:\/\/rotario.com.br\/site\/wp-json\/wp\/v2\/categories?post=33903"},{"taxonomy":"post_tag","embeddable":true,"href":"https:\/\/rotario.com.br\/site\/wp-json\/wp\/v2\/tags?post=33903"}],"curies":[{"name":"wp","href":"https:\/\/api.w.org\/{rel}","templated":true}]}}