{"id":35385,"date":"2026-04-20T16:43:47","date_gmt":"2026-04-20T19:43:47","guid":{"rendered":"https:\/\/rotario.com.br\/site\/?p=35385"},"modified":"2026-04-20T16:44:00","modified_gmt":"2026-04-20T19:44:00","slug":"prisao-em-flagrante-na-praia-grande-mobiliza-patrulha-maria-da-penha-e-guarda-municipal","status":"publish","type":"post","link":"https:\/\/rotario.com.br\/site\/prisao-em-flagrante-na-praia-grande-mobiliza-patrulha-maria-da-penha-e-guarda-municipal\/","title":{"rendered":"Pris\u00e3o em flagrante na Praia Grande mobiliza Patrulha Maria da Penha e Guarda Municipal"},"content":{"rendered":"\n<p>Uma a\u00e7\u00e3o coordenada entre equipes de seguran\u00e7a resultou na pris\u00e3o de um homem acusado de agress\u00e3o, no \u00faltimo s\u00e1bado (18), na Praia Grande, em Arraial do Cabo. O suspeito foi localizado poucas horas ap\u00f3s a den\u00fancia e encaminhado para a delegacia.<\/p>\n\n\n\n<p>O trabalho contou com a integra\u00e7\u00e3o entre a Patrulha Maria da Penha (PMP) e a Ronda Ostensiva Municipal (ROMU), com apoio do sistema de comunica\u00e7\u00e3o do CIOSP, que permitiu o compartilhamento \u00e1gil de informa\u00e7\u00f5es durante toda a ocorr\u00eancia.<\/p>\n\n\n\n<p>Enquanto a v\u00edtima era acolhida na delegacia pela equipe da Patrulha Maria da Penha, dados sobre as caracter\u00edsticas do suspeito eram repassados em tempo real para os agentes da ROMU, que iniciaram buscas imediatas pela regi\u00e3o.<\/p>\n\n\n\n<p>O homem, identificado como filho da v\u00edtima, foi encontrado na pr\u00f3pria Praia Grande e detido sem oferecer resist\u00eancia. Em seguida, ele foi levado para a 126\u00aa Delegacia de Pol\u00edcia, em Cabo Frio, onde o caso foi registrado como flagrante.&nbsp;&nbsp;&nbsp;&nbsp;&nbsp;<\/p>\n","protected":false},"excerpt":{"rendered":"<p>Uma a\u00e7\u00e3o coordenada entre equipes de seguran\u00e7a resultou na pris\u00e3o de um homem acusado de agress\u00e3o, no \u00faltimo s\u00e1bado (18), na Praia Grande, em Arraial do Cabo. O suspeito foi localizado poucas horas ap\u00f3s a den\u00fancia e encaminhado para a delegacia. O trabalho contou com a integra\u00e7\u00e3o entre a Patrulha Maria da Penha (PMP) e [&hellip;]<\/p>\n","protected":false},"author":2,"featured_media":35386,"comment_status":"open","ping_status":"closed","sticky":false,"template":"","format":"standard","meta":{"footnotes":""},"categories":[44],"tags":[],"class_list":["post-35385","post","type-post","status-publish","format-standard","has-post-thumbnail","hentry","category-arraial-do-cabo"],"yoast_head":"<!-- This site is optimized with the Yoast SEO plugin v26.5 - https:\/\/yoast.com\/wordpress\/plugins\/seo\/ -->\n<title>Pris\u00e3o em flagrante na Praia Grande mobiliza Patrulha Maria da Penha e Guarda Municipal - Rota Rio<\/title>\n<meta name=\"robots\" content=\"index, follow, max-snippet:-1, max-image-preview:large, max-video-preview:-1\" \/>\n<link rel=\"canonical\" href=\"https:\/\/rotario.com.br\/site\/prisao-em-flagrante-na-praia-grande-mobiliza-patrulha-maria-da-penha-e-guarda-municipal\/\" \/>\n<meta property=\"og:locale\" content=\"pt_BR\" \/>\n<meta property=\"og:type\" content=\"article\" \/>\n<meta property=\"og:title\" content=\"Pris\u00e3o em flagrante na Praia Grande mobiliza Patrulha Maria da Penha e Guarda Municipal - Rota Rio\" \/>\n<meta property=\"og:description\" content=\"Uma a\u00e7\u00e3o coordenada entre equipes de seguran\u00e7a resultou na pris\u00e3o de um homem acusado de agress\u00e3o, no \u00faltimo s\u00e1bado (18), na Praia Grande, em Arraial do Cabo. O suspeito foi localizado poucas horas ap\u00f3s a den\u00fancia e encaminhado para a delegacia. O trabalho contou com a integra\u00e7\u00e3o entre a Patrulha Maria da Penha (PMP) e [&hellip;]\" \/>\n<meta property=\"og:url\" content=\"https:\/\/rotario.com.br\/site\/prisao-em-flagrante-na-praia-grande-mobiliza-patrulha-maria-da-penha-e-guarda-municipal\/\" \/>\n<meta property=\"og:site_name\" content=\"Rota Rio\" \/>\n<meta property=\"article:published_time\" content=\"2026-04-20T19:43:47+00:00\" \/>\n<meta property=\"article:modified_time\" content=\"2026-04-20T19:44:00+00:00\" \/>\n<meta property=\"og:image\" content=\"https:\/\/rotario.com.br\/site\/wp-content\/uploads\/2026\/04\/04.1-2.jpeg\" \/>\n\t<meta property=\"og:image:width\" content=\"1012\" \/>\n\t<meta property=\"og:image:height\" content=\"687\" \/>\n\t<meta property=\"og:image:type\" content=\"image\/jpeg\" \/>\n<meta name=\"author\" content=\"Galv\u00e3o\" \/>\n<meta name=\"twitter:card\" content=\"summary_large_image\" \/>\n<meta name=\"twitter:label1\" content=\"Escrito por\" \/>\n\t<meta name=\"twitter:data1\" content=\"Galv\u00e3o\" \/>\n\t<meta name=\"twitter:label2\" content=\"Est. tempo de leitura\" \/>\n\t<meta name=\"twitter:data2\" content=\"2 minutos\" \/>\n<script type=\"application\/ld+json\" class=\"yoast-schema-graph\">{\"@context\":\"https:\/\/schema.org\",\"@graph\":[{\"@type\":\"Article\",\"@id\":\"https:\/\/rotario.com.br\/site\/prisao-em-flagrante-na-praia-grande-mobiliza-patrulha-maria-da-penha-e-guarda-municipal\/#article\",\"isPartOf\":{\"@id\":\"https:\/\/rotario.com.br\/site\/prisao-em-flagrante-na-praia-grande-mobiliza-patrulha-maria-da-penha-e-guarda-municipal\/\"},\"author\":{\"name\":\"Galv\u00e3o\",\"@id\":\"https:\/\/rotario.com.br\/site\/#\/schema\/person\/fd89bbbf4136f7e8a21e0dd67b8a66c7\"},\"headline\":\"Pris\u00e3o em flagrante na Praia Grande mobiliza Patrulha Maria da Penha e Guarda Municipal\",\"datePublished\":\"2026-04-20T19:43:47+00:00\",\"dateModified\":\"2026-04-20T19:44:00+00:00\",\"mainEntityOfPage\":{\"@id\":\"https:\/\/rotario.com.br\/site\/prisao-em-flagrante-na-praia-grande-mobiliza-patrulha-maria-da-penha-e-guarda-municipal\/\"},\"wordCount\":190,\"commentCount\":0,\"publisher\":{\"@id\":\"https:\/\/rotario.com.br\/site\/#organization\"},\"image\":{\"@id\":\"https:\/\/rotario.com.br\/site\/prisao-em-flagrante-na-praia-grande-mobiliza-patrulha-maria-da-penha-e-guarda-municipal\/#primaryimage\"},\"thumbnailUrl\":\"https:\/\/rotario.com.br\/site\/wp-content\/uploads\/2026\/04\/04.1-2.jpeg\",\"articleSection\":[\"Arraial do Cabo\"],\"inLanguage\":\"pt-BR\",\"potentialAction\":[{\"@type\":\"CommentAction\",\"name\":\"Comment\",\"target\":[\"https:\/\/rotario.com.br\/site\/prisao-em-flagrante-na-praia-grande-mobiliza-patrulha-maria-da-penha-e-guarda-municipal\/#respond\"]}]},{\"@type\":\"WebPage\",\"@id\":\"https:\/\/rotario.com.br\/site\/prisao-em-flagrante-na-praia-grande-mobiliza-patrulha-maria-da-penha-e-guarda-municipal\/\",\"url\":\"https:\/\/rotario.com.br\/site\/prisao-em-flagrante-na-praia-grande-mobiliza-patrulha-maria-da-penha-e-guarda-municipal\/\",\"name\":\"Pris\u00e3o em flagrante na Praia Grande mobiliza Patrulha Maria da Penha e Guarda Municipal - Rota Rio\",\"isPartOf\":{\"@id\":\"https:\/\/rotario.com.br\/site\/#website\"},\"primaryImageOfPage\":{\"@id\":\"https:\/\/rotario.com.br\/site\/prisao-em-flagrante-na-praia-grande-mobiliza-patrulha-maria-da-penha-e-guarda-municipal\/#primaryimage\"},\"image\":{\"@id\":\"https:\/\/rotario.com.br\/site\/prisao-em-flagrante-na-praia-grande-mobiliza-patrulha-maria-da-penha-e-guarda-municipal\/#primaryimage\"},\"thumbnailUrl\":\"https:\/\/rotario.com.br\/site\/wp-content\/uploads\/2026\/04\/04.1-2.jpeg\",\"datePublished\":\"2026-04-20T19:43:47+00:00\",\"dateModified\":\"2026-04-20T19:44:00+00:00\",\"breadcrumb\":{\"@id\":\"https:\/\/rotario.com.br\/site\/prisao-em-flagrante-na-praia-grande-mobiliza-patrulha-maria-da-penha-e-guarda-municipal\/#breadcrumb\"},\"inLanguage\":\"pt-BR\",\"potentialAction\":[{\"@type\":\"ReadAction\",\"target\":[\"https:\/\/rotario.com.br\/site\/prisao-em-flagrante-na-praia-grande-mobiliza-patrulha-maria-da-penha-e-guarda-municipal\/\"]}]},{\"@type\":\"ImageObject\",\"inLanguage\":\"pt-BR\",\"@id\":\"https:\/\/rotario.com.br\/site\/prisao-em-flagrante-na-praia-grande-mobiliza-patrulha-maria-da-penha-e-guarda-municipal\/#primaryimage\",\"url\":\"https:\/\/rotario.com.br\/site\/wp-content\/uploads\/2026\/04\/04.1-2.jpeg\",\"contentUrl\":\"https:\/\/rotario.com.br\/site\/wp-content\/uploads\/2026\/04\/04.1-2.jpeg\",\"width\":1012,\"height\":687},{\"@type\":\"BreadcrumbList\",\"@id\":\"https:\/\/rotario.com.br\/site\/prisao-em-flagrante-na-praia-grande-mobiliza-patrulha-maria-da-penha-e-guarda-municipal\/#breadcrumb\",\"itemListElement\":[{\"@type\":\"ListItem\",\"position\":1,\"name\":\"In\u00edcio\",\"item\":\"https:\/\/rotario.com.br\/site\/\"},{\"@type\":\"ListItem\",\"position\":2,\"name\":\"Pris\u00e3o em flagrante na Praia Grande mobiliza Patrulha Maria da Penha e Guarda Municipal\"}]},{\"@type\":\"WebSite\",\"@id\":\"https:\/\/rotario.com.br\/site\/#website\",\"url\":\"https:\/\/rotario.com.br\/site\/\",\"name\":\"Rota Rio\",\"description\":\"Aqui, o Rio de Janeiro \u00e9 a pauta!\",\"publisher\":{\"@id\":\"https:\/\/rotario.com.br\/site\/#organization\"},\"potentialAction\":[{\"@type\":\"SearchAction\",\"target\":{\"@type\":\"EntryPoint\",\"urlTemplate\":\"https:\/\/rotario.com.br\/site\/?s={search_term_string}\"},\"query-input\":{\"@type\":\"PropertyValueSpecification\",\"valueRequired\":true,\"valueName\":\"search_term_string\"}}],\"inLanguage\":\"pt-BR\"},{\"@type\":\"Organization\",\"@id\":\"https:\/\/rotario.com.br\/site\/#organization\",\"name\":\"Rota Rio\",\"url\":\"https:\/\/rotario.com.br\/site\/\",\"logo\":{\"@type\":\"ImageObject\",\"inLanguage\":\"pt-BR\",\"@id\":\"https:\/\/rotario.com.br\/site\/#\/schema\/logo\/image\/\",\"url\":\"https:\/\/rotario.com.br\/site\/wp-content\/uploads\/2022\/04\/cropped-ROTARIO-LOGO-Prancheta-1-1-2048x654-1.png\",\"contentUrl\":\"https:\/\/rotario.com.br\/site\/wp-content\/uploads\/2022\/04\/cropped-ROTARIO-LOGO-Prancheta-1-1-2048x654-1.png\",\"width\":2048,\"height\":654,\"caption\":\"Rota Rio\"},\"image\":{\"@id\":\"https:\/\/rotario.com.br\/site\/#\/schema\/logo\/image\/\"}},{\"@type\":\"Person\",\"@id\":\"https:\/\/rotario.com.br\/site\/#\/schema\/person\/fd89bbbf4136f7e8a21e0dd67b8a66c7\",\"name\":\"Galv\u00e3o\",\"url\":\"https:\/\/rotario.com.br\/site\/author\/daniel\/\"}]}<\/script>\n<!-- \/ Yoast SEO plugin. -->","yoast_head_json":{"title":"Pris\u00e3o em flagrante na Praia Grande mobiliza Patrulha Maria da Penha e Guarda Municipal - Rota Rio","robots":{"index":"index","follow":"follow","max-snippet":"max-snippet:-1","max-image-preview":"max-image-preview:large","max-video-preview":"max-video-preview:-1"},"canonical":"https:\/\/rotario.com.br\/site\/prisao-em-flagrante-na-praia-grande-mobiliza-patrulha-maria-da-penha-e-guarda-municipal\/","og_locale":"pt_BR","og_type":"article","og_title":"Pris\u00e3o em flagrante na Praia Grande mobiliza Patrulha Maria da Penha e Guarda Municipal - Rota Rio","og_description":"Uma a\u00e7\u00e3o coordenada entre equipes de seguran\u00e7a resultou na pris\u00e3o de um homem acusado de agress\u00e3o, no \u00faltimo s\u00e1bado (18), na Praia Grande, em Arraial do Cabo. O suspeito foi localizado poucas horas ap\u00f3s a den\u00fancia e encaminhado para a delegacia. O trabalho contou com a integra\u00e7\u00e3o entre a Patrulha Maria da Penha (PMP) e [&hellip;]","og_url":"https:\/\/rotario.com.br\/site\/prisao-em-flagrante-na-praia-grande-mobiliza-patrulha-maria-da-penha-e-guarda-municipal\/","og_site_name":"Rota Rio","article_published_time":"2026-04-20T19:43:47+00:00","article_modified_time":"2026-04-20T19:44:00+00:00","og_image":[{"width":1012,"height":687,"url":"https:\/\/rotario.com.br\/site\/wp-content\/uploads\/2026\/04\/04.1-2.jpeg","type":"image\/jpeg"}],"author":"Galv\u00e3o","twitter_card":"summary_large_image","twitter_misc":{"Escrito por":"Galv\u00e3o","Est. tempo de leitura":"2 minutos"},"schema":{"@context":"https:\/\/schema.org","@graph":[{"@type":"Article","@id":"https:\/\/rotario.com.br\/site\/prisao-em-flagrante-na-praia-grande-mobiliza-patrulha-maria-da-penha-e-guarda-municipal\/#article","isPartOf":{"@id":"https:\/\/rotario.com.br\/site\/prisao-em-flagrante-na-praia-grande-mobiliza-patrulha-maria-da-penha-e-guarda-municipal\/"},"author":{"name":"Galv\u00e3o","@id":"https:\/\/rotario.com.br\/site\/#\/schema\/person\/fd89bbbf4136f7e8a21e0dd67b8a66c7"},"headline":"Pris\u00e3o em flagrante na Praia Grande mobiliza Patrulha Maria da Penha e Guarda Municipal","datePublished":"2026-04-20T19:43:47+00:00","dateModified":"2026-04-20T19:44:00+00:00","mainEntityOfPage":{"@id":"https:\/\/rotario.com.br\/site\/prisao-em-flagrante-na-praia-grande-mobiliza-patrulha-maria-da-penha-e-guarda-municipal\/"},"wordCount":190,"commentCount":0,"publisher":{"@id":"https:\/\/rotario.com.br\/site\/#organization"},"image":{"@id":"https:\/\/rotario.com.br\/site\/prisao-em-flagrante-na-praia-grande-mobiliza-patrulha-maria-da-penha-e-guarda-municipal\/#primaryimage"},"thumbnailUrl":"https:\/\/rotario.com.br\/site\/wp-content\/uploads\/2026\/04\/04.1-2.jpeg","articleSection":["Arraial do Cabo"],"inLanguage":"pt-BR","potentialAction":[{"@type":"CommentAction","name":"Comment","target":["https:\/\/rotario.com.br\/site\/prisao-em-flagrante-na-praia-grande-mobiliza-patrulha-maria-da-penha-e-guarda-municipal\/#respond"]}]},{"@type":"WebPage","@id":"https:\/\/rotario.com.br\/site\/prisao-em-flagrante-na-praia-grande-mobiliza-patrulha-maria-da-penha-e-guarda-municipal\/","url":"https:\/\/rotario.com.br\/site\/prisao-em-flagrante-na-praia-grande-mobiliza-patrulha-maria-da-penha-e-guarda-municipal\/","name":"Pris\u00e3o em flagrante na Praia Grande mobiliza Patrulha Maria da Penha e Guarda Municipal - Rota Rio","isPartOf":{"@id":"https:\/\/rotario.com.br\/site\/#website"},"primaryImageOfPage":{"@id":"https:\/\/rotario.com.br\/site\/prisao-em-flagrante-na-praia-grande-mobiliza-patrulha-maria-da-penha-e-guarda-municipal\/#primaryimage"},"image":{"@id":"https:\/\/rotario.com.br\/site\/prisao-em-flagrante-na-praia-grande-mobiliza-patrulha-maria-da-penha-e-guarda-municipal\/#primaryimage"},"thumbnailUrl":"https:\/\/rotario.com.br\/site\/wp-content\/uploads\/2026\/04\/04.1-2.jpeg","datePublished":"2026-04-20T19:43:47+00:00","dateModified":"2026-04-20T19:44:00+00:00","breadcrumb":{"@id":"https:\/\/rotario.com.br\/site\/prisao-em-flagrante-na-praia-grande-mobiliza-patrulha-maria-da-penha-e-guarda-municipal\/#breadcrumb"},"inLanguage":"pt-BR","potentialAction":[{"@type":"ReadAction","target":["https:\/\/rotario.com.br\/site\/prisao-em-flagrante-na-praia-grande-mobiliza-patrulha-maria-da-penha-e-guarda-municipal\/"]}]},{"@type":"ImageObject","inLanguage":"pt-BR","@id":"https:\/\/rotario.com.br\/site\/prisao-em-flagrante-na-praia-grande-mobiliza-patrulha-maria-da-penha-e-guarda-municipal\/#primaryimage","url":"https:\/\/rotario.com.br\/site\/wp-content\/uploads\/2026\/04\/04.1-2.jpeg","contentUrl":"https:\/\/rotario.com.br\/site\/wp-content\/uploads\/2026\/04\/04.1-2.jpeg","width":1012,"height":687},{"@type":"BreadcrumbList","@id":"https:\/\/rotario.com.br\/site\/prisao-em-flagrante-na-praia-grande-mobiliza-patrulha-maria-da-penha-e-guarda-municipal\/#breadcrumb","itemListElement":[{"@type":"ListItem","position":1,"name":"In\u00edcio","item":"https:\/\/rotario.com.br\/site\/"},{"@type":"ListItem","position":2,"name":"Pris\u00e3o em flagrante na Praia Grande mobiliza Patrulha Maria da Penha e Guarda Municipal"}]},{"@type":"WebSite","@id":"https:\/\/rotario.com.br\/site\/#website","url":"https:\/\/rotario.com.br\/site\/","name":"Rota Rio","description":"Aqui, o Rio de Janeiro \u00e9 a pauta!","publisher":{"@id":"https:\/\/rotario.com.br\/site\/#organization"},"potentialAction":[{"@type":"SearchAction","target":{"@type":"EntryPoint","urlTemplate":"https:\/\/rotario.com.br\/site\/?s={search_term_string}"},"query-input":{"@type":"PropertyValueSpecification","valueRequired":true,"valueName":"search_term_string"}}],"inLanguage":"pt-BR"},{"@type":"Organization","@id":"https:\/\/rotario.com.br\/site\/#organization","name":"Rota Rio","url":"https:\/\/rotario.com.br\/site\/","logo":{"@type":"ImageObject","inLanguage":"pt-BR","@id":"https:\/\/rotario.com.br\/site\/#\/schema\/logo\/image\/","url":"https:\/\/rotario.com.br\/site\/wp-content\/uploads\/2022\/04\/cropped-ROTARIO-LOGO-Prancheta-1-1-2048x654-1.png","contentUrl":"https:\/\/rotario.com.br\/site\/wp-content\/uploads\/2022\/04\/cropped-ROTARIO-LOGO-Prancheta-1-1-2048x654-1.png","width":2048,"height":654,"caption":"Rota Rio"},"image":{"@id":"https:\/\/rotario.com.br\/site\/#\/schema\/logo\/image\/"}},{"@type":"Person","@id":"https:\/\/rotario.com.br\/site\/#\/schema\/person\/fd89bbbf4136f7e8a21e0dd67b8a66c7","name":"Galv\u00e3o","url":"https:\/\/rotario.com.br\/site\/author\/daniel\/"}]}},"_links":{"self":[{"href":"https:\/\/rotario.com.br\/site\/wp-json\/wp\/v2\/posts\/35385","targetHints":{"allow":["GET"]}}],"collection":[{"href":"https:\/\/rotario.com.br\/site\/wp-json\/wp\/v2\/posts"}],"about":[{"href":"https:\/\/rotario.com.br\/site\/wp-json\/wp\/v2\/types\/post"}],"author":[{"embeddable":true,"href":"https:\/\/rotario.com.br\/site\/wp-json\/wp\/v2\/users\/2"}],"replies":[{"embeddable":true,"href":"https:\/\/rotario.com.br\/site\/wp-json\/wp\/v2\/comments?post=35385"}],"version-history":[{"count":1,"href":"https:\/\/rotario.com.br\/site\/wp-json\/wp\/v2\/posts\/35385\/revisions"}],"predecessor-version":[{"id":35387,"href":"https:\/\/rotario.com.br\/site\/wp-json\/wp\/v2\/posts\/35385\/revisions\/35387"}],"wp:featuredmedia":[{"embeddable":true,"href":"https:\/\/rotario.com.br\/site\/wp-json\/wp\/v2\/media\/35386"}],"wp:attachment":[{"href":"https:\/\/rotario.com.br\/site\/wp-json\/wp\/v2\/media?parent=35385"}],"wp:term":[{"taxonomy":"category","embeddable":true,"href":"https:\/\/rotario.com.br\/site\/wp-json\/wp\/v2\/categories?post=35385"},{"taxonomy":"post_tag","embeddable":true,"href":"https:\/\/rotario.com.br\/site\/wp-json\/wp\/v2\/tags?post=35385"}],"curies":[{"name":"wp","href":"https:\/\/api.w.org\/{rel}","templated":true}]}}