{"id":35541,"date":"2026-04-24T15:30:43","date_gmt":"2026-04-24T18:30:43","guid":{"rendered":"https:\/\/rotario.com.br\/site\/?p=35541"},"modified":"2026-04-24T15:30:53","modified_gmt":"2026-04-24T18:30:53","slug":"circuito-sesc-jazz-blues-conecta-tradicao-e-inovacao-na-musica-em-buzios","status":"publish","type":"post","link":"https:\/\/rotario.com.br\/site\/circuito-sesc-jazz-blues-conecta-tradicao-e-inovacao-na-musica-em-buzios\/","title":{"rendered":"Circuito Sesc Jazz &amp; Blues conecta tradi\u00e7\u00e3o e inova\u00e7\u00e3o na m\u00fasica em B\u00fazios"},"content":{"rendered":"\n<p>O Circuito Sesc Jazz &amp; Blues 2026 desembarca em B\u00fazios entre os dias 1\u00ba e 3 de maio, transformando o feriado do Dia do Trabalhador em uma experi\u00eancia musical gratuita e de alta qualidade. Com programa\u00e7\u00e3o em um palco localizado na Pra\u00e7a Santos Dumont e shows sempre a partir das 20h, a etapa re\u00fane artistas nacionais e internacionais em encontros in\u00e9ditos, reafirmando o compromisso do projeto com a democratiza\u00e7\u00e3o do acesso \u00e0 cultura e a valoriza\u00e7\u00e3o da m\u00fasica instrumental.<\/p>\n\n\n\n<p>Ao longo de tr\u00eas noites, o p\u00fablico poder\u00e1 acompanhar apresenta\u00e7\u00f5es que transitam entre o jazz, o blues e outras vertentes contempor\u00e2neas, com destaque para colabora\u00e7\u00f5es especiais e a presen\u00e7a de grandes int\u00e9rpretes do cen\u00e1rio internacional.<\/p>\n\n\n\n<p>A abertura, no dia 1\u00ba de maio, apresenta a sonoridade criativa do grupo Tango Revirado. Na mesma noite, um dos momentos mais aguardados \u00e9 o encontro entre o gaitista Jefferson Gon\u00e7alves, refer\u00eancia do blues no Brasil, e o Bitencourt Duo, em uma apresenta\u00e7\u00e3o marcada pela pot\u00eancia sonora e pelo di\u00e1logo entre diferentes linguagens musicais. Encerrando a noite, a cantora americana Lo Steele se apresenta ao lado do guitarrista Igor Prado, trazendo ao palco a for\u00e7a do blues contempor\u00e2neo.<\/p>\n\n\n\n<p>No dia 2 de maio, a programa\u00e7\u00e3o destaca o virtuosismo do baixista Dudu Lima, ao lado de M\u00e1rcio Bahia e Leandro Scio, recebendo o m\u00fasico Carlos Malta, para um encontro que celebra a riqueza da m\u00fasica instrumental brasileira. Na sequ\u00eancia, o p\u00fablico poder\u00e1 assistir ao Mark Lambert Quartet, que revisita a obra dos Beatles em releituras jazz\u00edsticas, em um espet\u00e1culo que une sofistica\u00e7\u00e3o e reconhecimento imediato do repert\u00f3rio. A noite se completa com a apresenta\u00e7\u00e3o da cantora Laretha Weathersby, uma das grandes vozes do soul e do blues, acompanhada da Bruno Marques Band.<\/p>\n\n\n\n<p>Encerrando a etapa, no dia 3 de maio, diretamente do Mississippi, Peggy \u201cLady Trucker\u201d Hemphill. A cantora se une aos m\u00fasicos brasileiros The Simi Brothers para um show forte, vibrante e cheio de atitude. Um encontro que traz a for\u00e7a do hill country blues, conectando tradi\u00e7\u00e3o e contemporaneidade. Encerrando a noite, o p\u00fablico poder\u00e1 assistir o show de Diogo Spadaro + Freeta\u00e7\u00e3o, que amplia o di\u00e1logo do circuito com novas sonoridades da m\u00fasica instrumental.<\/p>\n\n\n\n<p>Com entrada gratuita e programa\u00e7\u00e3o concentrada no feriado prolongado, a etapa de B\u00fazios se consolida como uma oportunidade imperd\u00edvel para moradores e turistas vivenciarem grandes shows ao ar livre, em um dos destinos mais procurados do estado do Rio de Janeiro.<\/p>\n\n\n\n<p>Para o secret\u00e1rio de Turismo de Arma\u00e7\u00e3o dos B\u00fazios, Thomas Weber, o Circuito Jazz une m\u00fasica de qualidade, charme e impacto direto no turismo local.<\/p>\n\n\n\n<p>\u201cO Circuito Jazz tem uma energia muito especial e combina perfeitamente com B\u00fazios. \u00c9 um evento que re\u00fane grandes nomes da m\u00fasica, cria uma atmosfera \u00fanica e atrai um p\u00fablico que valoriza cultura e boas experi\u00eancias. Al\u00e9m disso, movimenta a economia, fortalece o turismo e refor\u00e7a que a cidade tamb\u00e9m se destaca no cen\u00e1rio cultural\u201d, destacou.<\/p>\n\n\n\n<p>Ao longo de sua trajet\u00f3ria, o Circuito Sesc Jazz &amp; Blues vem fortalecendo a circula\u00e7\u00e3o cultural no estado, conectando cidades, artistas e p\u00fablicos diversos. Em 2026, o projeto segue ampliando seu alcance e impacto, levando m\u00fasica de excel\u00eancia a diferentes regi\u00f5es e contribuindo para o desenvolvimento da economia criativa e do turismo local.<\/p>\n\n\n\n<p>Nas pr\u00f3ximas semanas, o Circuito Sesc Jazz &amp; Blues percorrer\u00e1 as cidades de Barra de S\u00e3o Jo\u00e3o (15 a 17 de maio), Rio de Janeiro (26 e 27 de maio) no rec\u00e9m-reinaugurado Teatro Sesc Gin\u00e1stico, Rio das Ostras \u2014 refer\u00eancia consolidada como o maior festival de jazz e blues da Am\u00e9rica Latina \u2014 (4 a 7 de junho) durante o feriad\u00e3o de Corpus Christi; Petr\u00f3polis (9 e 10 de junho), no Centro Cultural Sesc Quitandinha (CCSQ) e Ipiabas (19 a 21 de junho), onde o Circuito ser\u00e1 encerrado, ampliando o alcance territorial do projeto e sua presen\u00e7a em diferentes regi\u00f5es do estado.<\/p>\n\n\n\n<p>Apresentado pelo Sesc RJ e com produ\u00e7\u00e3o da Azul Produ\u00e7\u00f5es, o Circuito Sesc Jazz &amp; Blues reafirma, em 2026, seu papel como uma das principais plataformas de difus\u00e3o do jazz, do blues e da m\u00fasica instrumental no Brasil, ao mesmo tempo em que fortalece pol\u00edticas de democratiza\u00e7\u00e3o do acesso \u00e0 cultura e forma\u00e7\u00e3o de p\u00fablico.<\/p>\n\n\n\n<p>\u201cMais do que uma sequ\u00eancia de shows, o Circuito Sesc Jazz &amp; Blues \u00e9 um projeto de circula\u00e7\u00e3o cultural gratuito, comprometido com a sustentabilidade e democratiza\u00e7\u00e3o cultural. Ao levar m\u00fasica de excel\u00eancia para diferentes cidades, fortalecemos o acesso \u00e0 cultura, movimentamos a economia local e ampliamos o di\u00e1logo entre artistas e p\u00fablico\u201d, afirma Stenio Mattos, diretor da Azul Produ\u00e7\u00f5es e produtor do Circuito Sesc Jazz &amp; Blues.<\/p>\n\n\n\n<p>Inspirado na trajet\u00f3ria do Rio das Ostras Jazz &amp; Blues, o Circuito se consolida como uma iniciativa que articula cultura, turismo e desenvolvimento econ\u00f4mico. Ao ocupar diferentes cidades com programa\u00e7\u00e3o gratuita, o projeto contribui para a redu\u00e7\u00e3o da sazonalidade tur\u00edstica, a gera\u00e7\u00e3o de renda e a valoriza\u00e7\u00e3o dos territ\u00f3rios, al\u00e9m de fomentar a cadeia produtiva da m\u00fasica e da economia criativa.&nbsp;&nbsp;&nbsp;&nbsp;<\/p>\n\n\n\n<p><strong>SERVI\u00c7O<\/strong><br><strong>Circuito Sesc Jazz &amp; Blues 2026 \u2013 Etapa B\u00fazios (RJ)<\/strong><br>1\u00ba a 3 de maio de 2026<br>Palco Santos Dumont \u2013 B\u00fazios. Entrada gratuita&nbsp;&nbsp;&nbsp;&nbsp;<\/p>\n\n\n\n<p><strong>1\u00ba de maio (sexta-feira)<\/strong> \u2013 a partir das 20h<br>Tango Revirado<br>Jefferson Gon\u00e7alves &amp; Bitencourt Duo<br>Lo Steele &amp; Igor Prado&nbsp;&nbsp;&nbsp;&nbsp;&nbsp;<\/p>\n\n\n\n<p><strong>2 de maio (s\u00e1bado)<\/strong> \u2013 a partir das 20h<br>Dudu Lima convida Carlos Malta, M\u00e1rcio Bahia e Leandro Scio<br>Mark Lambert Quartet \u2013 \u201cBeatles em Jazz\u201d<br>Laretha Weathersby &amp; Bruno Marques Band&nbsp;&nbsp;&nbsp;&nbsp;&nbsp;&nbsp;<\/p>\n\n\n\n<p><strong>3 de maio (domingo)<\/strong> \u2013 a partir das 20h<br>Lady Trucker &amp; The Simi Brothers<br>Diogo Spadaro + Freeta\u00e7\u00e3o<\/p>\n\n\n\n<p>\u00a0\u00a0\u00a0\u00a0 <\/p>\n\n\n\n<p>Foto: Marcelo Quirino<\/p>\n","protected":false},"excerpt":{"rendered":"<p>O Circuito Sesc Jazz &amp; Blues 2026 desembarca em B\u00fazios entre os dias 1\u00ba e 3 de maio, transformando o feriado do Dia do Trabalhador em uma experi\u00eancia musical gratuita e de alta qualidade. Com programa\u00e7\u00e3o em um palco localizado na Pra\u00e7a Santos Dumont e shows sempre a partir das 20h, a etapa re\u00fane artistas [&hellip;]<\/p>\n","protected":false},"author":2,"featured_media":35542,"comment_status":"open","ping_status":"closed","sticky":false,"template":"","format":"standard","meta":{"footnotes":""},"categories":[30],"tags":[],"class_list":["post-35541","post","type-post","status-publish","format-standard","has-post-thumbnail","hentry","category-buzios"],"yoast_head":"<!-- This site is optimized with the Yoast SEO plugin v26.5 - https:\/\/yoast.com\/wordpress\/plugins\/seo\/ -->\n<title>Circuito Sesc Jazz &amp; Blues conecta tradi\u00e7\u00e3o e inova\u00e7\u00e3o na m\u00fasica em B\u00fazios - Rota Rio<\/title>\n<meta name=\"robots\" content=\"index, follow, max-snippet:-1, max-image-preview:large, max-video-preview:-1\" \/>\n<link rel=\"canonical\" href=\"https:\/\/rotario.com.br\/site\/circuito-sesc-jazz-blues-conecta-tradicao-e-inovacao-na-musica-em-buzios\/\" \/>\n<meta property=\"og:locale\" content=\"pt_BR\" \/>\n<meta property=\"og:type\" content=\"article\" \/>\n<meta property=\"og:title\" content=\"Circuito Sesc Jazz &amp; Blues conecta tradi\u00e7\u00e3o e inova\u00e7\u00e3o na m\u00fasica em B\u00fazios - Rota Rio\" \/>\n<meta property=\"og:description\" content=\"O Circuito Sesc Jazz &amp; Blues 2026 desembarca em B\u00fazios entre os dias 1\u00ba e 3 de maio, transformando o feriado do Dia do Trabalhador em uma experi\u00eancia musical gratuita e de alta qualidade. Com programa\u00e7\u00e3o em um palco localizado na Pra\u00e7a Santos Dumont e shows sempre a partir das 20h, a etapa re\u00fane artistas [&hellip;]\" \/>\n<meta property=\"og:url\" content=\"https:\/\/rotario.com.br\/site\/circuito-sesc-jazz-blues-conecta-tradicao-e-inovacao-na-musica-em-buzios\/\" \/>\n<meta property=\"og:site_name\" content=\"Rota Rio\" \/>\n<meta property=\"article:published_time\" content=\"2026-04-24T18:30:43+00:00\" \/>\n<meta property=\"article:modified_time\" content=\"2026-04-24T18:30:53+00:00\" \/>\n<meta property=\"og:image\" content=\"https:\/\/rotario.com.br\/site\/wp-content\/uploads\/2026\/04\/MARK_LAMBERT-CIRCUITO_SESC_26-FOTO_MARCELO_QUIRINO1-scaled.jpg\" \/>\n\t<meta property=\"og:image:width\" content=\"2560\" \/>\n\t<meta property=\"og:image:height\" content=\"1707\" \/>\n\t<meta property=\"og:image:type\" content=\"image\/jpeg\" \/>\n<meta name=\"author\" content=\"Galv\u00e3o\" \/>\n<meta name=\"twitter:card\" content=\"summary_large_image\" \/>\n<meta name=\"twitter:label1\" content=\"Escrito por\" \/>\n\t<meta name=\"twitter:data1\" content=\"Galv\u00e3o\" \/>\n\t<meta name=\"twitter:label2\" content=\"Est. tempo de leitura\" \/>\n\t<meta name=\"twitter:data2\" content=\"6 minutos\" \/>\n<script type=\"application\/ld+json\" class=\"yoast-schema-graph\">{\"@context\":\"https:\/\/schema.org\",\"@graph\":[{\"@type\":\"Article\",\"@id\":\"https:\/\/rotario.com.br\/site\/circuito-sesc-jazz-blues-conecta-tradicao-e-inovacao-na-musica-em-buzios\/#article\",\"isPartOf\":{\"@id\":\"https:\/\/rotario.com.br\/site\/circuito-sesc-jazz-blues-conecta-tradicao-e-inovacao-na-musica-em-buzios\/\"},\"author\":{\"name\":\"Galv\u00e3o\",\"@id\":\"https:\/\/rotario.com.br\/site\/#\/schema\/person\/fd89bbbf4136f7e8a21e0dd67b8a66c7\"},\"headline\":\"Circuito Sesc Jazz &amp; Blues conecta tradi\u00e7\u00e3o e inova\u00e7\u00e3o na m\u00fasica em B\u00fazios\",\"datePublished\":\"2026-04-24T18:30:43+00:00\",\"dateModified\":\"2026-04-24T18:30:53+00:00\",\"mainEntityOfPage\":{\"@id\":\"https:\/\/rotario.com.br\/site\/circuito-sesc-jazz-blues-conecta-tradicao-e-inovacao-na-musica-em-buzios\/\"},\"wordCount\":1015,\"commentCount\":0,\"publisher\":{\"@id\":\"https:\/\/rotario.com.br\/site\/#organization\"},\"image\":{\"@id\":\"https:\/\/rotario.com.br\/site\/circuito-sesc-jazz-blues-conecta-tradicao-e-inovacao-na-musica-em-buzios\/#primaryimage\"},\"thumbnailUrl\":\"https:\/\/rotario.com.br\/site\/wp-content\/uploads\/2026\/04\/MARK_LAMBERT-CIRCUITO_SESC_26-FOTO_MARCELO_QUIRINO1-scaled.jpg\",\"articleSection\":[\"B\u00fazios\"],\"inLanguage\":\"pt-BR\",\"potentialAction\":[{\"@type\":\"CommentAction\",\"name\":\"Comment\",\"target\":[\"https:\/\/rotario.com.br\/site\/circuito-sesc-jazz-blues-conecta-tradicao-e-inovacao-na-musica-em-buzios\/#respond\"]}]},{\"@type\":\"WebPage\",\"@id\":\"https:\/\/rotario.com.br\/site\/circuito-sesc-jazz-blues-conecta-tradicao-e-inovacao-na-musica-em-buzios\/\",\"url\":\"https:\/\/rotario.com.br\/site\/circuito-sesc-jazz-blues-conecta-tradicao-e-inovacao-na-musica-em-buzios\/\",\"name\":\"Circuito Sesc Jazz &amp; Blues conecta tradi\u00e7\u00e3o e inova\u00e7\u00e3o na m\u00fasica em B\u00fazios - Rota Rio\",\"isPartOf\":{\"@id\":\"https:\/\/rotario.com.br\/site\/#website\"},\"primaryImageOfPage\":{\"@id\":\"https:\/\/rotario.com.br\/site\/circuito-sesc-jazz-blues-conecta-tradicao-e-inovacao-na-musica-em-buzios\/#primaryimage\"},\"image\":{\"@id\":\"https:\/\/rotario.com.br\/site\/circuito-sesc-jazz-blues-conecta-tradicao-e-inovacao-na-musica-em-buzios\/#primaryimage\"},\"thumbnailUrl\":\"https:\/\/rotario.com.br\/site\/wp-content\/uploads\/2026\/04\/MARK_LAMBERT-CIRCUITO_SESC_26-FOTO_MARCELO_QUIRINO1-scaled.jpg\",\"datePublished\":\"2026-04-24T18:30:43+00:00\",\"dateModified\":\"2026-04-24T18:30:53+00:00\",\"breadcrumb\":{\"@id\":\"https:\/\/rotario.com.br\/site\/circuito-sesc-jazz-blues-conecta-tradicao-e-inovacao-na-musica-em-buzios\/#breadcrumb\"},\"inLanguage\":\"pt-BR\",\"potentialAction\":[{\"@type\":\"ReadAction\",\"target\":[\"https:\/\/rotario.com.br\/site\/circuito-sesc-jazz-blues-conecta-tradicao-e-inovacao-na-musica-em-buzios\/\"]}]},{\"@type\":\"ImageObject\",\"inLanguage\":\"pt-BR\",\"@id\":\"https:\/\/rotario.com.br\/site\/circuito-sesc-jazz-blues-conecta-tradicao-e-inovacao-na-musica-em-buzios\/#primaryimage\",\"url\":\"https:\/\/rotario.com.br\/site\/wp-content\/uploads\/2026\/04\/MARK_LAMBERT-CIRCUITO_SESC_26-FOTO_MARCELO_QUIRINO1-scaled.jpg\",\"contentUrl\":\"https:\/\/rotario.com.br\/site\/wp-content\/uploads\/2026\/04\/MARK_LAMBERT-CIRCUITO_SESC_26-FOTO_MARCELO_QUIRINO1-scaled.jpg\",\"width\":2560,\"height\":1707},{\"@type\":\"BreadcrumbList\",\"@id\":\"https:\/\/rotario.com.br\/site\/circuito-sesc-jazz-blues-conecta-tradicao-e-inovacao-na-musica-em-buzios\/#breadcrumb\",\"itemListElement\":[{\"@type\":\"ListItem\",\"position\":1,\"name\":\"In\u00edcio\",\"item\":\"https:\/\/rotario.com.br\/site\/\"},{\"@type\":\"ListItem\",\"position\":2,\"name\":\"Circuito Sesc Jazz &amp; Blues conecta tradi\u00e7\u00e3o e inova\u00e7\u00e3o na m\u00fasica em B\u00fazios\"}]},{\"@type\":\"WebSite\",\"@id\":\"https:\/\/rotario.com.br\/site\/#website\",\"url\":\"https:\/\/rotario.com.br\/site\/\",\"name\":\"Rota Rio\",\"description\":\"Aqui, o Rio de Janeiro \u00e9 a pauta!\",\"publisher\":{\"@id\":\"https:\/\/rotario.com.br\/site\/#organization\"},\"potentialAction\":[{\"@type\":\"SearchAction\",\"target\":{\"@type\":\"EntryPoint\",\"urlTemplate\":\"https:\/\/rotario.com.br\/site\/?s={search_term_string}\"},\"query-input\":{\"@type\":\"PropertyValueSpecification\",\"valueRequired\":true,\"valueName\":\"search_term_string\"}}],\"inLanguage\":\"pt-BR\"},{\"@type\":\"Organization\",\"@id\":\"https:\/\/rotario.com.br\/site\/#organization\",\"name\":\"Rota Rio\",\"url\":\"https:\/\/rotario.com.br\/site\/\",\"logo\":{\"@type\":\"ImageObject\",\"inLanguage\":\"pt-BR\",\"@id\":\"https:\/\/rotario.com.br\/site\/#\/schema\/logo\/image\/\",\"url\":\"https:\/\/rotario.com.br\/site\/wp-content\/uploads\/2022\/04\/cropped-ROTARIO-LOGO-Prancheta-1-1-2048x654-1.png\",\"contentUrl\":\"https:\/\/rotario.com.br\/site\/wp-content\/uploads\/2022\/04\/cropped-ROTARIO-LOGO-Prancheta-1-1-2048x654-1.png\",\"width\":2048,\"height\":654,\"caption\":\"Rota Rio\"},\"image\":{\"@id\":\"https:\/\/rotario.com.br\/site\/#\/schema\/logo\/image\/\"}},{\"@type\":\"Person\",\"@id\":\"https:\/\/rotario.com.br\/site\/#\/schema\/person\/fd89bbbf4136f7e8a21e0dd67b8a66c7\",\"name\":\"Galv\u00e3o\",\"url\":\"https:\/\/rotario.com.br\/site\/author\/daniel\/\"}]}<\/script>\n<!-- \/ Yoast SEO plugin. -->","yoast_head_json":{"title":"Circuito Sesc Jazz &amp; Blues conecta tradi\u00e7\u00e3o e inova\u00e7\u00e3o na m\u00fasica em B\u00fazios - Rota Rio","robots":{"index":"index","follow":"follow","max-snippet":"max-snippet:-1","max-image-preview":"max-image-preview:large","max-video-preview":"max-video-preview:-1"},"canonical":"https:\/\/rotario.com.br\/site\/circuito-sesc-jazz-blues-conecta-tradicao-e-inovacao-na-musica-em-buzios\/","og_locale":"pt_BR","og_type":"article","og_title":"Circuito Sesc Jazz &amp; Blues conecta tradi\u00e7\u00e3o e inova\u00e7\u00e3o na m\u00fasica em B\u00fazios - Rota Rio","og_description":"O Circuito Sesc Jazz &amp; Blues 2026 desembarca em B\u00fazios entre os dias 1\u00ba e 3 de maio, transformando o feriado do Dia do Trabalhador em uma experi\u00eancia musical gratuita e de alta qualidade. Com programa\u00e7\u00e3o em um palco localizado na Pra\u00e7a Santos Dumont e shows sempre a partir das 20h, a etapa re\u00fane artistas [&hellip;]","og_url":"https:\/\/rotario.com.br\/site\/circuito-sesc-jazz-blues-conecta-tradicao-e-inovacao-na-musica-em-buzios\/","og_site_name":"Rota Rio","article_published_time":"2026-04-24T18:30:43+00:00","article_modified_time":"2026-04-24T18:30:53+00:00","og_image":[{"width":2560,"height":1707,"url":"https:\/\/rotario.com.br\/site\/wp-content\/uploads\/2026\/04\/MARK_LAMBERT-CIRCUITO_SESC_26-FOTO_MARCELO_QUIRINO1-scaled.jpg","type":"image\/jpeg"}],"author":"Galv\u00e3o","twitter_card":"summary_large_image","twitter_misc":{"Escrito por":"Galv\u00e3o","Est. tempo de leitura":"6 minutos"},"schema":{"@context":"https:\/\/schema.org","@graph":[{"@type":"Article","@id":"https:\/\/rotario.com.br\/site\/circuito-sesc-jazz-blues-conecta-tradicao-e-inovacao-na-musica-em-buzios\/#article","isPartOf":{"@id":"https:\/\/rotario.com.br\/site\/circuito-sesc-jazz-blues-conecta-tradicao-e-inovacao-na-musica-em-buzios\/"},"author":{"name":"Galv\u00e3o","@id":"https:\/\/rotario.com.br\/site\/#\/schema\/person\/fd89bbbf4136f7e8a21e0dd67b8a66c7"},"headline":"Circuito Sesc Jazz &amp; Blues conecta tradi\u00e7\u00e3o e inova\u00e7\u00e3o na m\u00fasica em B\u00fazios","datePublished":"2026-04-24T18:30:43+00:00","dateModified":"2026-04-24T18:30:53+00:00","mainEntityOfPage":{"@id":"https:\/\/rotario.com.br\/site\/circuito-sesc-jazz-blues-conecta-tradicao-e-inovacao-na-musica-em-buzios\/"},"wordCount":1015,"commentCount":0,"publisher":{"@id":"https:\/\/rotario.com.br\/site\/#organization"},"image":{"@id":"https:\/\/rotario.com.br\/site\/circuito-sesc-jazz-blues-conecta-tradicao-e-inovacao-na-musica-em-buzios\/#primaryimage"},"thumbnailUrl":"https:\/\/rotario.com.br\/site\/wp-content\/uploads\/2026\/04\/MARK_LAMBERT-CIRCUITO_SESC_26-FOTO_MARCELO_QUIRINO1-scaled.jpg","articleSection":["B\u00fazios"],"inLanguage":"pt-BR","potentialAction":[{"@type":"CommentAction","name":"Comment","target":["https:\/\/rotario.com.br\/site\/circuito-sesc-jazz-blues-conecta-tradicao-e-inovacao-na-musica-em-buzios\/#respond"]}]},{"@type":"WebPage","@id":"https:\/\/rotario.com.br\/site\/circuito-sesc-jazz-blues-conecta-tradicao-e-inovacao-na-musica-em-buzios\/","url":"https:\/\/rotario.com.br\/site\/circuito-sesc-jazz-blues-conecta-tradicao-e-inovacao-na-musica-em-buzios\/","name":"Circuito Sesc Jazz &amp; Blues conecta tradi\u00e7\u00e3o e inova\u00e7\u00e3o na m\u00fasica em B\u00fazios - Rota Rio","isPartOf":{"@id":"https:\/\/rotario.com.br\/site\/#website"},"primaryImageOfPage":{"@id":"https:\/\/rotario.com.br\/site\/circuito-sesc-jazz-blues-conecta-tradicao-e-inovacao-na-musica-em-buzios\/#primaryimage"},"image":{"@id":"https:\/\/rotario.com.br\/site\/circuito-sesc-jazz-blues-conecta-tradicao-e-inovacao-na-musica-em-buzios\/#primaryimage"},"thumbnailUrl":"https:\/\/rotario.com.br\/site\/wp-content\/uploads\/2026\/04\/MARK_LAMBERT-CIRCUITO_SESC_26-FOTO_MARCELO_QUIRINO1-scaled.jpg","datePublished":"2026-04-24T18:30:43+00:00","dateModified":"2026-04-24T18:30:53+00:00","breadcrumb":{"@id":"https:\/\/rotario.com.br\/site\/circuito-sesc-jazz-blues-conecta-tradicao-e-inovacao-na-musica-em-buzios\/#breadcrumb"},"inLanguage":"pt-BR","potentialAction":[{"@type":"ReadAction","target":["https:\/\/rotario.com.br\/site\/circuito-sesc-jazz-blues-conecta-tradicao-e-inovacao-na-musica-em-buzios\/"]}]},{"@type":"ImageObject","inLanguage":"pt-BR","@id":"https:\/\/rotario.com.br\/site\/circuito-sesc-jazz-blues-conecta-tradicao-e-inovacao-na-musica-em-buzios\/#primaryimage","url":"https:\/\/rotario.com.br\/site\/wp-content\/uploads\/2026\/04\/MARK_LAMBERT-CIRCUITO_SESC_26-FOTO_MARCELO_QUIRINO1-scaled.jpg","contentUrl":"https:\/\/rotario.com.br\/site\/wp-content\/uploads\/2026\/04\/MARK_LAMBERT-CIRCUITO_SESC_26-FOTO_MARCELO_QUIRINO1-scaled.jpg","width":2560,"height":1707},{"@type":"BreadcrumbList","@id":"https:\/\/rotario.com.br\/site\/circuito-sesc-jazz-blues-conecta-tradicao-e-inovacao-na-musica-em-buzios\/#breadcrumb","itemListElement":[{"@type":"ListItem","position":1,"name":"In\u00edcio","item":"https:\/\/rotario.com.br\/site\/"},{"@type":"ListItem","position":2,"name":"Circuito Sesc Jazz &amp; Blues conecta tradi\u00e7\u00e3o e inova\u00e7\u00e3o na m\u00fasica em B\u00fazios"}]},{"@type":"WebSite","@id":"https:\/\/rotario.com.br\/site\/#website","url":"https:\/\/rotario.com.br\/site\/","name":"Rota Rio","description":"Aqui, o Rio de Janeiro \u00e9 a pauta!","publisher":{"@id":"https:\/\/rotario.com.br\/site\/#organization"},"potentialAction":[{"@type":"SearchAction","target":{"@type":"EntryPoint","urlTemplate":"https:\/\/rotario.com.br\/site\/?s={search_term_string}"},"query-input":{"@type":"PropertyValueSpecification","valueRequired":true,"valueName":"search_term_string"}}],"inLanguage":"pt-BR"},{"@type":"Organization","@id":"https:\/\/rotario.com.br\/site\/#organization","name":"Rota Rio","url":"https:\/\/rotario.com.br\/site\/","logo":{"@type":"ImageObject","inLanguage":"pt-BR","@id":"https:\/\/rotario.com.br\/site\/#\/schema\/logo\/image\/","url":"https:\/\/rotario.com.br\/site\/wp-content\/uploads\/2022\/04\/cropped-ROTARIO-LOGO-Prancheta-1-1-2048x654-1.png","contentUrl":"https:\/\/rotario.com.br\/site\/wp-content\/uploads\/2022\/04\/cropped-ROTARIO-LOGO-Prancheta-1-1-2048x654-1.png","width":2048,"height":654,"caption":"Rota Rio"},"image":{"@id":"https:\/\/rotario.com.br\/site\/#\/schema\/logo\/image\/"}},{"@type":"Person","@id":"https:\/\/rotario.com.br\/site\/#\/schema\/person\/fd89bbbf4136f7e8a21e0dd67b8a66c7","name":"Galv\u00e3o","url":"https:\/\/rotario.com.br\/site\/author\/daniel\/"}]}},"_links":{"self":[{"href":"https:\/\/rotario.com.br\/site\/wp-json\/wp\/v2\/posts\/35541","targetHints":{"allow":["GET"]}}],"collection":[{"href":"https:\/\/rotario.com.br\/site\/wp-json\/wp\/v2\/posts"}],"about":[{"href":"https:\/\/rotario.com.br\/site\/wp-json\/wp\/v2\/types\/post"}],"author":[{"embeddable":true,"href":"https:\/\/rotario.com.br\/site\/wp-json\/wp\/v2\/users\/2"}],"replies":[{"embeddable":true,"href":"https:\/\/rotario.com.br\/site\/wp-json\/wp\/v2\/comments?post=35541"}],"version-history":[{"count":1,"href":"https:\/\/rotario.com.br\/site\/wp-json\/wp\/v2\/posts\/35541\/revisions"}],"predecessor-version":[{"id":35543,"href":"https:\/\/rotario.com.br\/site\/wp-json\/wp\/v2\/posts\/35541\/revisions\/35543"}],"wp:featuredmedia":[{"embeddable":true,"href":"https:\/\/rotario.com.br\/site\/wp-json\/wp\/v2\/media\/35542"}],"wp:attachment":[{"href":"https:\/\/rotario.com.br\/site\/wp-json\/wp\/v2\/media?parent=35541"}],"wp:term":[{"taxonomy":"category","embeddable":true,"href":"https:\/\/rotario.com.br\/site\/wp-json\/wp\/v2\/categories?post=35541"},{"taxonomy":"post_tag","embeddable":true,"href":"https:\/\/rotario.com.br\/site\/wp-json\/wp\/v2\/tags?post=35541"}],"curies":[{"name":"wp","href":"https:\/\/api.w.org\/{rel}","templated":true}]}}