{"id":35544,"date":"2026-04-24T15:45:26","date_gmt":"2026-04-24T18:45:26","guid":{"rendered":"https:\/\/rotario.com.br\/site\/?p=35544"},"modified":"2026-04-24T15:45:42","modified_gmt":"2026-04-24T18:45:42","slug":"caso-de-violencia-contra-mulher-resulta-em-investigacao-e-recolhimento-de-armas-em-sao-pedro-da-aldeia","status":"publish","type":"post","link":"https:\/\/rotario.com.br\/site\/caso-de-violencia-contra-mulher-resulta-em-investigacao-e-recolhimento-de-armas-em-sao-pedro-da-aldeia\/","title":{"rendered":"Caso de viol\u00eancia contra mulher resulta em investiga\u00e7\u00e3o e recolhimento de armas em S\u00e3o Pedro da Aldeia"},"content":{"rendered":"\n<p>Uma ocorr\u00eancia de viol\u00eancia dom\u00e9stica terminou com a apreens\u00e3o de armas de fogo na tarde de quarta-feira (23), no bairro Balne\u00e1rio, em S\u00e3o Pedro da Aldeia. A a\u00e7\u00e3o foi registrada em uma resid\u00eancia na Rua S\u00e3o Roque, ap\u00f3s acionamento da Pol\u00edcia Militar para apurar uma suspeita inicial de sequestro ou c\u00e1rcere privado.<\/p>\n\n\n\n<p>Ao chegarem ao im\u00f3vel, por volta das 16h44, os agentes encontraram uma mulher de 55 anos, que relatou ter discutido com o marido em meio a conflitos familiares envolvendo um filho do casal que tamb\u00e9m reside no local. Segundo a v\u00edtima, durante o desentendimento, o homem a teria agredido fisicamente e feito amea\u00e7as.<\/p>\n\n\n\n<p>A mulher ainda informou que havia armas de fogo dentro da casa e autorizou a entrada da equipe para averigua\u00e7\u00e3o. O suspeito, de 68 anos, foi localizado no interior da resid\u00eancia sem portar armamento no momento da abordagem. Ele confirmou possuir armas, alegando que estariam regularizadas, mas negou as agress\u00f5es. Disse que apenas conteve a esposa para evitar ser atacado \u2014 vers\u00e3o que foi contestada pela v\u00edtima, que afirmou ter sido sufocada e imobilizada sobre a cama.<\/p>\n\n\n\n<p>Durante a inspe\u00e7\u00e3o, os policiais apreenderam uma pistola calibre 9mm, muni\u00e7\u00f5es, um rifle calibre .22, carregadores, al\u00e9m de duas carabinas de press\u00e3o e uma pistola de airsoft.<\/p>\n\n\n\n<p>O casal foi conduzido separadamente \u00e0 125\u00aa Delegacia de Pol\u00edcia de S\u00e3o Pedro da Aldeia e, posteriormente, \u00e0 Delegacia Especializada de Atendimento \u00e0 Mulher, onde o caso foi formalizado.<\/p>\n\n\n\n<p>Ap\u00f3s an\u00e1lise da autoridade policial, o homem foi liberado e responder\u00e1 em liberdade por viol\u00eancia dom\u00e9stica e familiar, conforme previsto na Lei Maria da Penha.&nbsp;&nbsp;&nbsp;&nbsp;<\/p>\n","protected":false},"excerpt":{"rendered":"<p>Uma ocorr\u00eancia de viol\u00eancia dom\u00e9stica terminou com a apreens\u00e3o de armas de fogo na tarde de quarta-feira (23), no bairro Balne\u00e1rio, em S\u00e3o Pedro da Aldeia. A a\u00e7\u00e3o foi registrada em uma resid\u00eancia na Rua S\u00e3o Roque, ap\u00f3s acionamento da Pol\u00edcia Militar para apurar uma suspeita inicial de sequestro ou c\u00e1rcere privado. Ao chegarem ao [&hellip;]<\/p>\n","protected":false},"author":2,"featured_media":35545,"comment_status":"open","ping_status":"closed","sticky":false,"template":"","format":"standard","meta":{"footnotes":""},"categories":[123],"tags":[],"class_list":["post-35544","post","type-post","status-publish","format-standard","has-post-thumbnail","hentry","category-sao-pedro-da-aldeia"],"yoast_head":"<!-- This site is optimized with the Yoast SEO plugin v26.5 - https:\/\/yoast.com\/wordpress\/plugins\/seo\/ -->\n<title>Caso de viol\u00eancia contra mulher resulta em investiga\u00e7\u00e3o e recolhimento de armas em S\u00e3o Pedro da Aldeia - Rota Rio<\/title>\n<meta name=\"robots\" content=\"index, follow, max-snippet:-1, max-image-preview:large, max-video-preview:-1\" \/>\n<link rel=\"canonical\" href=\"https:\/\/rotario.com.br\/site\/caso-de-violencia-contra-mulher-resulta-em-investigacao-e-recolhimento-de-armas-em-sao-pedro-da-aldeia\/\" \/>\n<meta property=\"og:locale\" content=\"pt_BR\" \/>\n<meta property=\"og:type\" content=\"article\" \/>\n<meta property=\"og:title\" content=\"Caso de viol\u00eancia contra mulher resulta em investiga\u00e7\u00e3o e recolhimento de armas em S\u00e3o Pedro da Aldeia - Rota Rio\" \/>\n<meta property=\"og:description\" content=\"Uma ocorr\u00eancia de viol\u00eancia dom\u00e9stica terminou com a apreens\u00e3o de armas de fogo na tarde de quarta-feira (23), no bairro Balne\u00e1rio, em S\u00e3o Pedro da Aldeia. A a\u00e7\u00e3o foi registrada em uma resid\u00eancia na Rua S\u00e3o Roque, ap\u00f3s acionamento da Pol\u00edcia Militar para apurar uma suspeita inicial de sequestro ou c\u00e1rcere privado. Ao chegarem ao [&hellip;]\" \/>\n<meta property=\"og:url\" content=\"https:\/\/rotario.com.br\/site\/caso-de-violencia-contra-mulher-resulta-em-investigacao-e-recolhimento-de-armas-em-sao-pedro-da-aldeia\/\" \/>\n<meta property=\"og:site_name\" content=\"Rota Rio\" \/>\n<meta property=\"article:published_time\" content=\"2026-04-24T18:45:26+00:00\" \/>\n<meta property=\"article:modified_time\" content=\"2026-04-24T18:45:42+00:00\" \/>\n<meta property=\"og:image\" content=\"https:\/\/rotario.com.br\/site\/wp-content\/uploads\/2026\/04\/08.1-1.jpg\" \/>\n\t<meta property=\"og:image:width\" content=\"630\" \/>\n\t<meta property=\"og:image:height\" content=\"573\" \/>\n\t<meta property=\"og:image:type\" content=\"image\/jpeg\" \/>\n<meta name=\"author\" content=\"Galv\u00e3o\" \/>\n<meta name=\"twitter:card\" content=\"summary_large_image\" \/>\n<meta name=\"twitter:label1\" content=\"Escrito por\" \/>\n\t<meta name=\"twitter:data1\" content=\"Galv\u00e3o\" \/>\n\t<meta name=\"twitter:label2\" content=\"Est. tempo de leitura\" \/>\n\t<meta name=\"twitter:data2\" content=\"2 minutos\" \/>\n<script type=\"application\/ld+json\" class=\"yoast-schema-graph\">{\"@context\":\"https:\/\/schema.org\",\"@graph\":[{\"@type\":\"Article\",\"@id\":\"https:\/\/rotario.com.br\/site\/caso-de-violencia-contra-mulher-resulta-em-investigacao-e-recolhimento-de-armas-em-sao-pedro-da-aldeia\/#article\",\"isPartOf\":{\"@id\":\"https:\/\/rotario.com.br\/site\/caso-de-violencia-contra-mulher-resulta-em-investigacao-e-recolhimento-de-armas-em-sao-pedro-da-aldeia\/\"},\"author\":{\"name\":\"Galv\u00e3o\",\"@id\":\"https:\/\/rotario.com.br\/site\/#\/schema\/person\/fd89bbbf4136f7e8a21e0dd67b8a66c7\"},\"headline\":\"Caso de viol\u00eancia contra mulher resulta em investiga\u00e7\u00e3o e recolhimento de armas em S\u00e3o Pedro da Aldeia\",\"datePublished\":\"2026-04-24T18:45:26+00:00\",\"dateModified\":\"2026-04-24T18:45:42+00:00\",\"mainEntityOfPage\":{\"@id\":\"https:\/\/rotario.com.br\/site\/caso-de-violencia-contra-mulher-resulta-em-investigacao-e-recolhimento-de-armas-em-sao-pedro-da-aldeia\/\"},\"wordCount\":309,\"commentCount\":0,\"publisher\":{\"@id\":\"https:\/\/rotario.com.br\/site\/#organization\"},\"image\":{\"@id\":\"https:\/\/rotario.com.br\/site\/caso-de-violencia-contra-mulher-resulta-em-investigacao-e-recolhimento-de-armas-em-sao-pedro-da-aldeia\/#primaryimage\"},\"thumbnailUrl\":\"https:\/\/rotario.com.br\/site\/wp-content\/uploads\/2026\/04\/08.1-1.jpg\",\"articleSection\":[\"S\u00e3o Pedro da Aldeia\"],\"inLanguage\":\"pt-BR\",\"potentialAction\":[{\"@type\":\"CommentAction\",\"name\":\"Comment\",\"target\":[\"https:\/\/rotario.com.br\/site\/caso-de-violencia-contra-mulher-resulta-em-investigacao-e-recolhimento-de-armas-em-sao-pedro-da-aldeia\/#respond\"]}]},{\"@type\":\"WebPage\",\"@id\":\"https:\/\/rotario.com.br\/site\/caso-de-violencia-contra-mulher-resulta-em-investigacao-e-recolhimento-de-armas-em-sao-pedro-da-aldeia\/\",\"url\":\"https:\/\/rotario.com.br\/site\/caso-de-violencia-contra-mulher-resulta-em-investigacao-e-recolhimento-de-armas-em-sao-pedro-da-aldeia\/\",\"name\":\"Caso de viol\u00eancia contra mulher resulta em investiga\u00e7\u00e3o e recolhimento de armas em S\u00e3o Pedro da Aldeia - Rota Rio\",\"isPartOf\":{\"@id\":\"https:\/\/rotario.com.br\/site\/#website\"},\"primaryImageOfPage\":{\"@id\":\"https:\/\/rotario.com.br\/site\/caso-de-violencia-contra-mulher-resulta-em-investigacao-e-recolhimento-de-armas-em-sao-pedro-da-aldeia\/#primaryimage\"},\"image\":{\"@id\":\"https:\/\/rotario.com.br\/site\/caso-de-violencia-contra-mulher-resulta-em-investigacao-e-recolhimento-de-armas-em-sao-pedro-da-aldeia\/#primaryimage\"},\"thumbnailUrl\":\"https:\/\/rotario.com.br\/site\/wp-content\/uploads\/2026\/04\/08.1-1.jpg\",\"datePublished\":\"2026-04-24T18:45:26+00:00\",\"dateModified\":\"2026-04-24T18:45:42+00:00\",\"breadcrumb\":{\"@id\":\"https:\/\/rotario.com.br\/site\/caso-de-violencia-contra-mulher-resulta-em-investigacao-e-recolhimento-de-armas-em-sao-pedro-da-aldeia\/#breadcrumb\"},\"inLanguage\":\"pt-BR\",\"potentialAction\":[{\"@type\":\"ReadAction\",\"target\":[\"https:\/\/rotario.com.br\/site\/caso-de-violencia-contra-mulher-resulta-em-investigacao-e-recolhimento-de-armas-em-sao-pedro-da-aldeia\/\"]}]},{\"@type\":\"ImageObject\",\"inLanguage\":\"pt-BR\",\"@id\":\"https:\/\/rotario.com.br\/site\/caso-de-violencia-contra-mulher-resulta-em-investigacao-e-recolhimento-de-armas-em-sao-pedro-da-aldeia\/#primaryimage\",\"url\":\"https:\/\/rotario.com.br\/site\/wp-content\/uploads\/2026\/04\/08.1-1.jpg\",\"contentUrl\":\"https:\/\/rotario.com.br\/site\/wp-content\/uploads\/2026\/04\/08.1-1.jpg\",\"width\":630,\"height\":573},{\"@type\":\"BreadcrumbList\",\"@id\":\"https:\/\/rotario.com.br\/site\/caso-de-violencia-contra-mulher-resulta-em-investigacao-e-recolhimento-de-armas-em-sao-pedro-da-aldeia\/#breadcrumb\",\"itemListElement\":[{\"@type\":\"ListItem\",\"position\":1,\"name\":\"In\u00edcio\",\"item\":\"https:\/\/rotario.com.br\/site\/\"},{\"@type\":\"ListItem\",\"position\":2,\"name\":\"Caso de viol\u00eancia contra mulher resulta em investiga\u00e7\u00e3o e recolhimento de armas em S\u00e3o Pedro da Aldeia\"}]},{\"@type\":\"WebSite\",\"@id\":\"https:\/\/rotario.com.br\/site\/#website\",\"url\":\"https:\/\/rotario.com.br\/site\/\",\"name\":\"Rota Rio\",\"description\":\"Aqui, o Rio de Janeiro \u00e9 a pauta!\",\"publisher\":{\"@id\":\"https:\/\/rotario.com.br\/site\/#organization\"},\"potentialAction\":[{\"@type\":\"SearchAction\",\"target\":{\"@type\":\"EntryPoint\",\"urlTemplate\":\"https:\/\/rotario.com.br\/site\/?s={search_term_string}\"},\"query-input\":{\"@type\":\"PropertyValueSpecification\",\"valueRequired\":true,\"valueName\":\"search_term_string\"}}],\"inLanguage\":\"pt-BR\"},{\"@type\":\"Organization\",\"@id\":\"https:\/\/rotario.com.br\/site\/#organization\",\"name\":\"Rota Rio\",\"url\":\"https:\/\/rotario.com.br\/site\/\",\"logo\":{\"@type\":\"ImageObject\",\"inLanguage\":\"pt-BR\",\"@id\":\"https:\/\/rotario.com.br\/site\/#\/schema\/logo\/image\/\",\"url\":\"https:\/\/rotario.com.br\/site\/wp-content\/uploads\/2022\/04\/cropped-ROTARIO-LOGO-Prancheta-1-1-2048x654-1.png\",\"contentUrl\":\"https:\/\/rotario.com.br\/site\/wp-content\/uploads\/2022\/04\/cropped-ROTARIO-LOGO-Prancheta-1-1-2048x654-1.png\",\"width\":2048,\"height\":654,\"caption\":\"Rota Rio\"},\"image\":{\"@id\":\"https:\/\/rotario.com.br\/site\/#\/schema\/logo\/image\/\"}},{\"@type\":\"Person\",\"@id\":\"https:\/\/rotario.com.br\/site\/#\/schema\/person\/fd89bbbf4136f7e8a21e0dd67b8a66c7\",\"name\":\"Galv\u00e3o\",\"url\":\"https:\/\/rotario.com.br\/site\/author\/daniel\/\"}]}<\/script>\n<!-- \/ Yoast SEO plugin. -->","yoast_head_json":{"title":"Caso de viol\u00eancia contra mulher resulta em investiga\u00e7\u00e3o e recolhimento de armas em S\u00e3o Pedro da Aldeia - Rota Rio","robots":{"index":"index","follow":"follow","max-snippet":"max-snippet:-1","max-image-preview":"max-image-preview:large","max-video-preview":"max-video-preview:-1"},"canonical":"https:\/\/rotario.com.br\/site\/caso-de-violencia-contra-mulher-resulta-em-investigacao-e-recolhimento-de-armas-em-sao-pedro-da-aldeia\/","og_locale":"pt_BR","og_type":"article","og_title":"Caso de viol\u00eancia contra mulher resulta em investiga\u00e7\u00e3o e recolhimento de armas em S\u00e3o Pedro da Aldeia - Rota Rio","og_description":"Uma ocorr\u00eancia de viol\u00eancia dom\u00e9stica terminou com a apreens\u00e3o de armas de fogo na tarde de quarta-feira (23), no bairro Balne\u00e1rio, em S\u00e3o Pedro da Aldeia. A a\u00e7\u00e3o foi registrada em uma resid\u00eancia na Rua S\u00e3o Roque, ap\u00f3s acionamento da Pol\u00edcia Militar para apurar uma suspeita inicial de sequestro ou c\u00e1rcere privado. Ao chegarem ao [&hellip;]","og_url":"https:\/\/rotario.com.br\/site\/caso-de-violencia-contra-mulher-resulta-em-investigacao-e-recolhimento-de-armas-em-sao-pedro-da-aldeia\/","og_site_name":"Rota Rio","article_published_time":"2026-04-24T18:45:26+00:00","article_modified_time":"2026-04-24T18:45:42+00:00","og_image":[{"width":630,"height":573,"url":"https:\/\/rotario.com.br\/site\/wp-content\/uploads\/2026\/04\/08.1-1.jpg","type":"image\/jpeg"}],"author":"Galv\u00e3o","twitter_card":"summary_large_image","twitter_misc":{"Escrito por":"Galv\u00e3o","Est. tempo de leitura":"2 minutos"},"schema":{"@context":"https:\/\/schema.org","@graph":[{"@type":"Article","@id":"https:\/\/rotario.com.br\/site\/caso-de-violencia-contra-mulher-resulta-em-investigacao-e-recolhimento-de-armas-em-sao-pedro-da-aldeia\/#article","isPartOf":{"@id":"https:\/\/rotario.com.br\/site\/caso-de-violencia-contra-mulher-resulta-em-investigacao-e-recolhimento-de-armas-em-sao-pedro-da-aldeia\/"},"author":{"name":"Galv\u00e3o","@id":"https:\/\/rotario.com.br\/site\/#\/schema\/person\/fd89bbbf4136f7e8a21e0dd67b8a66c7"},"headline":"Caso de viol\u00eancia contra mulher resulta em investiga\u00e7\u00e3o e recolhimento de armas em S\u00e3o Pedro da Aldeia","datePublished":"2026-04-24T18:45:26+00:00","dateModified":"2026-04-24T18:45:42+00:00","mainEntityOfPage":{"@id":"https:\/\/rotario.com.br\/site\/caso-de-violencia-contra-mulher-resulta-em-investigacao-e-recolhimento-de-armas-em-sao-pedro-da-aldeia\/"},"wordCount":309,"commentCount":0,"publisher":{"@id":"https:\/\/rotario.com.br\/site\/#organization"},"image":{"@id":"https:\/\/rotario.com.br\/site\/caso-de-violencia-contra-mulher-resulta-em-investigacao-e-recolhimento-de-armas-em-sao-pedro-da-aldeia\/#primaryimage"},"thumbnailUrl":"https:\/\/rotario.com.br\/site\/wp-content\/uploads\/2026\/04\/08.1-1.jpg","articleSection":["S\u00e3o Pedro da Aldeia"],"inLanguage":"pt-BR","potentialAction":[{"@type":"CommentAction","name":"Comment","target":["https:\/\/rotario.com.br\/site\/caso-de-violencia-contra-mulher-resulta-em-investigacao-e-recolhimento-de-armas-em-sao-pedro-da-aldeia\/#respond"]}]},{"@type":"WebPage","@id":"https:\/\/rotario.com.br\/site\/caso-de-violencia-contra-mulher-resulta-em-investigacao-e-recolhimento-de-armas-em-sao-pedro-da-aldeia\/","url":"https:\/\/rotario.com.br\/site\/caso-de-violencia-contra-mulher-resulta-em-investigacao-e-recolhimento-de-armas-em-sao-pedro-da-aldeia\/","name":"Caso de viol\u00eancia contra mulher resulta em investiga\u00e7\u00e3o e recolhimento de armas em S\u00e3o Pedro da Aldeia - Rota Rio","isPartOf":{"@id":"https:\/\/rotario.com.br\/site\/#website"},"primaryImageOfPage":{"@id":"https:\/\/rotario.com.br\/site\/caso-de-violencia-contra-mulher-resulta-em-investigacao-e-recolhimento-de-armas-em-sao-pedro-da-aldeia\/#primaryimage"},"image":{"@id":"https:\/\/rotario.com.br\/site\/caso-de-violencia-contra-mulher-resulta-em-investigacao-e-recolhimento-de-armas-em-sao-pedro-da-aldeia\/#primaryimage"},"thumbnailUrl":"https:\/\/rotario.com.br\/site\/wp-content\/uploads\/2026\/04\/08.1-1.jpg","datePublished":"2026-04-24T18:45:26+00:00","dateModified":"2026-04-24T18:45:42+00:00","breadcrumb":{"@id":"https:\/\/rotario.com.br\/site\/caso-de-violencia-contra-mulher-resulta-em-investigacao-e-recolhimento-de-armas-em-sao-pedro-da-aldeia\/#breadcrumb"},"inLanguage":"pt-BR","potentialAction":[{"@type":"ReadAction","target":["https:\/\/rotario.com.br\/site\/caso-de-violencia-contra-mulher-resulta-em-investigacao-e-recolhimento-de-armas-em-sao-pedro-da-aldeia\/"]}]},{"@type":"ImageObject","inLanguage":"pt-BR","@id":"https:\/\/rotario.com.br\/site\/caso-de-violencia-contra-mulher-resulta-em-investigacao-e-recolhimento-de-armas-em-sao-pedro-da-aldeia\/#primaryimage","url":"https:\/\/rotario.com.br\/site\/wp-content\/uploads\/2026\/04\/08.1-1.jpg","contentUrl":"https:\/\/rotario.com.br\/site\/wp-content\/uploads\/2026\/04\/08.1-1.jpg","width":630,"height":573},{"@type":"BreadcrumbList","@id":"https:\/\/rotario.com.br\/site\/caso-de-violencia-contra-mulher-resulta-em-investigacao-e-recolhimento-de-armas-em-sao-pedro-da-aldeia\/#breadcrumb","itemListElement":[{"@type":"ListItem","position":1,"name":"In\u00edcio","item":"https:\/\/rotario.com.br\/site\/"},{"@type":"ListItem","position":2,"name":"Caso de viol\u00eancia contra mulher resulta em investiga\u00e7\u00e3o e recolhimento de armas em S\u00e3o Pedro da Aldeia"}]},{"@type":"WebSite","@id":"https:\/\/rotario.com.br\/site\/#website","url":"https:\/\/rotario.com.br\/site\/","name":"Rota Rio","description":"Aqui, o Rio de Janeiro \u00e9 a pauta!","publisher":{"@id":"https:\/\/rotario.com.br\/site\/#organization"},"potentialAction":[{"@type":"SearchAction","target":{"@type":"EntryPoint","urlTemplate":"https:\/\/rotario.com.br\/site\/?s={search_term_string}"},"query-input":{"@type":"PropertyValueSpecification","valueRequired":true,"valueName":"search_term_string"}}],"inLanguage":"pt-BR"},{"@type":"Organization","@id":"https:\/\/rotario.com.br\/site\/#organization","name":"Rota Rio","url":"https:\/\/rotario.com.br\/site\/","logo":{"@type":"ImageObject","inLanguage":"pt-BR","@id":"https:\/\/rotario.com.br\/site\/#\/schema\/logo\/image\/","url":"https:\/\/rotario.com.br\/site\/wp-content\/uploads\/2022\/04\/cropped-ROTARIO-LOGO-Prancheta-1-1-2048x654-1.png","contentUrl":"https:\/\/rotario.com.br\/site\/wp-content\/uploads\/2022\/04\/cropped-ROTARIO-LOGO-Prancheta-1-1-2048x654-1.png","width":2048,"height":654,"caption":"Rota Rio"},"image":{"@id":"https:\/\/rotario.com.br\/site\/#\/schema\/logo\/image\/"}},{"@type":"Person","@id":"https:\/\/rotario.com.br\/site\/#\/schema\/person\/fd89bbbf4136f7e8a21e0dd67b8a66c7","name":"Galv\u00e3o","url":"https:\/\/rotario.com.br\/site\/author\/daniel\/"}]}},"_links":{"self":[{"href":"https:\/\/rotario.com.br\/site\/wp-json\/wp\/v2\/posts\/35544","targetHints":{"allow":["GET"]}}],"collection":[{"href":"https:\/\/rotario.com.br\/site\/wp-json\/wp\/v2\/posts"}],"about":[{"href":"https:\/\/rotario.com.br\/site\/wp-json\/wp\/v2\/types\/post"}],"author":[{"embeddable":true,"href":"https:\/\/rotario.com.br\/site\/wp-json\/wp\/v2\/users\/2"}],"replies":[{"embeddable":true,"href":"https:\/\/rotario.com.br\/site\/wp-json\/wp\/v2\/comments?post=35544"}],"version-history":[{"count":1,"href":"https:\/\/rotario.com.br\/site\/wp-json\/wp\/v2\/posts\/35544\/revisions"}],"predecessor-version":[{"id":35546,"href":"https:\/\/rotario.com.br\/site\/wp-json\/wp\/v2\/posts\/35544\/revisions\/35546"}],"wp:featuredmedia":[{"embeddable":true,"href":"https:\/\/rotario.com.br\/site\/wp-json\/wp\/v2\/media\/35545"}],"wp:attachment":[{"href":"https:\/\/rotario.com.br\/site\/wp-json\/wp\/v2\/media?parent=35544"}],"wp:term":[{"taxonomy":"category","embeddable":true,"href":"https:\/\/rotario.com.br\/site\/wp-json\/wp\/v2\/categories?post=35544"},{"taxonomy":"post_tag","embeddable":true,"href":"https:\/\/rotario.com.br\/site\/wp-json\/wp\/v2\/tags?post=35544"}],"curies":[{"name":"wp","href":"https:\/\/api.w.org\/{rel}","templated":true}]}}