{"id":35582,"date":"2026-04-26T07:53:00","date_gmt":"2026-04-26T10:53:00","guid":{"rendered":"https:\/\/rotario.com.br\/site\/?p=35582"},"modified":"2026-04-24T21:39:18","modified_gmt":"2026-04-25T00:39:18","slug":"ostrascycle-2026-faz-rio-das-ostras-registrar-90-de-taxa-de-ocupacao-na-baixa-temporada","status":"publish","type":"post","link":"https:\/\/rotario.com.br\/site\/ostrascycle-2026-faz-rio-das-ostras-registrar-90-de-taxa-de-ocupacao-na-baixa-temporada\/","title":{"rendered":"Ostrascycle 2026 faz Rio das Ostras registrar 90% de taxa de ocupa\u00e7\u00e3o na baixa temporada"},"content":{"rendered":"\n<p>A Prefeitura de Rio das Ostras divulgou, nessa semana, um balan\u00e7o do Encontro Internacional de Motociclistas de Rio das Ostras (Ostrascycle), que terminou no \u00faltimo dia 19 de abril, depois de 5 dias e mais de 200 horas de m\u00fasica.<\/p>\n\n\n\n<p>De acordo com o munic\u00edpio, o evento, que completou 30 anos em 2026, somou cerca de 45 mil pessoas durante os 5 dias de realiza\u00e7\u00e3o, que ajudaram a movimentar n\u00e3o apenas as \u00e1reas pr\u00f3ximas aos shows das 70 bandas, mas tamb\u00e9m a economia da cidade.<\/p>\n\n\n\n<p>\u201cMotociclistas de todos os cantos do Brasil pegaram a estrada rumo \u00e0 praia. O setor de credenciamento do evento registrou quase 500 motoclubes diferentes, com muitas inscri\u00e7\u00f5es de Minas Gerais (MG), Esp\u00edrito Santo (ES), Bahia (BA), quase todas as cidades do Rio de Janeiro (RJ) e at\u00e9 do Rio Grande do Sul (RS) e de Rond\u00f4nia (RO)\u201d, contou a prefeitura.<\/p>\n\n\n\n<p>Os n\u00fameros do Ostrascycle 2026 mostram que o evento gerou impactos diretos em setores como hotelaria, gastronomia e com\u00e9rcio, registrando 90% de taxa de ocupa\u00e7\u00e3o na rede hoteleira da cidade durante o festival.<\/p>\n\n\n\n<p>Al\u00e9m disso, houve aumento no movimento de bares e restaurantes, que receberam visitantes de diversas partes do Estado do Rio e at\u00e9 do pa\u00eds, ajudando a impulsionar a venda de acess\u00f3rios ligados ao universo das duas rodas.<\/p>\n\n\n\n<p>Para o prefeito Carlos Augusto (PL), o evento representa o que desejo da gest\u00e3o para o turismo da cidade, oferecendo lazer, entretenimento e divers\u00e3o, mas com paz, seguran\u00e7a e tranquilidade, tanto para os moradores quanto para os visitantes.<\/p>\n\n\n\n<p>\u201c\u00c9 bonito ver nossa cidade recebendo um evento assim. Um ambiente de paz, de divers\u00e3o, de encontro, onde crian\u00e7as, adultos e idosos podem aproveitar com seguran\u00e7a, tranquilidade e felicidade. \u00c9 esse tipo de evento que eu quero cada vez mais para Rio das Ostras. Eventos que movimentam a cidade, fortalecem o turismo, valorizam quem trabalha e criam mem\u00f3rias que ficam para sempre. Renda alternativa lucrando, vendendo, girando a economia e mostrando que quando a cidade pulsa. Isso \u00e9 desenvolvimento de verdade. Isso \u00e9 fazer a cidade viver seus melhores dias\u201d, afirmou Carlos Augusto, em publica\u00e7\u00e3o nas suas redes sociais.<\/p>\n","protected":false},"excerpt":{"rendered":"<p>A Prefeitura de Rio das Ostras divulgou, nessa semana, um balan\u00e7o do Encontro Internacional de Motociclistas de Rio das Ostras (Ostrascycle), que terminou no \u00faltimo dia 19 de abril, depois de 5 dias e mais de 200 horas de m\u00fasica. De acordo com o munic\u00edpio, o evento, que completou 30 anos em 2026, somou cerca [&hellip;]<\/p>\n","protected":false},"author":2,"featured_media":35584,"comment_status":"open","ping_status":"closed","sticky":false,"template":"","format":"standard","meta":{"footnotes":""},"categories":[32,122],"tags":[],"class_list":["post-35582","post","type-post","status-publish","format-standard","has-post-thumbnail","hentry","category-rio-das-ostras","category-rio-das-ostras-costa-do-sol"],"yoast_head":"<!-- This site is optimized with the Yoast SEO plugin v26.5 - https:\/\/yoast.com\/wordpress\/plugins\/seo\/ -->\n<title>Ostrascycle 2026 faz Rio das Ostras registrar 90% de taxa de ocupa\u00e7\u00e3o na baixa temporada - Rota Rio<\/title>\n<meta name=\"robots\" content=\"index, follow, max-snippet:-1, max-image-preview:large, max-video-preview:-1\" \/>\n<link rel=\"canonical\" href=\"https:\/\/rotario.com.br\/site\/ostrascycle-2026-faz-rio-das-ostras-registrar-90-de-taxa-de-ocupacao-na-baixa-temporada\/\" \/>\n<meta property=\"og:locale\" content=\"pt_BR\" \/>\n<meta property=\"og:type\" content=\"article\" \/>\n<meta property=\"og:title\" content=\"Ostrascycle 2026 faz Rio das Ostras registrar 90% de taxa de ocupa\u00e7\u00e3o na baixa temporada - Rota Rio\" \/>\n<meta property=\"og:description\" content=\"A Prefeitura de Rio das Ostras divulgou, nessa semana, um balan\u00e7o do Encontro Internacional de Motociclistas de Rio das Ostras (Ostrascycle), que terminou no \u00faltimo dia 19 de abril, depois de 5 dias e mais de 200 horas de m\u00fasica. De acordo com o munic\u00edpio, o evento, que completou 30 anos em 2026, somou cerca [&hellip;]\" \/>\n<meta property=\"og:url\" content=\"https:\/\/rotario.com.br\/site\/ostrascycle-2026-faz-rio-das-ostras-registrar-90-de-taxa-de-ocupacao-na-baixa-temporada\/\" \/>\n<meta property=\"og:site_name\" content=\"Rota Rio\" \/>\n<meta property=\"article:published_time\" content=\"2026-04-26T10:53:00+00:00\" \/>\n<meta property=\"og:image\" content=\"https:\/\/rotario.com.br\/site\/wp-content\/uploads\/2026\/04\/WhatsApp-Image-2026-04-24-at-16.44.56.jpeg\" \/>\n\t<meta property=\"og:image:width\" content=\"800\" \/>\n\t<meta property=\"og:image:height\" content=\"600\" \/>\n\t<meta property=\"og:image:type\" content=\"image\/jpeg\" \/>\n<meta name=\"author\" content=\"Galv\u00e3o\" \/>\n<meta name=\"twitter:card\" content=\"summary_large_image\" \/>\n<meta name=\"twitter:label1\" content=\"Escrito por\" \/>\n\t<meta name=\"twitter:data1\" content=\"Galv\u00e3o\" \/>\n\t<meta name=\"twitter:label2\" content=\"Est. tempo de leitura\" \/>\n\t<meta name=\"twitter:data2\" content=\"3 minutos\" \/>\n<script type=\"application\/ld+json\" class=\"yoast-schema-graph\">{\"@context\":\"https:\/\/schema.org\",\"@graph\":[{\"@type\":\"Article\",\"@id\":\"https:\/\/rotario.com.br\/site\/ostrascycle-2026-faz-rio-das-ostras-registrar-90-de-taxa-de-ocupacao-na-baixa-temporada\/#article\",\"isPartOf\":{\"@id\":\"https:\/\/rotario.com.br\/site\/ostrascycle-2026-faz-rio-das-ostras-registrar-90-de-taxa-de-ocupacao-na-baixa-temporada\/\"},\"author\":{\"name\":\"Galv\u00e3o\",\"@id\":\"https:\/\/rotario.com.br\/site\/#\/schema\/person\/fd89bbbf4136f7e8a21e0dd67b8a66c7\"},\"headline\":\"Ostrascycle 2026 faz Rio das Ostras registrar 90% de taxa de ocupa\u00e7\u00e3o na baixa temporada\",\"datePublished\":\"2026-04-26T10:53:00+00:00\",\"mainEntityOfPage\":{\"@id\":\"https:\/\/rotario.com.br\/site\/ostrascycle-2026-faz-rio-das-ostras-registrar-90-de-taxa-de-ocupacao-na-baixa-temporada\/\"},\"wordCount\":374,\"commentCount\":0,\"publisher\":{\"@id\":\"https:\/\/rotario.com.br\/site\/#organization\"},\"image\":{\"@id\":\"https:\/\/rotario.com.br\/site\/ostrascycle-2026-faz-rio-das-ostras-registrar-90-de-taxa-de-ocupacao-na-baixa-temporada\/#primaryimage\"},\"thumbnailUrl\":\"https:\/\/rotario.com.br\/site\/wp-content\/uploads\/2026\/04\/WhatsApp-Image-2026-04-24-at-16.44.56.jpeg\",\"articleSection\":[\"Rio das Ostras\",\"Rio das Ostras\"],\"inLanguage\":\"pt-BR\",\"potentialAction\":[{\"@type\":\"CommentAction\",\"name\":\"Comment\",\"target\":[\"https:\/\/rotario.com.br\/site\/ostrascycle-2026-faz-rio-das-ostras-registrar-90-de-taxa-de-ocupacao-na-baixa-temporada\/#respond\"]}]},{\"@type\":\"WebPage\",\"@id\":\"https:\/\/rotario.com.br\/site\/ostrascycle-2026-faz-rio-das-ostras-registrar-90-de-taxa-de-ocupacao-na-baixa-temporada\/\",\"url\":\"https:\/\/rotario.com.br\/site\/ostrascycle-2026-faz-rio-das-ostras-registrar-90-de-taxa-de-ocupacao-na-baixa-temporada\/\",\"name\":\"Ostrascycle 2026 faz Rio das Ostras registrar 90% de taxa de ocupa\u00e7\u00e3o na baixa temporada - Rota Rio\",\"isPartOf\":{\"@id\":\"https:\/\/rotario.com.br\/site\/#website\"},\"primaryImageOfPage\":{\"@id\":\"https:\/\/rotario.com.br\/site\/ostrascycle-2026-faz-rio-das-ostras-registrar-90-de-taxa-de-ocupacao-na-baixa-temporada\/#primaryimage\"},\"image\":{\"@id\":\"https:\/\/rotario.com.br\/site\/ostrascycle-2026-faz-rio-das-ostras-registrar-90-de-taxa-de-ocupacao-na-baixa-temporada\/#primaryimage\"},\"thumbnailUrl\":\"https:\/\/rotario.com.br\/site\/wp-content\/uploads\/2026\/04\/WhatsApp-Image-2026-04-24-at-16.44.56.jpeg\",\"datePublished\":\"2026-04-26T10:53:00+00:00\",\"breadcrumb\":{\"@id\":\"https:\/\/rotario.com.br\/site\/ostrascycle-2026-faz-rio-das-ostras-registrar-90-de-taxa-de-ocupacao-na-baixa-temporada\/#breadcrumb\"},\"inLanguage\":\"pt-BR\",\"potentialAction\":[{\"@type\":\"ReadAction\",\"target\":[\"https:\/\/rotario.com.br\/site\/ostrascycle-2026-faz-rio-das-ostras-registrar-90-de-taxa-de-ocupacao-na-baixa-temporada\/\"]}]},{\"@type\":\"ImageObject\",\"inLanguage\":\"pt-BR\",\"@id\":\"https:\/\/rotario.com.br\/site\/ostrascycle-2026-faz-rio-das-ostras-registrar-90-de-taxa-de-ocupacao-na-baixa-temporada\/#primaryimage\",\"url\":\"https:\/\/rotario.com.br\/site\/wp-content\/uploads\/2026\/04\/WhatsApp-Image-2026-04-24-at-16.44.56.jpeg\",\"contentUrl\":\"https:\/\/rotario.com.br\/site\/wp-content\/uploads\/2026\/04\/WhatsApp-Image-2026-04-24-at-16.44.56.jpeg\",\"width\":800,\"height\":600},{\"@type\":\"BreadcrumbList\",\"@id\":\"https:\/\/rotario.com.br\/site\/ostrascycle-2026-faz-rio-das-ostras-registrar-90-de-taxa-de-ocupacao-na-baixa-temporada\/#breadcrumb\",\"itemListElement\":[{\"@type\":\"ListItem\",\"position\":1,\"name\":\"In\u00edcio\",\"item\":\"https:\/\/rotario.com.br\/site\/\"},{\"@type\":\"ListItem\",\"position\":2,\"name\":\"Ostrascycle 2026 faz Rio das Ostras registrar 90% de taxa de ocupa\u00e7\u00e3o na baixa temporada\"}]},{\"@type\":\"WebSite\",\"@id\":\"https:\/\/rotario.com.br\/site\/#website\",\"url\":\"https:\/\/rotario.com.br\/site\/\",\"name\":\"Rota Rio\",\"description\":\"Aqui, o Rio de Janeiro \u00e9 a pauta!\",\"publisher\":{\"@id\":\"https:\/\/rotario.com.br\/site\/#organization\"},\"potentialAction\":[{\"@type\":\"SearchAction\",\"target\":{\"@type\":\"EntryPoint\",\"urlTemplate\":\"https:\/\/rotario.com.br\/site\/?s={search_term_string}\"},\"query-input\":{\"@type\":\"PropertyValueSpecification\",\"valueRequired\":true,\"valueName\":\"search_term_string\"}}],\"inLanguage\":\"pt-BR\"},{\"@type\":\"Organization\",\"@id\":\"https:\/\/rotario.com.br\/site\/#organization\",\"name\":\"Rota Rio\",\"url\":\"https:\/\/rotario.com.br\/site\/\",\"logo\":{\"@type\":\"ImageObject\",\"inLanguage\":\"pt-BR\",\"@id\":\"https:\/\/rotario.com.br\/site\/#\/schema\/logo\/image\/\",\"url\":\"https:\/\/rotario.com.br\/site\/wp-content\/uploads\/2022\/04\/cropped-ROTARIO-LOGO-Prancheta-1-1-2048x654-1.png\",\"contentUrl\":\"https:\/\/rotario.com.br\/site\/wp-content\/uploads\/2022\/04\/cropped-ROTARIO-LOGO-Prancheta-1-1-2048x654-1.png\",\"width\":2048,\"height\":654,\"caption\":\"Rota Rio\"},\"image\":{\"@id\":\"https:\/\/rotario.com.br\/site\/#\/schema\/logo\/image\/\"}},{\"@type\":\"Person\",\"@id\":\"https:\/\/rotario.com.br\/site\/#\/schema\/person\/fd89bbbf4136f7e8a21e0dd67b8a66c7\",\"name\":\"Galv\u00e3o\",\"url\":\"https:\/\/rotario.com.br\/site\/author\/daniel\/\"}]}<\/script>\n<!-- \/ Yoast SEO plugin. -->","yoast_head_json":{"title":"Ostrascycle 2026 faz Rio das Ostras registrar 90% de taxa de ocupa\u00e7\u00e3o na baixa temporada - Rota Rio","robots":{"index":"index","follow":"follow","max-snippet":"max-snippet:-1","max-image-preview":"max-image-preview:large","max-video-preview":"max-video-preview:-1"},"canonical":"https:\/\/rotario.com.br\/site\/ostrascycle-2026-faz-rio-das-ostras-registrar-90-de-taxa-de-ocupacao-na-baixa-temporada\/","og_locale":"pt_BR","og_type":"article","og_title":"Ostrascycle 2026 faz Rio das Ostras registrar 90% de taxa de ocupa\u00e7\u00e3o na baixa temporada - Rota Rio","og_description":"A Prefeitura de Rio das Ostras divulgou, nessa semana, um balan\u00e7o do Encontro Internacional de Motociclistas de Rio das Ostras (Ostrascycle), que terminou no \u00faltimo dia 19 de abril, depois de 5 dias e mais de 200 horas de m\u00fasica. De acordo com o munic\u00edpio, o evento, que completou 30 anos em 2026, somou cerca [&hellip;]","og_url":"https:\/\/rotario.com.br\/site\/ostrascycle-2026-faz-rio-das-ostras-registrar-90-de-taxa-de-ocupacao-na-baixa-temporada\/","og_site_name":"Rota Rio","article_published_time":"2026-04-26T10:53:00+00:00","og_image":[{"width":800,"height":600,"url":"https:\/\/rotario.com.br\/site\/wp-content\/uploads\/2026\/04\/WhatsApp-Image-2026-04-24-at-16.44.56.jpeg","type":"image\/jpeg"}],"author":"Galv\u00e3o","twitter_card":"summary_large_image","twitter_misc":{"Escrito por":"Galv\u00e3o","Est. tempo de leitura":"3 minutos"},"schema":{"@context":"https:\/\/schema.org","@graph":[{"@type":"Article","@id":"https:\/\/rotario.com.br\/site\/ostrascycle-2026-faz-rio-das-ostras-registrar-90-de-taxa-de-ocupacao-na-baixa-temporada\/#article","isPartOf":{"@id":"https:\/\/rotario.com.br\/site\/ostrascycle-2026-faz-rio-das-ostras-registrar-90-de-taxa-de-ocupacao-na-baixa-temporada\/"},"author":{"name":"Galv\u00e3o","@id":"https:\/\/rotario.com.br\/site\/#\/schema\/person\/fd89bbbf4136f7e8a21e0dd67b8a66c7"},"headline":"Ostrascycle 2026 faz Rio das Ostras registrar 90% de taxa de ocupa\u00e7\u00e3o na baixa temporada","datePublished":"2026-04-26T10:53:00+00:00","mainEntityOfPage":{"@id":"https:\/\/rotario.com.br\/site\/ostrascycle-2026-faz-rio-das-ostras-registrar-90-de-taxa-de-ocupacao-na-baixa-temporada\/"},"wordCount":374,"commentCount":0,"publisher":{"@id":"https:\/\/rotario.com.br\/site\/#organization"},"image":{"@id":"https:\/\/rotario.com.br\/site\/ostrascycle-2026-faz-rio-das-ostras-registrar-90-de-taxa-de-ocupacao-na-baixa-temporada\/#primaryimage"},"thumbnailUrl":"https:\/\/rotario.com.br\/site\/wp-content\/uploads\/2026\/04\/WhatsApp-Image-2026-04-24-at-16.44.56.jpeg","articleSection":["Rio das Ostras","Rio das Ostras"],"inLanguage":"pt-BR","potentialAction":[{"@type":"CommentAction","name":"Comment","target":["https:\/\/rotario.com.br\/site\/ostrascycle-2026-faz-rio-das-ostras-registrar-90-de-taxa-de-ocupacao-na-baixa-temporada\/#respond"]}]},{"@type":"WebPage","@id":"https:\/\/rotario.com.br\/site\/ostrascycle-2026-faz-rio-das-ostras-registrar-90-de-taxa-de-ocupacao-na-baixa-temporada\/","url":"https:\/\/rotario.com.br\/site\/ostrascycle-2026-faz-rio-das-ostras-registrar-90-de-taxa-de-ocupacao-na-baixa-temporada\/","name":"Ostrascycle 2026 faz Rio das Ostras registrar 90% de taxa de ocupa\u00e7\u00e3o na baixa temporada - Rota Rio","isPartOf":{"@id":"https:\/\/rotario.com.br\/site\/#website"},"primaryImageOfPage":{"@id":"https:\/\/rotario.com.br\/site\/ostrascycle-2026-faz-rio-das-ostras-registrar-90-de-taxa-de-ocupacao-na-baixa-temporada\/#primaryimage"},"image":{"@id":"https:\/\/rotario.com.br\/site\/ostrascycle-2026-faz-rio-das-ostras-registrar-90-de-taxa-de-ocupacao-na-baixa-temporada\/#primaryimage"},"thumbnailUrl":"https:\/\/rotario.com.br\/site\/wp-content\/uploads\/2026\/04\/WhatsApp-Image-2026-04-24-at-16.44.56.jpeg","datePublished":"2026-04-26T10:53:00+00:00","breadcrumb":{"@id":"https:\/\/rotario.com.br\/site\/ostrascycle-2026-faz-rio-das-ostras-registrar-90-de-taxa-de-ocupacao-na-baixa-temporada\/#breadcrumb"},"inLanguage":"pt-BR","potentialAction":[{"@type":"ReadAction","target":["https:\/\/rotario.com.br\/site\/ostrascycle-2026-faz-rio-das-ostras-registrar-90-de-taxa-de-ocupacao-na-baixa-temporada\/"]}]},{"@type":"ImageObject","inLanguage":"pt-BR","@id":"https:\/\/rotario.com.br\/site\/ostrascycle-2026-faz-rio-das-ostras-registrar-90-de-taxa-de-ocupacao-na-baixa-temporada\/#primaryimage","url":"https:\/\/rotario.com.br\/site\/wp-content\/uploads\/2026\/04\/WhatsApp-Image-2026-04-24-at-16.44.56.jpeg","contentUrl":"https:\/\/rotario.com.br\/site\/wp-content\/uploads\/2026\/04\/WhatsApp-Image-2026-04-24-at-16.44.56.jpeg","width":800,"height":600},{"@type":"BreadcrumbList","@id":"https:\/\/rotario.com.br\/site\/ostrascycle-2026-faz-rio-das-ostras-registrar-90-de-taxa-de-ocupacao-na-baixa-temporada\/#breadcrumb","itemListElement":[{"@type":"ListItem","position":1,"name":"In\u00edcio","item":"https:\/\/rotario.com.br\/site\/"},{"@type":"ListItem","position":2,"name":"Ostrascycle 2026 faz Rio das Ostras registrar 90% de taxa de ocupa\u00e7\u00e3o na baixa temporada"}]},{"@type":"WebSite","@id":"https:\/\/rotario.com.br\/site\/#website","url":"https:\/\/rotario.com.br\/site\/","name":"Rota Rio","description":"Aqui, o Rio de Janeiro \u00e9 a pauta!","publisher":{"@id":"https:\/\/rotario.com.br\/site\/#organization"},"potentialAction":[{"@type":"SearchAction","target":{"@type":"EntryPoint","urlTemplate":"https:\/\/rotario.com.br\/site\/?s={search_term_string}"},"query-input":{"@type":"PropertyValueSpecification","valueRequired":true,"valueName":"search_term_string"}}],"inLanguage":"pt-BR"},{"@type":"Organization","@id":"https:\/\/rotario.com.br\/site\/#organization","name":"Rota Rio","url":"https:\/\/rotario.com.br\/site\/","logo":{"@type":"ImageObject","inLanguage":"pt-BR","@id":"https:\/\/rotario.com.br\/site\/#\/schema\/logo\/image\/","url":"https:\/\/rotario.com.br\/site\/wp-content\/uploads\/2022\/04\/cropped-ROTARIO-LOGO-Prancheta-1-1-2048x654-1.png","contentUrl":"https:\/\/rotario.com.br\/site\/wp-content\/uploads\/2022\/04\/cropped-ROTARIO-LOGO-Prancheta-1-1-2048x654-1.png","width":2048,"height":654,"caption":"Rota Rio"},"image":{"@id":"https:\/\/rotario.com.br\/site\/#\/schema\/logo\/image\/"}},{"@type":"Person","@id":"https:\/\/rotario.com.br\/site\/#\/schema\/person\/fd89bbbf4136f7e8a21e0dd67b8a66c7","name":"Galv\u00e3o","url":"https:\/\/rotario.com.br\/site\/author\/daniel\/"}]}},"_links":{"self":[{"href":"https:\/\/rotario.com.br\/site\/wp-json\/wp\/v2\/posts\/35582","targetHints":{"allow":["GET"]}}],"collection":[{"href":"https:\/\/rotario.com.br\/site\/wp-json\/wp\/v2\/posts"}],"about":[{"href":"https:\/\/rotario.com.br\/site\/wp-json\/wp\/v2\/types\/post"}],"author":[{"embeddable":true,"href":"https:\/\/rotario.com.br\/site\/wp-json\/wp\/v2\/users\/2"}],"replies":[{"embeddable":true,"href":"https:\/\/rotario.com.br\/site\/wp-json\/wp\/v2\/comments?post=35582"}],"version-history":[{"count":2,"href":"https:\/\/rotario.com.br\/site\/wp-json\/wp\/v2\/posts\/35582\/revisions"}],"predecessor-version":[{"id":35586,"href":"https:\/\/rotario.com.br\/site\/wp-json\/wp\/v2\/posts\/35582\/revisions\/35586"}],"wp:featuredmedia":[{"embeddable":true,"href":"https:\/\/rotario.com.br\/site\/wp-json\/wp\/v2\/media\/35584"}],"wp:attachment":[{"href":"https:\/\/rotario.com.br\/site\/wp-json\/wp\/v2\/media?parent=35582"}],"wp:term":[{"taxonomy":"category","embeddable":true,"href":"https:\/\/rotario.com.br\/site\/wp-json\/wp\/v2\/categories?post=35582"},{"taxonomy":"post_tag","embeddable":true,"href":"https:\/\/rotario.com.br\/site\/wp-json\/wp\/v2\/tags?post=35582"}],"curies":[{"name":"wp","href":"https:\/\/api.w.org\/{rel}","templated":true}]}}