{"id":35588,"date":"2026-04-27T10:32:34","date_gmt":"2026-04-27T13:32:34","guid":{"rendered":"https:\/\/rotario.com.br\/site\/?p=35588"},"modified":"2026-04-27T10:32:43","modified_gmt":"2026-04-27T13:32:43","slug":"acao-da-pm-apreende-mais-de-12-mil-porcoes-de-drogas-em-acao-em-rio-das-ostras","status":"publish","type":"post","link":"https:\/\/rotario.com.br\/site\/acao-da-pm-apreende-mais-de-12-mil-porcoes-de-drogas-em-acao-em-rio-das-ostras\/","title":{"rendered":"A\u00e7\u00e3o da PM apreende mais de 1,2 mil por\u00e7\u00f5es de drogas em a\u00e7\u00e3o em Rio das Ostras"},"content":{"rendered":"\n<p>Uma a\u00e7\u00e3o do 32\u00ba Batalh\u00e3o da Pol\u00edcia Militar (32\u00ba BPM) resultou em uma grande apreens\u00e3o de drogas no bairro Cidade Beira Mar, em Rio das Ostras, na \u00faltima sexta-feira, 24, al\u00e9m da pris\u00e3o de um traficante.<\/p>\n\n\n\n<p>Realizada por policiais do Grupamento de A\u00e7\u00f5es T\u00e1ticas (GAT), a a\u00e7\u00e3o aconteceu em resposta a uma den\u00fancia an\u00f4nima sobre um im\u00f3vel do bairro que estaria sendo usado para armazenamento e distribui\u00e7\u00e3o de drogas.<\/p>\n\n\n\n<p>Chegando no local, os agentes identificaram um homem que tentou fugir, mas acabou capturado. No im\u00f3vel, foram encontrados 892 pinos de coca\u00edna, 352 pedras de crack e uma por\u00e7\u00e3o de maconha, al\u00e9m de uma quantia n\u00e3o divulgada de dinheiro.<\/p>\n\n\n\n<p>Ao fim da a\u00e7\u00e3o, os policiais apreenderam ainda um carro e duas motocicletas que seriam usadas pelo tr\u00e1fico para transporte e entrega de materiais, pondo um fim definitivo nessa boca de fumo do bairro.<\/p>\n\n\n\n<p>De acordo com a PM, o traficante, que tinha duas anota\u00e7\u00f5es criminais anteriores por tr\u00e1fico de drogas, foi levado, juntamente com todo material apreendido, para a 128\u00aa Delegacia de Pol\u00edcia Civil (128\u00aa DP), onde foi preso por tr\u00e1fico e drogas e associa\u00e7\u00e3o para o tr\u00e1fico.<\/p>\n","protected":false},"excerpt":{"rendered":"<p>Uma a\u00e7\u00e3o do 32\u00ba Batalh\u00e3o da Pol\u00edcia Militar (32\u00ba BPM) resultou em uma grande apreens\u00e3o de drogas no bairro Cidade Beira Mar, em Rio das Ostras, na \u00faltima sexta-feira, 24, al\u00e9m da pris\u00e3o de um traficante. Realizada por policiais do Grupamento de A\u00e7\u00f5es T\u00e1ticas (GAT), a a\u00e7\u00e3o aconteceu em resposta a uma den\u00fancia an\u00f4nima sobre [&hellip;]<\/p>\n","protected":false},"author":2,"featured_media":35590,"comment_status":"open","ping_status":"closed","sticky":false,"template":"","format":"standard","meta":{"footnotes":""},"categories":[1160],"tags":[1903],"class_list":["post-35588","post","type-post","status-publish","format-standard","has-post-thumbnail","hentry","category-policia","tag-policia-2"],"yoast_head":"<!-- This site is optimized with the Yoast SEO plugin v26.5 - https:\/\/yoast.com\/wordpress\/plugins\/seo\/ -->\n<title>A\u00e7\u00e3o da PM apreende mais de 1,2 mil por\u00e7\u00f5es de drogas em a\u00e7\u00e3o em Rio das Ostras - Rota Rio<\/title>\n<meta name=\"robots\" content=\"index, follow, max-snippet:-1, max-image-preview:large, max-video-preview:-1\" \/>\n<link rel=\"canonical\" href=\"https:\/\/rotario.com.br\/site\/acao-da-pm-apreende-mais-de-12-mil-porcoes-de-drogas-em-acao-em-rio-das-ostras\/\" \/>\n<meta property=\"og:locale\" content=\"pt_BR\" \/>\n<meta property=\"og:type\" content=\"article\" \/>\n<meta property=\"og:title\" content=\"A\u00e7\u00e3o da PM apreende mais de 1,2 mil por\u00e7\u00f5es de drogas em a\u00e7\u00e3o em Rio das Ostras - Rota Rio\" \/>\n<meta property=\"og:description\" content=\"Uma a\u00e7\u00e3o do 32\u00ba Batalh\u00e3o da Pol\u00edcia Militar (32\u00ba BPM) resultou em uma grande apreens\u00e3o de drogas no bairro Cidade Beira Mar, em Rio das Ostras, na \u00faltima sexta-feira, 24, al\u00e9m da pris\u00e3o de um traficante. Realizada por policiais do Grupamento de A\u00e7\u00f5es T\u00e1ticas (GAT), a a\u00e7\u00e3o aconteceu em resposta a uma den\u00fancia an\u00f4nima sobre [&hellip;]\" \/>\n<meta property=\"og:url\" content=\"https:\/\/rotario.com.br\/site\/acao-da-pm-apreende-mais-de-12-mil-porcoes-de-drogas-em-acao-em-rio-das-ostras\/\" \/>\n<meta property=\"og:site_name\" content=\"Rota Rio\" \/>\n<meta property=\"article:published_time\" content=\"2026-04-27T13:32:34+00:00\" \/>\n<meta property=\"article:modified_time\" content=\"2026-04-27T13:32:43+00:00\" \/>\n<meta property=\"og:image\" content=\"https:\/\/rotario.com.br\/site\/wp-content\/uploads\/2026\/04\/WhatsApp-Image-2026-04-27-at-09.48.26-1.jpeg\" \/>\n\t<meta property=\"og:image:width\" content=\"800\" \/>\n\t<meta property=\"og:image:height\" content=\"600\" \/>\n\t<meta property=\"og:image:type\" content=\"image\/jpeg\" \/>\n<meta name=\"author\" content=\"Galv\u00e3o\" \/>\n<meta name=\"twitter:card\" content=\"summary_large_image\" \/>\n<meta name=\"twitter:label1\" content=\"Escrito por\" \/>\n\t<meta name=\"twitter:data1\" content=\"Galv\u00e3o\" \/>\n\t<meta name=\"twitter:label2\" content=\"Est. tempo de leitura\" \/>\n\t<meta name=\"twitter:data2\" content=\"2 minutos\" \/>\n<script type=\"application\/ld+json\" class=\"yoast-schema-graph\">{\"@context\":\"https:\/\/schema.org\",\"@graph\":[{\"@type\":\"Article\",\"@id\":\"https:\/\/rotario.com.br\/site\/acao-da-pm-apreende-mais-de-12-mil-porcoes-de-drogas-em-acao-em-rio-das-ostras\/#article\",\"isPartOf\":{\"@id\":\"https:\/\/rotario.com.br\/site\/acao-da-pm-apreende-mais-de-12-mil-porcoes-de-drogas-em-acao-em-rio-das-ostras\/\"},\"author\":{\"name\":\"Galv\u00e3o\",\"@id\":\"https:\/\/rotario.com.br\/site\/#\/schema\/person\/fd89bbbf4136f7e8a21e0dd67b8a66c7\"},\"headline\":\"A\u00e7\u00e3o da PM apreende mais de 1,2 mil por\u00e7\u00f5es de drogas em a\u00e7\u00e3o em Rio das Ostras\",\"datePublished\":\"2026-04-27T13:32:34+00:00\",\"dateModified\":\"2026-04-27T13:32:43+00:00\",\"mainEntityOfPage\":{\"@id\":\"https:\/\/rotario.com.br\/site\/acao-da-pm-apreende-mais-de-12-mil-porcoes-de-drogas-em-acao-em-rio-das-ostras\/\"},\"wordCount\":225,\"commentCount\":0,\"publisher\":{\"@id\":\"https:\/\/rotario.com.br\/site\/#organization\"},\"image\":{\"@id\":\"https:\/\/rotario.com.br\/site\/acao-da-pm-apreende-mais-de-12-mil-porcoes-de-drogas-em-acao-em-rio-das-ostras\/#primaryimage\"},\"thumbnailUrl\":\"https:\/\/rotario.com.br\/site\/wp-content\/uploads\/2026\/04\/WhatsApp-Image-2026-04-27-at-09.48.26-1.jpeg\",\"keywords\":[\"Pol\u00edcia\"],\"articleSection\":[\"Pol\u00edcia\"],\"inLanguage\":\"pt-BR\",\"potentialAction\":[{\"@type\":\"CommentAction\",\"name\":\"Comment\",\"target\":[\"https:\/\/rotario.com.br\/site\/acao-da-pm-apreende-mais-de-12-mil-porcoes-de-drogas-em-acao-em-rio-das-ostras\/#respond\"]}]},{\"@type\":\"WebPage\",\"@id\":\"https:\/\/rotario.com.br\/site\/acao-da-pm-apreende-mais-de-12-mil-porcoes-de-drogas-em-acao-em-rio-das-ostras\/\",\"url\":\"https:\/\/rotario.com.br\/site\/acao-da-pm-apreende-mais-de-12-mil-porcoes-de-drogas-em-acao-em-rio-das-ostras\/\",\"name\":\"A\u00e7\u00e3o da PM apreende mais de 1,2 mil por\u00e7\u00f5es de drogas em a\u00e7\u00e3o em Rio das Ostras - Rota Rio\",\"isPartOf\":{\"@id\":\"https:\/\/rotario.com.br\/site\/#website\"},\"primaryImageOfPage\":{\"@id\":\"https:\/\/rotario.com.br\/site\/acao-da-pm-apreende-mais-de-12-mil-porcoes-de-drogas-em-acao-em-rio-das-ostras\/#primaryimage\"},\"image\":{\"@id\":\"https:\/\/rotario.com.br\/site\/acao-da-pm-apreende-mais-de-12-mil-porcoes-de-drogas-em-acao-em-rio-das-ostras\/#primaryimage\"},\"thumbnailUrl\":\"https:\/\/rotario.com.br\/site\/wp-content\/uploads\/2026\/04\/WhatsApp-Image-2026-04-27-at-09.48.26-1.jpeg\",\"datePublished\":\"2026-04-27T13:32:34+00:00\",\"dateModified\":\"2026-04-27T13:32:43+00:00\",\"breadcrumb\":{\"@id\":\"https:\/\/rotario.com.br\/site\/acao-da-pm-apreende-mais-de-12-mil-porcoes-de-drogas-em-acao-em-rio-das-ostras\/#breadcrumb\"},\"inLanguage\":\"pt-BR\",\"potentialAction\":[{\"@type\":\"ReadAction\",\"target\":[\"https:\/\/rotario.com.br\/site\/acao-da-pm-apreende-mais-de-12-mil-porcoes-de-drogas-em-acao-em-rio-das-ostras\/\"]}]},{\"@type\":\"ImageObject\",\"inLanguage\":\"pt-BR\",\"@id\":\"https:\/\/rotario.com.br\/site\/acao-da-pm-apreende-mais-de-12-mil-porcoes-de-drogas-em-acao-em-rio-das-ostras\/#primaryimage\",\"url\":\"https:\/\/rotario.com.br\/site\/wp-content\/uploads\/2026\/04\/WhatsApp-Image-2026-04-27-at-09.48.26-1.jpeg\",\"contentUrl\":\"https:\/\/rotario.com.br\/site\/wp-content\/uploads\/2026\/04\/WhatsApp-Image-2026-04-27-at-09.48.26-1.jpeg\",\"width\":800,\"height\":600},{\"@type\":\"BreadcrumbList\",\"@id\":\"https:\/\/rotario.com.br\/site\/acao-da-pm-apreende-mais-de-12-mil-porcoes-de-drogas-em-acao-em-rio-das-ostras\/#breadcrumb\",\"itemListElement\":[{\"@type\":\"ListItem\",\"position\":1,\"name\":\"In\u00edcio\",\"item\":\"https:\/\/rotario.com.br\/site\/\"},{\"@type\":\"ListItem\",\"position\":2,\"name\":\"A\u00e7\u00e3o da PM apreende mais de 1,2 mil por\u00e7\u00f5es de drogas em a\u00e7\u00e3o em Rio das Ostras\"}]},{\"@type\":\"WebSite\",\"@id\":\"https:\/\/rotario.com.br\/site\/#website\",\"url\":\"https:\/\/rotario.com.br\/site\/\",\"name\":\"Rota Rio\",\"description\":\"Aqui, o Rio de Janeiro \u00e9 a pauta!\",\"publisher\":{\"@id\":\"https:\/\/rotario.com.br\/site\/#organization\"},\"potentialAction\":[{\"@type\":\"SearchAction\",\"target\":{\"@type\":\"EntryPoint\",\"urlTemplate\":\"https:\/\/rotario.com.br\/site\/?s={search_term_string}\"},\"query-input\":{\"@type\":\"PropertyValueSpecification\",\"valueRequired\":true,\"valueName\":\"search_term_string\"}}],\"inLanguage\":\"pt-BR\"},{\"@type\":\"Organization\",\"@id\":\"https:\/\/rotario.com.br\/site\/#organization\",\"name\":\"Rota Rio\",\"url\":\"https:\/\/rotario.com.br\/site\/\",\"logo\":{\"@type\":\"ImageObject\",\"inLanguage\":\"pt-BR\",\"@id\":\"https:\/\/rotario.com.br\/site\/#\/schema\/logo\/image\/\",\"url\":\"https:\/\/rotario.com.br\/site\/wp-content\/uploads\/2022\/04\/cropped-ROTARIO-LOGO-Prancheta-1-1-2048x654-1.png\",\"contentUrl\":\"https:\/\/rotario.com.br\/site\/wp-content\/uploads\/2022\/04\/cropped-ROTARIO-LOGO-Prancheta-1-1-2048x654-1.png\",\"width\":2048,\"height\":654,\"caption\":\"Rota Rio\"},\"image\":{\"@id\":\"https:\/\/rotario.com.br\/site\/#\/schema\/logo\/image\/\"}},{\"@type\":\"Person\",\"@id\":\"https:\/\/rotario.com.br\/site\/#\/schema\/person\/fd89bbbf4136f7e8a21e0dd67b8a66c7\",\"name\":\"Galv\u00e3o\",\"url\":\"https:\/\/rotario.com.br\/site\/author\/daniel\/\"}]}<\/script>\n<!-- \/ Yoast SEO plugin. -->","yoast_head_json":{"title":"A\u00e7\u00e3o da PM apreende mais de 1,2 mil por\u00e7\u00f5es de drogas em a\u00e7\u00e3o em Rio das Ostras - Rota Rio","robots":{"index":"index","follow":"follow","max-snippet":"max-snippet:-1","max-image-preview":"max-image-preview:large","max-video-preview":"max-video-preview:-1"},"canonical":"https:\/\/rotario.com.br\/site\/acao-da-pm-apreende-mais-de-12-mil-porcoes-de-drogas-em-acao-em-rio-das-ostras\/","og_locale":"pt_BR","og_type":"article","og_title":"A\u00e7\u00e3o da PM apreende mais de 1,2 mil por\u00e7\u00f5es de drogas em a\u00e7\u00e3o em Rio das Ostras - Rota Rio","og_description":"Uma a\u00e7\u00e3o do 32\u00ba Batalh\u00e3o da Pol\u00edcia Militar (32\u00ba BPM) resultou em uma grande apreens\u00e3o de drogas no bairro Cidade Beira Mar, em Rio das Ostras, na \u00faltima sexta-feira, 24, al\u00e9m da pris\u00e3o de um traficante. Realizada por policiais do Grupamento de A\u00e7\u00f5es T\u00e1ticas (GAT), a a\u00e7\u00e3o aconteceu em resposta a uma den\u00fancia an\u00f4nima sobre [&hellip;]","og_url":"https:\/\/rotario.com.br\/site\/acao-da-pm-apreende-mais-de-12-mil-porcoes-de-drogas-em-acao-em-rio-das-ostras\/","og_site_name":"Rota Rio","article_published_time":"2026-04-27T13:32:34+00:00","article_modified_time":"2026-04-27T13:32:43+00:00","og_image":[{"width":800,"height":600,"url":"https:\/\/rotario.com.br\/site\/wp-content\/uploads\/2026\/04\/WhatsApp-Image-2026-04-27-at-09.48.26-1.jpeg","type":"image\/jpeg"}],"author":"Galv\u00e3o","twitter_card":"summary_large_image","twitter_misc":{"Escrito por":"Galv\u00e3o","Est. tempo de leitura":"2 minutos"},"schema":{"@context":"https:\/\/schema.org","@graph":[{"@type":"Article","@id":"https:\/\/rotario.com.br\/site\/acao-da-pm-apreende-mais-de-12-mil-porcoes-de-drogas-em-acao-em-rio-das-ostras\/#article","isPartOf":{"@id":"https:\/\/rotario.com.br\/site\/acao-da-pm-apreende-mais-de-12-mil-porcoes-de-drogas-em-acao-em-rio-das-ostras\/"},"author":{"name":"Galv\u00e3o","@id":"https:\/\/rotario.com.br\/site\/#\/schema\/person\/fd89bbbf4136f7e8a21e0dd67b8a66c7"},"headline":"A\u00e7\u00e3o da PM apreende mais de 1,2 mil por\u00e7\u00f5es de drogas em a\u00e7\u00e3o em Rio das Ostras","datePublished":"2026-04-27T13:32:34+00:00","dateModified":"2026-04-27T13:32:43+00:00","mainEntityOfPage":{"@id":"https:\/\/rotario.com.br\/site\/acao-da-pm-apreende-mais-de-12-mil-porcoes-de-drogas-em-acao-em-rio-das-ostras\/"},"wordCount":225,"commentCount":0,"publisher":{"@id":"https:\/\/rotario.com.br\/site\/#organization"},"image":{"@id":"https:\/\/rotario.com.br\/site\/acao-da-pm-apreende-mais-de-12-mil-porcoes-de-drogas-em-acao-em-rio-das-ostras\/#primaryimage"},"thumbnailUrl":"https:\/\/rotario.com.br\/site\/wp-content\/uploads\/2026\/04\/WhatsApp-Image-2026-04-27-at-09.48.26-1.jpeg","keywords":["Pol\u00edcia"],"articleSection":["Pol\u00edcia"],"inLanguage":"pt-BR","potentialAction":[{"@type":"CommentAction","name":"Comment","target":["https:\/\/rotario.com.br\/site\/acao-da-pm-apreende-mais-de-12-mil-porcoes-de-drogas-em-acao-em-rio-das-ostras\/#respond"]}]},{"@type":"WebPage","@id":"https:\/\/rotario.com.br\/site\/acao-da-pm-apreende-mais-de-12-mil-porcoes-de-drogas-em-acao-em-rio-das-ostras\/","url":"https:\/\/rotario.com.br\/site\/acao-da-pm-apreende-mais-de-12-mil-porcoes-de-drogas-em-acao-em-rio-das-ostras\/","name":"A\u00e7\u00e3o da PM apreende mais de 1,2 mil por\u00e7\u00f5es de drogas em a\u00e7\u00e3o em Rio das Ostras - Rota Rio","isPartOf":{"@id":"https:\/\/rotario.com.br\/site\/#website"},"primaryImageOfPage":{"@id":"https:\/\/rotario.com.br\/site\/acao-da-pm-apreende-mais-de-12-mil-porcoes-de-drogas-em-acao-em-rio-das-ostras\/#primaryimage"},"image":{"@id":"https:\/\/rotario.com.br\/site\/acao-da-pm-apreende-mais-de-12-mil-porcoes-de-drogas-em-acao-em-rio-das-ostras\/#primaryimage"},"thumbnailUrl":"https:\/\/rotario.com.br\/site\/wp-content\/uploads\/2026\/04\/WhatsApp-Image-2026-04-27-at-09.48.26-1.jpeg","datePublished":"2026-04-27T13:32:34+00:00","dateModified":"2026-04-27T13:32:43+00:00","breadcrumb":{"@id":"https:\/\/rotario.com.br\/site\/acao-da-pm-apreende-mais-de-12-mil-porcoes-de-drogas-em-acao-em-rio-das-ostras\/#breadcrumb"},"inLanguage":"pt-BR","potentialAction":[{"@type":"ReadAction","target":["https:\/\/rotario.com.br\/site\/acao-da-pm-apreende-mais-de-12-mil-porcoes-de-drogas-em-acao-em-rio-das-ostras\/"]}]},{"@type":"ImageObject","inLanguage":"pt-BR","@id":"https:\/\/rotario.com.br\/site\/acao-da-pm-apreende-mais-de-12-mil-porcoes-de-drogas-em-acao-em-rio-das-ostras\/#primaryimage","url":"https:\/\/rotario.com.br\/site\/wp-content\/uploads\/2026\/04\/WhatsApp-Image-2026-04-27-at-09.48.26-1.jpeg","contentUrl":"https:\/\/rotario.com.br\/site\/wp-content\/uploads\/2026\/04\/WhatsApp-Image-2026-04-27-at-09.48.26-1.jpeg","width":800,"height":600},{"@type":"BreadcrumbList","@id":"https:\/\/rotario.com.br\/site\/acao-da-pm-apreende-mais-de-12-mil-porcoes-de-drogas-em-acao-em-rio-das-ostras\/#breadcrumb","itemListElement":[{"@type":"ListItem","position":1,"name":"In\u00edcio","item":"https:\/\/rotario.com.br\/site\/"},{"@type":"ListItem","position":2,"name":"A\u00e7\u00e3o da PM apreende mais de 1,2 mil por\u00e7\u00f5es de drogas em a\u00e7\u00e3o em Rio das Ostras"}]},{"@type":"WebSite","@id":"https:\/\/rotario.com.br\/site\/#website","url":"https:\/\/rotario.com.br\/site\/","name":"Rota Rio","description":"Aqui, o Rio de Janeiro \u00e9 a pauta!","publisher":{"@id":"https:\/\/rotario.com.br\/site\/#organization"},"potentialAction":[{"@type":"SearchAction","target":{"@type":"EntryPoint","urlTemplate":"https:\/\/rotario.com.br\/site\/?s={search_term_string}"},"query-input":{"@type":"PropertyValueSpecification","valueRequired":true,"valueName":"search_term_string"}}],"inLanguage":"pt-BR"},{"@type":"Organization","@id":"https:\/\/rotario.com.br\/site\/#organization","name":"Rota Rio","url":"https:\/\/rotario.com.br\/site\/","logo":{"@type":"ImageObject","inLanguage":"pt-BR","@id":"https:\/\/rotario.com.br\/site\/#\/schema\/logo\/image\/","url":"https:\/\/rotario.com.br\/site\/wp-content\/uploads\/2022\/04\/cropped-ROTARIO-LOGO-Prancheta-1-1-2048x654-1.png","contentUrl":"https:\/\/rotario.com.br\/site\/wp-content\/uploads\/2022\/04\/cropped-ROTARIO-LOGO-Prancheta-1-1-2048x654-1.png","width":2048,"height":654,"caption":"Rota Rio"},"image":{"@id":"https:\/\/rotario.com.br\/site\/#\/schema\/logo\/image\/"}},{"@type":"Person","@id":"https:\/\/rotario.com.br\/site\/#\/schema\/person\/fd89bbbf4136f7e8a21e0dd67b8a66c7","name":"Galv\u00e3o","url":"https:\/\/rotario.com.br\/site\/author\/daniel\/"}]}},"_links":{"self":[{"href":"https:\/\/rotario.com.br\/site\/wp-json\/wp\/v2\/posts\/35588","targetHints":{"allow":["GET"]}}],"collection":[{"href":"https:\/\/rotario.com.br\/site\/wp-json\/wp\/v2\/posts"}],"about":[{"href":"https:\/\/rotario.com.br\/site\/wp-json\/wp\/v2\/types\/post"}],"author":[{"embeddable":true,"href":"https:\/\/rotario.com.br\/site\/wp-json\/wp\/v2\/users\/2"}],"replies":[{"embeddable":true,"href":"https:\/\/rotario.com.br\/site\/wp-json\/wp\/v2\/comments?post=35588"}],"version-history":[{"count":2,"href":"https:\/\/rotario.com.br\/site\/wp-json\/wp\/v2\/posts\/35588\/revisions"}],"predecessor-version":[{"id":35593,"href":"https:\/\/rotario.com.br\/site\/wp-json\/wp\/v2\/posts\/35588\/revisions\/35593"}],"wp:featuredmedia":[{"embeddable":true,"href":"https:\/\/rotario.com.br\/site\/wp-json\/wp\/v2\/media\/35590"}],"wp:attachment":[{"href":"https:\/\/rotario.com.br\/site\/wp-json\/wp\/v2\/media?parent=35588"}],"wp:term":[{"taxonomy":"category","embeddable":true,"href":"https:\/\/rotario.com.br\/site\/wp-json\/wp\/v2\/categories?post=35588"},{"taxonomy":"post_tag","embeddable":true,"href":"https:\/\/rotario.com.br\/site\/wp-json\/wp\/v2\/tags?post=35588"}],"curies":[{"name":"wp","href":"https:\/\/api.w.org\/{rel}","templated":true}]}}