{"id":35597,"date":"2026-04-27T11:16:06","date_gmt":"2026-04-27T14:16:06","guid":{"rendered":"https:\/\/rotario.com.br\/site\/?p=35597"},"modified":"2026-04-27T11:16:13","modified_gmt":"2026-04-27T14:16:13","slug":"denuncia-sobre-homem-armado-acaba-em-prisao-apos-acao-da-pm-em-rio-das-ostras","status":"publish","type":"post","link":"https:\/\/rotario.com.br\/site\/denuncia-sobre-homem-armado-acaba-em-prisao-apos-acao-da-pm-em-rio-das-ostras\/","title":{"rendered":"Den\u00fancia sobre homem armado acaba em pris\u00e3o ap\u00f3s a\u00e7\u00e3o da PM em Rio das Ostras"},"content":{"rendered":"\n<p>Um homem foi preso por porte ilegal de arma de fogo na noite do \u00faltimo s\u00e1bado, 25, no bairro Cidade Praiana, em Rio das Ostras, em a\u00e7\u00e3o da Pol\u00edcia Militar (PM) em reposta a uma den\u00fancia an\u00f4nima sobre um doid\u00e3o armado.<\/p>\n\n\n\n<p>De acordo com as informa\u00e7\u00f5es, o homem estaria alterado e atirando, o que levou os agentes a se dirigir rapidamente ao local, onde encontraram o suspeito, com o qual foi apreendido 1 rev\u00f3lver calibre .32.<\/p>\n\n\n\n<p>Al\u00e9m da arma, os policiais apreenderam ainda 3 muni\u00e7\u00f5es intactas e 1 telefone celular, al\u00e9m de uma motocicleta, que tamb\u00e9m foi levada para a 128\u00aa Delegacia de Pol\u00edcia Civil (128\u00aa DP), de Rio das Ostras, para averigua\u00e7\u00e3o.<\/p>\n\n\n\n<p>Na delegacia, os agentes descobriram que o suspeito tinha 5 anota\u00e7\u00f5es criminais por amea\u00e7a, al\u00e9m de registros por viol\u00eancia dom\u00e9stica e uma anota\u00e7\u00e3o criminal por porte ilegal de arma de fogo de uso restrito.<\/p>\n\n\n\n<p>Levado para a 128\u00aa DP, onde a ocorr\u00eancia foi registrada, o homem foi preso e colocado atr\u00e1s das grades. Ele vai responder pelo crime de porte ilegal de arma de fogo, cuja pena varia de 2 a 4 anos de cadeia, conforme a Lei Federal 10.826, de 2003, mais conhecida como Estatuto do Desarmamento.<\/p>\n","protected":false},"excerpt":{"rendered":"<p>Um homem foi preso por porte ilegal de arma de fogo na noite do \u00faltimo s\u00e1bado, 25, no bairro Cidade Praiana, em Rio das Ostras, em a\u00e7\u00e3o da Pol\u00edcia Militar (PM) em reposta a uma den\u00fancia an\u00f4nima sobre um doid\u00e3o armado. De acordo com as informa\u00e7\u00f5es, o homem estaria alterado e atirando, o que levou [&hellip;]<\/p>\n","protected":false},"author":2,"featured_media":35598,"comment_status":"open","ping_status":"closed","sticky":false,"template":"","format":"standard","meta":{"footnotes":""},"categories":[1160],"tags":[1903],"class_list":["post-35597","post","type-post","status-publish","format-standard","has-post-thumbnail","hentry","category-policia","tag-policia-2"],"yoast_head":"<!-- This site is optimized with the Yoast SEO plugin v26.5 - https:\/\/yoast.com\/wordpress\/plugins\/seo\/ -->\n<title>Den\u00fancia sobre homem armado acaba em pris\u00e3o ap\u00f3s a\u00e7\u00e3o da PM em Rio das Ostras - Rota Rio<\/title>\n<meta name=\"robots\" content=\"index, follow, max-snippet:-1, max-image-preview:large, max-video-preview:-1\" \/>\n<link rel=\"canonical\" href=\"https:\/\/rotario.com.br\/site\/denuncia-sobre-homem-armado-acaba-em-prisao-apos-acao-da-pm-em-rio-das-ostras\/\" \/>\n<meta property=\"og:locale\" content=\"pt_BR\" \/>\n<meta property=\"og:type\" content=\"article\" \/>\n<meta property=\"og:title\" content=\"Den\u00fancia sobre homem armado acaba em pris\u00e3o ap\u00f3s a\u00e7\u00e3o da PM em Rio das Ostras - Rota Rio\" \/>\n<meta property=\"og:description\" content=\"Um homem foi preso por porte ilegal de arma de fogo na noite do \u00faltimo s\u00e1bado, 25, no bairro Cidade Praiana, em Rio das Ostras, em a\u00e7\u00e3o da Pol\u00edcia Militar (PM) em reposta a uma den\u00fancia an\u00f4nima sobre um doid\u00e3o armado. De acordo com as informa\u00e7\u00f5es, o homem estaria alterado e atirando, o que levou [&hellip;]\" \/>\n<meta property=\"og:url\" content=\"https:\/\/rotario.com.br\/site\/denuncia-sobre-homem-armado-acaba-em-prisao-apos-acao-da-pm-em-rio-das-ostras\/\" \/>\n<meta property=\"og:site_name\" content=\"Rota Rio\" \/>\n<meta property=\"article:published_time\" content=\"2026-04-27T14:16:06+00:00\" \/>\n<meta property=\"article:modified_time\" content=\"2026-04-27T14:16:13+00:00\" \/>\n<meta property=\"og:image\" content=\"https:\/\/rotario.com.br\/site\/wp-content\/uploads\/2026\/04\/WhatsApp-Image-2026-04-27-at-10.45.14.jpeg\" \/>\n\t<meta property=\"og:image:width\" content=\"800\" \/>\n\t<meta property=\"og:image:height\" content=\"600\" \/>\n\t<meta property=\"og:image:type\" content=\"image\/jpeg\" \/>\n<meta name=\"author\" content=\"Galv\u00e3o\" \/>\n<meta name=\"twitter:card\" content=\"summary_large_image\" \/>\n<meta name=\"twitter:label1\" content=\"Escrito por\" \/>\n\t<meta name=\"twitter:data1\" content=\"Galv\u00e3o\" \/>\n\t<meta name=\"twitter:label2\" content=\"Est. tempo de leitura\" \/>\n\t<meta name=\"twitter:data2\" content=\"2 minutos\" \/>\n<script type=\"application\/ld+json\" class=\"yoast-schema-graph\">{\"@context\":\"https:\/\/schema.org\",\"@graph\":[{\"@type\":\"Article\",\"@id\":\"https:\/\/rotario.com.br\/site\/denuncia-sobre-homem-armado-acaba-em-prisao-apos-acao-da-pm-em-rio-das-ostras\/#article\",\"isPartOf\":{\"@id\":\"https:\/\/rotario.com.br\/site\/denuncia-sobre-homem-armado-acaba-em-prisao-apos-acao-da-pm-em-rio-das-ostras\/\"},\"author\":{\"name\":\"Galv\u00e3o\",\"@id\":\"https:\/\/rotario.com.br\/site\/#\/schema\/person\/fd89bbbf4136f7e8a21e0dd67b8a66c7\"},\"headline\":\"Den\u00fancia sobre homem armado acaba em pris\u00e3o ap\u00f3s a\u00e7\u00e3o da PM em Rio das Ostras\",\"datePublished\":\"2026-04-27T14:16:06+00:00\",\"dateModified\":\"2026-04-27T14:16:13+00:00\",\"mainEntityOfPage\":{\"@id\":\"https:\/\/rotario.com.br\/site\/denuncia-sobre-homem-armado-acaba-em-prisao-apos-acao-da-pm-em-rio-das-ostras\/\"},\"wordCount\":229,\"commentCount\":0,\"publisher\":{\"@id\":\"https:\/\/rotario.com.br\/site\/#organization\"},\"image\":{\"@id\":\"https:\/\/rotario.com.br\/site\/denuncia-sobre-homem-armado-acaba-em-prisao-apos-acao-da-pm-em-rio-das-ostras\/#primaryimage\"},\"thumbnailUrl\":\"https:\/\/rotario.com.br\/site\/wp-content\/uploads\/2026\/04\/WhatsApp-Image-2026-04-27-at-10.45.14.jpeg\",\"keywords\":[\"Pol\u00edcia\"],\"articleSection\":[\"Pol\u00edcia\"],\"inLanguage\":\"pt-BR\",\"potentialAction\":[{\"@type\":\"CommentAction\",\"name\":\"Comment\",\"target\":[\"https:\/\/rotario.com.br\/site\/denuncia-sobre-homem-armado-acaba-em-prisao-apos-acao-da-pm-em-rio-das-ostras\/#respond\"]}]},{\"@type\":\"WebPage\",\"@id\":\"https:\/\/rotario.com.br\/site\/denuncia-sobre-homem-armado-acaba-em-prisao-apos-acao-da-pm-em-rio-das-ostras\/\",\"url\":\"https:\/\/rotario.com.br\/site\/denuncia-sobre-homem-armado-acaba-em-prisao-apos-acao-da-pm-em-rio-das-ostras\/\",\"name\":\"Den\u00fancia sobre homem armado acaba em pris\u00e3o ap\u00f3s a\u00e7\u00e3o da PM em Rio das Ostras - Rota Rio\",\"isPartOf\":{\"@id\":\"https:\/\/rotario.com.br\/site\/#website\"},\"primaryImageOfPage\":{\"@id\":\"https:\/\/rotario.com.br\/site\/denuncia-sobre-homem-armado-acaba-em-prisao-apos-acao-da-pm-em-rio-das-ostras\/#primaryimage\"},\"image\":{\"@id\":\"https:\/\/rotario.com.br\/site\/denuncia-sobre-homem-armado-acaba-em-prisao-apos-acao-da-pm-em-rio-das-ostras\/#primaryimage\"},\"thumbnailUrl\":\"https:\/\/rotario.com.br\/site\/wp-content\/uploads\/2026\/04\/WhatsApp-Image-2026-04-27-at-10.45.14.jpeg\",\"datePublished\":\"2026-04-27T14:16:06+00:00\",\"dateModified\":\"2026-04-27T14:16:13+00:00\",\"breadcrumb\":{\"@id\":\"https:\/\/rotario.com.br\/site\/denuncia-sobre-homem-armado-acaba-em-prisao-apos-acao-da-pm-em-rio-das-ostras\/#breadcrumb\"},\"inLanguage\":\"pt-BR\",\"potentialAction\":[{\"@type\":\"ReadAction\",\"target\":[\"https:\/\/rotario.com.br\/site\/denuncia-sobre-homem-armado-acaba-em-prisao-apos-acao-da-pm-em-rio-das-ostras\/\"]}]},{\"@type\":\"ImageObject\",\"inLanguage\":\"pt-BR\",\"@id\":\"https:\/\/rotario.com.br\/site\/denuncia-sobre-homem-armado-acaba-em-prisao-apos-acao-da-pm-em-rio-das-ostras\/#primaryimage\",\"url\":\"https:\/\/rotario.com.br\/site\/wp-content\/uploads\/2026\/04\/WhatsApp-Image-2026-04-27-at-10.45.14.jpeg\",\"contentUrl\":\"https:\/\/rotario.com.br\/site\/wp-content\/uploads\/2026\/04\/WhatsApp-Image-2026-04-27-at-10.45.14.jpeg\",\"width\":800,\"height\":600},{\"@type\":\"BreadcrumbList\",\"@id\":\"https:\/\/rotario.com.br\/site\/denuncia-sobre-homem-armado-acaba-em-prisao-apos-acao-da-pm-em-rio-das-ostras\/#breadcrumb\",\"itemListElement\":[{\"@type\":\"ListItem\",\"position\":1,\"name\":\"In\u00edcio\",\"item\":\"https:\/\/rotario.com.br\/site\/\"},{\"@type\":\"ListItem\",\"position\":2,\"name\":\"Den\u00fancia sobre homem armado acaba em pris\u00e3o ap\u00f3s a\u00e7\u00e3o da PM em Rio das Ostras\"}]},{\"@type\":\"WebSite\",\"@id\":\"https:\/\/rotario.com.br\/site\/#website\",\"url\":\"https:\/\/rotario.com.br\/site\/\",\"name\":\"Rota Rio\",\"description\":\"Aqui, o Rio de Janeiro \u00e9 a pauta!\",\"publisher\":{\"@id\":\"https:\/\/rotario.com.br\/site\/#organization\"},\"potentialAction\":[{\"@type\":\"SearchAction\",\"target\":{\"@type\":\"EntryPoint\",\"urlTemplate\":\"https:\/\/rotario.com.br\/site\/?s={search_term_string}\"},\"query-input\":{\"@type\":\"PropertyValueSpecification\",\"valueRequired\":true,\"valueName\":\"search_term_string\"}}],\"inLanguage\":\"pt-BR\"},{\"@type\":\"Organization\",\"@id\":\"https:\/\/rotario.com.br\/site\/#organization\",\"name\":\"Rota Rio\",\"url\":\"https:\/\/rotario.com.br\/site\/\",\"logo\":{\"@type\":\"ImageObject\",\"inLanguage\":\"pt-BR\",\"@id\":\"https:\/\/rotario.com.br\/site\/#\/schema\/logo\/image\/\",\"url\":\"https:\/\/rotario.com.br\/site\/wp-content\/uploads\/2022\/04\/cropped-ROTARIO-LOGO-Prancheta-1-1-2048x654-1.png\",\"contentUrl\":\"https:\/\/rotario.com.br\/site\/wp-content\/uploads\/2022\/04\/cropped-ROTARIO-LOGO-Prancheta-1-1-2048x654-1.png\",\"width\":2048,\"height\":654,\"caption\":\"Rota Rio\"},\"image\":{\"@id\":\"https:\/\/rotario.com.br\/site\/#\/schema\/logo\/image\/\"}},{\"@type\":\"Person\",\"@id\":\"https:\/\/rotario.com.br\/site\/#\/schema\/person\/fd89bbbf4136f7e8a21e0dd67b8a66c7\",\"name\":\"Galv\u00e3o\",\"url\":\"https:\/\/rotario.com.br\/site\/author\/daniel\/\"}]}<\/script>\n<!-- \/ Yoast SEO plugin. -->","yoast_head_json":{"title":"Den\u00fancia sobre homem armado acaba em pris\u00e3o ap\u00f3s a\u00e7\u00e3o da PM em Rio das Ostras - Rota Rio","robots":{"index":"index","follow":"follow","max-snippet":"max-snippet:-1","max-image-preview":"max-image-preview:large","max-video-preview":"max-video-preview:-1"},"canonical":"https:\/\/rotario.com.br\/site\/denuncia-sobre-homem-armado-acaba-em-prisao-apos-acao-da-pm-em-rio-das-ostras\/","og_locale":"pt_BR","og_type":"article","og_title":"Den\u00fancia sobre homem armado acaba em pris\u00e3o ap\u00f3s a\u00e7\u00e3o da PM em Rio das Ostras - Rota Rio","og_description":"Um homem foi preso por porte ilegal de arma de fogo na noite do \u00faltimo s\u00e1bado, 25, no bairro Cidade Praiana, em Rio das Ostras, em a\u00e7\u00e3o da Pol\u00edcia Militar (PM) em reposta a uma den\u00fancia an\u00f4nima sobre um doid\u00e3o armado. De acordo com as informa\u00e7\u00f5es, o homem estaria alterado e atirando, o que levou [&hellip;]","og_url":"https:\/\/rotario.com.br\/site\/denuncia-sobre-homem-armado-acaba-em-prisao-apos-acao-da-pm-em-rio-das-ostras\/","og_site_name":"Rota Rio","article_published_time":"2026-04-27T14:16:06+00:00","article_modified_time":"2026-04-27T14:16:13+00:00","og_image":[{"width":800,"height":600,"url":"https:\/\/rotario.com.br\/site\/wp-content\/uploads\/2026\/04\/WhatsApp-Image-2026-04-27-at-10.45.14.jpeg","type":"image\/jpeg"}],"author":"Galv\u00e3o","twitter_card":"summary_large_image","twitter_misc":{"Escrito por":"Galv\u00e3o","Est. tempo de leitura":"2 minutos"},"schema":{"@context":"https:\/\/schema.org","@graph":[{"@type":"Article","@id":"https:\/\/rotario.com.br\/site\/denuncia-sobre-homem-armado-acaba-em-prisao-apos-acao-da-pm-em-rio-das-ostras\/#article","isPartOf":{"@id":"https:\/\/rotario.com.br\/site\/denuncia-sobre-homem-armado-acaba-em-prisao-apos-acao-da-pm-em-rio-das-ostras\/"},"author":{"name":"Galv\u00e3o","@id":"https:\/\/rotario.com.br\/site\/#\/schema\/person\/fd89bbbf4136f7e8a21e0dd67b8a66c7"},"headline":"Den\u00fancia sobre homem armado acaba em pris\u00e3o ap\u00f3s a\u00e7\u00e3o da PM em Rio das Ostras","datePublished":"2026-04-27T14:16:06+00:00","dateModified":"2026-04-27T14:16:13+00:00","mainEntityOfPage":{"@id":"https:\/\/rotario.com.br\/site\/denuncia-sobre-homem-armado-acaba-em-prisao-apos-acao-da-pm-em-rio-das-ostras\/"},"wordCount":229,"commentCount":0,"publisher":{"@id":"https:\/\/rotario.com.br\/site\/#organization"},"image":{"@id":"https:\/\/rotario.com.br\/site\/denuncia-sobre-homem-armado-acaba-em-prisao-apos-acao-da-pm-em-rio-das-ostras\/#primaryimage"},"thumbnailUrl":"https:\/\/rotario.com.br\/site\/wp-content\/uploads\/2026\/04\/WhatsApp-Image-2026-04-27-at-10.45.14.jpeg","keywords":["Pol\u00edcia"],"articleSection":["Pol\u00edcia"],"inLanguage":"pt-BR","potentialAction":[{"@type":"CommentAction","name":"Comment","target":["https:\/\/rotario.com.br\/site\/denuncia-sobre-homem-armado-acaba-em-prisao-apos-acao-da-pm-em-rio-das-ostras\/#respond"]}]},{"@type":"WebPage","@id":"https:\/\/rotario.com.br\/site\/denuncia-sobre-homem-armado-acaba-em-prisao-apos-acao-da-pm-em-rio-das-ostras\/","url":"https:\/\/rotario.com.br\/site\/denuncia-sobre-homem-armado-acaba-em-prisao-apos-acao-da-pm-em-rio-das-ostras\/","name":"Den\u00fancia sobre homem armado acaba em pris\u00e3o ap\u00f3s a\u00e7\u00e3o da PM em Rio das Ostras - Rota Rio","isPartOf":{"@id":"https:\/\/rotario.com.br\/site\/#website"},"primaryImageOfPage":{"@id":"https:\/\/rotario.com.br\/site\/denuncia-sobre-homem-armado-acaba-em-prisao-apos-acao-da-pm-em-rio-das-ostras\/#primaryimage"},"image":{"@id":"https:\/\/rotario.com.br\/site\/denuncia-sobre-homem-armado-acaba-em-prisao-apos-acao-da-pm-em-rio-das-ostras\/#primaryimage"},"thumbnailUrl":"https:\/\/rotario.com.br\/site\/wp-content\/uploads\/2026\/04\/WhatsApp-Image-2026-04-27-at-10.45.14.jpeg","datePublished":"2026-04-27T14:16:06+00:00","dateModified":"2026-04-27T14:16:13+00:00","breadcrumb":{"@id":"https:\/\/rotario.com.br\/site\/denuncia-sobre-homem-armado-acaba-em-prisao-apos-acao-da-pm-em-rio-das-ostras\/#breadcrumb"},"inLanguage":"pt-BR","potentialAction":[{"@type":"ReadAction","target":["https:\/\/rotario.com.br\/site\/denuncia-sobre-homem-armado-acaba-em-prisao-apos-acao-da-pm-em-rio-das-ostras\/"]}]},{"@type":"ImageObject","inLanguage":"pt-BR","@id":"https:\/\/rotario.com.br\/site\/denuncia-sobre-homem-armado-acaba-em-prisao-apos-acao-da-pm-em-rio-das-ostras\/#primaryimage","url":"https:\/\/rotario.com.br\/site\/wp-content\/uploads\/2026\/04\/WhatsApp-Image-2026-04-27-at-10.45.14.jpeg","contentUrl":"https:\/\/rotario.com.br\/site\/wp-content\/uploads\/2026\/04\/WhatsApp-Image-2026-04-27-at-10.45.14.jpeg","width":800,"height":600},{"@type":"BreadcrumbList","@id":"https:\/\/rotario.com.br\/site\/denuncia-sobre-homem-armado-acaba-em-prisao-apos-acao-da-pm-em-rio-das-ostras\/#breadcrumb","itemListElement":[{"@type":"ListItem","position":1,"name":"In\u00edcio","item":"https:\/\/rotario.com.br\/site\/"},{"@type":"ListItem","position":2,"name":"Den\u00fancia sobre homem armado acaba em pris\u00e3o ap\u00f3s a\u00e7\u00e3o da PM em Rio das Ostras"}]},{"@type":"WebSite","@id":"https:\/\/rotario.com.br\/site\/#website","url":"https:\/\/rotario.com.br\/site\/","name":"Rota Rio","description":"Aqui, o Rio de Janeiro \u00e9 a pauta!","publisher":{"@id":"https:\/\/rotario.com.br\/site\/#organization"},"potentialAction":[{"@type":"SearchAction","target":{"@type":"EntryPoint","urlTemplate":"https:\/\/rotario.com.br\/site\/?s={search_term_string}"},"query-input":{"@type":"PropertyValueSpecification","valueRequired":true,"valueName":"search_term_string"}}],"inLanguage":"pt-BR"},{"@type":"Organization","@id":"https:\/\/rotario.com.br\/site\/#organization","name":"Rota Rio","url":"https:\/\/rotario.com.br\/site\/","logo":{"@type":"ImageObject","inLanguage":"pt-BR","@id":"https:\/\/rotario.com.br\/site\/#\/schema\/logo\/image\/","url":"https:\/\/rotario.com.br\/site\/wp-content\/uploads\/2022\/04\/cropped-ROTARIO-LOGO-Prancheta-1-1-2048x654-1.png","contentUrl":"https:\/\/rotario.com.br\/site\/wp-content\/uploads\/2022\/04\/cropped-ROTARIO-LOGO-Prancheta-1-1-2048x654-1.png","width":2048,"height":654,"caption":"Rota Rio"},"image":{"@id":"https:\/\/rotario.com.br\/site\/#\/schema\/logo\/image\/"}},{"@type":"Person","@id":"https:\/\/rotario.com.br\/site\/#\/schema\/person\/fd89bbbf4136f7e8a21e0dd67b8a66c7","name":"Galv\u00e3o","url":"https:\/\/rotario.com.br\/site\/author\/daniel\/"}]}},"_links":{"self":[{"href":"https:\/\/rotario.com.br\/site\/wp-json\/wp\/v2\/posts\/35597","targetHints":{"allow":["GET"]}}],"collection":[{"href":"https:\/\/rotario.com.br\/site\/wp-json\/wp\/v2\/posts"}],"about":[{"href":"https:\/\/rotario.com.br\/site\/wp-json\/wp\/v2\/types\/post"}],"author":[{"embeddable":true,"href":"https:\/\/rotario.com.br\/site\/wp-json\/wp\/v2\/users\/2"}],"replies":[{"embeddable":true,"href":"https:\/\/rotario.com.br\/site\/wp-json\/wp\/v2\/comments?post=35597"}],"version-history":[{"count":1,"href":"https:\/\/rotario.com.br\/site\/wp-json\/wp\/v2\/posts\/35597\/revisions"}],"predecessor-version":[{"id":35599,"href":"https:\/\/rotario.com.br\/site\/wp-json\/wp\/v2\/posts\/35597\/revisions\/35599"}],"wp:featuredmedia":[{"embeddable":true,"href":"https:\/\/rotario.com.br\/site\/wp-json\/wp\/v2\/media\/35598"}],"wp:attachment":[{"href":"https:\/\/rotario.com.br\/site\/wp-json\/wp\/v2\/media?parent=35597"}],"wp:term":[{"taxonomy":"category","embeddable":true,"href":"https:\/\/rotario.com.br\/site\/wp-json\/wp\/v2\/categories?post=35597"},{"taxonomy":"post_tag","embeddable":true,"href":"https:\/\/rotario.com.br\/site\/wp-json\/wp\/v2\/tags?post=35597"}],"curies":[{"name":"wp","href":"https:\/\/api.w.org\/{rel}","templated":true}]}}