{"id":35613,"date":"2026-04-27T12:13:51","date_gmt":"2026-04-27T15:13:51","guid":{"rendered":"https:\/\/rotario.com.br\/site\/?p=35613"},"modified":"2026-04-27T12:14:04","modified_gmt":"2026-04-27T15:14:04","slug":"quer-bolsa-atleta-em-cabo-frio-entao-prepara-o-curriculo-que-a-peneira-comecou","status":"publish","type":"post","link":"https:\/\/rotario.com.br\/site\/quer-bolsa-atleta-em-cabo-frio-entao-prepara-o-curriculo-que-a-peneira-comecou\/","title":{"rendered":"Quer Bolsa Atleta em Cabo Frio Ent\u00e3o prepara o curr\u00edculo que a peneira come\u00e7ou"},"content":{"rendered":"\n<p>Os atletas interessados em participar do Programa Bolsa Atleta em Cabo Frio j\u00e1 podem se preparar para o processo seletivo. As inscri\u00e7\u00f5es estar\u00e3o abertas entre os dias 27 de abril e 15 de maio de 2026, com todas as orienta\u00e7\u00f5es dispon\u00edveis no site oficial da iniciativa. Em caso de d\u00favidas, a Secretaria Municipal de Esporte e Lazer (SELAZ) disponibiliza atendimento por meio do e-mail <a href=\"mailto:esporte.bolsaatleta@cabofrio.rj.gov.br\">esporte.bolsaatleta@cabofrio.rj.gov.br<\/a>.<\/p>\n\n\n\n<p>Para garantir transpar\u00eancia e crit\u00e9rios t\u00e9cnicos na escolha dos beneficiados, a Prefeitura instituiu uma Comiss\u00e3o de Sele\u00e7\u00e3o, respons\u00e1vel por conduzir todo o processo de avalia\u00e7\u00e3o dos candidatos. O grupo analisar\u00e1 o desempenho esportivo, verificar\u00e1 a documenta\u00e7\u00e3o exigida em edital e emitir\u00e1 pareceres sobre o deferimento ou indeferimento das inscri\u00e7\u00f5es, al\u00e9m de encaminhar os resultados preliminares e finais para homologa\u00e7\u00e3o.<\/p>\n\n\n\n<p>A medida foi oficializada por meio da Portaria SELAZ n\u00ba 004\/2026, publicada na edi\u00e7\u00e3o n\u00ba 082 do Di\u00e1rio Oficial do munic\u00edpio. A comiss\u00e3o tamb\u00e9m ter\u00e1 a fun\u00e7\u00e3o de assegurar que o processo ocorra de forma imparcial e alinhada aos crit\u00e9rios estabelecidos pelo programa.<\/p>\n\n\n\n<p>O colegiado \u00e9 composto por representantes t\u00e9cnicos da Secretaria de Esporte e integrantes do Conselho Municipal de Esporte (CONESP), incluindo Haroldo Brum, assessor jur\u00eddico da SELAZ; Marcelo da Silva Pereira, gestor de projetos; Cristhian dos Santos Silva, gestor de programas; Eliseu Augusto Martins Pombo, presidente do CONESP; e Marcel Suedini de Araujo Ribeiro, representante do conselho.&nbsp;&nbsp;&nbsp;&nbsp;<\/p>\n","protected":false},"excerpt":{"rendered":"<p>Os atletas interessados em participar do Programa Bolsa Atleta em Cabo Frio j\u00e1 podem se preparar para o processo seletivo. As inscri\u00e7\u00f5es estar\u00e3o abertas entre os dias 27 de abril e 15 de maio de 2026, com todas as orienta\u00e7\u00f5es dispon\u00edveis no site oficial da iniciativa. Em caso de d\u00favidas, a Secretaria Municipal de Esporte [&hellip;]<\/p>\n","protected":false},"author":2,"featured_media":35614,"comment_status":"open","ping_status":"closed","sticky":false,"template":"","format":"standard","meta":{"footnotes":""},"categories":[31],"tags":[],"class_list":["post-35613","post","type-post","status-publish","format-standard","has-post-thumbnail","hentry","category-cabo-frio"],"yoast_head":"<!-- This site is optimized with the Yoast SEO plugin v26.5 - https:\/\/yoast.com\/wordpress\/plugins\/seo\/ -->\n<title>Quer Bolsa Atleta em Cabo Frio Ent\u00e3o prepara o curr\u00edculo que a peneira come\u00e7ou - Rota Rio<\/title>\n<meta name=\"robots\" content=\"index, follow, max-snippet:-1, max-image-preview:large, max-video-preview:-1\" \/>\n<link rel=\"canonical\" href=\"https:\/\/rotario.com.br\/site\/quer-bolsa-atleta-em-cabo-frio-entao-prepara-o-curriculo-que-a-peneira-comecou\/\" \/>\n<meta property=\"og:locale\" content=\"pt_BR\" \/>\n<meta property=\"og:type\" content=\"article\" \/>\n<meta property=\"og:title\" content=\"Quer Bolsa Atleta em Cabo Frio Ent\u00e3o prepara o curr\u00edculo que a peneira come\u00e7ou - Rota Rio\" \/>\n<meta property=\"og:description\" content=\"Os atletas interessados em participar do Programa Bolsa Atleta em Cabo Frio j\u00e1 podem se preparar para o processo seletivo. As inscri\u00e7\u00f5es estar\u00e3o abertas entre os dias 27 de abril e 15 de maio de 2026, com todas as orienta\u00e7\u00f5es dispon\u00edveis no site oficial da iniciativa. Em caso de d\u00favidas, a Secretaria Municipal de Esporte [&hellip;]\" \/>\n<meta property=\"og:url\" content=\"https:\/\/rotario.com.br\/site\/quer-bolsa-atleta-em-cabo-frio-entao-prepara-o-curriculo-que-a-peneira-comecou\/\" \/>\n<meta property=\"og:site_name\" content=\"Rota Rio\" \/>\n<meta property=\"article:published_time\" content=\"2026-04-27T15:13:51+00:00\" \/>\n<meta property=\"article:modified_time\" content=\"2026-04-27T15:14:04+00:00\" \/>\n<meta property=\"og:image\" content=\"https:\/\/rotario.com.br\/site\/wp-content\/uploads\/2026\/04\/WhatsApp-Image-2026-04-27-at-11.42.46.jpeg\" \/>\n\t<meta property=\"og:image:width\" content=\"1012\" \/>\n\t<meta property=\"og:image:height\" content=\"688\" \/>\n\t<meta property=\"og:image:type\" content=\"image\/jpeg\" \/>\n<meta name=\"author\" content=\"Galv\u00e3o\" \/>\n<meta name=\"twitter:card\" content=\"summary_large_image\" \/>\n<meta name=\"twitter:label1\" content=\"Escrito por\" \/>\n\t<meta name=\"twitter:data1\" content=\"Galv\u00e3o\" \/>\n\t<meta name=\"twitter:label2\" content=\"Est. tempo de leitura\" \/>\n\t<meta name=\"twitter:data2\" content=\"2 minutos\" \/>\n<script type=\"application\/ld+json\" class=\"yoast-schema-graph\">{\"@context\":\"https:\/\/schema.org\",\"@graph\":[{\"@type\":\"Article\",\"@id\":\"https:\/\/rotario.com.br\/site\/quer-bolsa-atleta-em-cabo-frio-entao-prepara-o-curriculo-que-a-peneira-comecou\/#article\",\"isPartOf\":{\"@id\":\"https:\/\/rotario.com.br\/site\/quer-bolsa-atleta-em-cabo-frio-entao-prepara-o-curriculo-que-a-peneira-comecou\/\"},\"author\":{\"name\":\"Galv\u00e3o\",\"@id\":\"https:\/\/rotario.com.br\/site\/#\/schema\/person\/fd89bbbf4136f7e8a21e0dd67b8a66c7\"},\"headline\":\"Quer Bolsa Atleta em Cabo Frio Ent\u00e3o prepara o curr\u00edculo que a peneira come\u00e7ou\",\"datePublished\":\"2026-04-27T15:13:51+00:00\",\"dateModified\":\"2026-04-27T15:14:04+00:00\",\"mainEntityOfPage\":{\"@id\":\"https:\/\/rotario.com.br\/site\/quer-bolsa-atleta-em-cabo-frio-entao-prepara-o-curriculo-que-a-peneira-comecou\/\"},\"wordCount\":268,\"commentCount\":0,\"publisher\":{\"@id\":\"https:\/\/rotario.com.br\/site\/#organization\"},\"image\":{\"@id\":\"https:\/\/rotario.com.br\/site\/quer-bolsa-atleta-em-cabo-frio-entao-prepara-o-curriculo-que-a-peneira-comecou\/#primaryimage\"},\"thumbnailUrl\":\"https:\/\/rotario.com.br\/site\/wp-content\/uploads\/2026\/04\/WhatsApp-Image-2026-04-27-at-11.42.46.jpeg\",\"articleSection\":[\"Cabo Frio\"],\"inLanguage\":\"pt-BR\",\"potentialAction\":[{\"@type\":\"CommentAction\",\"name\":\"Comment\",\"target\":[\"https:\/\/rotario.com.br\/site\/quer-bolsa-atleta-em-cabo-frio-entao-prepara-o-curriculo-que-a-peneira-comecou\/#respond\"]}]},{\"@type\":\"WebPage\",\"@id\":\"https:\/\/rotario.com.br\/site\/quer-bolsa-atleta-em-cabo-frio-entao-prepara-o-curriculo-que-a-peneira-comecou\/\",\"url\":\"https:\/\/rotario.com.br\/site\/quer-bolsa-atleta-em-cabo-frio-entao-prepara-o-curriculo-que-a-peneira-comecou\/\",\"name\":\"Quer Bolsa Atleta em Cabo Frio Ent\u00e3o prepara o curr\u00edculo que a peneira come\u00e7ou - Rota Rio\",\"isPartOf\":{\"@id\":\"https:\/\/rotario.com.br\/site\/#website\"},\"primaryImageOfPage\":{\"@id\":\"https:\/\/rotario.com.br\/site\/quer-bolsa-atleta-em-cabo-frio-entao-prepara-o-curriculo-que-a-peneira-comecou\/#primaryimage\"},\"image\":{\"@id\":\"https:\/\/rotario.com.br\/site\/quer-bolsa-atleta-em-cabo-frio-entao-prepara-o-curriculo-que-a-peneira-comecou\/#primaryimage\"},\"thumbnailUrl\":\"https:\/\/rotario.com.br\/site\/wp-content\/uploads\/2026\/04\/WhatsApp-Image-2026-04-27-at-11.42.46.jpeg\",\"datePublished\":\"2026-04-27T15:13:51+00:00\",\"dateModified\":\"2026-04-27T15:14:04+00:00\",\"breadcrumb\":{\"@id\":\"https:\/\/rotario.com.br\/site\/quer-bolsa-atleta-em-cabo-frio-entao-prepara-o-curriculo-que-a-peneira-comecou\/#breadcrumb\"},\"inLanguage\":\"pt-BR\",\"potentialAction\":[{\"@type\":\"ReadAction\",\"target\":[\"https:\/\/rotario.com.br\/site\/quer-bolsa-atleta-em-cabo-frio-entao-prepara-o-curriculo-que-a-peneira-comecou\/\"]}]},{\"@type\":\"ImageObject\",\"inLanguage\":\"pt-BR\",\"@id\":\"https:\/\/rotario.com.br\/site\/quer-bolsa-atleta-em-cabo-frio-entao-prepara-o-curriculo-que-a-peneira-comecou\/#primaryimage\",\"url\":\"https:\/\/rotario.com.br\/site\/wp-content\/uploads\/2026\/04\/WhatsApp-Image-2026-04-27-at-11.42.46.jpeg\",\"contentUrl\":\"https:\/\/rotario.com.br\/site\/wp-content\/uploads\/2026\/04\/WhatsApp-Image-2026-04-27-at-11.42.46.jpeg\",\"width\":1012,\"height\":688},{\"@type\":\"BreadcrumbList\",\"@id\":\"https:\/\/rotario.com.br\/site\/quer-bolsa-atleta-em-cabo-frio-entao-prepara-o-curriculo-que-a-peneira-comecou\/#breadcrumb\",\"itemListElement\":[{\"@type\":\"ListItem\",\"position\":1,\"name\":\"In\u00edcio\",\"item\":\"https:\/\/rotario.com.br\/site\/\"},{\"@type\":\"ListItem\",\"position\":2,\"name\":\"Quer Bolsa Atleta em Cabo Frio Ent\u00e3o prepara o curr\u00edculo que a peneira come\u00e7ou\"}]},{\"@type\":\"WebSite\",\"@id\":\"https:\/\/rotario.com.br\/site\/#website\",\"url\":\"https:\/\/rotario.com.br\/site\/\",\"name\":\"Rota Rio\",\"description\":\"Aqui, o Rio de Janeiro \u00e9 a pauta!\",\"publisher\":{\"@id\":\"https:\/\/rotario.com.br\/site\/#organization\"},\"potentialAction\":[{\"@type\":\"SearchAction\",\"target\":{\"@type\":\"EntryPoint\",\"urlTemplate\":\"https:\/\/rotario.com.br\/site\/?s={search_term_string}\"},\"query-input\":{\"@type\":\"PropertyValueSpecification\",\"valueRequired\":true,\"valueName\":\"search_term_string\"}}],\"inLanguage\":\"pt-BR\"},{\"@type\":\"Organization\",\"@id\":\"https:\/\/rotario.com.br\/site\/#organization\",\"name\":\"Rota Rio\",\"url\":\"https:\/\/rotario.com.br\/site\/\",\"logo\":{\"@type\":\"ImageObject\",\"inLanguage\":\"pt-BR\",\"@id\":\"https:\/\/rotario.com.br\/site\/#\/schema\/logo\/image\/\",\"url\":\"https:\/\/rotario.com.br\/site\/wp-content\/uploads\/2022\/04\/cropped-ROTARIO-LOGO-Prancheta-1-1-2048x654-1.png\",\"contentUrl\":\"https:\/\/rotario.com.br\/site\/wp-content\/uploads\/2022\/04\/cropped-ROTARIO-LOGO-Prancheta-1-1-2048x654-1.png\",\"width\":2048,\"height\":654,\"caption\":\"Rota Rio\"},\"image\":{\"@id\":\"https:\/\/rotario.com.br\/site\/#\/schema\/logo\/image\/\"}},{\"@type\":\"Person\",\"@id\":\"https:\/\/rotario.com.br\/site\/#\/schema\/person\/fd89bbbf4136f7e8a21e0dd67b8a66c7\",\"name\":\"Galv\u00e3o\",\"url\":\"https:\/\/rotario.com.br\/site\/author\/daniel\/\"}]}<\/script>\n<!-- \/ Yoast SEO plugin. -->","yoast_head_json":{"title":"Quer Bolsa Atleta em Cabo Frio Ent\u00e3o prepara o curr\u00edculo que a peneira come\u00e7ou - Rota Rio","robots":{"index":"index","follow":"follow","max-snippet":"max-snippet:-1","max-image-preview":"max-image-preview:large","max-video-preview":"max-video-preview:-1"},"canonical":"https:\/\/rotario.com.br\/site\/quer-bolsa-atleta-em-cabo-frio-entao-prepara-o-curriculo-que-a-peneira-comecou\/","og_locale":"pt_BR","og_type":"article","og_title":"Quer Bolsa Atleta em Cabo Frio Ent\u00e3o prepara o curr\u00edculo que a peneira come\u00e7ou - Rota Rio","og_description":"Os atletas interessados em participar do Programa Bolsa Atleta em Cabo Frio j\u00e1 podem se preparar para o processo seletivo. As inscri\u00e7\u00f5es estar\u00e3o abertas entre os dias 27 de abril e 15 de maio de 2026, com todas as orienta\u00e7\u00f5es dispon\u00edveis no site oficial da iniciativa. Em caso de d\u00favidas, a Secretaria Municipal de Esporte [&hellip;]","og_url":"https:\/\/rotario.com.br\/site\/quer-bolsa-atleta-em-cabo-frio-entao-prepara-o-curriculo-que-a-peneira-comecou\/","og_site_name":"Rota Rio","article_published_time":"2026-04-27T15:13:51+00:00","article_modified_time":"2026-04-27T15:14:04+00:00","og_image":[{"width":1012,"height":688,"url":"https:\/\/rotario.com.br\/site\/wp-content\/uploads\/2026\/04\/WhatsApp-Image-2026-04-27-at-11.42.46.jpeg","type":"image\/jpeg"}],"author":"Galv\u00e3o","twitter_card":"summary_large_image","twitter_misc":{"Escrito por":"Galv\u00e3o","Est. tempo de leitura":"2 minutos"},"schema":{"@context":"https:\/\/schema.org","@graph":[{"@type":"Article","@id":"https:\/\/rotario.com.br\/site\/quer-bolsa-atleta-em-cabo-frio-entao-prepara-o-curriculo-que-a-peneira-comecou\/#article","isPartOf":{"@id":"https:\/\/rotario.com.br\/site\/quer-bolsa-atleta-em-cabo-frio-entao-prepara-o-curriculo-que-a-peneira-comecou\/"},"author":{"name":"Galv\u00e3o","@id":"https:\/\/rotario.com.br\/site\/#\/schema\/person\/fd89bbbf4136f7e8a21e0dd67b8a66c7"},"headline":"Quer Bolsa Atleta em Cabo Frio Ent\u00e3o prepara o curr\u00edculo que a peneira come\u00e7ou","datePublished":"2026-04-27T15:13:51+00:00","dateModified":"2026-04-27T15:14:04+00:00","mainEntityOfPage":{"@id":"https:\/\/rotario.com.br\/site\/quer-bolsa-atleta-em-cabo-frio-entao-prepara-o-curriculo-que-a-peneira-comecou\/"},"wordCount":268,"commentCount":0,"publisher":{"@id":"https:\/\/rotario.com.br\/site\/#organization"},"image":{"@id":"https:\/\/rotario.com.br\/site\/quer-bolsa-atleta-em-cabo-frio-entao-prepara-o-curriculo-que-a-peneira-comecou\/#primaryimage"},"thumbnailUrl":"https:\/\/rotario.com.br\/site\/wp-content\/uploads\/2026\/04\/WhatsApp-Image-2026-04-27-at-11.42.46.jpeg","articleSection":["Cabo Frio"],"inLanguage":"pt-BR","potentialAction":[{"@type":"CommentAction","name":"Comment","target":["https:\/\/rotario.com.br\/site\/quer-bolsa-atleta-em-cabo-frio-entao-prepara-o-curriculo-que-a-peneira-comecou\/#respond"]}]},{"@type":"WebPage","@id":"https:\/\/rotario.com.br\/site\/quer-bolsa-atleta-em-cabo-frio-entao-prepara-o-curriculo-que-a-peneira-comecou\/","url":"https:\/\/rotario.com.br\/site\/quer-bolsa-atleta-em-cabo-frio-entao-prepara-o-curriculo-que-a-peneira-comecou\/","name":"Quer Bolsa Atleta em Cabo Frio Ent\u00e3o prepara o curr\u00edculo que a peneira come\u00e7ou - Rota Rio","isPartOf":{"@id":"https:\/\/rotario.com.br\/site\/#website"},"primaryImageOfPage":{"@id":"https:\/\/rotario.com.br\/site\/quer-bolsa-atleta-em-cabo-frio-entao-prepara-o-curriculo-que-a-peneira-comecou\/#primaryimage"},"image":{"@id":"https:\/\/rotario.com.br\/site\/quer-bolsa-atleta-em-cabo-frio-entao-prepara-o-curriculo-que-a-peneira-comecou\/#primaryimage"},"thumbnailUrl":"https:\/\/rotario.com.br\/site\/wp-content\/uploads\/2026\/04\/WhatsApp-Image-2026-04-27-at-11.42.46.jpeg","datePublished":"2026-04-27T15:13:51+00:00","dateModified":"2026-04-27T15:14:04+00:00","breadcrumb":{"@id":"https:\/\/rotario.com.br\/site\/quer-bolsa-atleta-em-cabo-frio-entao-prepara-o-curriculo-que-a-peneira-comecou\/#breadcrumb"},"inLanguage":"pt-BR","potentialAction":[{"@type":"ReadAction","target":["https:\/\/rotario.com.br\/site\/quer-bolsa-atleta-em-cabo-frio-entao-prepara-o-curriculo-que-a-peneira-comecou\/"]}]},{"@type":"ImageObject","inLanguage":"pt-BR","@id":"https:\/\/rotario.com.br\/site\/quer-bolsa-atleta-em-cabo-frio-entao-prepara-o-curriculo-que-a-peneira-comecou\/#primaryimage","url":"https:\/\/rotario.com.br\/site\/wp-content\/uploads\/2026\/04\/WhatsApp-Image-2026-04-27-at-11.42.46.jpeg","contentUrl":"https:\/\/rotario.com.br\/site\/wp-content\/uploads\/2026\/04\/WhatsApp-Image-2026-04-27-at-11.42.46.jpeg","width":1012,"height":688},{"@type":"BreadcrumbList","@id":"https:\/\/rotario.com.br\/site\/quer-bolsa-atleta-em-cabo-frio-entao-prepara-o-curriculo-que-a-peneira-comecou\/#breadcrumb","itemListElement":[{"@type":"ListItem","position":1,"name":"In\u00edcio","item":"https:\/\/rotario.com.br\/site\/"},{"@type":"ListItem","position":2,"name":"Quer Bolsa Atleta em Cabo Frio Ent\u00e3o prepara o curr\u00edculo que a peneira come\u00e7ou"}]},{"@type":"WebSite","@id":"https:\/\/rotario.com.br\/site\/#website","url":"https:\/\/rotario.com.br\/site\/","name":"Rota Rio","description":"Aqui, o Rio de Janeiro \u00e9 a pauta!","publisher":{"@id":"https:\/\/rotario.com.br\/site\/#organization"},"potentialAction":[{"@type":"SearchAction","target":{"@type":"EntryPoint","urlTemplate":"https:\/\/rotario.com.br\/site\/?s={search_term_string}"},"query-input":{"@type":"PropertyValueSpecification","valueRequired":true,"valueName":"search_term_string"}}],"inLanguage":"pt-BR"},{"@type":"Organization","@id":"https:\/\/rotario.com.br\/site\/#organization","name":"Rota Rio","url":"https:\/\/rotario.com.br\/site\/","logo":{"@type":"ImageObject","inLanguage":"pt-BR","@id":"https:\/\/rotario.com.br\/site\/#\/schema\/logo\/image\/","url":"https:\/\/rotario.com.br\/site\/wp-content\/uploads\/2022\/04\/cropped-ROTARIO-LOGO-Prancheta-1-1-2048x654-1.png","contentUrl":"https:\/\/rotario.com.br\/site\/wp-content\/uploads\/2022\/04\/cropped-ROTARIO-LOGO-Prancheta-1-1-2048x654-1.png","width":2048,"height":654,"caption":"Rota Rio"},"image":{"@id":"https:\/\/rotario.com.br\/site\/#\/schema\/logo\/image\/"}},{"@type":"Person","@id":"https:\/\/rotario.com.br\/site\/#\/schema\/person\/fd89bbbf4136f7e8a21e0dd67b8a66c7","name":"Galv\u00e3o","url":"https:\/\/rotario.com.br\/site\/author\/daniel\/"}]}},"_links":{"self":[{"href":"https:\/\/rotario.com.br\/site\/wp-json\/wp\/v2\/posts\/35613","targetHints":{"allow":["GET"]}}],"collection":[{"href":"https:\/\/rotario.com.br\/site\/wp-json\/wp\/v2\/posts"}],"about":[{"href":"https:\/\/rotario.com.br\/site\/wp-json\/wp\/v2\/types\/post"}],"author":[{"embeddable":true,"href":"https:\/\/rotario.com.br\/site\/wp-json\/wp\/v2\/users\/2"}],"replies":[{"embeddable":true,"href":"https:\/\/rotario.com.br\/site\/wp-json\/wp\/v2\/comments?post=35613"}],"version-history":[{"count":1,"href":"https:\/\/rotario.com.br\/site\/wp-json\/wp\/v2\/posts\/35613\/revisions"}],"predecessor-version":[{"id":35615,"href":"https:\/\/rotario.com.br\/site\/wp-json\/wp\/v2\/posts\/35613\/revisions\/35615"}],"wp:featuredmedia":[{"embeddable":true,"href":"https:\/\/rotario.com.br\/site\/wp-json\/wp\/v2\/media\/35614"}],"wp:attachment":[{"href":"https:\/\/rotario.com.br\/site\/wp-json\/wp\/v2\/media?parent=35613"}],"wp:term":[{"taxonomy":"category","embeddable":true,"href":"https:\/\/rotario.com.br\/site\/wp-json\/wp\/v2\/categories?post=35613"},{"taxonomy":"post_tag","embeddable":true,"href":"https:\/\/rotario.com.br\/site\/wp-json\/wp\/v2\/tags?post=35613"}],"curies":[{"name":"wp","href":"https:\/\/api.w.org\/{rel}","templated":true}]}}