{"id":35636,"date":"2026-04-27T16:44:00","date_gmt":"2026-04-27T19:44:00","guid":{"rendered":"https:\/\/rotario.com.br\/site\/?p=35636"},"modified":"2026-04-27T16:44:08","modified_gmt":"2026-04-27T19:44:08","slug":"camara-de-rio-das-ostras-ja-tem-edital-de-novo-concurso-publico-saiba-mais","status":"publish","type":"post","link":"https:\/\/rotario.com.br\/site\/camara-de-rio-das-ostras-ja-tem-edital-de-novo-concurso-publico-saiba-mais\/","title":{"rendered":"C\u00e2mara de Rio das Ostras j\u00e1 tem edital de novo concurso p\u00fablico; saiba mais"},"content":{"rendered":"\n<p>A C\u00e2mara Municipal de Rio das Ostras anunciou para essa quinta-feira, 30 de abril, a abertura das inscri\u00e7\u00f5es para um novo concurso p\u00fablico, que oferecer\u00e1 19 vagas para contrata\u00e7\u00e3o imediata com sal\u00e1rios que variam entre R$ 2.180,00 e R$ 5.713,00.<\/p>\n\n\n\n<p>No total, o concurso, que teve seu edital lan\u00e7ado na \u00faltima sexta-feira, 24, ter\u00e1 38 vagas, sendo 19 para contrata\u00e7\u00e3o imediata e outras 19 parta forma\u00e7\u00e3o de cadastro de reserva, contemplando candidatos com escolaridade de n\u00edveis m\u00e9dio, t\u00e9cnico e superior, com inscri\u00e7\u00f5es que v\u00e3o de 30 de abril at\u00e9 1\u00ba de junho.<\/p>\n\n\n\n<p>Organizado pelo Instituto A\u00e7\u00e3o, o concurso ter\u00e1 taxas de inscri\u00e7\u00f5es de 95 reais para os 2 cargos de n\u00edvel m\u00e9dio e 1 cargo de n\u00edvel t\u00e9cnico, e de 120 reais para as 3 fun\u00e7\u00f5es de n\u00edvel superior, totalizando 6 cargos.<\/p>\n\n\n\n<p>As vagas s\u00e3o para assistente legislativo (9 imediatas e 10 para cadastro de reserva) e auxiliar de seguran\u00e7a legislativa (4 e 4), que exigem n\u00edvel m\u00e9dio completo; e para t\u00e9cnico de inform\u00e1tica (1 e 1), que exige forma\u00e7\u00e3o t\u00e9cnica.<\/p>\n\n\n\n<p>J\u00e1 as vagas para os cargos de n\u00edvel superior s\u00e3o para consultor legislativo (3 e 2), que exige bacharelado em Direito, para procurador legislativo (1 e 1), que exige bacharelado em Direito e inscri\u00e7\u00e3o na Ordem dos Advogados do Brasil (OAB), e para contador legislativo (1 e 1), que exige bacharelado em Ci\u00eancias Cont\u00e1beis e inscri\u00e7\u00e3o no Conselho Regional de Contabilidade (CRC).<\/p>\n\n\n\n<p>J\u00e1 os sal\u00e1rios s\u00e3o de R$ 2.180,00 para assistente legislativo, de R$ 2.300,00 para auxiliar de seguran\u00e7a legislativa, de R$ 2.333,00 para t\u00e9cnico em inform\u00e1tica, de R$ 2.800,00 para consultor legislativo, e de R$ 5.713 para procurador legislativo e para contador legislativo.<\/p>\n\n\n\n<p>Previstas para o pr\u00f3ximo dia 2 de agosto, as provas contar\u00e3o com quest\u00f5es de m\u00faltipla escolha sobre l\u00edngua portuguesa (10), matem\u00e1tica (10), inform\u00e1tica (10), Lei Org\u00e2nica do Munic\u00edpio (5), e Regimento Interno da C\u00e2mara (5).<\/p>\n\n\n\n<p>Nos casos dos cargos de n\u00edvel t\u00e9cnico e n\u00edvel superior, as provas ter\u00e3o ainda quest\u00f5es de conhecimentos espec\u00edficos, variando de 10 para t\u00e9cnico de inform\u00e1tica, e 15 para os 3 cargos de n\u00edvel superior, que tamb\u00e9m ter\u00e3o prova de t\u00edtulos, de car\u00e1ter classificat\u00f3rio.<\/p>\n\n\n\n<p>A carga de trabalho ser\u00e1 de 40 horas semanais, com os aprovados e classificados no concurso sendo contratados pelo regime estatut\u00e1rio, que assegura estabilidade no emprego. O resultado final est\u00e1 previsto para o pr\u00f3ximo dia 30 de outubro.<\/p>\n","protected":false},"excerpt":{"rendered":"<p>A C\u00e2mara Municipal de Rio das Ostras anunciou para essa quinta-feira, 30 de abril, a abertura das inscri\u00e7\u00f5es para um novo concurso p\u00fablico, que oferecer\u00e1 19 vagas para contrata\u00e7\u00e3o imediata com sal\u00e1rios que variam entre R$ 2.180,00 e R$ 5.713,00. No total, o concurso, que teve seu edital lan\u00e7ado na \u00faltima sexta-feira, 24, ter\u00e1 38 [&hellip;]<\/p>\n","protected":false},"author":2,"featured_media":35637,"comment_status":"open","ping_status":"closed","sticky":false,"template":"","format":"standard","meta":{"footnotes":""},"categories":[122,32],"tags":[2774],"class_list":["post-35636","post","type-post","status-publish","format-standard","has-post-thumbnail","hentry","category-rio-das-ostras-costa-do-sol","category-rio-das-ostras","tag-concurso-publico-da-camara-de-rio-das-ostras"],"yoast_head":"<!-- This site is optimized with the Yoast SEO plugin v26.5 - https:\/\/yoast.com\/wordpress\/plugins\/seo\/ -->\n<title>C\u00e2mara de Rio das Ostras j\u00e1 tem edital de novo concurso p\u00fablico; saiba mais - Rota Rio<\/title>\n<meta name=\"robots\" content=\"index, follow, max-snippet:-1, max-image-preview:large, max-video-preview:-1\" \/>\n<link rel=\"canonical\" href=\"https:\/\/rotario.com.br\/site\/camara-de-rio-das-ostras-ja-tem-edital-de-novo-concurso-publico-saiba-mais\/\" \/>\n<meta property=\"og:locale\" content=\"pt_BR\" \/>\n<meta property=\"og:type\" content=\"article\" \/>\n<meta property=\"og:title\" content=\"C\u00e2mara de Rio das Ostras j\u00e1 tem edital de novo concurso p\u00fablico; saiba mais - Rota Rio\" \/>\n<meta property=\"og:description\" content=\"A C\u00e2mara Municipal de Rio das Ostras anunciou para essa quinta-feira, 30 de abril, a abertura das inscri\u00e7\u00f5es para um novo concurso p\u00fablico, que oferecer\u00e1 19 vagas para contrata\u00e7\u00e3o imediata com sal\u00e1rios que variam entre R$ 2.180,00 e R$ 5.713,00. No total, o concurso, que teve seu edital lan\u00e7ado na \u00faltima sexta-feira, 24, ter\u00e1 38 [&hellip;]\" \/>\n<meta property=\"og:url\" content=\"https:\/\/rotario.com.br\/site\/camara-de-rio-das-ostras-ja-tem-edital-de-novo-concurso-publico-saiba-mais\/\" \/>\n<meta property=\"og:site_name\" content=\"Rota Rio\" \/>\n<meta property=\"article:published_time\" content=\"2026-04-27T19:44:00+00:00\" \/>\n<meta property=\"article:modified_time\" content=\"2026-04-27T19:44:08+00:00\" \/>\n<meta property=\"og:image\" content=\"https:\/\/rotario.com.br\/site\/wp-content\/uploads\/2026\/04\/WhatsApp-Image-2026-04-27-at-16.15.24.jpeg\" \/>\n\t<meta property=\"og:image:width\" content=\"800\" \/>\n\t<meta property=\"og:image:height\" content=\"600\" \/>\n\t<meta property=\"og:image:type\" content=\"image\/jpeg\" \/>\n<meta name=\"author\" content=\"Galv\u00e3o\" \/>\n<meta name=\"twitter:card\" content=\"summary_large_image\" \/>\n<meta name=\"twitter:label1\" content=\"Escrito por\" \/>\n\t<meta name=\"twitter:data1\" content=\"Galv\u00e3o\" \/>\n\t<meta name=\"twitter:label2\" content=\"Est. tempo de leitura\" \/>\n\t<meta name=\"twitter:data2\" content=\"3 minutos\" \/>\n<script type=\"application\/ld+json\" class=\"yoast-schema-graph\">{\"@context\":\"https:\/\/schema.org\",\"@graph\":[{\"@type\":\"Article\",\"@id\":\"https:\/\/rotario.com.br\/site\/camara-de-rio-das-ostras-ja-tem-edital-de-novo-concurso-publico-saiba-mais\/#article\",\"isPartOf\":{\"@id\":\"https:\/\/rotario.com.br\/site\/camara-de-rio-das-ostras-ja-tem-edital-de-novo-concurso-publico-saiba-mais\/\"},\"author\":{\"name\":\"Galv\u00e3o\",\"@id\":\"https:\/\/rotario.com.br\/site\/#\/schema\/person\/fd89bbbf4136f7e8a21e0dd67b8a66c7\"},\"headline\":\"C\u00e2mara de Rio das Ostras j\u00e1 tem edital de novo concurso p\u00fablico; saiba mais\",\"datePublished\":\"2026-04-27T19:44:00+00:00\",\"dateModified\":\"2026-04-27T19:44:08+00:00\",\"mainEntityOfPage\":{\"@id\":\"https:\/\/rotario.com.br\/site\/camara-de-rio-das-ostras-ja-tem-edital-de-novo-concurso-publico-saiba-mais\/\"},\"wordCount\":429,\"commentCount\":0,\"publisher\":{\"@id\":\"https:\/\/rotario.com.br\/site\/#organization\"},\"image\":{\"@id\":\"https:\/\/rotario.com.br\/site\/camara-de-rio-das-ostras-ja-tem-edital-de-novo-concurso-publico-saiba-mais\/#primaryimage\"},\"thumbnailUrl\":\"https:\/\/rotario.com.br\/site\/wp-content\/uploads\/2026\/04\/WhatsApp-Image-2026-04-27-at-16.15.24.jpeg\",\"keywords\":[\"Concurso p\u00fablico da C\u00e2mara de Rio das Ostras\"],\"articleSection\":[\"Rio das Ostras\",\"Rio das Ostras\"],\"inLanguage\":\"pt-BR\",\"potentialAction\":[{\"@type\":\"CommentAction\",\"name\":\"Comment\",\"target\":[\"https:\/\/rotario.com.br\/site\/camara-de-rio-das-ostras-ja-tem-edital-de-novo-concurso-publico-saiba-mais\/#respond\"]}]},{\"@type\":\"WebPage\",\"@id\":\"https:\/\/rotario.com.br\/site\/camara-de-rio-das-ostras-ja-tem-edital-de-novo-concurso-publico-saiba-mais\/\",\"url\":\"https:\/\/rotario.com.br\/site\/camara-de-rio-das-ostras-ja-tem-edital-de-novo-concurso-publico-saiba-mais\/\",\"name\":\"C\u00e2mara de Rio das Ostras j\u00e1 tem edital de novo concurso p\u00fablico; saiba mais - Rota Rio\",\"isPartOf\":{\"@id\":\"https:\/\/rotario.com.br\/site\/#website\"},\"primaryImageOfPage\":{\"@id\":\"https:\/\/rotario.com.br\/site\/camara-de-rio-das-ostras-ja-tem-edital-de-novo-concurso-publico-saiba-mais\/#primaryimage\"},\"image\":{\"@id\":\"https:\/\/rotario.com.br\/site\/camara-de-rio-das-ostras-ja-tem-edital-de-novo-concurso-publico-saiba-mais\/#primaryimage\"},\"thumbnailUrl\":\"https:\/\/rotario.com.br\/site\/wp-content\/uploads\/2026\/04\/WhatsApp-Image-2026-04-27-at-16.15.24.jpeg\",\"datePublished\":\"2026-04-27T19:44:00+00:00\",\"dateModified\":\"2026-04-27T19:44:08+00:00\",\"breadcrumb\":{\"@id\":\"https:\/\/rotario.com.br\/site\/camara-de-rio-das-ostras-ja-tem-edital-de-novo-concurso-publico-saiba-mais\/#breadcrumb\"},\"inLanguage\":\"pt-BR\",\"potentialAction\":[{\"@type\":\"ReadAction\",\"target\":[\"https:\/\/rotario.com.br\/site\/camara-de-rio-das-ostras-ja-tem-edital-de-novo-concurso-publico-saiba-mais\/\"]}]},{\"@type\":\"ImageObject\",\"inLanguage\":\"pt-BR\",\"@id\":\"https:\/\/rotario.com.br\/site\/camara-de-rio-das-ostras-ja-tem-edital-de-novo-concurso-publico-saiba-mais\/#primaryimage\",\"url\":\"https:\/\/rotario.com.br\/site\/wp-content\/uploads\/2026\/04\/WhatsApp-Image-2026-04-27-at-16.15.24.jpeg\",\"contentUrl\":\"https:\/\/rotario.com.br\/site\/wp-content\/uploads\/2026\/04\/WhatsApp-Image-2026-04-27-at-16.15.24.jpeg\",\"width\":800,\"height\":600},{\"@type\":\"BreadcrumbList\",\"@id\":\"https:\/\/rotario.com.br\/site\/camara-de-rio-das-ostras-ja-tem-edital-de-novo-concurso-publico-saiba-mais\/#breadcrumb\",\"itemListElement\":[{\"@type\":\"ListItem\",\"position\":1,\"name\":\"In\u00edcio\",\"item\":\"https:\/\/rotario.com.br\/site\/\"},{\"@type\":\"ListItem\",\"position\":2,\"name\":\"C\u00e2mara de Rio das Ostras j\u00e1 tem edital de novo concurso p\u00fablico; saiba mais\"}]},{\"@type\":\"WebSite\",\"@id\":\"https:\/\/rotario.com.br\/site\/#website\",\"url\":\"https:\/\/rotario.com.br\/site\/\",\"name\":\"Rota Rio\",\"description\":\"Aqui, o Rio de Janeiro \u00e9 a pauta!\",\"publisher\":{\"@id\":\"https:\/\/rotario.com.br\/site\/#organization\"},\"potentialAction\":[{\"@type\":\"SearchAction\",\"target\":{\"@type\":\"EntryPoint\",\"urlTemplate\":\"https:\/\/rotario.com.br\/site\/?s={search_term_string}\"},\"query-input\":{\"@type\":\"PropertyValueSpecification\",\"valueRequired\":true,\"valueName\":\"search_term_string\"}}],\"inLanguage\":\"pt-BR\"},{\"@type\":\"Organization\",\"@id\":\"https:\/\/rotario.com.br\/site\/#organization\",\"name\":\"Rota Rio\",\"url\":\"https:\/\/rotario.com.br\/site\/\",\"logo\":{\"@type\":\"ImageObject\",\"inLanguage\":\"pt-BR\",\"@id\":\"https:\/\/rotario.com.br\/site\/#\/schema\/logo\/image\/\",\"url\":\"https:\/\/rotario.com.br\/site\/wp-content\/uploads\/2022\/04\/cropped-ROTARIO-LOGO-Prancheta-1-1-2048x654-1.png\",\"contentUrl\":\"https:\/\/rotario.com.br\/site\/wp-content\/uploads\/2022\/04\/cropped-ROTARIO-LOGO-Prancheta-1-1-2048x654-1.png\",\"width\":2048,\"height\":654,\"caption\":\"Rota Rio\"},\"image\":{\"@id\":\"https:\/\/rotario.com.br\/site\/#\/schema\/logo\/image\/\"}},{\"@type\":\"Person\",\"@id\":\"https:\/\/rotario.com.br\/site\/#\/schema\/person\/fd89bbbf4136f7e8a21e0dd67b8a66c7\",\"name\":\"Galv\u00e3o\",\"url\":\"https:\/\/rotario.com.br\/site\/author\/daniel\/\"}]}<\/script>\n<!-- \/ Yoast SEO plugin. -->","yoast_head_json":{"title":"C\u00e2mara de Rio das Ostras j\u00e1 tem edital de novo concurso p\u00fablico; saiba mais - Rota Rio","robots":{"index":"index","follow":"follow","max-snippet":"max-snippet:-1","max-image-preview":"max-image-preview:large","max-video-preview":"max-video-preview:-1"},"canonical":"https:\/\/rotario.com.br\/site\/camara-de-rio-das-ostras-ja-tem-edital-de-novo-concurso-publico-saiba-mais\/","og_locale":"pt_BR","og_type":"article","og_title":"C\u00e2mara de Rio das Ostras j\u00e1 tem edital de novo concurso p\u00fablico; saiba mais - Rota Rio","og_description":"A C\u00e2mara Municipal de Rio das Ostras anunciou para essa quinta-feira, 30 de abril, a abertura das inscri\u00e7\u00f5es para um novo concurso p\u00fablico, que oferecer\u00e1 19 vagas para contrata\u00e7\u00e3o imediata com sal\u00e1rios que variam entre R$ 2.180,00 e R$ 5.713,00. No total, o concurso, que teve seu edital lan\u00e7ado na \u00faltima sexta-feira, 24, ter\u00e1 38 [&hellip;]","og_url":"https:\/\/rotario.com.br\/site\/camara-de-rio-das-ostras-ja-tem-edital-de-novo-concurso-publico-saiba-mais\/","og_site_name":"Rota Rio","article_published_time":"2026-04-27T19:44:00+00:00","article_modified_time":"2026-04-27T19:44:08+00:00","og_image":[{"width":800,"height":600,"url":"https:\/\/rotario.com.br\/site\/wp-content\/uploads\/2026\/04\/WhatsApp-Image-2026-04-27-at-16.15.24.jpeg","type":"image\/jpeg"}],"author":"Galv\u00e3o","twitter_card":"summary_large_image","twitter_misc":{"Escrito por":"Galv\u00e3o","Est. tempo de leitura":"3 minutos"},"schema":{"@context":"https:\/\/schema.org","@graph":[{"@type":"Article","@id":"https:\/\/rotario.com.br\/site\/camara-de-rio-das-ostras-ja-tem-edital-de-novo-concurso-publico-saiba-mais\/#article","isPartOf":{"@id":"https:\/\/rotario.com.br\/site\/camara-de-rio-das-ostras-ja-tem-edital-de-novo-concurso-publico-saiba-mais\/"},"author":{"name":"Galv\u00e3o","@id":"https:\/\/rotario.com.br\/site\/#\/schema\/person\/fd89bbbf4136f7e8a21e0dd67b8a66c7"},"headline":"C\u00e2mara de Rio das Ostras j\u00e1 tem edital de novo concurso p\u00fablico; saiba mais","datePublished":"2026-04-27T19:44:00+00:00","dateModified":"2026-04-27T19:44:08+00:00","mainEntityOfPage":{"@id":"https:\/\/rotario.com.br\/site\/camara-de-rio-das-ostras-ja-tem-edital-de-novo-concurso-publico-saiba-mais\/"},"wordCount":429,"commentCount":0,"publisher":{"@id":"https:\/\/rotario.com.br\/site\/#organization"},"image":{"@id":"https:\/\/rotario.com.br\/site\/camara-de-rio-das-ostras-ja-tem-edital-de-novo-concurso-publico-saiba-mais\/#primaryimage"},"thumbnailUrl":"https:\/\/rotario.com.br\/site\/wp-content\/uploads\/2026\/04\/WhatsApp-Image-2026-04-27-at-16.15.24.jpeg","keywords":["Concurso p\u00fablico da C\u00e2mara de Rio das Ostras"],"articleSection":["Rio das Ostras","Rio das Ostras"],"inLanguage":"pt-BR","potentialAction":[{"@type":"CommentAction","name":"Comment","target":["https:\/\/rotario.com.br\/site\/camara-de-rio-das-ostras-ja-tem-edital-de-novo-concurso-publico-saiba-mais\/#respond"]}]},{"@type":"WebPage","@id":"https:\/\/rotario.com.br\/site\/camara-de-rio-das-ostras-ja-tem-edital-de-novo-concurso-publico-saiba-mais\/","url":"https:\/\/rotario.com.br\/site\/camara-de-rio-das-ostras-ja-tem-edital-de-novo-concurso-publico-saiba-mais\/","name":"C\u00e2mara de Rio das Ostras j\u00e1 tem edital de novo concurso p\u00fablico; saiba mais - Rota Rio","isPartOf":{"@id":"https:\/\/rotario.com.br\/site\/#website"},"primaryImageOfPage":{"@id":"https:\/\/rotario.com.br\/site\/camara-de-rio-das-ostras-ja-tem-edital-de-novo-concurso-publico-saiba-mais\/#primaryimage"},"image":{"@id":"https:\/\/rotario.com.br\/site\/camara-de-rio-das-ostras-ja-tem-edital-de-novo-concurso-publico-saiba-mais\/#primaryimage"},"thumbnailUrl":"https:\/\/rotario.com.br\/site\/wp-content\/uploads\/2026\/04\/WhatsApp-Image-2026-04-27-at-16.15.24.jpeg","datePublished":"2026-04-27T19:44:00+00:00","dateModified":"2026-04-27T19:44:08+00:00","breadcrumb":{"@id":"https:\/\/rotario.com.br\/site\/camara-de-rio-das-ostras-ja-tem-edital-de-novo-concurso-publico-saiba-mais\/#breadcrumb"},"inLanguage":"pt-BR","potentialAction":[{"@type":"ReadAction","target":["https:\/\/rotario.com.br\/site\/camara-de-rio-das-ostras-ja-tem-edital-de-novo-concurso-publico-saiba-mais\/"]}]},{"@type":"ImageObject","inLanguage":"pt-BR","@id":"https:\/\/rotario.com.br\/site\/camara-de-rio-das-ostras-ja-tem-edital-de-novo-concurso-publico-saiba-mais\/#primaryimage","url":"https:\/\/rotario.com.br\/site\/wp-content\/uploads\/2026\/04\/WhatsApp-Image-2026-04-27-at-16.15.24.jpeg","contentUrl":"https:\/\/rotario.com.br\/site\/wp-content\/uploads\/2026\/04\/WhatsApp-Image-2026-04-27-at-16.15.24.jpeg","width":800,"height":600},{"@type":"BreadcrumbList","@id":"https:\/\/rotario.com.br\/site\/camara-de-rio-das-ostras-ja-tem-edital-de-novo-concurso-publico-saiba-mais\/#breadcrumb","itemListElement":[{"@type":"ListItem","position":1,"name":"In\u00edcio","item":"https:\/\/rotario.com.br\/site\/"},{"@type":"ListItem","position":2,"name":"C\u00e2mara de Rio das Ostras j\u00e1 tem edital de novo concurso p\u00fablico; saiba mais"}]},{"@type":"WebSite","@id":"https:\/\/rotario.com.br\/site\/#website","url":"https:\/\/rotario.com.br\/site\/","name":"Rota Rio","description":"Aqui, o Rio de Janeiro \u00e9 a pauta!","publisher":{"@id":"https:\/\/rotario.com.br\/site\/#organization"},"potentialAction":[{"@type":"SearchAction","target":{"@type":"EntryPoint","urlTemplate":"https:\/\/rotario.com.br\/site\/?s={search_term_string}"},"query-input":{"@type":"PropertyValueSpecification","valueRequired":true,"valueName":"search_term_string"}}],"inLanguage":"pt-BR"},{"@type":"Organization","@id":"https:\/\/rotario.com.br\/site\/#organization","name":"Rota Rio","url":"https:\/\/rotario.com.br\/site\/","logo":{"@type":"ImageObject","inLanguage":"pt-BR","@id":"https:\/\/rotario.com.br\/site\/#\/schema\/logo\/image\/","url":"https:\/\/rotario.com.br\/site\/wp-content\/uploads\/2022\/04\/cropped-ROTARIO-LOGO-Prancheta-1-1-2048x654-1.png","contentUrl":"https:\/\/rotario.com.br\/site\/wp-content\/uploads\/2022\/04\/cropped-ROTARIO-LOGO-Prancheta-1-1-2048x654-1.png","width":2048,"height":654,"caption":"Rota Rio"},"image":{"@id":"https:\/\/rotario.com.br\/site\/#\/schema\/logo\/image\/"}},{"@type":"Person","@id":"https:\/\/rotario.com.br\/site\/#\/schema\/person\/fd89bbbf4136f7e8a21e0dd67b8a66c7","name":"Galv\u00e3o","url":"https:\/\/rotario.com.br\/site\/author\/daniel\/"}]}},"_links":{"self":[{"href":"https:\/\/rotario.com.br\/site\/wp-json\/wp\/v2\/posts\/35636","targetHints":{"allow":["GET"]}}],"collection":[{"href":"https:\/\/rotario.com.br\/site\/wp-json\/wp\/v2\/posts"}],"about":[{"href":"https:\/\/rotario.com.br\/site\/wp-json\/wp\/v2\/types\/post"}],"author":[{"embeddable":true,"href":"https:\/\/rotario.com.br\/site\/wp-json\/wp\/v2\/users\/2"}],"replies":[{"embeddable":true,"href":"https:\/\/rotario.com.br\/site\/wp-json\/wp\/v2\/comments?post=35636"}],"version-history":[{"count":1,"href":"https:\/\/rotario.com.br\/site\/wp-json\/wp\/v2\/posts\/35636\/revisions"}],"predecessor-version":[{"id":35638,"href":"https:\/\/rotario.com.br\/site\/wp-json\/wp\/v2\/posts\/35636\/revisions\/35638"}],"wp:featuredmedia":[{"embeddable":true,"href":"https:\/\/rotario.com.br\/site\/wp-json\/wp\/v2\/media\/35637"}],"wp:attachment":[{"href":"https:\/\/rotario.com.br\/site\/wp-json\/wp\/v2\/media?parent=35636"}],"wp:term":[{"taxonomy":"category","embeddable":true,"href":"https:\/\/rotario.com.br\/site\/wp-json\/wp\/v2\/categories?post=35636"},{"taxonomy":"post_tag","embeddable":true,"href":"https:\/\/rotario.com.br\/site\/wp-json\/wp\/v2\/tags?post=35636"}],"curies":[{"name":"wp","href":"https:\/\/api.w.org\/{rel}","templated":true}]}}