{"id":35647,"date":"2026-04-28T13:31:52","date_gmt":"2026-04-28T16:31:52","guid":{"rendered":"https:\/\/rotario.com.br\/site\/?p=35647"},"modified":"2026-04-28T13:31:56","modified_gmt":"2026-04-28T16:31:56","slug":"marica-e-derrotado-no-interior-paulista-e-cai-para-3o-no-grupo-do-brasileirao-serie-d","status":"publish","type":"post","link":"https:\/\/rotario.com.br\/site\/marica-e-derrotado-no-interior-paulista-e-cai-para-3o-no-grupo-do-brasileirao-serie-d\/","title":{"rendered":"Maric\u00e1 \u00e9 derrotado no interior paulista e cai para 3\u00ba no grupo do Brasileir\u00e3o S\u00e9rie D"},"content":{"rendered":"\n<p>Em partida disputada nesse fim de semana, no Est\u00e1dio Bar\u00e3o da Serra Negra, em Piracicaba, no interior paulista, o XV de Piracicaba venceu o Maric\u00e1 por 1 a 0 e assumiu a lideran\u00e7a do Grupo A14 do Brasileir\u00e3o da S\u00e9rie D.<\/p>\n\n\n\n<p>Com o gol marcado por Henry aos 35 minutos do 2\u00ba tempo, Nh\u00f4 Quim, como \u00e9 conhecido o time da casa, chegou a 8 pontos e tomou a lideran\u00e7a da chave do Tsunami, como \u00e9 conhecido o time da Regi\u00e3o Metropolitana do Rio, que permaneceu com 7.<\/p>\n\n\n\n<p>Pressionado pelos mandantes desde o in\u00edcio da partida, o Maric\u00e1 tentava escapar nos contra-ataques, chegando com perigo, mas esbarrando principalmente no goleiro Victor Goles, que salvou o Nh\u00f4 Quim na melhor chance do 1\u00ba tempo, ao 35 da etapa inicial, ap\u00f3s chute de Alex Azeredo.<\/p>\n\n\n\n<p>No 2\u00ba tempo, o XV continuou pressionando e perdendo chances, enquanto o Tsunami tentava estocadas em contragolpes, mas o placar teimava em permanecer inalterado, e assim foi at\u00e9 os \u00faltimos minutos do jogo.<\/p>\n\n\n\n<p>O gol paulista nasceu j\u00e1 na reta final, aos 35 minutos, quando J\u00fanior Cai\u00e7ara participou de boa trama na direita e cruzou, David Ribeiro tentou finalizar, mas acabou travado pela defesa, e na sobra, Henry se antecipou \u00e0 marca\u00e7\u00e3o e garantiu a vit\u00f3ria.<\/p>\n\n\n\n<p>O Maric\u00e1 ainda tentou reagir com Caf\u00e9, aos 40 minutos, mas j\u00e1 era tarde, e o time da casa s\u00f3 n\u00e3o ampliou pela falta de pontaria de Gustavo Hebling e do pr\u00f3prio Henry, que desperdi\u00e7aram boas oportunidades nos minutos finais.<\/p>\n\n\n\n<p>Com o resultado, o Tsunami caiu para a 3\u00aa posi\u00e7\u00e3o na tabela, sendo ultrapassado pelo Velo Clube (SP), que venceu o Noroeste (SP) por 1 a 0, e agora v\u00ea a aproxima\u00e7\u00e3o do Sampaio Corr\u00eaa, de Saquarema, que bateu o Nova Igua\u00e7u, tamb\u00e9m por 1 a 0, e fecha a zona de classifica\u00e7\u00e3o para a pr\u00f3xima fase.<\/p>\n\n\n\n<p>Com 6 times disputando o grupo em partidas de ida e volta, a competi\u00e7\u00e3o chegar\u00e1 agora \u00e0 metade do turno, quando os times se enfrentam pela 5\u00aa rodada no pr\u00f3ximo s\u00e1bado, 2 de maio, quando o Maric\u00e1 visita outra cidade do interior paulista, Bauru, onde encara o Noroeste, pen\u00faltimo na tabela, com 2 pontos.<\/p>\n\n\n\n<p>J\u00e1 o XV de Piracicaba vai \u00e0 Regi\u00e3o dos Lagos enfrentar o Sampaio Corr\u00eaa, 4\u00ba colocado, tamb\u00e9m com 7 pontos, no Est\u00e1dio Lourival Gomes, o Lourivald\u00e3o, em Saquarema. Apenas 4 equipes se classificam para a pr\u00f3xima fase da competi\u00e7\u00e3o.<\/p>\n","protected":false},"excerpt":{"rendered":"<p>Em partida disputada nesse fim de semana, no Est\u00e1dio Bar\u00e3o da Serra Negra, em Piracicaba, no interior paulista, o XV de Piracicaba venceu o Maric\u00e1 por 1 a 0 e assumiu a lideran\u00e7a do Grupo A14 do Brasileir\u00e3o da S\u00e9rie D. Com o gol marcado por Henry aos 35 minutos do 2\u00ba tempo, Nh\u00f4 Quim, [&hellip;]<\/p>\n","protected":false},"author":2,"featured_media":35648,"comment_status":"open","ping_status":"closed","sticky":false,"template":"","format":"standard","meta":{"footnotes":""},"categories":[120],"tags":[],"class_list":["post-35647","post","type-post","status-publish","format-standard","has-post-thumbnail","hentry","category-marica-costa-do-sol"],"yoast_head":"<!-- This site is optimized with the Yoast SEO plugin v26.5 - https:\/\/yoast.com\/wordpress\/plugins\/seo\/ -->\n<title>Maric\u00e1 \u00e9 derrotado no interior paulista e cai para 3\u00ba no grupo do Brasileir\u00e3o S\u00e9rie D - Rota Rio<\/title>\n<meta name=\"robots\" content=\"index, follow, max-snippet:-1, max-image-preview:large, max-video-preview:-1\" \/>\n<link rel=\"canonical\" href=\"https:\/\/rotario.com.br\/site\/marica-e-derrotado-no-interior-paulista-e-cai-para-3o-no-grupo-do-brasileirao-serie-d\/\" \/>\n<meta property=\"og:locale\" content=\"pt_BR\" \/>\n<meta property=\"og:type\" content=\"article\" \/>\n<meta property=\"og:title\" content=\"Maric\u00e1 \u00e9 derrotado no interior paulista e cai para 3\u00ba no grupo do Brasileir\u00e3o S\u00e9rie D - Rota Rio\" \/>\n<meta property=\"og:description\" content=\"Em partida disputada nesse fim de semana, no Est\u00e1dio Bar\u00e3o da Serra Negra, em Piracicaba, no interior paulista, o XV de Piracicaba venceu o Maric\u00e1 por 1 a 0 e assumiu a lideran\u00e7a do Grupo A14 do Brasileir\u00e3o da S\u00e9rie D. Com o gol marcado por Henry aos 35 minutos do 2\u00ba tempo, Nh\u00f4 Quim, [&hellip;]\" \/>\n<meta property=\"og:url\" content=\"https:\/\/rotario.com.br\/site\/marica-e-derrotado-no-interior-paulista-e-cai-para-3o-no-grupo-do-brasileirao-serie-d\/\" \/>\n<meta property=\"og:site_name\" content=\"Rota Rio\" \/>\n<meta property=\"article:published_time\" content=\"2026-04-28T16:31:52+00:00\" \/>\n<meta property=\"article:modified_time\" content=\"2026-04-28T16:31:56+00:00\" \/>\n<meta property=\"og:image\" content=\"https:\/\/rotario.com.br\/site\/wp-content\/uploads\/2026\/04\/01-3-NMari.jpg\" \/>\n\t<meta property=\"og:image:width\" content=\"800\" \/>\n\t<meta property=\"og:image:height\" content=\"600\" \/>\n\t<meta property=\"og:image:type\" content=\"image\/jpeg\" \/>\n<meta name=\"author\" content=\"Galv\u00e3o\" \/>\n<meta name=\"twitter:card\" content=\"summary_large_image\" \/>\n<meta name=\"twitter:label1\" content=\"Escrito por\" \/>\n\t<meta name=\"twitter:data1\" content=\"Galv\u00e3o\" \/>\n\t<meta name=\"twitter:label2\" content=\"Est. tempo de leitura\" \/>\n\t<meta name=\"twitter:data2\" content=\"3 minutos\" \/>\n<script type=\"application\/ld+json\" class=\"yoast-schema-graph\">{\"@context\":\"https:\/\/schema.org\",\"@graph\":[{\"@type\":\"Article\",\"@id\":\"https:\/\/rotario.com.br\/site\/marica-e-derrotado-no-interior-paulista-e-cai-para-3o-no-grupo-do-brasileirao-serie-d\/#article\",\"isPartOf\":{\"@id\":\"https:\/\/rotario.com.br\/site\/marica-e-derrotado-no-interior-paulista-e-cai-para-3o-no-grupo-do-brasileirao-serie-d\/\"},\"author\":{\"name\":\"Galv\u00e3o\",\"@id\":\"https:\/\/rotario.com.br\/site\/#\/schema\/person\/fd89bbbf4136f7e8a21e0dd67b8a66c7\"},\"headline\":\"Maric\u00e1 \u00e9 derrotado no interior paulista e cai para 3\u00ba no grupo do Brasileir\u00e3o S\u00e9rie D\",\"datePublished\":\"2026-04-28T16:31:52+00:00\",\"dateModified\":\"2026-04-28T16:31:56+00:00\",\"mainEntityOfPage\":{\"@id\":\"https:\/\/rotario.com.br\/site\/marica-e-derrotado-no-interior-paulista-e-cai-para-3o-no-grupo-do-brasileirao-serie-d\/\"},\"wordCount\":421,\"commentCount\":0,\"publisher\":{\"@id\":\"https:\/\/rotario.com.br\/site\/#organization\"},\"image\":{\"@id\":\"https:\/\/rotario.com.br\/site\/marica-e-derrotado-no-interior-paulista-e-cai-para-3o-no-grupo-do-brasileirao-serie-d\/#primaryimage\"},\"thumbnailUrl\":\"https:\/\/rotario.com.br\/site\/wp-content\/uploads\/2026\/04\/01-3-NMari.jpg\",\"articleSection\":[\"Maric\u00e1\"],\"inLanguage\":\"pt-BR\",\"potentialAction\":[{\"@type\":\"CommentAction\",\"name\":\"Comment\",\"target\":[\"https:\/\/rotario.com.br\/site\/marica-e-derrotado-no-interior-paulista-e-cai-para-3o-no-grupo-do-brasileirao-serie-d\/#respond\"]}]},{\"@type\":\"WebPage\",\"@id\":\"https:\/\/rotario.com.br\/site\/marica-e-derrotado-no-interior-paulista-e-cai-para-3o-no-grupo-do-brasileirao-serie-d\/\",\"url\":\"https:\/\/rotario.com.br\/site\/marica-e-derrotado-no-interior-paulista-e-cai-para-3o-no-grupo-do-brasileirao-serie-d\/\",\"name\":\"Maric\u00e1 \u00e9 derrotado no interior paulista e cai para 3\u00ba no grupo do Brasileir\u00e3o S\u00e9rie D - Rota Rio\",\"isPartOf\":{\"@id\":\"https:\/\/rotario.com.br\/site\/#website\"},\"primaryImageOfPage\":{\"@id\":\"https:\/\/rotario.com.br\/site\/marica-e-derrotado-no-interior-paulista-e-cai-para-3o-no-grupo-do-brasileirao-serie-d\/#primaryimage\"},\"image\":{\"@id\":\"https:\/\/rotario.com.br\/site\/marica-e-derrotado-no-interior-paulista-e-cai-para-3o-no-grupo-do-brasileirao-serie-d\/#primaryimage\"},\"thumbnailUrl\":\"https:\/\/rotario.com.br\/site\/wp-content\/uploads\/2026\/04\/01-3-NMari.jpg\",\"datePublished\":\"2026-04-28T16:31:52+00:00\",\"dateModified\":\"2026-04-28T16:31:56+00:00\",\"breadcrumb\":{\"@id\":\"https:\/\/rotario.com.br\/site\/marica-e-derrotado-no-interior-paulista-e-cai-para-3o-no-grupo-do-brasileirao-serie-d\/#breadcrumb\"},\"inLanguage\":\"pt-BR\",\"potentialAction\":[{\"@type\":\"ReadAction\",\"target\":[\"https:\/\/rotario.com.br\/site\/marica-e-derrotado-no-interior-paulista-e-cai-para-3o-no-grupo-do-brasileirao-serie-d\/\"]}]},{\"@type\":\"ImageObject\",\"inLanguage\":\"pt-BR\",\"@id\":\"https:\/\/rotario.com.br\/site\/marica-e-derrotado-no-interior-paulista-e-cai-para-3o-no-grupo-do-brasileirao-serie-d\/#primaryimage\",\"url\":\"https:\/\/rotario.com.br\/site\/wp-content\/uploads\/2026\/04\/01-3-NMari.jpg\",\"contentUrl\":\"https:\/\/rotario.com.br\/site\/wp-content\/uploads\/2026\/04\/01-3-NMari.jpg\",\"width\":800,\"height\":600},{\"@type\":\"BreadcrumbList\",\"@id\":\"https:\/\/rotario.com.br\/site\/marica-e-derrotado-no-interior-paulista-e-cai-para-3o-no-grupo-do-brasileirao-serie-d\/#breadcrumb\",\"itemListElement\":[{\"@type\":\"ListItem\",\"position\":1,\"name\":\"In\u00edcio\",\"item\":\"https:\/\/rotario.com.br\/site\/\"},{\"@type\":\"ListItem\",\"position\":2,\"name\":\"Maric\u00e1 \u00e9 derrotado no interior paulista e cai para 3\u00ba no grupo do Brasileir\u00e3o S\u00e9rie D\"}]},{\"@type\":\"WebSite\",\"@id\":\"https:\/\/rotario.com.br\/site\/#website\",\"url\":\"https:\/\/rotario.com.br\/site\/\",\"name\":\"Rota Rio\",\"description\":\"Aqui, o Rio de Janeiro \u00e9 a pauta!\",\"publisher\":{\"@id\":\"https:\/\/rotario.com.br\/site\/#organization\"},\"potentialAction\":[{\"@type\":\"SearchAction\",\"target\":{\"@type\":\"EntryPoint\",\"urlTemplate\":\"https:\/\/rotario.com.br\/site\/?s={search_term_string}\"},\"query-input\":{\"@type\":\"PropertyValueSpecification\",\"valueRequired\":true,\"valueName\":\"search_term_string\"}}],\"inLanguage\":\"pt-BR\"},{\"@type\":\"Organization\",\"@id\":\"https:\/\/rotario.com.br\/site\/#organization\",\"name\":\"Rota Rio\",\"url\":\"https:\/\/rotario.com.br\/site\/\",\"logo\":{\"@type\":\"ImageObject\",\"inLanguage\":\"pt-BR\",\"@id\":\"https:\/\/rotario.com.br\/site\/#\/schema\/logo\/image\/\",\"url\":\"https:\/\/rotario.com.br\/site\/wp-content\/uploads\/2022\/04\/cropped-ROTARIO-LOGO-Prancheta-1-1-2048x654-1.png\",\"contentUrl\":\"https:\/\/rotario.com.br\/site\/wp-content\/uploads\/2022\/04\/cropped-ROTARIO-LOGO-Prancheta-1-1-2048x654-1.png\",\"width\":2048,\"height\":654,\"caption\":\"Rota Rio\"},\"image\":{\"@id\":\"https:\/\/rotario.com.br\/site\/#\/schema\/logo\/image\/\"}},{\"@type\":\"Person\",\"@id\":\"https:\/\/rotario.com.br\/site\/#\/schema\/person\/fd89bbbf4136f7e8a21e0dd67b8a66c7\",\"name\":\"Galv\u00e3o\",\"url\":\"https:\/\/rotario.com.br\/site\/author\/daniel\/\"}]}<\/script>\n<!-- \/ Yoast SEO plugin. -->","yoast_head_json":{"title":"Maric\u00e1 \u00e9 derrotado no interior paulista e cai para 3\u00ba no grupo do Brasileir\u00e3o S\u00e9rie D - Rota Rio","robots":{"index":"index","follow":"follow","max-snippet":"max-snippet:-1","max-image-preview":"max-image-preview:large","max-video-preview":"max-video-preview:-1"},"canonical":"https:\/\/rotario.com.br\/site\/marica-e-derrotado-no-interior-paulista-e-cai-para-3o-no-grupo-do-brasileirao-serie-d\/","og_locale":"pt_BR","og_type":"article","og_title":"Maric\u00e1 \u00e9 derrotado no interior paulista e cai para 3\u00ba no grupo do Brasileir\u00e3o S\u00e9rie D - Rota Rio","og_description":"Em partida disputada nesse fim de semana, no Est\u00e1dio Bar\u00e3o da Serra Negra, em Piracicaba, no interior paulista, o XV de Piracicaba venceu o Maric\u00e1 por 1 a 0 e assumiu a lideran\u00e7a do Grupo A14 do Brasileir\u00e3o da S\u00e9rie D. Com o gol marcado por Henry aos 35 minutos do 2\u00ba tempo, Nh\u00f4 Quim, [&hellip;]","og_url":"https:\/\/rotario.com.br\/site\/marica-e-derrotado-no-interior-paulista-e-cai-para-3o-no-grupo-do-brasileirao-serie-d\/","og_site_name":"Rota Rio","article_published_time":"2026-04-28T16:31:52+00:00","article_modified_time":"2026-04-28T16:31:56+00:00","og_image":[{"width":800,"height":600,"url":"https:\/\/rotario.com.br\/site\/wp-content\/uploads\/2026\/04\/01-3-NMari.jpg","type":"image\/jpeg"}],"author":"Galv\u00e3o","twitter_card":"summary_large_image","twitter_misc":{"Escrito por":"Galv\u00e3o","Est. tempo de leitura":"3 minutos"},"schema":{"@context":"https:\/\/schema.org","@graph":[{"@type":"Article","@id":"https:\/\/rotario.com.br\/site\/marica-e-derrotado-no-interior-paulista-e-cai-para-3o-no-grupo-do-brasileirao-serie-d\/#article","isPartOf":{"@id":"https:\/\/rotario.com.br\/site\/marica-e-derrotado-no-interior-paulista-e-cai-para-3o-no-grupo-do-brasileirao-serie-d\/"},"author":{"name":"Galv\u00e3o","@id":"https:\/\/rotario.com.br\/site\/#\/schema\/person\/fd89bbbf4136f7e8a21e0dd67b8a66c7"},"headline":"Maric\u00e1 \u00e9 derrotado no interior paulista e cai para 3\u00ba no grupo do Brasileir\u00e3o S\u00e9rie D","datePublished":"2026-04-28T16:31:52+00:00","dateModified":"2026-04-28T16:31:56+00:00","mainEntityOfPage":{"@id":"https:\/\/rotario.com.br\/site\/marica-e-derrotado-no-interior-paulista-e-cai-para-3o-no-grupo-do-brasileirao-serie-d\/"},"wordCount":421,"commentCount":0,"publisher":{"@id":"https:\/\/rotario.com.br\/site\/#organization"},"image":{"@id":"https:\/\/rotario.com.br\/site\/marica-e-derrotado-no-interior-paulista-e-cai-para-3o-no-grupo-do-brasileirao-serie-d\/#primaryimage"},"thumbnailUrl":"https:\/\/rotario.com.br\/site\/wp-content\/uploads\/2026\/04\/01-3-NMari.jpg","articleSection":["Maric\u00e1"],"inLanguage":"pt-BR","potentialAction":[{"@type":"CommentAction","name":"Comment","target":["https:\/\/rotario.com.br\/site\/marica-e-derrotado-no-interior-paulista-e-cai-para-3o-no-grupo-do-brasileirao-serie-d\/#respond"]}]},{"@type":"WebPage","@id":"https:\/\/rotario.com.br\/site\/marica-e-derrotado-no-interior-paulista-e-cai-para-3o-no-grupo-do-brasileirao-serie-d\/","url":"https:\/\/rotario.com.br\/site\/marica-e-derrotado-no-interior-paulista-e-cai-para-3o-no-grupo-do-brasileirao-serie-d\/","name":"Maric\u00e1 \u00e9 derrotado no interior paulista e cai para 3\u00ba no grupo do Brasileir\u00e3o S\u00e9rie D - Rota Rio","isPartOf":{"@id":"https:\/\/rotario.com.br\/site\/#website"},"primaryImageOfPage":{"@id":"https:\/\/rotario.com.br\/site\/marica-e-derrotado-no-interior-paulista-e-cai-para-3o-no-grupo-do-brasileirao-serie-d\/#primaryimage"},"image":{"@id":"https:\/\/rotario.com.br\/site\/marica-e-derrotado-no-interior-paulista-e-cai-para-3o-no-grupo-do-brasileirao-serie-d\/#primaryimage"},"thumbnailUrl":"https:\/\/rotario.com.br\/site\/wp-content\/uploads\/2026\/04\/01-3-NMari.jpg","datePublished":"2026-04-28T16:31:52+00:00","dateModified":"2026-04-28T16:31:56+00:00","breadcrumb":{"@id":"https:\/\/rotario.com.br\/site\/marica-e-derrotado-no-interior-paulista-e-cai-para-3o-no-grupo-do-brasileirao-serie-d\/#breadcrumb"},"inLanguage":"pt-BR","potentialAction":[{"@type":"ReadAction","target":["https:\/\/rotario.com.br\/site\/marica-e-derrotado-no-interior-paulista-e-cai-para-3o-no-grupo-do-brasileirao-serie-d\/"]}]},{"@type":"ImageObject","inLanguage":"pt-BR","@id":"https:\/\/rotario.com.br\/site\/marica-e-derrotado-no-interior-paulista-e-cai-para-3o-no-grupo-do-brasileirao-serie-d\/#primaryimage","url":"https:\/\/rotario.com.br\/site\/wp-content\/uploads\/2026\/04\/01-3-NMari.jpg","contentUrl":"https:\/\/rotario.com.br\/site\/wp-content\/uploads\/2026\/04\/01-3-NMari.jpg","width":800,"height":600},{"@type":"BreadcrumbList","@id":"https:\/\/rotario.com.br\/site\/marica-e-derrotado-no-interior-paulista-e-cai-para-3o-no-grupo-do-brasileirao-serie-d\/#breadcrumb","itemListElement":[{"@type":"ListItem","position":1,"name":"In\u00edcio","item":"https:\/\/rotario.com.br\/site\/"},{"@type":"ListItem","position":2,"name":"Maric\u00e1 \u00e9 derrotado no interior paulista e cai para 3\u00ba no grupo do Brasileir\u00e3o S\u00e9rie D"}]},{"@type":"WebSite","@id":"https:\/\/rotario.com.br\/site\/#website","url":"https:\/\/rotario.com.br\/site\/","name":"Rota Rio","description":"Aqui, o Rio de Janeiro \u00e9 a pauta!","publisher":{"@id":"https:\/\/rotario.com.br\/site\/#organization"},"potentialAction":[{"@type":"SearchAction","target":{"@type":"EntryPoint","urlTemplate":"https:\/\/rotario.com.br\/site\/?s={search_term_string}"},"query-input":{"@type":"PropertyValueSpecification","valueRequired":true,"valueName":"search_term_string"}}],"inLanguage":"pt-BR"},{"@type":"Organization","@id":"https:\/\/rotario.com.br\/site\/#organization","name":"Rota Rio","url":"https:\/\/rotario.com.br\/site\/","logo":{"@type":"ImageObject","inLanguage":"pt-BR","@id":"https:\/\/rotario.com.br\/site\/#\/schema\/logo\/image\/","url":"https:\/\/rotario.com.br\/site\/wp-content\/uploads\/2022\/04\/cropped-ROTARIO-LOGO-Prancheta-1-1-2048x654-1.png","contentUrl":"https:\/\/rotario.com.br\/site\/wp-content\/uploads\/2022\/04\/cropped-ROTARIO-LOGO-Prancheta-1-1-2048x654-1.png","width":2048,"height":654,"caption":"Rota Rio"},"image":{"@id":"https:\/\/rotario.com.br\/site\/#\/schema\/logo\/image\/"}},{"@type":"Person","@id":"https:\/\/rotario.com.br\/site\/#\/schema\/person\/fd89bbbf4136f7e8a21e0dd67b8a66c7","name":"Galv\u00e3o","url":"https:\/\/rotario.com.br\/site\/author\/daniel\/"}]}},"_links":{"self":[{"href":"https:\/\/rotario.com.br\/site\/wp-json\/wp\/v2\/posts\/35647","targetHints":{"allow":["GET"]}}],"collection":[{"href":"https:\/\/rotario.com.br\/site\/wp-json\/wp\/v2\/posts"}],"about":[{"href":"https:\/\/rotario.com.br\/site\/wp-json\/wp\/v2\/types\/post"}],"author":[{"embeddable":true,"href":"https:\/\/rotario.com.br\/site\/wp-json\/wp\/v2\/users\/2"}],"replies":[{"embeddable":true,"href":"https:\/\/rotario.com.br\/site\/wp-json\/wp\/v2\/comments?post=35647"}],"version-history":[{"count":1,"href":"https:\/\/rotario.com.br\/site\/wp-json\/wp\/v2\/posts\/35647\/revisions"}],"predecessor-version":[{"id":35649,"href":"https:\/\/rotario.com.br\/site\/wp-json\/wp\/v2\/posts\/35647\/revisions\/35649"}],"wp:featuredmedia":[{"embeddable":true,"href":"https:\/\/rotario.com.br\/site\/wp-json\/wp\/v2\/media\/35648"}],"wp:attachment":[{"href":"https:\/\/rotario.com.br\/site\/wp-json\/wp\/v2\/media?parent=35647"}],"wp:term":[{"taxonomy":"category","embeddable":true,"href":"https:\/\/rotario.com.br\/site\/wp-json\/wp\/v2\/categories?post=35647"},{"taxonomy":"post_tag","embeddable":true,"href":"https:\/\/rotario.com.br\/site\/wp-json\/wp\/v2\/tags?post=35647"}],"curies":[{"name":"wp","href":"https:\/\/api.w.org\/{rel}","templated":true}]}}