{"id":35656,"date":"2026-04-28T14:26:22","date_gmt":"2026-04-28T17:26:22","guid":{"rendered":"https:\/\/rotario.com.br\/site\/?p=35656"},"modified":"2026-04-28T14:26:27","modified_gmt":"2026-04-28T17:26:27","slug":"homem-e-preso-em-flagrante-por-trafico-de-drogas-no-parque-aeroporto-em-macae","status":"publish","type":"post","link":"https:\/\/rotario.com.br\/site\/homem-e-preso-em-flagrante-por-trafico-de-drogas-no-parque-aeroporto-em-macae\/","title":{"rendered":"Homem \u00e9 preso em flagrante por tr\u00e1fico de drogas no Parque Aeroporto em Maca\u00e9"},"content":{"rendered":"\n<p>Um homem acabou preso durante uma a\u00e7\u00e3o da Pol\u00edcia Militar no bairro Parque Aeroporto na tarde da \u00faltima segunda-feira (27). Ele foi encontrado com drogas em um ponto utilizado pelo tr\u00e1fico para comercializar os entorpecentes.<\/p>\n\n\n\n<p>A pol\u00edcia levantou informa\u00e7\u00f5es com base no setor de intelig\u00eancia, que apontou um endere\u00e7o utilizado como ponto de venda de drogas. Os agentes ent\u00e3o foram at\u00e9 o local e identificaram um homem em atitude suspeita.<\/p>\n\n\n\n<p>Na abordagem, os policiais encontraram com o suspeito 38 c\u00e1psulas de coca\u00edna, 2 pedras de crack e R$ 20,00 em esp\u00e9cie.<\/p>\n\n\n\n<p>Os agentes constataram tamb\u00e9m que o homem tinha diversas anota\u00e7\u00f5es criminais. Na ficha constam registros por disparo de arma de fogo, porte ilegal de arma de fogo de uso restrito, resist\u00eancia, posse de drogas para consumo pessoal, adultera\u00e7\u00e3o de sinal identificador de ve\u00edculo automotor e tamb\u00e9m por homic\u00eddio qualificado na forma tentada.<\/p>\n\n\n\n<p>O homem ent\u00e3o foi conduzido para a 123\u00aa DP, onde o caso foi registrado. Ele permaneceu preso e foi autuado por tr\u00e1fico de acordo com o artigo 33 da Lei 11.343\/06. O material encontrado durante a opera\u00e7\u00e3o permaneceu apreendido.<\/p>\n","protected":false},"excerpt":{"rendered":"<p>Um homem acabou preso durante uma a\u00e7\u00e3o da Pol\u00edcia Militar no bairro Parque Aeroporto na tarde da \u00faltima segunda-feira (27). Ele foi encontrado com drogas em um ponto utilizado pelo tr\u00e1fico para comercializar os entorpecentes. A pol\u00edcia levantou informa\u00e7\u00f5es com base no setor de intelig\u00eancia, que apontou um endere\u00e7o utilizado como ponto de venda de [&hellip;]<\/p>\n","protected":false},"author":2,"featured_media":35657,"comment_status":"open","ping_status":"closed","sticky":false,"template":"","format":"standard","meta":{"footnotes":""},"categories":[1160],"tags":[2775],"class_list":["post-35656","post","type-post","status-publish","format-standard","has-post-thumbnail","hentry","category-policia","tag-acao-da-policia-militar"],"yoast_head":"<!-- This site is optimized with the Yoast SEO plugin v26.5 - https:\/\/yoast.com\/wordpress\/plugins\/seo\/ -->\n<title>Homem \u00e9 preso em flagrante por tr\u00e1fico de drogas no Parque Aeroporto em Maca\u00e9 - Rota Rio<\/title>\n<meta name=\"robots\" content=\"index, follow, max-snippet:-1, max-image-preview:large, max-video-preview:-1\" \/>\n<link rel=\"canonical\" href=\"https:\/\/rotario.com.br\/site\/homem-e-preso-em-flagrante-por-trafico-de-drogas-no-parque-aeroporto-em-macae\/\" \/>\n<meta property=\"og:locale\" content=\"pt_BR\" \/>\n<meta property=\"og:type\" content=\"article\" \/>\n<meta property=\"og:title\" content=\"Homem \u00e9 preso em flagrante por tr\u00e1fico de drogas no Parque Aeroporto em Maca\u00e9 - Rota Rio\" \/>\n<meta property=\"og:description\" content=\"Um homem acabou preso durante uma a\u00e7\u00e3o da Pol\u00edcia Militar no bairro Parque Aeroporto na tarde da \u00faltima segunda-feira (27). Ele foi encontrado com drogas em um ponto utilizado pelo tr\u00e1fico para comercializar os entorpecentes. A pol\u00edcia levantou informa\u00e7\u00f5es com base no setor de intelig\u00eancia, que apontou um endere\u00e7o utilizado como ponto de venda de [&hellip;]\" \/>\n<meta property=\"og:url\" content=\"https:\/\/rotario.com.br\/site\/homem-e-preso-em-flagrante-por-trafico-de-drogas-no-parque-aeroporto-em-macae\/\" \/>\n<meta property=\"og:site_name\" content=\"Rota Rio\" \/>\n<meta property=\"article:published_time\" content=\"2026-04-28T17:26:22+00:00\" \/>\n<meta property=\"article:modified_time\" content=\"2026-04-28T17:26:27+00:00\" \/>\n<meta property=\"og:image\" content=\"https:\/\/rotario.com.br\/site\/wp-content\/uploads\/2026\/04\/WhatsApp-Image-2026-04-28-at-09.32.12.jpeg\" \/>\n\t<meta property=\"og:image:width\" content=\"455\" \/>\n\t<meta property=\"og:image:height\" content=\"815\" \/>\n\t<meta property=\"og:image:type\" content=\"image\/jpeg\" \/>\n<meta name=\"author\" content=\"Galv\u00e3o\" \/>\n<meta name=\"twitter:card\" content=\"summary_large_image\" \/>\n<meta name=\"twitter:label1\" content=\"Escrito por\" \/>\n\t<meta name=\"twitter:data1\" content=\"Galv\u00e3o\" \/>\n\t<meta name=\"twitter:label2\" content=\"Est. tempo de leitura\" \/>\n\t<meta name=\"twitter:data2\" content=\"2 minutos\" \/>\n<script type=\"application\/ld+json\" class=\"yoast-schema-graph\">{\"@context\":\"https:\/\/schema.org\",\"@graph\":[{\"@type\":\"Article\",\"@id\":\"https:\/\/rotario.com.br\/site\/homem-e-preso-em-flagrante-por-trafico-de-drogas-no-parque-aeroporto-em-macae\/#article\",\"isPartOf\":{\"@id\":\"https:\/\/rotario.com.br\/site\/homem-e-preso-em-flagrante-por-trafico-de-drogas-no-parque-aeroporto-em-macae\/\"},\"author\":{\"name\":\"Galv\u00e3o\",\"@id\":\"https:\/\/rotario.com.br\/site\/#\/schema\/person\/fd89bbbf4136f7e8a21e0dd67b8a66c7\"},\"headline\":\"Homem \u00e9 preso em flagrante por tr\u00e1fico de drogas no Parque Aeroporto em Maca\u00e9\",\"datePublished\":\"2026-04-28T17:26:22+00:00\",\"dateModified\":\"2026-04-28T17:26:27+00:00\",\"mainEntityOfPage\":{\"@id\":\"https:\/\/rotario.com.br\/site\/homem-e-preso-em-flagrante-por-trafico-de-drogas-no-parque-aeroporto-em-macae\/\"},\"wordCount\":210,\"commentCount\":0,\"publisher\":{\"@id\":\"https:\/\/rotario.com.br\/site\/#organization\"},\"image\":{\"@id\":\"https:\/\/rotario.com.br\/site\/homem-e-preso-em-flagrante-por-trafico-de-drogas-no-parque-aeroporto-em-macae\/#primaryimage\"},\"thumbnailUrl\":\"https:\/\/rotario.com.br\/site\/wp-content\/uploads\/2026\/04\/WhatsApp-Image-2026-04-28-at-09.32.12.jpeg\",\"keywords\":[\"a\u00e7\u00e3o da Pol\u00edcia Militar\"],\"articleSection\":[\"Pol\u00edcia\"],\"inLanguage\":\"pt-BR\",\"potentialAction\":[{\"@type\":\"CommentAction\",\"name\":\"Comment\",\"target\":[\"https:\/\/rotario.com.br\/site\/homem-e-preso-em-flagrante-por-trafico-de-drogas-no-parque-aeroporto-em-macae\/#respond\"]}]},{\"@type\":\"WebPage\",\"@id\":\"https:\/\/rotario.com.br\/site\/homem-e-preso-em-flagrante-por-trafico-de-drogas-no-parque-aeroporto-em-macae\/\",\"url\":\"https:\/\/rotario.com.br\/site\/homem-e-preso-em-flagrante-por-trafico-de-drogas-no-parque-aeroporto-em-macae\/\",\"name\":\"Homem \u00e9 preso em flagrante por tr\u00e1fico de drogas no Parque Aeroporto em Maca\u00e9 - Rota Rio\",\"isPartOf\":{\"@id\":\"https:\/\/rotario.com.br\/site\/#website\"},\"primaryImageOfPage\":{\"@id\":\"https:\/\/rotario.com.br\/site\/homem-e-preso-em-flagrante-por-trafico-de-drogas-no-parque-aeroporto-em-macae\/#primaryimage\"},\"image\":{\"@id\":\"https:\/\/rotario.com.br\/site\/homem-e-preso-em-flagrante-por-trafico-de-drogas-no-parque-aeroporto-em-macae\/#primaryimage\"},\"thumbnailUrl\":\"https:\/\/rotario.com.br\/site\/wp-content\/uploads\/2026\/04\/WhatsApp-Image-2026-04-28-at-09.32.12.jpeg\",\"datePublished\":\"2026-04-28T17:26:22+00:00\",\"dateModified\":\"2026-04-28T17:26:27+00:00\",\"breadcrumb\":{\"@id\":\"https:\/\/rotario.com.br\/site\/homem-e-preso-em-flagrante-por-trafico-de-drogas-no-parque-aeroporto-em-macae\/#breadcrumb\"},\"inLanguage\":\"pt-BR\",\"potentialAction\":[{\"@type\":\"ReadAction\",\"target\":[\"https:\/\/rotario.com.br\/site\/homem-e-preso-em-flagrante-por-trafico-de-drogas-no-parque-aeroporto-em-macae\/\"]}]},{\"@type\":\"ImageObject\",\"inLanguage\":\"pt-BR\",\"@id\":\"https:\/\/rotario.com.br\/site\/homem-e-preso-em-flagrante-por-trafico-de-drogas-no-parque-aeroporto-em-macae\/#primaryimage\",\"url\":\"https:\/\/rotario.com.br\/site\/wp-content\/uploads\/2026\/04\/WhatsApp-Image-2026-04-28-at-09.32.12.jpeg\",\"contentUrl\":\"https:\/\/rotario.com.br\/site\/wp-content\/uploads\/2026\/04\/WhatsApp-Image-2026-04-28-at-09.32.12.jpeg\",\"width\":455,\"height\":815},{\"@type\":\"BreadcrumbList\",\"@id\":\"https:\/\/rotario.com.br\/site\/homem-e-preso-em-flagrante-por-trafico-de-drogas-no-parque-aeroporto-em-macae\/#breadcrumb\",\"itemListElement\":[{\"@type\":\"ListItem\",\"position\":1,\"name\":\"In\u00edcio\",\"item\":\"https:\/\/rotario.com.br\/site\/\"},{\"@type\":\"ListItem\",\"position\":2,\"name\":\"Homem \u00e9 preso em flagrante por tr\u00e1fico de drogas no Parque Aeroporto em Maca\u00e9\"}]},{\"@type\":\"WebSite\",\"@id\":\"https:\/\/rotario.com.br\/site\/#website\",\"url\":\"https:\/\/rotario.com.br\/site\/\",\"name\":\"Rota Rio\",\"description\":\"Aqui, o Rio de Janeiro \u00e9 a pauta!\",\"publisher\":{\"@id\":\"https:\/\/rotario.com.br\/site\/#organization\"},\"potentialAction\":[{\"@type\":\"SearchAction\",\"target\":{\"@type\":\"EntryPoint\",\"urlTemplate\":\"https:\/\/rotario.com.br\/site\/?s={search_term_string}\"},\"query-input\":{\"@type\":\"PropertyValueSpecification\",\"valueRequired\":true,\"valueName\":\"search_term_string\"}}],\"inLanguage\":\"pt-BR\"},{\"@type\":\"Organization\",\"@id\":\"https:\/\/rotario.com.br\/site\/#organization\",\"name\":\"Rota Rio\",\"url\":\"https:\/\/rotario.com.br\/site\/\",\"logo\":{\"@type\":\"ImageObject\",\"inLanguage\":\"pt-BR\",\"@id\":\"https:\/\/rotario.com.br\/site\/#\/schema\/logo\/image\/\",\"url\":\"https:\/\/rotario.com.br\/site\/wp-content\/uploads\/2022\/04\/cropped-ROTARIO-LOGO-Prancheta-1-1-2048x654-1.png\",\"contentUrl\":\"https:\/\/rotario.com.br\/site\/wp-content\/uploads\/2022\/04\/cropped-ROTARIO-LOGO-Prancheta-1-1-2048x654-1.png\",\"width\":2048,\"height\":654,\"caption\":\"Rota Rio\"},\"image\":{\"@id\":\"https:\/\/rotario.com.br\/site\/#\/schema\/logo\/image\/\"}},{\"@type\":\"Person\",\"@id\":\"https:\/\/rotario.com.br\/site\/#\/schema\/person\/fd89bbbf4136f7e8a21e0dd67b8a66c7\",\"name\":\"Galv\u00e3o\",\"url\":\"https:\/\/rotario.com.br\/site\/author\/daniel\/\"}]}<\/script>\n<!-- \/ Yoast SEO plugin. -->","yoast_head_json":{"title":"Homem \u00e9 preso em flagrante por tr\u00e1fico de drogas no Parque Aeroporto em Maca\u00e9 - Rota Rio","robots":{"index":"index","follow":"follow","max-snippet":"max-snippet:-1","max-image-preview":"max-image-preview:large","max-video-preview":"max-video-preview:-1"},"canonical":"https:\/\/rotario.com.br\/site\/homem-e-preso-em-flagrante-por-trafico-de-drogas-no-parque-aeroporto-em-macae\/","og_locale":"pt_BR","og_type":"article","og_title":"Homem \u00e9 preso em flagrante por tr\u00e1fico de drogas no Parque Aeroporto em Maca\u00e9 - Rota Rio","og_description":"Um homem acabou preso durante uma a\u00e7\u00e3o da Pol\u00edcia Militar no bairro Parque Aeroporto na tarde da \u00faltima segunda-feira (27). Ele foi encontrado com drogas em um ponto utilizado pelo tr\u00e1fico para comercializar os entorpecentes. A pol\u00edcia levantou informa\u00e7\u00f5es com base no setor de intelig\u00eancia, que apontou um endere\u00e7o utilizado como ponto de venda de [&hellip;]","og_url":"https:\/\/rotario.com.br\/site\/homem-e-preso-em-flagrante-por-trafico-de-drogas-no-parque-aeroporto-em-macae\/","og_site_name":"Rota Rio","article_published_time":"2026-04-28T17:26:22+00:00","article_modified_time":"2026-04-28T17:26:27+00:00","og_image":[{"width":455,"height":815,"url":"https:\/\/rotario.com.br\/site\/wp-content\/uploads\/2026\/04\/WhatsApp-Image-2026-04-28-at-09.32.12.jpeg","type":"image\/jpeg"}],"author":"Galv\u00e3o","twitter_card":"summary_large_image","twitter_misc":{"Escrito por":"Galv\u00e3o","Est. tempo de leitura":"2 minutos"},"schema":{"@context":"https:\/\/schema.org","@graph":[{"@type":"Article","@id":"https:\/\/rotario.com.br\/site\/homem-e-preso-em-flagrante-por-trafico-de-drogas-no-parque-aeroporto-em-macae\/#article","isPartOf":{"@id":"https:\/\/rotario.com.br\/site\/homem-e-preso-em-flagrante-por-trafico-de-drogas-no-parque-aeroporto-em-macae\/"},"author":{"name":"Galv\u00e3o","@id":"https:\/\/rotario.com.br\/site\/#\/schema\/person\/fd89bbbf4136f7e8a21e0dd67b8a66c7"},"headline":"Homem \u00e9 preso em flagrante por tr\u00e1fico de drogas no Parque Aeroporto em Maca\u00e9","datePublished":"2026-04-28T17:26:22+00:00","dateModified":"2026-04-28T17:26:27+00:00","mainEntityOfPage":{"@id":"https:\/\/rotario.com.br\/site\/homem-e-preso-em-flagrante-por-trafico-de-drogas-no-parque-aeroporto-em-macae\/"},"wordCount":210,"commentCount":0,"publisher":{"@id":"https:\/\/rotario.com.br\/site\/#organization"},"image":{"@id":"https:\/\/rotario.com.br\/site\/homem-e-preso-em-flagrante-por-trafico-de-drogas-no-parque-aeroporto-em-macae\/#primaryimage"},"thumbnailUrl":"https:\/\/rotario.com.br\/site\/wp-content\/uploads\/2026\/04\/WhatsApp-Image-2026-04-28-at-09.32.12.jpeg","keywords":["a\u00e7\u00e3o da Pol\u00edcia Militar"],"articleSection":["Pol\u00edcia"],"inLanguage":"pt-BR","potentialAction":[{"@type":"CommentAction","name":"Comment","target":["https:\/\/rotario.com.br\/site\/homem-e-preso-em-flagrante-por-trafico-de-drogas-no-parque-aeroporto-em-macae\/#respond"]}]},{"@type":"WebPage","@id":"https:\/\/rotario.com.br\/site\/homem-e-preso-em-flagrante-por-trafico-de-drogas-no-parque-aeroporto-em-macae\/","url":"https:\/\/rotario.com.br\/site\/homem-e-preso-em-flagrante-por-trafico-de-drogas-no-parque-aeroporto-em-macae\/","name":"Homem \u00e9 preso em flagrante por tr\u00e1fico de drogas no Parque Aeroporto em Maca\u00e9 - Rota Rio","isPartOf":{"@id":"https:\/\/rotario.com.br\/site\/#website"},"primaryImageOfPage":{"@id":"https:\/\/rotario.com.br\/site\/homem-e-preso-em-flagrante-por-trafico-de-drogas-no-parque-aeroporto-em-macae\/#primaryimage"},"image":{"@id":"https:\/\/rotario.com.br\/site\/homem-e-preso-em-flagrante-por-trafico-de-drogas-no-parque-aeroporto-em-macae\/#primaryimage"},"thumbnailUrl":"https:\/\/rotario.com.br\/site\/wp-content\/uploads\/2026\/04\/WhatsApp-Image-2026-04-28-at-09.32.12.jpeg","datePublished":"2026-04-28T17:26:22+00:00","dateModified":"2026-04-28T17:26:27+00:00","breadcrumb":{"@id":"https:\/\/rotario.com.br\/site\/homem-e-preso-em-flagrante-por-trafico-de-drogas-no-parque-aeroporto-em-macae\/#breadcrumb"},"inLanguage":"pt-BR","potentialAction":[{"@type":"ReadAction","target":["https:\/\/rotario.com.br\/site\/homem-e-preso-em-flagrante-por-trafico-de-drogas-no-parque-aeroporto-em-macae\/"]}]},{"@type":"ImageObject","inLanguage":"pt-BR","@id":"https:\/\/rotario.com.br\/site\/homem-e-preso-em-flagrante-por-trafico-de-drogas-no-parque-aeroporto-em-macae\/#primaryimage","url":"https:\/\/rotario.com.br\/site\/wp-content\/uploads\/2026\/04\/WhatsApp-Image-2026-04-28-at-09.32.12.jpeg","contentUrl":"https:\/\/rotario.com.br\/site\/wp-content\/uploads\/2026\/04\/WhatsApp-Image-2026-04-28-at-09.32.12.jpeg","width":455,"height":815},{"@type":"BreadcrumbList","@id":"https:\/\/rotario.com.br\/site\/homem-e-preso-em-flagrante-por-trafico-de-drogas-no-parque-aeroporto-em-macae\/#breadcrumb","itemListElement":[{"@type":"ListItem","position":1,"name":"In\u00edcio","item":"https:\/\/rotario.com.br\/site\/"},{"@type":"ListItem","position":2,"name":"Homem \u00e9 preso em flagrante por tr\u00e1fico de drogas no Parque Aeroporto em Maca\u00e9"}]},{"@type":"WebSite","@id":"https:\/\/rotario.com.br\/site\/#website","url":"https:\/\/rotario.com.br\/site\/","name":"Rota Rio","description":"Aqui, o Rio de Janeiro \u00e9 a pauta!","publisher":{"@id":"https:\/\/rotario.com.br\/site\/#organization"},"potentialAction":[{"@type":"SearchAction","target":{"@type":"EntryPoint","urlTemplate":"https:\/\/rotario.com.br\/site\/?s={search_term_string}"},"query-input":{"@type":"PropertyValueSpecification","valueRequired":true,"valueName":"search_term_string"}}],"inLanguage":"pt-BR"},{"@type":"Organization","@id":"https:\/\/rotario.com.br\/site\/#organization","name":"Rota Rio","url":"https:\/\/rotario.com.br\/site\/","logo":{"@type":"ImageObject","inLanguage":"pt-BR","@id":"https:\/\/rotario.com.br\/site\/#\/schema\/logo\/image\/","url":"https:\/\/rotario.com.br\/site\/wp-content\/uploads\/2022\/04\/cropped-ROTARIO-LOGO-Prancheta-1-1-2048x654-1.png","contentUrl":"https:\/\/rotario.com.br\/site\/wp-content\/uploads\/2022\/04\/cropped-ROTARIO-LOGO-Prancheta-1-1-2048x654-1.png","width":2048,"height":654,"caption":"Rota Rio"},"image":{"@id":"https:\/\/rotario.com.br\/site\/#\/schema\/logo\/image\/"}},{"@type":"Person","@id":"https:\/\/rotario.com.br\/site\/#\/schema\/person\/fd89bbbf4136f7e8a21e0dd67b8a66c7","name":"Galv\u00e3o","url":"https:\/\/rotario.com.br\/site\/author\/daniel\/"}]}},"_links":{"self":[{"href":"https:\/\/rotario.com.br\/site\/wp-json\/wp\/v2\/posts\/35656","targetHints":{"allow":["GET"]}}],"collection":[{"href":"https:\/\/rotario.com.br\/site\/wp-json\/wp\/v2\/posts"}],"about":[{"href":"https:\/\/rotario.com.br\/site\/wp-json\/wp\/v2\/types\/post"}],"author":[{"embeddable":true,"href":"https:\/\/rotario.com.br\/site\/wp-json\/wp\/v2\/users\/2"}],"replies":[{"embeddable":true,"href":"https:\/\/rotario.com.br\/site\/wp-json\/wp\/v2\/comments?post=35656"}],"version-history":[{"count":1,"href":"https:\/\/rotario.com.br\/site\/wp-json\/wp\/v2\/posts\/35656\/revisions"}],"predecessor-version":[{"id":35658,"href":"https:\/\/rotario.com.br\/site\/wp-json\/wp\/v2\/posts\/35656\/revisions\/35658"}],"wp:featuredmedia":[{"embeddable":true,"href":"https:\/\/rotario.com.br\/site\/wp-json\/wp\/v2\/media\/35657"}],"wp:attachment":[{"href":"https:\/\/rotario.com.br\/site\/wp-json\/wp\/v2\/media?parent=35656"}],"wp:term":[{"taxonomy":"category","embeddable":true,"href":"https:\/\/rotario.com.br\/site\/wp-json\/wp\/v2\/categories?post=35656"},{"taxonomy":"post_tag","embeddable":true,"href":"https:\/\/rotario.com.br\/site\/wp-json\/wp\/v2\/tags?post=35656"}],"curies":[{"name":"wp","href":"https:\/\/api.w.org\/{rel}","templated":true}]}}