{"id":35666,"date":"2026-04-28T16:34:11","date_gmt":"2026-04-28T19:34:11","guid":{"rendered":"https:\/\/rotario.com.br\/site\/?p=35666"},"modified":"2026-04-28T16:34:19","modified_gmt":"2026-04-28T19:34:19","slug":"jovem-atacado-violentamente-por-pitbull-em-rio-das-ostras-recebe-alta","status":"publish","type":"post","link":"https:\/\/rotario.com.br\/site\/jovem-atacado-violentamente-por-pitbull-em-rio-das-ostras-recebe-alta\/","title":{"rendered":"Jovem atacado violentamente por pitbull em Rio das Ostras recebe alta"},"content":{"rendered":"\n<p>O menino Samuel, de apenas 12 anos, recebeu alta do Hospital Municipal nessa segunda-feira, 27, depois de ficar gravemente ferido em um ataque de um cachorro pitbull na \u00faltima semana, em Rio das Ostras.<\/p>\n\n\n\n<p>Durante o ataque, ocorrido na noite da \u00faltima quarta-feira, 22, no bairro Jardim Atl\u00e2ntico, o jovem teria sido surpreendido enquanto brincava com os amigos na rua, chegando a ser perseguido pelo cachorro.<\/p>\n\n\n\n<p>Mesmo subindo em cima de um carro estacionado na rua, Samuel recebeu diversas mordidas, sendo salvo ap\u00f3s a interven\u00e7\u00e3o de uma vizinha, que conseguiu acalmar o cachorro, e recebendo os primeiros socorros ainda no local, atrav\u00e9s de um vizinho enfermeiro.<\/p>\n\n\n\n<p>Segundo a Prefeitura de Rio das Ostras informou na \u00faltima sexta-feira, 24, a crian\u00e7a deu entrada no Hospital Municipal ainda na noite de quarta-feira, recebendo todos os cuidados e evoluindo para um estado sem risco, at\u00e9 a libera\u00e7\u00e3o nessa segunda, depois de receber alta da equipe m\u00e9dica.<\/p>\n\n\n\n<p>Para a TV Record, a fam\u00edlia teria relatado que a recupera\u00e7\u00e3o de Samuel tem sido boa, mas cuidadosa, j\u00e1 que, em raz\u00e3o das diversas mordidas recebidas, o jovem precisou levar muitos pontos para auxiliar na cicatriza\u00e7\u00e3o.<\/p>\n\n\n\n<p>Depois de receber alta da unidade, a crian\u00e7a dever\u00e1 ficar de repouso em casa, com previs\u00e3o de retorno ao hospital dentro de 15 dias para a retirada dos pontos e nova avalia\u00e7\u00e3o sobre o estado dos ferimentos, antes de poder voltar para as atividades cotidianas.<\/p>\n\n\n\n<p>Ainda de acordo com reportagem da TV Record, o caso segue sendo investigado pela 128\u00aa Delegacia de Pol\u00edcia Civil (128\u00aa DP), de Rio das Ostras, com objetivo de entender a situa\u00e7\u00e3o do cachorro pitbull, contra quem h\u00e1 outras reclama\u00e7\u00f5es da vizinhan\u00e7a sobre ataques a outros c\u00e3es menores.<\/p>\n","protected":false},"excerpt":{"rendered":"<p>O menino Samuel, de apenas 12 anos, recebeu alta do Hospital Municipal nessa segunda-feira, 27, depois de ficar gravemente ferido em um ataque de um cachorro pitbull na \u00faltima semana, em Rio das Ostras. Durante o ataque, ocorrido na noite da \u00faltima quarta-feira, 22, no bairro Jardim Atl\u00e2ntico, o jovem teria sido surpreendido enquanto brincava [&hellip;]<\/p>\n","protected":false},"author":2,"featured_media":35667,"comment_status":"open","ping_status":"closed","sticky":false,"template":"","format":"standard","meta":{"footnotes":""},"categories":[32],"tags":[],"class_list":["post-35666","post","type-post","status-publish","format-standard","has-post-thumbnail","hentry","category-rio-das-ostras"],"yoast_head":"<!-- This site is optimized with the Yoast SEO plugin v26.5 - https:\/\/yoast.com\/wordpress\/plugins\/seo\/ -->\n<title>Jovem atacado violentamente por pitbull em Rio das Ostras recebe alta - Rota Rio<\/title>\n<meta name=\"robots\" content=\"index, follow, max-snippet:-1, max-image-preview:large, max-video-preview:-1\" \/>\n<link rel=\"canonical\" href=\"https:\/\/rotario.com.br\/site\/jovem-atacado-violentamente-por-pitbull-em-rio-das-ostras-recebe-alta\/\" \/>\n<meta property=\"og:locale\" content=\"pt_BR\" \/>\n<meta property=\"og:type\" content=\"article\" \/>\n<meta property=\"og:title\" content=\"Jovem atacado violentamente por pitbull em Rio das Ostras recebe alta - Rota Rio\" \/>\n<meta property=\"og:description\" content=\"O menino Samuel, de apenas 12 anos, recebeu alta do Hospital Municipal nessa segunda-feira, 27, depois de ficar gravemente ferido em um ataque de um cachorro pitbull na \u00faltima semana, em Rio das Ostras. Durante o ataque, ocorrido na noite da \u00faltima quarta-feira, 22, no bairro Jardim Atl\u00e2ntico, o jovem teria sido surpreendido enquanto brincava [&hellip;]\" \/>\n<meta property=\"og:url\" content=\"https:\/\/rotario.com.br\/site\/jovem-atacado-violentamente-por-pitbull-em-rio-das-ostras-recebe-alta\/\" \/>\n<meta property=\"og:site_name\" content=\"Rota Rio\" \/>\n<meta property=\"article:published_time\" content=\"2026-04-28T19:34:11+00:00\" \/>\n<meta property=\"article:modified_time\" content=\"2026-04-28T19:34:19+00:00\" \/>\n<meta property=\"og:image\" content=\"https:\/\/rotario.com.br\/site\/wp-content\/uploads\/2026\/04\/WhatsApp-Image-2026-04-28-at-10.49.51.jpeg\" \/>\n\t<meta property=\"og:image:width\" content=\"800\" \/>\n\t<meta property=\"og:image:height\" content=\"600\" \/>\n\t<meta property=\"og:image:type\" content=\"image\/jpeg\" \/>\n<meta name=\"author\" content=\"Galv\u00e3o\" \/>\n<meta name=\"twitter:card\" content=\"summary_large_image\" \/>\n<meta name=\"twitter:label1\" content=\"Escrito por\" \/>\n\t<meta name=\"twitter:data1\" content=\"Galv\u00e3o\" \/>\n\t<meta name=\"twitter:label2\" content=\"Est. tempo de leitura\" \/>\n\t<meta name=\"twitter:data2\" content=\"2 minutos\" \/>\n<script type=\"application\/ld+json\" class=\"yoast-schema-graph\">{\"@context\":\"https:\/\/schema.org\",\"@graph\":[{\"@type\":\"Article\",\"@id\":\"https:\/\/rotario.com.br\/site\/jovem-atacado-violentamente-por-pitbull-em-rio-das-ostras-recebe-alta\/#article\",\"isPartOf\":{\"@id\":\"https:\/\/rotario.com.br\/site\/jovem-atacado-violentamente-por-pitbull-em-rio-das-ostras-recebe-alta\/\"},\"author\":{\"name\":\"Galv\u00e3o\",\"@id\":\"https:\/\/rotario.com.br\/site\/#\/schema\/person\/fd89bbbf4136f7e8a21e0dd67b8a66c7\"},\"headline\":\"Jovem atacado violentamente por pitbull em Rio das Ostras recebe alta\",\"datePublished\":\"2026-04-28T19:34:11+00:00\",\"dateModified\":\"2026-04-28T19:34:19+00:00\",\"mainEntityOfPage\":{\"@id\":\"https:\/\/rotario.com.br\/site\/jovem-atacado-violentamente-por-pitbull-em-rio-das-ostras-recebe-alta\/\"},\"wordCount\":304,\"commentCount\":0,\"publisher\":{\"@id\":\"https:\/\/rotario.com.br\/site\/#organization\"},\"image\":{\"@id\":\"https:\/\/rotario.com.br\/site\/jovem-atacado-violentamente-por-pitbull-em-rio-das-ostras-recebe-alta\/#primaryimage\"},\"thumbnailUrl\":\"https:\/\/rotario.com.br\/site\/wp-content\/uploads\/2026\/04\/WhatsApp-Image-2026-04-28-at-10.49.51.jpeg\",\"articleSection\":[\"Rio das Ostras\"],\"inLanguage\":\"pt-BR\",\"potentialAction\":[{\"@type\":\"CommentAction\",\"name\":\"Comment\",\"target\":[\"https:\/\/rotario.com.br\/site\/jovem-atacado-violentamente-por-pitbull-em-rio-das-ostras-recebe-alta\/#respond\"]}]},{\"@type\":\"WebPage\",\"@id\":\"https:\/\/rotario.com.br\/site\/jovem-atacado-violentamente-por-pitbull-em-rio-das-ostras-recebe-alta\/\",\"url\":\"https:\/\/rotario.com.br\/site\/jovem-atacado-violentamente-por-pitbull-em-rio-das-ostras-recebe-alta\/\",\"name\":\"Jovem atacado violentamente por pitbull em Rio das Ostras recebe alta - Rota Rio\",\"isPartOf\":{\"@id\":\"https:\/\/rotario.com.br\/site\/#website\"},\"primaryImageOfPage\":{\"@id\":\"https:\/\/rotario.com.br\/site\/jovem-atacado-violentamente-por-pitbull-em-rio-das-ostras-recebe-alta\/#primaryimage\"},\"image\":{\"@id\":\"https:\/\/rotario.com.br\/site\/jovem-atacado-violentamente-por-pitbull-em-rio-das-ostras-recebe-alta\/#primaryimage\"},\"thumbnailUrl\":\"https:\/\/rotario.com.br\/site\/wp-content\/uploads\/2026\/04\/WhatsApp-Image-2026-04-28-at-10.49.51.jpeg\",\"datePublished\":\"2026-04-28T19:34:11+00:00\",\"dateModified\":\"2026-04-28T19:34:19+00:00\",\"breadcrumb\":{\"@id\":\"https:\/\/rotario.com.br\/site\/jovem-atacado-violentamente-por-pitbull-em-rio-das-ostras-recebe-alta\/#breadcrumb\"},\"inLanguage\":\"pt-BR\",\"potentialAction\":[{\"@type\":\"ReadAction\",\"target\":[\"https:\/\/rotario.com.br\/site\/jovem-atacado-violentamente-por-pitbull-em-rio-das-ostras-recebe-alta\/\"]}]},{\"@type\":\"ImageObject\",\"inLanguage\":\"pt-BR\",\"@id\":\"https:\/\/rotario.com.br\/site\/jovem-atacado-violentamente-por-pitbull-em-rio-das-ostras-recebe-alta\/#primaryimage\",\"url\":\"https:\/\/rotario.com.br\/site\/wp-content\/uploads\/2026\/04\/WhatsApp-Image-2026-04-28-at-10.49.51.jpeg\",\"contentUrl\":\"https:\/\/rotario.com.br\/site\/wp-content\/uploads\/2026\/04\/WhatsApp-Image-2026-04-28-at-10.49.51.jpeg\",\"width\":800,\"height\":600},{\"@type\":\"BreadcrumbList\",\"@id\":\"https:\/\/rotario.com.br\/site\/jovem-atacado-violentamente-por-pitbull-em-rio-das-ostras-recebe-alta\/#breadcrumb\",\"itemListElement\":[{\"@type\":\"ListItem\",\"position\":1,\"name\":\"In\u00edcio\",\"item\":\"https:\/\/rotario.com.br\/site\/\"},{\"@type\":\"ListItem\",\"position\":2,\"name\":\"Jovem atacado violentamente por pitbull em Rio das Ostras recebe alta\"}]},{\"@type\":\"WebSite\",\"@id\":\"https:\/\/rotario.com.br\/site\/#website\",\"url\":\"https:\/\/rotario.com.br\/site\/\",\"name\":\"Rota Rio\",\"description\":\"Aqui, o Rio de Janeiro \u00e9 a pauta!\",\"publisher\":{\"@id\":\"https:\/\/rotario.com.br\/site\/#organization\"},\"potentialAction\":[{\"@type\":\"SearchAction\",\"target\":{\"@type\":\"EntryPoint\",\"urlTemplate\":\"https:\/\/rotario.com.br\/site\/?s={search_term_string}\"},\"query-input\":{\"@type\":\"PropertyValueSpecification\",\"valueRequired\":true,\"valueName\":\"search_term_string\"}}],\"inLanguage\":\"pt-BR\"},{\"@type\":\"Organization\",\"@id\":\"https:\/\/rotario.com.br\/site\/#organization\",\"name\":\"Rota Rio\",\"url\":\"https:\/\/rotario.com.br\/site\/\",\"logo\":{\"@type\":\"ImageObject\",\"inLanguage\":\"pt-BR\",\"@id\":\"https:\/\/rotario.com.br\/site\/#\/schema\/logo\/image\/\",\"url\":\"https:\/\/rotario.com.br\/site\/wp-content\/uploads\/2022\/04\/cropped-ROTARIO-LOGO-Prancheta-1-1-2048x654-1.png\",\"contentUrl\":\"https:\/\/rotario.com.br\/site\/wp-content\/uploads\/2022\/04\/cropped-ROTARIO-LOGO-Prancheta-1-1-2048x654-1.png\",\"width\":2048,\"height\":654,\"caption\":\"Rota Rio\"},\"image\":{\"@id\":\"https:\/\/rotario.com.br\/site\/#\/schema\/logo\/image\/\"}},{\"@type\":\"Person\",\"@id\":\"https:\/\/rotario.com.br\/site\/#\/schema\/person\/fd89bbbf4136f7e8a21e0dd67b8a66c7\",\"name\":\"Galv\u00e3o\",\"url\":\"https:\/\/rotario.com.br\/site\/author\/daniel\/\"}]}<\/script>\n<!-- \/ Yoast SEO plugin. -->","yoast_head_json":{"title":"Jovem atacado violentamente por pitbull em Rio das Ostras recebe alta - Rota Rio","robots":{"index":"index","follow":"follow","max-snippet":"max-snippet:-1","max-image-preview":"max-image-preview:large","max-video-preview":"max-video-preview:-1"},"canonical":"https:\/\/rotario.com.br\/site\/jovem-atacado-violentamente-por-pitbull-em-rio-das-ostras-recebe-alta\/","og_locale":"pt_BR","og_type":"article","og_title":"Jovem atacado violentamente por pitbull em Rio das Ostras recebe alta - Rota Rio","og_description":"O menino Samuel, de apenas 12 anos, recebeu alta do Hospital Municipal nessa segunda-feira, 27, depois de ficar gravemente ferido em um ataque de um cachorro pitbull na \u00faltima semana, em Rio das Ostras. Durante o ataque, ocorrido na noite da \u00faltima quarta-feira, 22, no bairro Jardim Atl\u00e2ntico, o jovem teria sido surpreendido enquanto brincava [&hellip;]","og_url":"https:\/\/rotario.com.br\/site\/jovem-atacado-violentamente-por-pitbull-em-rio-das-ostras-recebe-alta\/","og_site_name":"Rota Rio","article_published_time":"2026-04-28T19:34:11+00:00","article_modified_time":"2026-04-28T19:34:19+00:00","og_image":[{"width":800,"height":600,"url":"https:\/\/rotario.com.br\/site\/wp-content\/uploads\/2026\/04\/WhatsApp-Image-2026-04-28-at-10.49.51.jpeg","type":"image\/jpeg"}],"author":"Galv\u00e3o","twitter_card":"summary_large_image","twitter_misc":{"Escrito por":"Galv\u00e3o","Est. tempo de leitura":"2 minutos"},"schema":{"@context":"https:\/\/schema.org","@graph":[{"@type":"Article","@id":"https:\/\/rotario.com.br\/site\/jovem-atacado-violentamente-por-pitbull-em-rio-das-ostras-recebe-alta\/#article","isPartOf":{"@id":"https:\/\/rotario.com.br\/site\/jovem-atacado-violentamente-por-pitbull-em-rio-das-ostras-recebe-alta\/"},"author":{"name":"Galv\u00e3o","@id":"https:\/\/rotario.com.br\/site\/#\/schema\/person\/fd89bbbf4136f7e8a21e0dd67b8a66c7"},"headline":"Jovem atacado violentamente por pitbull em Rio das Ostras recebe alta","datePublished":"2026-04-28T19:34:11+00:00","dateModified":"2026-04-28T19:34:19+00:00","mainEntityOfPage":{"@id":"https:\/\/rotario.com.br\/site\/jovem-atacado-violentamente-por-pitbull-em-rio-das-ostras-recebe-alta\/"},"wordCount":304,"commentCount":0,"publisher":{"@id":"https:\/\/rotario.com.br\/site\/#organization"},"image":{"@id":"https:\/\/rotario.com.br\/site\/jovem-atacado-violentamente-por-pitbull-em-rio-das-ostras-recebe-alta\/#primaryimage"},"thumbnailUrl":"https:\/\/rotario.com.br\/site\/wp-content\/uploads\/2026\/04\/WhatsApp-Image-2026-04-28-at-10.49.51.jpeg","articleSection":["Rio das Ostras"],"inLanguage":"pt-BR","potentialAction":[{"@type":"CommentAction","name":"Comment","target":["https:\/\/rotario.com.br\/site\/jovem-atacado-violentamente-por-pitbull-em-rio-das-ostras-recebe-alta\/#respond"]}]},{"@type":"WebPage","@id":"https:\/\/rotario.com.br\/site\/jovem-atacado-violentamente-por-pitbull-em-rio-das-ostras-recebe-alta\/","url":"https:\/\/rotario.com.br\/site\/jovem-atacado-violentamente-por-pitbull-em-rio-das-ostras-recebe-alta\/","name":"Jovem atacado violentamente por pitbull em Rio das Ostras recebe alta - Rota Rio","isPartOf":{"@id":"https:\/\/rotario.com.br\/site\/#website"},"primaryImageOfPage":{"@id":"https:\/\/rotario.com.br\/site\/jovem-atacado-violentamente-por-pitbull-em-rio-das-ostras-recebe-alta\/#primaryimage"},"image":{"@id":"https:\/\/rotario.com.br\/site\/jovem-atacado-violentamente-por-pitbull-em-rio-das-ostras-recebe-alta\/#primaryimage"},"thumbnailUrl":"https:\/\/rotario.com.br\/site\/wp-content\/uploads\/2026\/04\/WhatsApp-Image-2026-04-28-at-10.49.51.jpeg","datePublished":"2026-04-28T19:34:11+00:00","dateModified":"2026-04-28T19:34:19+00:00","breadcrumb":{"@id":"https:\/\/rotario.com.br\/site\/jovem-atacado-violentamente-por-pitbull-em-rio-das-ostras-recebe-alta\/#breadcrumb"},"inLanguage":"pt-BR","potentialAction":[{"@type":"ReadAction","target":["https:\/\/rotario.com.br\/site\/jovem-atacado-violentamente-por-pitbull-em-rio-das-ostras-recebe-alta\/"]}]},{"@type":"ImageObject","inLanguage":"pt-BR","@id":"https:\/\/rotario.com.br\/site\/jovem-atacado-violentamente-por-pitbull-em-rio-das-ostras-recebe-alta\/#primaryimage","url":"https:\/\/rotario.com.br\/site\/wp-content\/uploads\/2026\/04\/WhatsApp-Image-2026-04-28-at-10.49.51.jpeg","contentUrl":"https:\/\/rotario.com.br\/site\/wp-content\/uploads\/2026\/04\/WhatsApp-Image-2026-04-28-at-10.49.51.jpeg","width":800,"height":600},{"@type":"BreadcrumbList","@id":"https:\/\/rotario.com.br\/site\/jovem-atacado-violentamente-por-pitbull-em-rio-das-ostras-recebe-alta\/#breadcrumb","itemListElement":[{"@type":"ListItem","position":1,"name":"In\u00edcio","item":"https:\/\/rotario.com.br\/site\/"},{"@type":"ListItem","position":2,"name":"Jovem atacado violentamente por pitbull em Rio das Ostras recebe alta"}]},{"@type":"WebSite","@id":"https:\/\/rotario.com.br\/site\/#website","url":"https:\/\/rotario.com.br\/site\/","name":"Rota Rio","description":"Aqui, o Rio de Janeiro \u00e9 a pauta!","publisher":{"@id":"https:\/\/rotario.com.br\/site\/#organization"},"potentialAction":[{"@type":"SearchAction","target":{"@type":"EntryPoint","urlTemplate":"https:\/\/rotario.com.br\/site\/?s={search_term_string}"},"query-input":{"@type":"PropertyValueSpecification","valueRequired":true,"valueName":"search_term_string"}}],"inLanguage":"pt-BR"},{"@type":"Organization","@id":"https:\/\/rotario.com.br\/site\/#organization","name":"Rota Rio","url":"https:\/\/rotario.com.br\/site\/","logo":{"@type":"ImageObject","inLanguage":"pt-BR","@id":"https:\/\/rotario.com.br\/site\/#\/schema\/logo\/image\/","url":"https:\/\/rotario.com.br\/site\/wp-content\/uploads\/2022\/04\/cropped-ROTARIO-LOGO-Prancheta-1-1-2048x654-1.png","contentUrl":"https:\/\/rotario.com.br\/site\/wp-content\/uploads\/2022\/04\/cropped-ROTARIO-LOGO-Prancheta-1-1-2048x654-1.png","width":2048,"height":654,"caption":"Rota Rio"},"image":{"@id":"https:\/\/rotario.com.br\/site\/#\/schema\/logo\/image\/"}},{"@type":"Person","@id":"https:\/\/rotario.com.br\/site\/#\/schema\/person\/fd89bbbf4136f7e8a21e0dd67b8a66c7","name":"Galv\u00e3o","url":"https:\/\/rotario.com.br\/site\/author\/daniel\/"}]}},"_links":{"self":[{"href":"https:\/\/rotario.com.br\/site\/wp-json\/wp\/v2\/posts\/35666","targetHints":{"allow":["GET"]}}],"collection":[{"href":"https:\/\/rotario.com.br\/site\/wp-json\/wp\/v2\/posts"}],"about":[{"href":"https:\/\/rotario.com.br\/site\/wp-json\/wp\/v2\/types\/post"}],"author":[{"embeddable":true,"href":"https:\/\/rotario.com.br\/site\/wp-json\/wp\/v2\/users\/2"}],"replies":[{"embeddable":true,"href":"https:\/\/rotario.com.br\/site\/wp-json\/wp\/v2\/comments?post=35666"}],"version-history":[{"count":1,"href":"https:\/\/rotario.com.br\/site\/wp-json\/wp\/v2\/posts\/35666\/revisions"}],"predecessor-version":[{"id":35668,"href":"https:\/\/rotario.com.br\/site\/wp-json\/wp\/v2\/posts\/35666\/revisions\/35668"}],"wp:featuredmedia":[{"embeddable":true,"href":"https:\/\/rotario.com.br\/site\/wp-json\/wp\/v2\/media\/35667"}],"wp:attachment":[{"href":"https:\/\/rotario.com.br\/site\/wp-json\/wp\/v2\/media?parent=35666"}],"wp:term":[{"taxonomy":"category","embeddable":true,"href":"https:\/\/rotario.com.br\/site\/wp-json\/wp\/v2\/categories?post=35666"},{"taxonomy":"post_tag","embeddable":true,"href":"https:\/\/rotario.com.br\/site\/wp-json\/wp\/v2\/tags?post=35666"}],"curies":[{"name":"wp","href":"https:\/\/api.w.org\/{rel}","templated":true}]}}