{"id":35711,"date":"2026-04-29T11:31:09","date_gmt":"2026-04-29T14:31:09","guid":{"rendered":"https:\/\/rotario.com.br\/site\/?p=35711"},"modified":"2026-04-29T11:31:22","modified_gmt":"2026-04-29T14:31:22","slug":"simone-sales-assume-pasta-da-saude-de-macae-com-proposta-de-gestao-compartilhada","status":"publish","type":"post","link":"https:\/\/rotario.com.br\/site\/simone-sales-assume-pasta-da-saude-de-macae-com-proposta-de-gestao-compartilhada\/","title":{"rendered":"Simone Sales assume pasta da Sa\u00fade de Maca\u00e9 com proposta de gest\u00e3o compartilhada"},"content":{"rendered":"\n<p>A sa\u00fade de Maca\u00e9 deu in\u00edcio a uma nova fase com a apresenta\u00e7\u00e3o da nova secret\u00e1ria da pasta, realizada na \u00faltima ter\u00e7a-feira (28). Simone Sales assume o cargo e ter\u00e1 como objetivo de fortalecer a sa\u00fade para que o munic\u00edpio siga avan\u00e7ando. Ela tamb\u00e9m seguir\u00e1 a frente da Secretaria de Aten\u00e7\u00e3o Prim\u00e1ria.<\/p>\n\n\n\n<p>Estiveram presentes na apresenta\u00e7\u00e3o oficial da nova secret\u00e1ria o prefeito Welberth Rezende, o vice Fabiano Paschoal e tamb\u00e9m diretores e coordenadores da sa\u00fade no munic\u00edpio. O chefe do Executivo deu as boas vindas \u00e0 l\u00edder da pasta.<\/p>\n\n\n\n<p>\u201cSeguimos alinhados com o compromisso de fortalecer e aprimorar uma sa\u00fade que j\u00e1 \u00e9 refer\u00eancia, avan\u00e7ando cada vez mais no cuidado com a nossa popula\u00e7\u00e3o\u201d, disse Welberth.<\/p>\n\n\n\n<p>Simone afirmou neste primeiro momento que pretende trabalhar com uma gest\u00e3o compartilhada e de adapta\u00e7\u00e3o.<\/p>\n\n\n\n<p>\u201cPara mim, \u00e9 uma honra estar \u00e0 frente de uma pasta que tanto amo. Cuidar das pessoas sempre foi o que me move, e a gest\u00e3o em sa\u00fade \u00e9 um compromisso que abra\u00e7o com responsabilidade, sensibilidade e muita determina\u00e7\u00e3o. Aos servidores da sa\u00fade, meu respeito e gratid\u00e3o pelo trabalho di\u00e1rio. Seguimos juntos, com compromisso e uni\u00e3o, cuidando de quem mais precisa\u201d, disse Simone Sales.<\/p>\n","protected":false},"excerpt":{"rendered":"<p>A sa\u00fade de Maca\u00e9 deu in\u00edcio a uma nova fase com a apresenta\u00e7\u00e3o da nova secret\u00e1ria da pasta, realizada na \u00faltima ter\u00e7a-feira (28). Simone Sales assume o cargo e ter\u00e1 como objetivo de fortalecer a sa\u00fade para que o munic\u00edpio siga avan\u00e7ando. Ela tamb\u00e9m seguir\u00e1 a frente da Secretaria de Aten\u00e7\u00e3o Prim\u00e1ria. Estiveram presentes na [&hellip;]<\/p>\n","protected":false},"author":2,"featured_media":35717,"comment_status":"open","ping_status":"closed","sticky":false,"template":"","format":"standard","meta":{"footnotes":""},"categories":[52],"tags":[],"class_list":["post-35711","post","type-post","status-publish","format-standard","has-post-thumbnail","hentry","category-macae"],"yoast_head":"<!-- This site is optimized with the Yoast SEO plugin v26.5 - https:\/\/yoast.com\/wordpress\/plugins\/seo\/ -->\n<title>Simone Sales assume pasta da Sa\u00fade de Maca\u00e9 com proposta de gest\u00e3o compartilhada - Rota Rio<\/title>\n<meta name=\"robots\" content=\"index, follow, max-snippet:-1, max-image-preview:large, max-video-preview:-1\" \/>\n<link rel=\"canonical\" href=\"https:\/\/rotario.com.br\/site\/simone-sales-assume-pasta-da-saude-de-macae-com-proposta-de-gestao-compartilhada\/\" \/>\n<meta property=\"og:locale\" content=\"pt_BR\" \/>\n<meta property=\"og:type\" content=\"article\" \/>\n<meta property=\"og:title\" content=\"Simone Sales assume pasta da Sa\u00fade de Maca\u00e9 com proposta de gest\u00e3o compartilhada - Rota Rio\" \/>\n<meta property=\"og:description\" content=\"A sa\u00fade de Maca\u00e9 deu in\u00edcio a uma nova fase com a apresenta\u00e7\u00e3o da nova secret\u00e1ria da pasta, realizada na \u00faltima ter\u00e7a-feira (28). Simone Sales assume o cargo e ter\u00e1 como objetivo de fortalecer a sa\u00fade para que o munic\u00edpio siga avan\u00e7ando. Ela tamb\u00e9m seguir\u00e1 a frente da Secretaria de Aten\u00e7\u00e3o Prim\u00e1ria. Estiveram presentes na [&hellip;]\" \/>\n<meta property=\"og:url\" content=\"https:\/\/rotario.com.br\/site\/simone-sales-assume-pasta-da-saude-de-macae-com-proposta-de-gestao-compartilhada\/\" \/>\n<meta property=\"og:site_name\" content=\"Rota Rio\" \/>\n<meta property=\"article:published_time\" content=\"2026-04-29T14:31:09+00:00\" \/>\n<meta property=\"article:modified_time\" content=\"2026-04-29T14:31:22+00:00\" \/>\n<meta property=\"og:image\" content=\"https:\/\/rotario.com.br\/site\/wp-content\/uploads\/2026\/04\/WhatsApp-Image-2026-04-29-at-09.27.02.jpeg\" \/>\n\t<meta property=\"og:image:width\" content=\"506\" \/>\n\t<meta property=\"og:image:height\" content=\"862\" \/>\n\t<meta property=\"og:image:type\" content=\"image\/jpeg\" \/>\n<meta name=\"author\" content=\"Galv\u00e3o\" \/>\n<meta name=\"twitter:card\" content=\"summary_large_image\" \/>\n<meta name=\"twitter:label1\" content=\"Escrito por\" \/>\n\t<meta name=\"twitter:data1\" content=\"Galv\u00e3o\" \/>\n\t<meta name=\"twitter:label2\" content=\"Est. tempo de leitura\" \/>\n\t<meta name=\"twitter:data2\" content=\"2 minutos\" \/>\n<script type=\"application\/ld+json\" class=\"yoast-schema-graph\">{\"@context\":\"https:\/\/schema.org\",\"@graph\":[{\"@type\":\"Article\",\"@id\":\"https:\/\/rotario.com.br\/site\/simone-sales-assume-pasta-da-saude-de-macae-com-proposta-de-gestao-compartilhada\/#article\",\"isPartOf\":{\"@id\":\"https:\/\/rotario.com.br\/site\/simone-sales-assume-pasta-da-saude-de-macae-com-proposta-de-gestao-compartilhada\/\"},\"author\":{\"name\":\"Galv\u00e3o\",\"@id\":\"https:\/\/rotario.com.br\/site\/#\/schema\/person\/fd89bbbf4136f7e8a21e0dd67b8a66c7\"},\"headline\":\"Simone Sales assume pasta da Sa\u00fade de Maca\u00e9 com proposta de gest\u00e3o compartilhada\",\"datePublished\":\"2026-04-29T14:31:09+00:00\",\"dateModified\":\"2026-04-29T14:31:22+00:00\",\"mainEntityOfPage\":{\"@id\":\"https:\/\/rotario.com.br\/site\/simone-sales-assume-pasta-da-saude-de-macae-com-proposta-de-gestao-compartilhada\/\"},\"wordCount\":235,\"commentCount\":0,\"publisher\":{\"@id\":\"https:\/\/rotario.com.br\/site\/#organization\"},\"image\":{\"@id\":\"https:\/\/rotario.com.br\/site\/simone-sales-assume-pasta-da-saude-de-macae-com-proposta-de-gestao-compartilhada\/#primaryimage\"},\"thumbnailUrl\":\"https:\/\/rotario.com.br\/site\/wp-content\/uploads\/2026\/04\/WhatsApp-Image-2026-04-29-at-09.27.02.jpeg\",\"articleSection\":[\"Maca\u00e9\"],\"inLanguage\":\"pt-BR\",\"potentialAction\":[{\"@type\":\"CommentAction\",\"name\":\"Comment\",\"target\":[\"https:\/\/rotario.com.br\/site\/simone-sales-assume-pasta-da-saude-de-macae-com-proposta-de-gestao-compartilhada\/#respond\"]}]},{\"@type\":\"WebPage\",\"@id\":\"https:\/\/rotario.com.br\/site\/simone-sales-assume-pasta-da-saude-de-macae-com-proposta-de-gestao-compartilhada\/\",\"url\":\"https:\/\/rotario.com.br\/site\/simone-sales-assume-pasta-da-saude-de-macae-com-proposta-de-gestao-compartilhada\/\",\"name\":\"Simone Sales assume pasta da Sa\u00fade de Maca\u00e9 com proposta de gest\u00e3o compartilhada - Rota Rio\",\"isPartOf\":{\"@id\":\"https:\/\/rotario.com.br\/site\/#website\"},\"primaryImageOfPage\":{\"@id\":\"https:\/\/rotario.com.br\/site\/simone-sales-assume-pasta-da-saude-de-macae-com-proposta-de-gestao-compartilhada\/#primaryimage\"},\"image\":{\"@id\":\"https:\/\/rotario.com.br\/site\/simone-sales-assume-pasta-da-saude-de-macae-com-proposta-de-gestao-compartilhada\/#primaryimage\"},\"thumbnailUrl\":\"https:\/\/rotario.com.br\/site\/wp-content\/uploads\/2026\/04\/WhatsApp-Image-2026-04-29-at-09.27.02.jpeg\",\"datePublished\":\"2026-04-29T14:31:09+00:00\",\"dateModified\":\"2026-04-29T14:31:22+00:00\",\"breadcrumb\":{\"@id\":\"https:\/\/rotario.com.br\/site\/simone-sales-assume-pasta-da-saude-de-macae-com-proposta-de-gestao-compartilhada\/#breadcrumb\"},\"inLanguage\":\"pt-BR\",\"potentialAction\":[{\"@type\":\"ReadAction\",\"target\":[\"https:\/\/rotario.com.br\/site\/simone-sales-assume-pasta-da-saude-de-macae-com-proposta-de-gestao-compartilhada\/\"]}]},{\"@type\":\"ImageObject\",\"inLanguage\":\"pt-BR\",\"@id\":\"https:\/\/rotario.com.br\/site\/simone-sales-assume-pasta-da-saude-de-macae-com-proposta-de-gestao-compartilhada\/#primaryimage\",\"url\":\"https:\/\/rotario.com.br\/site\/wp-content\/uploads\/2026\/04\/WhatsApp-Image-2026-04-29-at-09.27.02.jpeg\",\"contentUrl\":\"https:\/\/rotario.com.br\/site\/wp-content\/uploads\/2026\/04\/WhatsApp-Image-2026-04-29-at-09.27.02.jpeg\",\"width\":506,\"height\":862},{\"@type\":\"BreadcrumbList\",\"@id\":\"https:\/\/rotario.com.br\/site\/simone-sales-assume-pasta-da-saude-de-macae-com-proposta-de-gestao-compartilhada\/#breadcrumb\",\"itemListElement\":[{\"@type\":\"ListItem\",\"position\":1,\"name\":\"In\u00edcio\",\"item\":\"https:\/\/rotario.com.br\/site\/\"},{\"@type\":\"ListItem\",\"position\":2,\"name\":\"Simone Sales assume pasta da Sa\u00fade de Maca\u00e9 com proposta de gest\u00e3o compartilhada\"}]},{\"@type\":\"WebSite\",\"@id\":\"https:\/\/rotario.com.br\/site\/#website\",\"url\":\"https:\/\/rotario.com.br\/site\/\",\"name\":\"Rota Rio\",\"description\":\"Aqui, o Rio de Janeiro \u00e9 a pauta!\",\"publisher\":{\"@id\":\"https:\/\/rotario.com.br\/site\/#organization\"},\"potentialAction\":[{\"@type\":\"SearchAction\",\"target\":{\"@type\":\"EntryPoint\",\"urlTemplate\":\"https:\/\/rotario.com.br\/site\/?s={search_term_string}\"},\"query-input\":{\"@type\":\"PropertyValueSpecification\",\"valueRequired\":true,\"valueName\":\"search_term_string\"}}],\"inLanguage\":\"pt-BR\"},{\"@type\":\"Organization\",\"@id\":\"https:\/\/rotario.com.br\/site\/#organization\",\"name\":\"Rota Rio\",\"url\":\"https:\/\/rotario.com.br\/site\/\",\"logo\":{\"@type\":\"ImageObject\",\"inLanguage\":\"pt-BR\",\"@id\":\"https:\/\/rotario.com.br\/site\/#\/schema\/logo\/image\/\",\"url\":\"https:\/\/rotario.com.br\/site\/wp-content\/uploads\/2022\/04\/cropped-ROTARIO-LOGO-Prancheta-1-1-2048x654-1.png\",\"contentUrl\":\"https:\/\/rotario.com.br\/site\/wp-content\/uploads\/2022\/04\/cropped-ROTARIO-LOGO-Prancheta-1-1-2048x654-1.png\",\"width\":2048,\"height\":654,\"caption\":\"Rota Rio\"},\"image\":{\"@id\":\"https:\/\/rotario.com.br\/site\/#\/schema\/logo\/image\/\"}},{\"@type\":\"Person\",\"@id\":\"https:\/\/rotario.com.br\/site\/#\/schema\/person\/fd89bbbf4136f7e8a21e0dd67b8a66c7\",\"name\":\"Galv\u00e3o\",\"url\":\"https:\/\/rotario.com.br\/site\/author\/daniel\/\"}]}<\/script>\n<!-- \/ Yoast SEO plugin. -->","yoast_head_json":{"title":"Simone Sales assume pasta da Sa\u00fade de Maca\u00e9 com proposta de gest\u00e3o compartilhada - Rota Rio","robots":{"index":"index","follow":"follow","max-snippet":"max-snippet:-1","max-image-preview":"max-image-preview:large","max-video-preview":"max-video-preview:-1"},"canonical":"https:\/\/rotario.com.br\/site\/simone-sales-assume-pasta-da-saude-de-macae-com-proposta-de-gestao-compartilhada\/","og_locale":"pt_BR","og_type":"article","og_title":"Simone Sales assume pasta da Sa\u00fade de Maca\u00e9 com proposta de gest\u00e3o compartilhada - Rota Rio","og_description":"A sa\u00fade de Maca\u00e9 deu in\u00edcio a uma nova fase com a apresenta\u00e7\u00e3o da nova secret\u00e1ria da pasta, realizada na \u00faltima ter\u00e7a-feira (28). Simone Sales assume o cargo e ter\u00e1 como objetivo de fortalecer a sa\u00fade para que o munic\u00edpio siga avan\u00e7ando. Ela tamb\u00e9m seguir\u00e1 a frente da Secretaria de Aten\u00e7\u00e3o Prim\u00e1ria. Estiveram presentes na [&hellip;]","og_url":"https:\/\/rotario.com.br\/site\/simone-sales-assume-pasta-da-saude-de-macae-com-proposta-de-gestao-compartilhada\/","og_site_name":"Rota Rio","article_published_time":"2026-04-29T14:31:09+00:00","article_modified_time":"2026-04-29T14:31:22+00:00","og_image":[{"width":506,"height":862,"url":"https:\/\/rotario.com.br\/site\/wp-content\/uploads\/2026\/04\/WhatsApp-Image-2026-04-29-at-09.27.02.jpeg","type":"image\/jpeg"}],"author":"Galv\u00e3o","twitter_card":"summary_large_image","twitter_misc":{"Escrito por":"Galv\u00e3o","Est. tempo de leitura":"2 minutos"},"schema":{"@context":"https:\/\/schema.org","@graph":[{"@type":"Article","@id":"https:\/\/rotario.com.br\/site\/simone-sales-assume-pasta-da-saude-de-macae-com-proposta-de-gestao-compartilhada\/#article","isPartOf":{"@id":"https:\/\/rotario.com.br\/site\/simone-sales-assume-pasta-da-saude-de-macae-com-proposta-de-gestao-compartilhada\/"},"author":{"name":"Galv\u00e3o","@id":"https:\/\/rotario.com.br\/site\/#\/schema\/person\/fd89bbbf4136f7e8a21e0dd67b8a66c7"},"headline":"Simone Sales assume pasta da Sa\u00fade de Maca\u00e9 com proposta de gest\u00e3o compartilhada","datePublished":"2026-04-29T14:31:09+00:00","dateModified":"2026-04-29T14:31:22+00:00","mainEntityOfPage":{"@id":"https:\/\/rotario.com.br\/site\/simone-sales-assume-pasta-da-saude-de-macae-com-proposta-de-gestao-compartilhada\/"},"wordCount":235,"commentCount":0,"publisher":{"@id":"https:\/\/rotario.com.br\/site\/#organization"},"image":{"@id":"https:\/\/rotario.com.br\/site\/simone-sales-assume-pasta-da-saude-de-macae-com-proposta-de-gestao-compartilhada\/#primaryimage"},"thumbnailUrl":"https:\/\/rotario.com.br\/site\/wp-content\/uploads\/2026\/04\/WhatsApp-Image-2026-04-29-at-09.27.02.jpeg","articleSection":["Maca\u00e9"],"inLanguage":"pt-BR","potentialAction":[{"@type":"CommentAction","name":"Comment","target":["https:\/\/rotario.com.br\/site\/simone-sales-assume-pasta-da-saude-de-macae-com-proposta-de-gestao-compartilhada\/#respond"]}]},{"@type":"WebPage","@id":"https:\/\/rotario.com.br\/site\/simone-sales-assume-pasta-da-saude-de-macae-com-proposta-de-gestao-compartilhada\/","url":"https:\/\/rotario.com.br\/site\/simone-sales-assume-pasta-da-saude-de-macae-com-proposta-de-gestao-compartilhada\/","name":"Simone Sales assume pasta da Sa\u00fade de Maca\u00e9 com proposta de gest\u00e3o compartilhada - Rota Rio","isPartOf":{"@id":"https:\/\/rotario.com.br\/site\/#website"},"primaryImageOfPage":{"@id":"https:\/\/rotario.com.br\/site\/simone-sales-assume-pasta-da-saude-de-macae-com-proposta-de-gestao-compartilhada\/#primaryimage"},"image":{"@id":"https:\/\/rotario.com.br\/site\/simone-sales-assume-pasta-da-saude-de-macae-com-proposta-de-gestao-compartilhada\/#primaryimage"},"thumbnailUrl":"https:\/\/rotario.com.br\/site\/wp-content\/uploads\/2026\/04\/WhatsApp-Image-2026-04-29-at-09.27.02.jpeg","datePublished":"2026-04-29T14:31:09+00:00","dateModified":"2026-04-29T14:31:22+00:00","breadcrumb":{"@id":"https:\/\/rotario.com.br\/site\/simone-sales-assume-pasta-da-saude-de-macae-com-proposta-de-gestao-compartilhada\/#breadcrumb"},"inLanguage":"pt-BR","potentialAction":[{"@type":"ReadAction","target":["https:\/\/rotario.com.br\/site\/simone-sales-assume-pasta-da-saude-de-macae-com-proposta-de-gestao-compartilhada\/"]}]},{"@type":"ImageObject","inLanguage":"pt-BR","@id":"https:\/\/rotario.com.br\/site\/simone-sales-assume-pasta-da-saude-de-macae-com-proposta-de-gestao-compartilhada\/#primaryimage","url":"https:\/\/rotario.com.br\/site\/wp-content\/uploads\/2026\/04\/WhatsApp-Image-2026-04-29-at-09.27.02.jpeg","contentUrl":"https:\/\/rotario.com.br\/site\/wp-content\/uploads\/2026\/04\/WhatsApp-Image-2026-04-29-at-09.27.02.jpeg","width":506,"height":862},{"@type":"BreadcrumbList","@id":"https:\/\/rotario.com.br\/site\/simone-sales-assume-pasta-da-saude-de-macae-com-proposta-de-gestao-compartilhada\/#breadcrumb","itemListElement":[{"@type":"ListItem","position":1,"name":"In\u00edcio","item":"https:\/\/rotario.com.br\/site\/"},{"@type":"ListItem","position":2,"name":"Simone Sales assume pasta da Sa\u00fade de Maca\u00e9 com proposta de gest\u00e3o compartilhada"}]},{"@type":"WebSite","@id":"https:\/\/rotario.com.br\/site\/#website","url":"https:\/\/rotario.com.br\/site\/","name":"Rota Rio","description":"Aqui, o Rio de Janeiro \u00e9 a pauta!","publisher":{"@id":"https:\/\/rotario.com.br\/site\/#organization"},"potentialAction":[{"@type":"SearchAction","target":{"@type":"EntryPoint","urlTemplate":"https:\/\/rotario.com.br\/site\/?s={search_term_string}"},"query-input":{"@type":"PropertyValueSpecification","valueRequired":true,"valueName":"search_term_string"}}],"inLanguage":"pt-BR"},{"@type":"Organization","@id":"https:\/\/rotario.com.br\/site\/#organization","name":"Rota Rio","url":"https:\/\/rotario.com.br\/site\/","logo":{"@type":"ImageObject","inLanguage":"pt-BR","@id":"https:\/\/rotario.com.br\/site\/#\/schema\/logo\/image\/","url":"https:\/\/rotario.com.br\/site\/wp-content\/uploads\/2022\/04\/cropped-ROTARIO-LOGO-Prancheta-1-1-2048x654-1.png","contentUrl":"https:\/\/rotario.com.br\/site\/wp-content\/uploads\/2022\/04\/cropped-ROTARIO-LOGO-Prancheta-1-1-2048x654-1.png","width":2048,"height":654,"caption":"Rota Rio"},"image":{"@id":"https:\/\/rotario.com.br\/site\/#\/schema\/logo\/image\/"}},{"@type":"Person","@id":"https:\/\/rotario.com.br\/site\/#\/schema\/person\/fd89bbbf4136f7e8a21e0dd67b8a66c7","name":"Galv\u00e3o","url":"https:\/\/rotario.com.br\/site\/author\/daniel\/"}]}},"_links":{"self":[{"href":"https:\/\/rotario.com.br\/site\/wp-json\/wp\/v2\/posts\/35711","targetHints":{"allow":["GET"]}}],"collection":[{"href":"https:\/\/rotario.com.br\/site\/wp-json\/wp\/v2\/posts"}],"about":[{"href":"https:\/\/rotario.com.br\/site\/wp-json\/wp\/v2\/types\/post"}],"author":[{"embeddable":true,"href":"https:\/\/rotario.com.br\/site\/wp-json\/wp\/v2\/users\/2"}],"replies":[{"embeddable":true,"href":"https:\/\/rotario.com.br\/site\/wp-json\/wp\/v2\/comments?post=35711"}],"version-history":[{"count":2,"href":"https:\/\/rotario.com.br\/site\/wp-json\/wp\/v2\/posts\/35711\/revisions"}],"predecessor-version":[{"id":35721,"href":"https:\/\/rotario.com.br\/site\/wp-json\/wp\/v2\/posts\/35711\/revisions\/35721"}],"wp:featuredmedia":[{"embeddable":true,"href":"https:\/\/rotario.com.br\/site\/wp-json\/wp\/v2\/media\/35717"}],"wp:attachment":[{"href":"https:\/\/rotario.com.br\/site\/wp-json\/wp\/v2\/media?parent=35711"}],"wp:term":[{"taxonomy":"category","embeddable":true,"href":"https:\/\/rotario.com.br\/site\/wp-json\/wp\/v2\/categories?post=35711"},{"taxonomy":"post_tag","embeddable":true,"href":"https:\/\/rotario.com.br\/site\/wp-json\/wp\/v2\/tags?post=35711"}],"curies":[{"name":"wp","href":"https:\/\/api.w.org\/{rel}","templated":true}]}}