{"id":35725,"date":"2026-04-29T11:40:57","date_gmt":"2026-04-29T14:40:57","guid":{"rendered":"https:\/\/rotario.com.br\/site\/?p=35725"},"modified":"2026-04-29T11:41:06","modified_gmt":"2026-04-29T14:41:06","slug":"saude-de-arraial-do-cabo-explica-encaminhamento-de-pacientes-com-cancer-em-palestra-da-oab","status":"publish","type":"post","link":"https:\/\/rotario.com.br\/site\/saude-de-arraial-do-cabo-explica-encaminhamento-de-pacientes-com-cancer-em-palestra-da-oab\/","title":{"rendered":"Sa\u00fade de Arraial do Cabo explica encaminhamento de pacientes com c\u00e2ncer em palestra da OAB"},"content":{"rendered":"\n<p>O secret\u00e1rio de Sa\u00fade de Arraial do Cabo, Jorge Diniz, participou nesta ter\u00e7a-feira (28) de um encontro promovido pela Comiss\u00e3o de Sa\u00fade da Ordem dos Advogados do Brasil, subse\u00e7\u00f5es de Cabo Frio e Arraial do Cabo, para discutir o acesso ao tratamento oncol\u00f3gico pelo Sistema \u00danico de Sa\u00fade.<\/p>\n\n\n\n<p>Com o tema \u201cOncologia com dignidade: preven\u00e7\u00e3o, cuidado e direito do paciente\u201d, o evento reuniu especialistas e representantes do poder p\u00fablico para esclarecer d\u00favidas e ampliar o entendimento da popula\u00e7\u00e3o sobre o funcionamento da rede p\u00fablica de sa\u00fade.<\/p>\n\n\n\n<p>Durante a apresenta\u00e7\u00e3o, o secret\u00e1rio explicou o fluxo de atendimento para pacientes com suspeita ou diagn\u00f3stico de c\u00e2ncer, destacando que, mesmo sem estrutura pr\u00f3pria para tratamento oncol\u00f3gico no munic\u00edpio, o acesso \u00e9 garantido por meio da organiza\u00e7\u00e3o em rede do SUS. \u201c\u00c9 importante que a popula\u00e7\u00e3o entenda que a aus\u00eancia de um servi\u00e7o local n\u00e3o significa falta de assist\u00eancia. O SUS \u00e9 estruturado para funcionar em rede, com unidades especializadas habilitadas para oferecer o tratamento adequado\u201d, afirmou.<\/p>\n\n\n\n<p>Segundo ele, o primeiro atendimento ocorre nas unidades b\u00e1sicas de sa\u00fade, onde o paciente passa por avalia\u00e7\u00e3o inicial e, se necess\u00e1rio, \u00e9 encaminhado para exames e especialistas. Ap\u00f3s a confirma\u00e7\u00e3o do diagn\u00f3stico, o usu\u00e1rio \u00e9 direcionado para centros de refer\u00eancia, como unidades de alta complexidade em oncologia, que concentram estrutura adequada para o tratamento.<\/p>\n\n\n\n<p>Outro ponto abordado foi o Tratamento Fora do Domic\u00edlio, mecanismo que assegura o deslocamento de pacientes para outros munic\u00edpios quando n\u00e3o h\u00e1 oferta local do servi\u00e7o, incluindo suporte para transporte.<\/p>\n\n\n\n<p>Ao citar a realidade de Arraial do Cabo, o secret\u00e1rio refor\u00e7ou o compromisso da gest\u00e3o municipal em garantir assist\u00eancia integral. \u201cNosso papel \u00e9 acolher, orientar e garantir que o paciente percorra esse caminho com o suporte necess\u00e1rio. A sa\u00fade p\u00fablica exige organiza\u00e7\u00e3o, responsabilidade e, acima de tudo, cuidado com as pessoas\u201d, declarou.<\/p>\n\n\n\n<p>A participa\u00e7\u00e3o no encontro tamb\u00e9m evidencia a estrat\u00e9gia da Secretaria de Sa\u00fade de ampliar o di\u00e1logo institucional e oferecer informa\u00e7\u00f5es mais transparentes sobre o funcionamento do SUS, fortalecendo a confian\u00e7a da popula\u00e7\u00e3o nos servi\u00e7os p\u00fablicos.&nbsp;&nbsp;&nbsp;<\/p>\n","protected":false},"excerpt":{"rendered":"<p>O secret\u00e1rio de Sa\u00fade de Arraial do Cabo, Jorge Diniz, participou nesta ter\u00e7a-feira (28) de um encontro promovido pela Comiss\u00e3o de Sa\u00fade da Ordem dos Advogados do Brasil, subse\u00e7\u00f5es de Cabo Frio e Arraial do Cabo, para discutir o acesso ao tratamento oncol\u00f3gico pelo Sistema \u00danico de Sa\u00fade. Com o tema \u201cOncologia com dignidade: preven\u00e7\u00e3o, [&hellip;]<\/p>\n","protected":false},"author":2,"featured_media":35730,"comment_status":"open","ping_status":"closed","sticky":false,"template":"","format":"standard","meta":{"footnotes":""},"categories":[44],"tags":[],"class_list":["post-35725","post","type-post","status-publish","format-standard","has-post-thumbnail","hentry","category-arraial-do-cabo"],"yoast_head":"<!-- This site is optimized with the Yoast SEO plugin v26.5 - https:\/\/yoast.com\/wordpress\/plugins\/seo\/ -->\n<title>Sa\u00fade de Arraial do Cabo explica encaminhamento de pacientes com c\u00e2ncer em palestra da OAB - Rota Rio<\/title>\n<meta name=\"robots\" content=\"index, follow, max-snippet:-1, max-image-preview:large, max-video-preview:-1\" \/>\n<link rel=\"canonical\" href=\"https:\/\/rotario.com.br\/site\/saude-de-arraial-do-cabo-explica-encaminhamento-de-pacientes-com-cancer-em-palestra-da-oab\/\" \/>\n<meta property=\"og:locale\" content=\"pt_BR\" \/>\n<meta property=\"og:type\" content=\"article\" \/>\n<meta property=\"og:title\" content=\"Sa\u00fade de Arraial do Cabo explica encaminhamento de pacientes com c\u00e2ncer em palestra da OAB - Rota Rio\" \/>\n<meta property=\"og:description\" content=\"O secret\u00e1rio de Sa\u00fade de Arraial do Cabo, Jorge Diniz, participou nesta ter\u00e7a-feira (28) de um encontro promovido pela Comiss\u00e3o de Sa\u00fade da Ordem dos Advogados do Brasil, subse\u00e7\u00f5es de Cabo Frio e Arraial do Cabo, para discutir o acesso ao tratamento oncol\u00f3gico pelo Sistema \u00danico de Sa\u00fade. Com o tema \u201cOncologia com dignidade: preven\u00e7\u00e3o, [&hellip;]\" \/>\n<meta property=\"og:url\" content=\"https:\/\/rotario.com.br\/site\/saude-de-arraial-do-cabo-explica-encaminhamento-de-pacientes-com-cancer-em-palestra-da-oab\/\" \/>\n<meta property=\"og:site_name\" content=\"Rota Rio\" \/>\n<meta property=\"article:published_time\" content=\"2026-04-29T14:40:57+00:00\" \/>\n<meta property=\"article:modified_time\" content=\"2026-04-29T14:41:06+00:00\" \/>\n<meta property=\"og:image\" content=\"https:\/\/rotario.com.br\/site\/wp-content\/uploads\/2026\/04\/WhatsApp-Image-2026-04-29-at-09.44.43.jpeg\" \/>\n\t<meta property=\"og:image:width\" content=\"1012\" \/>\n\t<meta property=\"og:image:height\" content=\"688\" \/>\n\t<meta property=\"og:image:type\" content=\"image\/jpeg\" \/>\n<meta name=\"author\" content=\"Galv\u00e3o\" \/>\n<meta name=\"twitter:card\" content=\"summary_large_image\" \/>\n<meta name=\"twitter:label1\" content=\"Escrito por\" \/>\n\t<meta name=\"twitter:data1\" content=\"Galv\u00e3o\" \/>\n\t<meta name=\"twitter:label2\" content=\"Est. tempo de leitura\" \/>\n\t<meta name=\"twitter:data2\" content=\"3 minutos\" \/>\n<script type=\"application\/ld+json\" class=\"yoast-schema-graph\">{\"@context\":\"https:\/\/schema.org\",\"@graph\":[{\"@type\":\"Article\",\"@id\":\"https:\/\/rotario.com.br\/site\/saude-de-arraial-do-cabo-explica-encaminhamento-de-pacientes-com-cancer-em-palestra-da-oab\/#article\",\"isPartOf\":{\"@id\":\"https:\/\/rotario.com.br\/site\/saude-de-arraial-do-cabo-explica-encaminhamento-de-pacientes-com-cancer-em-palestra-da-oab\/\"},\"author\":{\"name\":\"Galv\u00e3o\",\"@id\":\"https:\/\/rotario.com.br\/site\/#\/schema\/person\/fd89bbbf4136f7e8a21e0dd67b8a66c7\"},\"headline\":\"Sa\u00fade de Arraial do Cabo explica encaminhamento de pacientes com c\u00e2ncer em palestra da OAB\",\"datePublished\":\"2026-04-29T14:40:57+00:00\",\"dateModified\":\"2026-04-29T14:41:06+00:00\",\"mainEntityOfPage\":{\"@id\":\"https:\/\/rotario.com.br\/site\/saude-de-arraial-do-cabo-explica-encaminhamento-de-pacientes-com-cancer-em-palestra-da-oab\/\"},\"wordCount\":405,\"commentCount\":0,\"publisher\":{\"@id\":\"https:\/\/rotario.com.br\/site\/#organization\"},\"image\":{\"@id\":\"https:\/\/rotario.com.br\/site\/saude-de-arraial-do-cabo-explica-encaminhamento-de-pacientes-com-cancer-em-palestra-da-oab\/#primaryimage\"},\"thumbnailUrl\":\"https:\/\/rotario.com.br\/site\/wp-content\/uploads\/2026\/04\/WhatsApp-Image-2026-04-29-at-09.44.43.jpeg\",\"articleSection\":[\"Arraial do Cabo\"],\"inLanguage\":\"pt-BR\",\"potentialAction\":[{\"@type\":\"CommentAction\",\"name\":\"Comment\",\"target\":[\"https:\/\/rotario.com.br\/site\/saude-de-arraial-do-cabo-explica-encaminhamento-de-pacientes-com-cancer-em-palestra-da-oab\/#respond\"]}]},{\"@type\":\"WebPage\",\"@id\":\"https:\/\/rotario.com.br\/site\/saude-de-arraial-do-cabo-explica-encaminhamento-de-pacientes-com-cancer-em-palestra-da-oab\/\",\"url\":\"https:\/\/rotario.com.br\/site\/saude-de-arraial-do-cabo-explica-encaminhamento-de-pacientes-com-cancer-em-palestra-da-oab\/\",\"name\":\"Sa\u00fade de Arraial do Cabo explica encaminhamento de pacientes com c\u00e2ncer em palestra da OAB - Rota Rio\",\"isPartOf\":{\"@id\":\"https:\/\/rotario.com.br\/site\/#website\"},\"primaryImageOfPage\":{\"@id\":\"https:\/\/rotario.com.br\/site\/saude-de-arraial-do-cabo-explica-encaminhamento-de-pacientes-com-cancer-em-palestra-da-oab\/#primaryimage\"},\"image\":{\"@id\":\"https:\/\/rotario.com.br\/site\/saude-de-arraial-do-cabo-explica-encaminhamento-de-pacientes-com-cancer-em-palestra-da-oab\/#primaryimage\"},\"thumbnailUrl\":\"https:\/\/rotario.com.br\/site\/wp-content\/uploads\/2026\/04\/WhatsApp-Image-2026-04-29-at-09.44.43.jpeg\",\"datePublished\":\"2026-04-29T14:40:57+00:00\",\"dateModified\":\"2026-04-29T14:41:06+00:00\",\"breadcrumb\":{\"@id\":\"https:\/\/rotario.com.br\/site\/saude-de-arraial-do-cabo-explica-encaminhamento-de-pacientes-com-cancer-em-palestra-da-oab\/#breadcrumb\"},\"inLanguage\":\"pt-BR\",\"potentialAction\":[{\"@type\":\"ReadAction\",\"target\":[\"https:\/\/rotario.com.br\/site\/saude-de-arraial-do-cabo-explica-encaminhamento-de-pacientes-com-cancer-em-palestra-da-oab\/\"]}]},{\"@type\":\"ImageObject\",\"inLanguage\":\"pt-BR\",\"@id\":\"https:\/\/rotario.com.br\/site\/saude-de-arraial-do-cabo-explica-encaminhamento-de-pacientes-com-cancer-em-palestra-da-oab\/#primaryimage\",\"url\":\"https:\/\/rotario.com.br\/site\/wp-content\/uploads\/2026\/04\/WhatsApp-Image-2026-04-29-at-09.44.43.jpeg\",\"contentUrl\":\"https:\/\/rotario.com.br\/site\/wp-content\/uploads\/2026\/04\/WhatsApp-Image-2026-04-29-at-09.44.43.jpeg\",\"width\":1012,\"height\":688},{\"@type\":\"BreadcrumbList\",\"@id\":\"https:\/\/rotario.com.br\/site\/saude-de-arraial-do-cabo-explica-encaminhamento-de-pacientes-com-cancer-em-palestra-da-oab\/#breadcrumb\",\"itemListElement\":[{\"@type\":\"ListItem\",\"position\":1,\"name\":\"In\u00edcio\",\"item\":\"https:\/\/rotario.com.br\/site\/\"},{\"@type\":\"ListItem\",\"position\":2,\"name\":\"Sa\u00fade de Arraial do Cabo explica encaminhamento de pacientes com c\u00e2ncer em palestra da OAB\"}]},{\"@type\":\"WebSite\",\"@id\":\"https:\/\/rotario.com.br\/site\/#website\",\"url\":\"https:\/\/rotario.com.br\/site\/\",\"name\":\"Rota Rio\",\"description\":\"Aqui, o Rio de Janeiro \u00e9 a pauta!\",\"publisher\":{\"@id\":\"https:\/\/rotario.com.br\/site\/#organization\"},\"potentialAction\":[{\"@type\":\"SearchAction\",\"target\":{\"@type\":\"EntryPoint\",\"urlTemplate\":\"https:\/\/rotario.com.br\/site\/?s={search_term_string}\"},\"query-input\":{\"@type\":\"PropertyValueSpecification\",\"valueRequired\":true,\"valueName\":\"search_term_string\"}}],\"inLanguage\":\"pt-BR\"},{\"@type\":\"Organization\",\"@id\":\"https:\/\/rotario.com.br\/site\/#organization\",\"name\":\"Rota Rio\",\"url\":\"https:\/\/rotario.com.br\/site\/\",\"logo\":{\"@type\":\"ImageObject\",\"inLanguage\":\"pt-BR\",\"@id\":\"https:\/\/rotario.com.br\/site\/#\/schema\/logo\/image\/\",\"url\":\"https:\/\/rotario.com.br\/site\/wp-content\/uploads\/2022\/04\/cropped-ROTARIO-LOGO-Prancheta-1-1-2048x654-1.png\",\"contentUrl\":\"https:\/\/rotario.com.br\/site\/wp-content\/uploads\/2022\/04\/cropped-ROTARIO-LOGO-Prancheta-1-1-2048x654-1.png\",\"width\":2048,\"height\":654,\"caption\":\"Rota Rio\"},\"image\":{\"@id\":\"https:\/\/rotario.com.br\/site\/#\/schema\/logo\/image\/\"}},{\"@type\":\"Person\",\"@id\":\"https:\/\/rotario.com.br\/site\/#\/schema\/person\/fd89bbbf4136f7e8a21e0dd67b8a66c7\",\"name\":\"Galv\u00e3o\",\"url\":\"https:\/\/rotario.com.br\/site\/author\/daniel\/\"}]}<\/script>\n<!-- \/ Yoast SEO plugin. -->","yoast_head_json":{"title":"Sa\u00fade de Arraial do Cabo explica encaminhamento de pacientes com c\u00e2ncer em palestra da OAB - Rota Rio","robots":{"index":"index","follow":"follow","max-snippet":"max-snippet:-1","max-image-preview":"max-image-preview:large","max-video-preview":"max-video-preview:-1"},"canonical":"https:\/\/rotario.com.br\/site\/saude-de-arraial-do-cabo-explica-encaminhamento-de-pacientes-com-cancer-em-palestra-da-oab\/","og_locale":"pt_BR","og_type":"article","og_title":"Sa\u00fade de Arraial do Cabo explica encaminhamento de pacientes com c\u00e2ncer em palestra da OAB - Rota Rio","og_description":"O secret\u00e1rio de Sa\u00fade de Arraial do Cabo, Jorge Diniz, participou nesta ter\u00e7a-feira (28) de um encontro promovido pela Comiss\u00e3o de Sa\u00fade da Ordem dos Advogados do Brasil, subse\u00e7\u00f5es de Cabo Frio e Arraial do Cabo, para discutir o acesso ao tratamento oncol\u00f3gico pelo Sistema \u00danico de Sa\u00fade. Com o tema \u201cOncologia com dignidade: preven\u00e7\u00e3o, [&hellip;]","og_url":"https:\/\/rotario.com.br\/site\/saude-de-arraial-do-cabo-explica-encaminhamento-de-pacientes-com-cancer-em-palestra-da-oab\/","og_site_name":"Rota Rio","article_published_time":"2026-04-29T14:40:57+00:00","article_modified_time":"2026-04-29T14:41:06+00:00","og_image":[{"width":1012,"height":688,"url":"https:\/\/rotario.com.br\/site\/wp-content\/uploads\/2026\/04\/WhatsApp-Image-2026-04-29-at-09.44.43.jpeg","type":"image\/jpeg"}],"author":"Galv\u00e3o","twitter_card":"summary_large_image","twitter_misc":{"Escrito por":"Galv\u00e3o","Est. tempo de leitura":"3 minutos"},"schema":{"@context":"https:\/\/schema.org","@graph":[{"@type":"Article","@id":"https:\/\/rotario.com.br\/site\/saude-de-arraial-do-cabo-explica-encaminhamento-de-pacientes-com-cancer-em-palestra-da-oab\/#article","isPartOf":{"@id":"https:\/\/rotario.com.br\/site\/saude-de-arraial-do-cabo-explica-encaminhamento-de-pacientes-com-cancer-em-palestra-da-oab\/"},"author":{"name":"Galv\u00e3o","@id":"https:\/\/rotario.com.br\/site\/#\/schema\/person\/fd89bbbf4136f7e8a21e0dd67b8a66c7"},"headline":"Sa\u00fade de Arraial do Cabo explica encaminhamento de pacientes com c\u00e2ncer em palestra da OAB","datePublished":"2026-04-29T14:40:57+00:00","dateModified":"2026-04-29T14:41:06+00:00","mainEntityOfPage":{"@id":"https:\/\/rotario.com.br\/site\/saude-de-arraial-do-cabo-explica-encaminhamento-de-pacientes-com-cancer-em-palestra-da-oab\/"},"wordCount":405,"commentCount":0,"publisher":{"@id":"https:\/\/rotario.com.br\/site\/#organization"},"image":{"@id":"https:\/\/rotario.com.br\/site\/saude-de-arraial-do-cabo-explica-encaminhamento-de-pacientes-com-cancer-em-palestra-da-oab\/#primaryimage"},"thumbnailUrl":"https:\/\/rotario.com.br\/site\/wp-content\/uploads\/2026\/04\/WhatsApp-Image-2026-04-29-at-09.44.43.jpeg","articleSection":["Arraial do Cabo"],"inLanguage":"pt-BR","potentialAction":[{"@type":"CommentAction","name":"Comment","target":["https:\/\/rotario.com.br\/site\/saude-de-arraial-do-cabo-explica-encaminhamento-de-pacientes-com-cancer-em-palestra-da-oab\/#respond"]}]},{"@type":"WebPage","@id":"https:\/\/rotario.com.br\/site\/saude-de-arraial-do-cabo-explica-encaminhamento-de-pacientes-com-cancer-em-palestra-da-oab\/","url":"https:\/\/rotario.com.br\/site\/saude-de-arraial-do-cabo-explica-encaminhamento-de-pacientes-com-cancer-em-palestra-da-oab\/","name":"Sa\u00fade de Arraial do Cabo explica encaminhamento de pacientes com c\u00e2ncer em palestra da OAB - Rota Rio","isPartOf":{"@id":"https:\/\/rotario.com.br\/site\/#website"},"primaryImageOfPage":{"@id":"https:\/\/rotario.com.br\/site\/saude-de-arraial-do-cabo-explica-encaminhamento-de-pacientes-com-cancer-em-palestra-da-oab\/#primaryimage"},"image":{"@id":"https:\/\/rotario.com.br\/site\/saude-de-arraial-do-cabo-explica-encaminhamento-de-pacientes-com-cancer-em-palestra-da-oab\/#primaryimage"},"thumbnailUrl":"https:\/\/rotario.com.br\/site\/wp-content\/uploads\/2026\/04\/WhatsApp-Image-2026-04-29-at-09.44.43.jpeg","datePublished":"2026-04-29T14:40:57+00:00","dateModified":"2026-04-29T14:41:06+00:00","breadcrumb":{"@id":"https:\/\/rotario.com.br\/site\/saude-de-arraial-do-cabo-explica-encaminhamento-de-pacientes-com-cancer-em-palestra-da-oab\/#breadcrumb"},"inLanguage":"pt-BR","potentialAction":[{"@type":"ReadAction","target":["https:\/\/rotario.com.br\/site\/saude-de-arraial-do-cabo-explica-encaminhamento-de-pacientes-com-cancer-em-palestra-da-oab\/"]}]},{"@type":"ImageObject","inLanguage":"pt-BR","@id":"https:\/\/rotario.com.br\/site\/saude-de-arraial-do-cabo-explica-encaminhamento-de-pacientes-com-cancer-em-palestra-da-oab\/#primaryimage","url":"https:\/\/rotario.com.br\/site\/wp-content\/uploads\/2026\/04\/WhatsApp-Image-2026-04-29-at-09.44.43.jpeg","contentUrl":"https:\/\/rotario.com.br\/site\/wp-content\/uploads\/2026\/04\/WhatsApp-Image-2026-04-29-at-09.44.43.jpeg","width":1012,"height":688},{"@type":"BreadcrumbList","@id":"https:\/\/rotario.com.br\/site\/saude-de-arraial-do-cabo-explica-encaminhamento-de-pacientes-com-cancer-em-palestra-da-oab\/#breadcrumb","itemListElement":[{"@type":"ListItem","position":1,"name":"In\u00edcio","item":"https:\/\/rotario.com.br\/site\/"},{"@type":"ListItem","position":2,"name":"Sa\u00fade de Arraial do Cabo explica encaminhamento de pacientes com c\u00e2ncer em palestra da OAB"}]},{"@type":"WebSite","@id":"https:\/\/rotario.com.br\/site\/#website","url":"https:\/\/rotario.com.br\/site\/","name":"Rota Rio","description":"Aqui, o Rio de Janeiro \u00e9 a pauta!","publisher":{"@id":"https:\/\/rotario.com.br\/site\/#organization"},"potentialAction":[{"@type":"SearchAction","target":{"@type":"EntryPoint","urlTemplate":"https:\/\/rotario.com.br\/site\/?s={search_term_string}"},"query-input":{"@type":"PropertyValueSpecification","valueRequired":true,"valueName":"search_term_string"}}],"inLanguage":"pt-BR"},{"@type":"Organization","@id":"https:\/\/rotario.com.br\/site\/#organization","name":"Rota Rio","url":"https:\/\/rotario.com.br\/site\/","logo":{"@type":"ImageObject","inLanguage":"pt-BR","@id":"https:\/\/rotario.com.br\/site\/#\/schema\/logo\/image\/","url":"https:\/\/rotario.com.br\/site\/wp-content\/uploads\/2022\/04\/cropped-ROTARIO-LOGO-Prancheta-1-1-2048x654-1.png","contentUrl":"https:\/\/rotario.com.br\/site\/wp-content\/uploads\/2022\/04\/cropped-ROTARIO-LOGO-Prancheta-1-1-2048x654-1.png","width":2048,"height":654,"caption":"Rota Rio"},"image":{"@id":"https:\/\/rotario.com.br\/site\/#\/schema\/logo\/image\/"}},{"@type":"Person","@id":"https:\/\/rotario.com.br\/site\/#\/schema\/person\/fd89bbbf4136f7e8a21e0dd67b8a66c7","name":"Galv\u00e3o","url":"https:\/\/rotario.com.br\/site\/author\/daniel\/"}]}},"_links":{"self":[{"href":"https:\/\/rotario.com.br\/site\/wp-json\/wp\/v2\/posts\/35725","targetHints":{"allow":["GET"]}}],"collection":[{"href":"https:\/\/rotario.com.br\/site\/wp-json\/wp\/v2\/posts"}],"about":[{"href":"https:\/\/rotario.com.br\/site\/wp-json\/wp\/v2\/types\/post"}],"author":[{"embeddable":true,"href":"https:\/\/rotario.com.br\/site\/wp-json\/wp\/v2\/users\/2"}],"replies":[{"embeddable":true,"href":"https:\/\/rotario.com.br\/site\/wp-json\/wp\/v2\/comments?post=35725"}],"version-history":[{"count":1,"href":"https:\/\/rotario.com.br\/site\/wp-json\/wp\/v2\/posts\/35725\/revisions"}],"predecessor-version":[{"id":35731,"href":"https:\/\/rotario.com.br\/site\/wp-json\/wp\/v2\/posts\/35725\/revisions\/35731"}],"wp:featuredmedia":[{"embeddable":true,"href":"https:\/\/rotario.com.br\/site\/wp-json\/wp\/v2\/media\/35730"}],"wp:attachment":[{"href":"https:\/\/rotario.com.br\/site\/wp-json\/wp\/v2\/media?parent=35725"}],"wp:term":[{"taxonomy":"category","embeddable":true,"href":"https:\/\/rotario.com.br\/site\/wp-json\/wp\/v2\/categories?post=35725"},{"taxonomy":"post_tag","embeddable":true,"href":"https:\/\/rotario.com.br\/site\/wp-json\/wp\/v2\/tags?post=35725"}],"curies":[{"name":"wp","href":"https:\/\/api.w.org\/{rel}","templated":true}]}}