{"id":35732,"date":"2026-04-29T12:35:46","date_gmt":"2026-04-29T15:35:46","guid":{"rendered":"https:\/\/rotario.com.br\/site\/?p=35732"},"modified":"2026-04-29T12:35:55","modified_gmt":"2026-04-29T15:35:55","slug":"bailarinas-do-centro-de-formacao-artistica-de-rio-das-ostras-se-apresentam-em-arraial","status":"publish","type":"post","link":"https:\/\/rotario.com.br\/site\/bailarinas-do-centro-de-formacao-artistica-de-rio-das-ostras-se-apresentam-em-arraial\/","title":{"rendered":"Bailarinas do Centro de Forma\u00e7\u00e3o Art\u00edstica de Rio das Ostras se apresentam em Arraial"},"content":{"rendered":"\n<p>Realizada em Arraial do Cabo na \u00faltima semana, a 1\u00aa Mostra Regional de Dan\u00e7a contou com a participa\u00e7\u00e3o de representantes de Rio das Ostras, atrav\u00e9s do Centro de Forma\u00e7\u00e3o Art\u00edstica em M\u00fasica, Dan\u00e7a e Teatro, a popular Onda.<\/p>\n\n\n\n<p>O munic\u00edpio foi representado pelas bailarinas Ana Luiza de Paula, Adriany Mendon\u00e7a e Bruna Verlingue, estudantes da Onda, que mostraram um pouco do resultado do aprendizado art\u00edstico durante suas apresenta\u00e7\u00f5es.<\/p>\n\n\n\n<p>Ao todo, as bailarinas apresentaram 3 coreografias, com o solo \u201cLa File Mal Gard\u00e9e\u201d, de Ana Luiza de Paula, e o duo jazz \u201cO \u00daltimo Ato\u201d e o duo cl\u00e1ssico livre \u201cCinegen\u00e9tica\u201d, de Adriany Mendon\u00e7a e Bruna Verlingue.<\/p>\n\n\n\n<p>\u201cPara mim, foi mais uma experi\u00eancia positiva, com a estreia de um duo novo de neocl\u00e1ssico e jazz em outro munic\u00edpio. Que venham mais oportunidades, e que estejamos sempre presentes, \u00e9 uma honra poder levar o nome do Centro de Forma\u00e7\u00e3o Art\u00edstica de Rio das Ostras para outros lugares\u201d, contou a jovem Adriany Mendon\u00e7a.<\/p>\n\n\n\n<p>As apresenta\u00e7\u00f5es aconteceram no palco montado na Pra\u00e7a Victorino Carri\u00e7o, tamb\u00e9m conhecida como Pra\u00e7a do Sindicato, no Centro, contando com a participa\u00e7\u00e3o de cerca de 180 bailarinos e bailarinas de 14 escolas de dan\u00e7a da regi\u00e3o.<\/p>\n\n\n\n<p>Al\u00e9m da Onda, de Rio das Ostras, participaram tamb\u00e9m institui\u00e7\u00f5es dos munic\u00edpios de Casimiro de Abreu, Saquarema, Cabo Frio, Arma\u00e7\u00e3o dos B\u00fazios e Arraial do Cabo, celebrando o Dia Internacional da Dan\u00e7a, comemorado nessa quarta-feira, 29.<\/p>\n\n\n\n<p>Durante o evento, o p\u00fablico acompanhou ainda apresenta\u00e7\u00f5es de diversas modalidades de dan\u00e7a, como bal\u00e9 cl\u00e1ssico, jazz, charme, dan\u00e7a contempor\u00e2nea, dan\u00e7a do ventre e dan\u00e7as urbanas, valorizando o talento de artistas locais.<\/p>\n\n\n\n<p>\u201cEncerramos esse evento com muita alegria. Recebemos participantes de toda a Regi\u00e3o da Costa do Sol e vimos um clima muito familiar, com a popula\u00e7\u00e3o prestigiando a arte com carinho e entusiasmo. J\u00e1 estamos nos preparando para a pr\u00f3xima programa\u00e7\u00e3o, com a realiza\u00e7\u00e3o da Semana Marearte\u201d, avaliou a secret\u00e1ria de Cultura e Economia Criativa de Arraial do Cabo, Ingrid Pendle.<\/p>\n","protected":false},"excerpt":{"rendered":"<p>Realizada em Arraial do Cabo na \u00faltima semana, a 1\u00aa Mostra Regional de Dan\u00e7a contou com a participa\u00e7\u00e3o de representantes de Rio das Ostras, atrav\u00e9s do Centro de Forma\u00e7\u00e3o Art\u00edstica em M\u00fasica, Dan\u00e7a e Teatro, a popular Onda. O munic\u00edpio foi representado pelas bailarinas Ana Luiza de Paula, Adriany Mendon\u00e7a e Bruna Verlingue, estudantes da [&hellip;]<\/p>\n","protected":false},"author":2,"featured_media":35733,"comment_status":"open","ping_status":"closed","sticky":false,"template":"","format":"standard","meta":{"footnotes":""},"categories":[114,122,32],"tags":[2782],"class_list":["post-35732","post","type-post","status-publish","format-standard","has-post-thumbnail","hentry","category-arraial-do-cabo-costa-do-sol","category-rio-das-ostras-costa-do-sol","category-rio-das-ostras","tag-mostra-regional-de-danca"],"yoast_head":"<!-- This site is optimized with the Yoast SEO plugin v26.5 - https:\/\/yoast.com\/wordpress\/plugins\/seo\/ -->\n<title>Bailarinas do Centro de Forma\u00e7\u00e3o Art\u00edstica de Rio das Ostras se apresentam em Arraial - Rota Rio<\/title>\n<meta name=\"robots\" content=\"index, follow, max-snippet:-1, max-image-preview:large, max-video-preview:-1\" \/>\n<link rel=\"canonical\" href=\"https:\/\/rotario.com.br\/site\/bailarinas-do-centro-de-formacao-artistica-de-rio-das-ostras-se-apresentam-em-arraial\/\" \/>\n<meta property=\"og:locale\" content=\"pt_BR\" \/>\n<meta property=\"og:type\" content=\"article\" \/>\n<meta property=\"og:title\" content=\"Bailarinas do Centro de Forma\u00e7\u00e3o Art\u00edstica de Rio das Ostras se apresentam em Arraial - Rota Rio\" \/>\n<meta property=\"og:description\" content=\"Realizada em Arraial do Cabo na \u00faltima semana, a 1\u00aa Mostra Regional de Dan\u00e7a contou com a participa\u00e7\u00e3o de representantes de Rio das Ostras, atrav\u00e9s do Centro de Forma\u00e7\u00e3o Art\u00edstica em M\u00fasica, Dan\u00e7a e Teatro, a popular Onda. O munic\u00edpio foi representado pelas bailarinas Ana Luiza de Paula, Adriany Mendon\u00e7a e Bruna Verlingue, estudantes da [&hellip;]\" \/>\n<meta property=\"og:url\" content=\"https:\/\/rotario.com.br\/site\/bailarinas-do-centro-de-formacao-artistica-de-rio-das-ostras-se-apresentam-em-arraial\/\" \/>\n<meta property=\"og:site_name\" content=\"Rota Rio\" \/>\n<meta property=\"article:published_time\" content=\"2026-04-29T15:35:46+00:00\" \/>\n<meta property=\"article:modified_time\" content=\"2026-04-29T15:35:55+00:00\" \/>\n<meta property=\"og:image\" content=\"https:\/\/rotario.com.br\/site\/wp-content\/uploads\/2026\/04\/WhatsApp-Image-2026-04-29-at-12.03.24.jpeg\" \/>\n\t<meta property=\"og:image:width\" content=\"800\" \/>\n\t<meta property=\"og:image:height\" content=\"600\" \/>\n\t<meta property=\"og:image:type\" content=\"image\/jpeg\" \/>\n<meta name=\"author\" content=\"Galv\u00e3o\" \/>\n<meta name=\"twitter:card\" content=\"summary_large_image\" \/>\n<meta name=\"twitter:label1\" content=\"Escrito por\" \/>\n\t<meta name=\"twitter:data1\" content=\"Galv\u00e3o\" \/>\n\t<meta name=\"twitter:label2\" content=\"Est. tempo de leitura\" \/>\n\t<meta name=\"twitter:data2\" content=\"2 minutos\" \/>\n<script type=\"application\/ld+json\" class=\"yoast-schema-graph\">{\"@context\":\"https:\/\/schema.org\",\"@graph\":[{\"@type\":\"Article\",\"@id\":\"https:\/\/rotario.com.br\/site\/bailarinas-do-centro-de-formacao-artistica-de-rio-das-ostras-se-apresentam-em-arraial\/#article\",\"isPartOf\":{\"@id\":\"https:\/\/rotario.com.br\/site\/bailarinas-do-centro-de-formacao-artistica-de-rio-das-ostras-se-apresentam-em-arraial\/\"},\"author\":{\"name\":\"Galv\u00e3o\",\"@id\":\"https:\/\/rotario.com.br\/site\/#\/schema\/person\/fd89bbbf4136f7e8a21e0dd67b8a66c7\"},\"headline\":\"Bailarinas do Centro de Forma\u00e7\u00e3o Art\u00edstica de Rio das Ostras se apresentam em Arraial\",\"datePublished\":\"2026-04-29T15:35:46+00:00\",\"dateModified\":\"2026-04-29T15:35:55+00:00\",\"mainEntityOfPage\":{\"@id\":\"https:\/\/rotario.com.br\/site\/bailarinas-do-centro-de-formacao-artistica-de-rio-das-ostras-se-apresentam-em-arraial\/\"},\"wordCount\":384,\"commentCount\":0,\"publisher\":{\"@id\":\"https:\/\/rotario.com.br\/site\/#organization\"},\"image\":{\"@id\":\"https:\/\/rotario.com.br\/site\/bailarinas-do-centro-de-formacao-artistica-de-rio-das-ostras-se-apresentam-em-arraial\/#primaryimage\"},\"thumbnailUrl\":\"https:\/\/rotario.com.br\/site\/wp-content\/uploads\/2026\/04\/WhatsApp-Image-2026-04-29-at-12.03.24.jpeg\",\"keywords\":[\"Mostra Regional de Dan\u00e7a\"],\"articleSection\":[\"Arraial do Cabo\",\"Rio das Ostras\",\"Rio das Ostras\"],\"inLanguage\":\"pt-BR\",\"potentialAction\":[{\"@type\":\"CommentAction\",\"name\":\"Comment\",\"target\":[\"https:\/\/rotario.com.br\/site\/bailarinas-do-centro-de-formacao-artistica-de-rio-das-ostras-se-apresentam-em-arraial\/#respond\"]}]},{\"@type\":\"WebPage\",\"@id\":\"https:\/\/rotario.com.br\/site\/bailarinas-do-centro-de-formacao-artistica-de-rio-das-ostras-se-apresentam-em-arraial\/\",\"url\":\"https:\/\/rotario.com.br\/site\/bailarinas-do-centro-de-formacao-artistica-de-rio-das-ostras-se-apresentam-em-arraial\/\",\"name\":\"Bailarinas do Centro de Forma\u00e7\u00e3o Art\u00edstica de Rio das Ostras se apresentam em Arraial - Rota Rio\",\"isPartOf\":{\"@id\":\"https:\/\/rotario.com.br\/site\/#website\"},\"primaryImageOfPage\":{\"@id\":\"https:\/\/rotario.com.br\/site\/bailarinas-do-centro-de-formacao-artistica-de-rio-das-ostras-se-apresentam-em-arraial\/#primaryimage\"},\"image\":{\"@id\":\"https:\/\/rotario.com.br\/site\/bailarinas-do-centro-de-formacao-artistica-de-rio-das-ostras-se-apresentam-em-arraial\/#primaryimage\"},\"thumbnailUrl\":\"https:\/\/rotario.com.br\/site\/wp-content\/uploads\/2026\/04\/WhatsApp-Image-2026-04-29-at-12.03.24.jpeg\",\"datePublished\":\"2026-04-29T15:35:46+00:00\",\"dateModified\":\"2026-04-29T15:35:55+00:00\",\"breadcrumb\":{\"@id\":\"https:\/\/rotario.com.br\/site\/bailarinas-do-centro-de-formacao-artistica-de-rio-das-ostras-se-apresentam-em-arraial\/#breadcrumb\"},\"inLanguage\":\"pt-BR\",\"potentialAction\":[{\"@type\":\"ReadAction\",\"target\":[\"https:\/\/rotario.com.br\/site\/bailarinas-do-centro-de-formacao-artistica-de-rio-das-ostras-se-apresentam-em-arraial\/\"]}]},{\"@type\":\"ImageObject\",\"inLanguage\":\"pt-BR\",\"@id\":\"https:\/\/rotario.com.br\/site\/bailarinas-do-centro-de-formacao-artistica-de-rio-das-ostras-se-apresentam-em-arraial\/#primaryimage\",\"url\":\"https:\/\/rotario.com.br\/site\/wp-content\/uploads\/2026\/04\/WhatsApp-Image-2026-04-29-at-12.03.24.jpeg\",\"contentUrl\":\"https:\/\/rotario.com.br\/site\/wp-content\/uploads\/2026\/04\/WhatsApp-Image-2026-04-29-at-12.03.24.jpeg\",\"width\":800,\"height\":600},{\"@type\":\"BreadcrumbList\",\"@id\":\"https:\/\/rotario.com.br\/site\/bailarinas-do-centro-de-formacao-artistica-de-rio-das-ostras-se-apresentam-em-arraial\/#breadcrumb\",\"itemListElement\":[{\"@type\":\"ListItem\",\"position\":1,\"name\":\"In\u00edcio\",\"item\":\"https:\/\/rotario.com.br\/site\/\"},{\"@type\":\"ListItem\",\"position\":2,\"name\":\"Bailarinas do Centro de Forma\u00e7\u00e3o Art\u00edstica de Rio das Ostras se apresentam em Arraial\"}]},{\"@type\":\"WebSite\",\"@id\":\"https:\/\/rotario.com.br\/site\/#website\",\"url\":\"https:\/\/rotario.com.br\/site\/\",\"name\":\"Rota Rio\",\"description\":\"Aqui, o Rio de Janeiro \u00e9 a pauta!\",\"publisher\":{\"@id\":\"https:\/\/rotario.com.br\/site\/#organization\"},\"potentialAction\":[{\"@type\":\"SearchAction\",\"target\":{\"@type\":\"EntryPoint\",\"urlTemplate\":\"https:\/\/rotario.com.br\/site\/?s={search_term_string}\"},\"query-input\":{\"@type\":\"PropertyValueSpecification\",\"valueRequired\":true,\"valueName\":\"search_term_string\"}}],\"inLanguage\":\"pt-BR\"},{\"@type\":\"Organization\",\"@id\":\"https:\/\/rotario.com.br\/site\/#organization\",\"name\":\"Rota Rio\",\"url\":\"https:\/\/rotario.com.br\/site\/\",\"logo\":{\"@type\":\"ImageObject\",\"inLanguage\":\"pt-BR\",\"@id\":\"https:\/\/rotario.com.br\/site\/#\/schema\/logo\/image\/\",\"url\":\"https:\/\/rotario.com.br\/site\/wp-content\/uploads\/2022\/04\/cropped-ROTARIO-LOGO-Prancheta-1-1-2048x654-1.png\",\"contentUrl\":\"https:\/\/rotario.com.br\/site\/wp-content\/uploads\/2022\/04\/cropped-ROTARIO-LOGO-Prancheta-1-1-2048x654-1.png\",\"width\":2048,\"height\":654,\"caption\":\"Rota Rio\"},\"image\":{\"@id\":\"https:\/\/rotario.com.br\/site\/#\/schema\/logo\/image\/\"}},{\"@type\":\"Person\",\"@id\":\"https:\/\/rotario.com.br\/site\/#\/schema\/person\/fd89bbbf4136f7e8a21e0dd67b8a66c7\",\"name\":\"Galv\u00e3o\",\"url\":\"https:\/\/rotario.com.br\/site\/author\/daniel\/\"}]}<\/script>\n<!-- \/ Yoast SEO plugin. -->","yoast_head_json":{"title":"Bailarinas do Centro de Forma\u00e7\u00e3o Art\u00edstica de Rio das Ostras se apresentam em Arraial - Rota Rio","robots":{"index":"index","follow":"follow","max-snippet":"max-snippet:-1","max-image-preview":"max-image-preview:large","max-video-preview":"max-video-preview:-1"},"canonical":"https:\/\/rotario.com.br\/site\/bailarinas-do-centro-de-formacao-artistica-de-rio-das-ostras-se-apresentam-em-arraial\/","og_locale":"pt_BR","og_type":"article","og_title":"Bailarinas do Centro de Forma\u00e7\u00e3o Art\u00edstica de Rio das Ostras se apresentam em Arraial - Rota Rio","og_description":"Realizada em Arraial do Cabo na \u00faltima semana, a 1\u00aa Mostra Regional de Dan\u00e7a contou com a participa\u00e7\u00e3o de representantes de Rio das Ostras, atrav\u00e9s do Centro de Forma\u00e7\u00e3o Art\u00edstica em M\u00fasica, Dan\u00e7a e Teatro, a popular Onda. O munic\u00edpio foi representado pelas bailarinas Ana Luiza de Paula, Adriany Mendon\u00e7a e Bruna Verlingue, estudantes da [&hellip;]","og_url":"https:\/\/rotario.com.br\/site\/bailarinas-do-centro-de-formacao-artistica-de-rio-das-ostras-se-apresentam-em-arraial\/","og_site_name":"Rota Rio","article_published_time":"2026-04-29T15:35:46+00:00","article_modified_time":"2026-04-29T15:35:55+00:00","og_image":[{"width":800,"height":600,"url":"https:\/\/rotario.com.br\/site\/wp-content\/uploads\/2026\/04\/WhatsApp-Image-2026-04-29-at-12.03.24.jpeg","type":"image\/jpeg"}],"author":"Galv\u00e3o","twitter_card":"summary_large_image","twitter_misc":{"Escrito por":"Galv\u00e3o","Est. tempo de leitura":"2 minutos"},"schema":{"@context":"https:\/\/schema.org","@graph":[{"@type":"Article","@id":"https:\/\/rotario.com.br\/site\/bailarinas-do-centro-de-formacao-artistica-de-rio-das-ostras-se-apresentam-em-arraial\/#article","isPartOf":{"@id":"https:\/\/rotario.com.br\/site\/bailarinas-do-centro-de-formacao-artistica-de-rio-das-ostras-se-apresentam-em-arraial\/"},"author":{"name":"Galv\u00e3o","@id":"https:\/\/rotario.com.br\/site\/#\/schema\/person\/fd89bbbf4136f7e8a21e0dd67b8a66c7"},"headline":"Bailarinas do Centro de Forma\u00e7\u00e3o Art\u00edstica de Rio das Ostras se apresentam em Arraial","datePublished":"2026-04-29T15:35:46+00:00","dateModified":"2026-04-29T15:35:55+00:00","mainEntityOfPage":{"@id":"https:\/\/rotario.com.br\/site\/bailarinas-do-centro-de-formacao-artistica-de-rio-das-ostras-se-apresentam-em-arraial\/"},"wordCount":384,"commentCount":0,"publisher":{"@id":"https:\/\/rotario.com.br\/site\/#organization"},"image":{"@id":"https:\/\/rotario.com.br\/site\/bailarinas-do-centro-de-formacao-artistica-de-rio-das-ostras-se-apresentam-em-arraial\/#primaryimage"},"thumbnailUrl":"https:\/\/rotario.com.br\/site\/wp-content\/uploads\/2026\/04\/WhatsApp-Image-2026-04-29-at-12.03.24.jpeg","keywords":["Mostra Regional de Dan\u00e7a"],"articleSection":["Arraial do Cabo","Rio das Ostras","Rio das Ostras"],"inLanguage":"pt-BR","potentialAction":[{"@type":"CommentAction","name":"Comment","target":["https:\/\/rotario.com.br\/site\/bailarinas-do-centro-de-formacao-artistica-de-rio-das-ostras-se-apresentam-em-arraial\/#respond"]}]},{"@type":"WebPage","@id":"https:\/\/rotario.com.br\/site\/bailarinas-do-centro-de-formacao-artistica-de-rio-das-ostras-se-apresentam-em-arraial\/","url":"https:\/\/rotario.com.br\/site\/bailarinas-do-centro-de-formacao-artistica-de-rio-das-ostras-se-apresentam-em-arraial\/","name":"Bailarinas do Centro de Forma\u00e7\u00e3o Art\u00edstica de Rio das Ostras se apresentam em Arraial - Rota Rio","isPartOf":{"@id":"https:\/\/rotario.com.br\/site\/#website"},"primaryImageOfPage":{"@id":"https:\/\/rotario.com.br\/site\/bailarinas-do-centro-de-formacao-artistica-de-rio-das-ostras-se-apresentam-em-arraial\/#primaryimage"},"image":{"@id":"https:\/\/rotario.com.br\/site\/bailarinas-do-centro-de-formacao-artistica-de-rio-das-ostras-se-apresentam-em-arraial\/#primaryimage"},"thumbnailUrl":"https:\/\/rotario.com.br\/site\/wp-content\/uploads\/2026\/04\/WhatsApp-Image-2026-04-29-at-12.03.24.jpeg","datePublished":"2026-04-29T15:35:46+00:00","dateModified":"2026-04-29T15:35:55+00:00","breadcrumb":{"@id":"https:\/\/rotario.com.br\/site\/bailarinas-do-centro-de-formacao-artistica-de-rio-das-ostras-se-apresentam-em-arraial\/#breadcrumb"},"inLanguage":"pt-BR","potentialAction":[{"@type":"ReadAction","target":["https:\/\/rotario.com.br\/site\/bailarinas-do-centro-de-formacao-artistica-de-rio-das-ostras-se-apresentam-em-arraial\/"]}]},{"@type":"ImageObject","inLanguage":"pt-BR","@id":"https:\/\/rotario.com.br\/site\/bailarinas-do-centro-de-formacao-artistica-de-rio-das-ostras-se-apresentam-em-arraial\/#primaryimage","url":"https:\/\/rotario.com.br\/site\/wp-content\/uploads\/2026\/04\/WhatsApp-Image-2026-04-29-at-12.03.24.jpeg","contentUrl":"https:\/\/rotario.com.br\/site\/wp-content\/uploads\/2026\/04\/WhatsApp-Image-2026-04-29-at-12.03.24.jpeg","width":800,"height":600},{"@type":"BreadcrumbList","@id":"https:\/\/rotario.com.br\/site\/bailarinas-do-centro-de-formacao-artistica-de-rio-das-ostras-se-apresentam-em-arraial\/#breadcrumb","itemListElement":[{"@type":"ListItem","position":1,"name":"In\u00edcio","item":"https:\/\/rotario.com.br\/site\/"},{"@type":"ListItem","position":2,"name":"Bailarinas do Centro de Forma\u00e7\u00e3o Art\u00edstica de Rio das Ostras se apresentam em Arraial"}]},{"@type":"WebSite","@id":"https:\/\/rotario.com.br\/site\/#website","url":"https:\/\/rotario.com.br\/site\/","name":"Rota Rio","description":"Aqui, o Rio de Janeiro \u00e9 a pauta!","publisher":{"@id":"https:\/\/rotario.com.br\/site\/#organization"},"potentialAction":[{"@type":"SearchAction","target":{"@type":"EntryPoint","urlTemplate":"https:\/\/rotario.com.br\/site\/?s={search_term_string}"},"query-input":{"@type":"PropertyValueSpecification","valueRequired":true,"valueName":"search_term_string"}}],"inLanguage":"pt-BR"},{"@type":"Organization","@id":"https:\/\/rotario.com.br\/site\/#organization","name":"Rota Rio","url":"https:\/\/rotario.com.br\/site\/","logo":{"@type":"ImageObject","inLanguage":"pt-BR","@id":"https:\/\/rotario.com.br\/site\/#\/schema\/logo\/image\/","url":"https:\/\/rotario.com.br\/site\/wp-content\/uploads\/2022\/04\/cropped-ROTARIO-LOGO-Prancheta-1-1-2048x654-1.png","contentUrl":"https:\/\/rotario.com.br\/site\/wp-content\/uploads\/2022\/04\/cropped-ROTARIO-LOGO-Prancheta-1-1-2048x654-1.png","width":2048,"height":654,"caption":"Rota Rio"},"image":{"@id":"https:\/\/rotario.com.br\/site\/#\/schema\/logo\/image\/"}},{"@type":"Person","@id":"https:\/\/rotario.com.br\/site\/#\/schema\/person\/fd89bbbf4136f7e8a21e0dd67b8a66c7","name":"Galv\u00e3o","url":"https:\/\/rotario.com.br\/site\/author\/daniel\/"}]}},"_links":{"self":[{"href":"https:\/\/rotario.com.br\/site\/wp-json\/wp\/v2\/posts\/35732","targetHints":{"allow":["GET"]}}],"collection":[{"href":"https:\/\/rotario.com.br\/site\/wp-json\/wp\/v2\/posts"}],"about":[{"href":"https:\/\/rotario.com.br\/site\/wp-json\/wp\/v2\/types\/post"}],"author":[{"embeddable":true,"href":"https:\/\/rotario.com.br\/site\/wp-json\/wp\/v2\/users\/2"}],"replies":[{"embeddable":true,"href":"https:\/\/rotario.com.br\/site\/wp-json\/wp\/v2\/comments?post=35732"}],"version-history":[{"count":1,"href":"https:\/\/rotario.com.br\/site\/wp-json\/wp\/v2\/posts\/35732\/revisions"}],"predecessor-version":[{"id":35734,"href":"https:\/\/rotario.com.br\/site\/wp-json\/wp\/v2\/posts\/35732\/revisions\/35734"}],"wp:featuredmedia":[{"embeddable":true,"href":"https:\/\/rotario.com.br\/site\/wp-json\/wp\/v2\/media\/35733"}],"wp:attachment":[{"href":"https:\/\/rotario.com.br\/site\/wp-json\/wp\/v2\/media?parent=35732"}],"wp:term":[{"taxonomy":"category","embeddable":true,"href":"https:\/\/rotario.com.br\/site\/wp-json\/wp\/v2\/categories?post=35732"},{"taxonomy":"post_tag","embeddable":true,"href":"https:\/\/rotario.com.br\/site\/wp-json\/wp\/v2\/tags?post=35732"}],"curies":[{"name":"wp","href":"https:\/\/api.w.org\/{rel}","templated":true}]}}