{"id":35751,"date":"2026-04-29T17:34:11","date_gmt":"2026-04-29T20:34:11","guid":{"rendered":"https:\/\/rotario.com.br\/site\/?p=35751"},"modified":"2026-04-29T17:34:19","modified_gmt":"2026-04-29T20:34:19","slug":"evento-gastronomico-reforca-valorizacao-da-cultura-e-dos-sabores-de-rio-das-ostras","status":"publish","type":"post","link":"https:\/\/rotario.com.br\/site\/evento-gastronomico-reforca-valorizacao-da-cultura-e-dos-sabores-de-rio-das-ostras\/","title":{"rendered":"Evento gastron\u00f4mico refor\u00e7a valoriza\u00e7\u00e3o da cultura e dos sabores de Rio das Ostras"},"content":{"rendered":"\n<p>O N\u00facleo Gourmet de Rio das Ostras lan\u00e7ou, nessa ter\u00e7a-feira, 28 de abril, o Circuito Frutos da Terra, evento gastron\u00f4mico que promete celebrar os sabores locais, refor\u00e7ando a valoriza\u00e7\u00e3o da hist\u00f3ria e da identidade do munic\u00edpio.<\/p>\n\n\n\n<p>Realizado no Caf\u00e9 Melanina, em Costazul, o lan\u00e7amento contou com a presen\u00e7a do presidente do N\u00facleo Gourmet, Allan Barros, do subsecret\u00e1rio de Desenvolvimento Econ\u00f4mico e Turismo, Rodrigo Peleteiro (DC), da presidente da Funda\u00e7\u00e3o Rio das Ostras de Cultura (Froc), Rosemarie Teixeira, e do secret\u00e1rio de Comunica\u00e7\u00e3o Social, Andr\u00e9 Cabral.<\/p>\n\n\n\n<p>Al\u00e9m da apresenta\u00e7\u00e3o de diversos pratos criados especialmente para o festival, o evento marcou tamb\u00e9m o an\u00fancio da data do Circuito Frutos da Terra, que come\u00e7a j\u00e1 nessa segunda-feira, 4 de maio, com uma programa\u00e7\u00e3o que segue at\u00e9 o dia 31 de maio.<\/p>\n\n\n\n<p>Ao todo, ser\u00e3o 10 estabelecimentos comerciais da cidade, entre bares, caf\u00e9, restaurantes e hamburguerias associadas ao N\u00facleo Gourmet, oferecendo experi\u00eancias gastron\u00f4micas que valorizam a cultural e a gastronomia local.<\/p>\n\n\n\n<p>Entre os participantes estar\u00e3o, al\u00e9m do pr\u00f3prio Caf\u00e9 Melanina, Paiol, Vila Portuguesa, Restaurante Bossa, Degusta Culin\u00e1ria Mexicana, Paradiso Gastronomia, Bartr\u00f4 Restaurante e Bistr\u00f4, Dom Flaus, Nonna Cantina e Pizzaria.<\/p>\n\n\n\n<p>Segundo o presidente do N\u00facleo Gourmet, a realiza\u00e7\u00e3o do Circuito Frutos da Terra marca uma retomada ideia que foi abra\u00e7ada por todos os estabelecimentos associados, que se mobilizaram para transformar o evento em realidade, al\u00e9m do apoio da prefeitura e da Froc.<\/p>\n","protected":false},"excerpt":{"rendered":"<p>O N\u00facleo Gourmet de Rio das Ostras lan\u00e7ou, nessa ter\u00e7a-feira, 28 de abril, o Circuito Frutos da Terra, evento gastron\u00f4mico que promete celebrar os sabores locais, refor\u00e7ando a valoriza\u00e7\u00e3o da hist\u00f3ria e da identidade do munic\u00edpio. Realizado no Caf\u00e9 Melanina, em Costazul, o lan\u00e7amento contou com a presen\u00e7a do presidente do N\u00facleo Gourmet, Allan Barros, [&hellip;]<\/p>\n","protected":false},"author":2,"featured_media":35752,"comment_status":"open","ping_status":"closed","sticky":false,"template":"","format":"standard","meta":{"footnotes":""},"categories":[32],"tags":[2783],"class_list":["post-35751","post","type-post","status-publish","format-standard","has-post-thumbnail","hentry","category-rio-das-ostras","tag-circuito-frutos-da-terra"],"yoast_head":"<!-- This site is optimized with the Yoast SEO plugin v26.5 - https:\/\/yoast.com\/wordpress\/plugins\/seo\/ -->\n<title>Evento gastron\u00f4mico refor\u00e7a valoriza\u00e7\u00e3o da cultura e dos sabores de Rio das Ostras - Rota Rio<\/title>\n<meta name=\"robots\" content=\"index, follow, max-snippet:-1, max-image-preview:large, max-video-preview:-1\" \/>\n<link rel=\"canonical\" href=\"https:\/\/rotario.com.br\/site\/evento-gastronomico-reforca-valorizacao-da-cultura-e-dos-sabores-de-rio-das-ostras\/\" \/>\n<meta property=\"og:locale\" content=\"pt_BR\" \/>\n<meta property=\"og:type\" content=\"article\" \/>\n<meta property=\"og:title\" content=\"Evento gastron\u00f4mico refor\u00e7a valoriza\u00e7\u00e3o da cultura e dos sabores de Rio das Ostras - Rota Rio\" \/>\n<meta property=\"og:description\" content=\"O N\u00facleo Gourmet de Rio das Ostras lan\u00e7ou, nessa ter\u00e7a-feira, 28 de abril, o Circuito Frutos da Terra, evento gastron\u00f4mico que promete celebrar os sabores locais, refor\u00e7ando a valoriza\u00e7\u00e3o da hist\u00f3ria e da identidade do munic\u00edpio. Realizado no Caf\u00e9 Melanina, em Costazul, o lan\u00e7amento contou com a presen\u00e7a do presidente do N\u00facleo Gourmet, Allan Barros, [&hellip;]\" \/>\n<meta property=\"og:url\" content=\"https:\/\/rotario.com.br\/site\/evento-gastronomico-reforca-valorizacao-da-cultura-e-dos-sabores-de-rio-das-ostras\/\" \/>\n<meta property=\"og:site_name\" content=\"Rota Rio\" \/>\n<meta property=\"article:published_time\" content=\"2026-04-29T20:34:11+00:00\" \/>\n<meta property=\"article:modified_time\" content=\"2026-04-29T20:34:19+00:00\" \/>\n<meta property=\"og:image\" content=\"https:\/\/rotario.com.br\/site\/wp-content\/uploads\/2026\/04\/WhatsApp-Image-2026-04-29-at-12.54.13-2.jpeg\" \/>\n\t<meta property=\"og:image:width\" content=\"800\" \/>\n\t<meta property=\"og:image:height\" content=\"600\" \/>\n\t<meta property=\"og:image:type\" content=\"image\/jpeg\" \/>\n<meta name=\"author\" content=\"Galv\u00e3o\" \/>\n<meta name=\"twitter:card\" content=\"summary_large_image\" \/>\n<meta name=\"twitter:label1\" content=\"Escrito por\" \/>\n\t<meta name=\"twitter:data1\" content=\"Galv\u00e3o\" \/>\n\t<meta name=\"twitter:label2\" content=\"Est. tempo de leitura\" \/>\n\t<meta name=\"twitter:data2\" content=\"2 minutos\" \/>\n<script type=\"application\/ld+json\" class=\"yoast-schema-graph\">{\"@context\":\"https:\/\/schema.org\",\"@graph\":[{\"@type\":\"Article\",\"@id\":\"https:\/\/rotario.com.br\/site\/evento-gastronomico-reforca-valorizacao-da-cultura-e-dos-sabores-de-rio-das-ostras\/#article\",\"isPartOf\":{\"@id\":\"https:\/\/rotario.com.br\/site\/evento-gastronomico-reforca-valorizacao-da-cultura-e-dos-sabores-de-rio-das-ostras\/\"},\"author\":{\"name\":\"Galv\u00e3o\",\"@id\":\"https:\/\/rotario.com.br\/site\/#\/schema\/person\/fd89bbbf4136f7e8a21e0dd67b8a66c7\"},\"headline\":\"Evento gastron\u00f4mico refor\u00e7a valoriza\u00e7\u00e3o da cultura e dos sabores de Rio das Ostras\",\"datePublished\":\"2026-04-29T20:34:11+00:00\",\"dateModified\":\"2026-04-29T20:34:19+00:00\",\"mainEntityOfPage\":{\"@id\":\"https:\/\/rotario.com.br\/site\/evento-gastronomico-reforca-valorizacao-da-cultura-e-dos-sabores-de-rio-das-ostras\/\"},\"wordCount\":274,\"commentCount\":0,\"publisher\":{\"@id\":\"https:\/\/rotario.com.br\/site\/#organization\"},\"image\":{\"@id\":\"https:\/\/rotario.com.br\/site\/evento-gastronomico-reforca-valorizacao-da-cultura-e-dos-sabores-de-rio-das-ostras\/#primaryimage\"},\"thumbnailUrl\":\"https:\/\/rotario.com.br\/site\/wp-content\/uploads\/2026\/04\/WhatsApp-Image-2026-04-29-at-12.54.13-2.jpeg\",\"keywords\":[\"Circuito Frutos da Terra\"],\"articleSection\":[\"Rio das Ostras\"],\"inLanguage\":\"pt-BR\",\"potentialAction\":[{\"@type\":\"CommentAction\",\"name\":\"Comment\",\"target\":[\"https:\/\/rotario.com.br\/site\/evento-gastronomico-reforca-valorizacao-da-cultura-e-dos-sabores-de-rio-das-ostras\/#respond\"]}]},{\"@type\":\"WebPage\",\"@id\":\"https:\/\/rotario.com.br\/site\/evento-gastronomico-reforca-valorizacao-da-cultura-e-dos-sabores-de-rio-das-ostras\/\",\"url\":\"https:\/\/rotario.com.br\/site\/evento-gastronomico-reforca-valorizacao-da-cultura-e-dos-sabores-de-rio-das-ostras\/\",\"name\":\"Evento gastron\u00f4mico refor\u00e7a valoriza\u00e7\u00e3o da cultura e dos sabores de Rio das Ostras - Rota Rio\",\"isPartOf\":{\"@id\":\"https:\/\/rotario.com.br\/site\/#website\"},\"primaryImageOfPage\":{\"@id\":\"https:\/\/rotario.com.br\/site\/evento-gastronomico-reforca-valorizacao-da-cultura-e-dos-sabores-de-rio-das-ostras\/#primaryimage\"},\"image\":{\"@id\":\"https:\/\/rotario.com.br\/site\/evento-gastronomico-reforca-valorizacao-da-cultura-e-dos-sabores-de-rio-das-ostras\/#primaryimage\"},\"thumbnailUrl\":\"https:\/\/rotario.com.br\/site\/wp-content\/uploads\/2026\/04\/WhatsApp-Image-2026-04-29-at-12.54.13-2.jpeg\",\"datePublished\":\"2026-04-29T20:34:11+00:00\",\"dateModified\":\"2026-04-29T20:34:19+00:00\",\"breadcrumb\":{\"@id\":\"https:\/\/rotario.com.br\/site\/evento-gastronomico-reforca-valorizacao-da-cultura-e-dos-sabores-de-rio-das-ostras\/#breadcrumb\"},\"inLanguage\":\"pt-BR\",\"potentialAction\":[{\"@type\":\"ReadAction\",\"target\":[\"https:\/\/rotario.com.br\/site\/evento-gastronomico-reforca-valorizacao-da-cultura-e-dos-sabores-de-rio-das-ostras\/\"]}]},{\"@type\":\"ImageObject\",\"inLanguage\":\"pt-BR\",\"@id\":\"https:\/\/rotario.com.br\/site\/evento-gastronomico-reforca-valorizacao-da-cultura-e-dos-sabores-de-rio-das-ostras\/#primaryimage\",\"url\":\"https:\/\/rotario.com.br\/site\/wp-content\/uploads\/2026\/04\/WhatsApp-Image-2026-04-29-at-12.54.13-2.jpeg\",\"contentUrl\":\"https:\/\/rotario.com.br\/site\/wp-content\/uploads\/2026\/04\/WhatsApp-Image-2026-04-29-at-12.54.13-2.jpeg\",\"width\":800,\"height\":600},{\"@type\":\"BreadcrumbList\",\"@id\":\"https:\/\/rotario.com.br\/site\/evento-gastronomico-reforca-valorizacao-da-cultura-e-dos-sabores-de-rio-das-ostras\/#breadcrumb\",\"itemListElement\":[{\"@type\":\"ListItem\",\"position\":1,\"name\":\"In\u00edcio\",\"item\":\"https:\/\/rotario.com.br\/site\/\"},{\"@type\":\"ListItem\",\"position\":2,\"name\":\"Evento gastron\u00f4mico refor\u00e7a valoriza\u00e7\u00e3o da cultura e dos sabores de Rio das Ostras\"}]},{\"@type\":\"WebSite\",\"@id\":\"https:\/\/rotario.com.br\/site\/#website\",\"url\":\"https:\/\/rotario.com.br\/site\/\",\"name\":\"Rota Rio\",\"description\":\"Aqui, o Rio de Janeiro \u00e9 a pauta!\",\"publisher\":{\"@id\":\"https:\/\/rotario.com.br\/site\/#organization\"},\"potentialAction\":[{\"@type\":\"SearchAction\",\"target\":{\"@type\":\"EntryPoint\",\"urlTemplate\":\"https:\/\/rotario.com.br\/site\/?s={search_term_string}\"},\"query-input\":{\"@type\":\"PropertyValueSpecification\",\"valueRequired\":true,\"valueName\":\"search_term_string\"}}],\"inLanguage\":\"pt-BR\"},{\"@type\":\"Organization\",\"@id\":\"https:\/\/rotario.com.br\/site\/#organization\",\"name\":\"Rota Rio\",\"url\":\"https:\/\/rotario.com.br\/site\/\",\"logo\":{\"@type\":\"ImageObject\",\"inLanguage\":\"pt-BR\",\"@id\":\"https:\/\/rotario.com.br\/site\/#\/schema\/logo\/image\/\",\"url\":\"https:\/\/rotario.com.br\/site\/wp-content\/uploads\/2022\/04\/cropped-ROTARIO-LOGO-Prancheta-1-1-2048x654-1.png\",\"contentUrl\":\"https:\/\/rotario.com.br\/site\/wp-content\/uploads\/2022\/04\/cropped-ROTARIO-LOGO-Prancheta-1-1-2048x654-1.png\",\"width\":2048,\"height\":654,\"caption\":\"Rota Rio\"},\"image\":{\"@id\":\"https:\/\/rotario.com.br\/site\/#\/schema\/logo\/image\/\"}},{\"@type\":\"Person\",\"@id\":\"https:\/\/rotario.com.br\/site\/#\/schema\/person\/fd89bbbf4136f7e8a21e0dd67b8a66c7\",\"name\":\"Galv\u00e3o\",\"url\":\"https:\/\/rotario.com.br\/site\/author\/daniel\/\"}]}<\/script>\n<!-- \/ Yoast SEO plugin. -->","yoast_head_json":{"title":"Evento gastron\u00f4mico refor\u00e7a valoriza\u00e7\u00e3o da cultura e dos sabores de Rio das Ostras - Rota Rio","robots":{"index":"index","follow":"follow","max-snippet":"max-snippet:-1","max-image-preview":"max-image-preview:large","max-video-preview":"max-video-preview:-1"},"canonical":"https:\/\/rotario.com.br\/site\/evento-gastronomico-reforca-valorizacao-da-cultura-e-dos-sabores-de-rio-das-ostras\/","og_locale":"pt_BR","og_type":"article","og_title":"Evento gastron\u00f4mico refor\u00e7a valoriza\u00e7\u00e3o da cultura e dos sabores de Rio das Ostras - Rota Rio","og_description":"O N\u00facleo Gourmet de Rio das Ostras lan\u00e7ou, nessa ter\u00e7a-feira, 28 de abril, o Circuito Frutos da Terra, evento gastron\u00f4mico que promete celebrar os sabores locais, refor\u00e7ando a valoriza\u00e7\u00e3o da hist\u00f3ria e da identidade do munic\u00edpio. Realizado no Caf\u00e9 Melanina, em Costazul, o lan\u00e7amento contou com a presen\u00e7a do presidente do N\u00facleo Gourmet, Allan Barros, [&hellip;]","og_url":"https:\/\/rotario.com.br\/site\/evento-gastronomico-reforca-valorizacao-da-cultura-e-dos-sabores-de-rio-das-ostras\/","og_site_name":"Rota Rio","article_published_time":"2026-04-29T20:34:11+00:00","article_modified_time":"2026-04-29T20:34:19+00:00","og_image":[{"width":800,"height":600,"url":"https:\/\/rotario.com.br\/site\/wp-content\/uploads\/2026\/04\/WhatsApp-Image-2026-04-29-at-12.54.13-2.jpeg","type":"image\/jpeg"}],"author":"Galv\u00e3o","twitter_card":"summary_large_image","twitter_misc":{"Escrito por":"Galv\u00e3o","Est. tempo de leitura":"2 minutos"},"schema":{"@context":"https:\/\/schema.org","@graph":[{"@type":"Article","@id":"https:\/\/rotario.com.br\/site\/evento-gastronomico-reforca-valorizacao-da-cultura-e-dos-sabores-de-rio-das-ostras\/#article","isPartOf":{"@id":"https:\/\/rotario.com.br\/site\/evento-gastronomico-reforca-valorizacao-da-cultura-e-dos-sabores-de-rio-das-ostras\/"},"author":{"name":"Galv\u00e3o","@id":"https:\/\/rotario.com.br\/site\/#\/schema\/person\/fd89bbbf4136f7e8a21e0dd67b8a66c7"},"headline":"Evento gastron\u00f4mico refor\u00e7a valoriza\u00e7\u00e3o da cultura e dos sabores de Rio das Ostras","datePublished":"2026-04-29T20:34:11+00:00","dateModified":"2026-04-29T20:34:19+00:00","mainEntityOfPage":{"@id":"https:\/\/rotario.com.br\/site\/evento-gastronomico-reforca-valorizacao-da-cultura-e-dos-sabores-de-rio-das-ostras\/"},"wordCount":274,"commentCount":0,"publisher":{"@id":"https:\/\/rotario.com.br\/site\/#organization"},"image":{"@id":"https:\/\/rotario.com.br\/site\/evento-gastronomico-reforca-valorizacao-da-cultura-e-dos-sabores-de-rio-das-ostras\/#primaryimage"},"thumbnailUrl":"https:\/\/rotario.com.br\/site\/wp-content\/uploads\/2026\/04\/WhatsApp-Image-2026-04-29-at-12.54.13-2.jpeg","keywords":["Circuito Frutos da Terra"],"articleSection":["Rio das Ostras"],"inLanguage":"pt-BR","potentialAction":[{"@type":"CommentAction","name":"Comment","target":["https:\/\/rotario.com.br\/site\/evento-gastronomico-reforca-valorizacao-da-cultura-e-dos-sabores-de-rio-das-ostras\/#respond"]}]},{"@type":"WebPage","@id":"https:\/\/rotario.com.br\/site\/evento-gastronomico-reforca-valorizacao-da-cultura-e-dos-sabores-de-rio-das-ostras\/","url":"https:\/\/rotario.com.br\/site\/evento-gastronomico-reforca-valorizacao-da-cultura-e-dos-sabores-de-rio-das-ostras\/","name":"Evento gastron\u00f4mico refor\u00e7a valoriza\u00e7\u00e3o da cultura e dos sabores de Rio das Ostras - Rota Rio","isPartOf":{"@id":"https:\/\/rotario.com.br\/site\/#website"},"primaryImageOfPage":{"@id":"https:\/\/rotario.com.br\/site\/evento-gastronomico-reforca-valorizacao-da-cultura-e-dos-sabores-de-rio-das-ostras\/#primaryimage"},"image":{"@id":"https:\/\/rotario.com.br\/site\/evento-gastronomico-reforca-valorizacao-da-cultura-e-dos-sabores-de-rio-das-ostras\/#primaryimage"},"thumbnailUrl":"https:\/\/rotario.com.br\/site\/wp-content\/uploads\/2026\/04\/WhatsApp-Image-2026-04-29-at-12.54.13-2.jpeg","datePublished":"2026-04-29T20:34:11+00:00","dateModified":"2026-04-29T20:34:19+00:00","breadcrumb":{"@id":"https:\/\/rotario.com.br\/site\/evento-gastronomico-reforca-valorizacao-da-cultura-e-dos-sabores-de-rio-das-ostras\/#breadcrumb"},"inLanguage":"pt-BR","potentialAction":[{"@type":"ReadAction","target":["https:\/\/rotario.com.br\/site\/evento-gastronomico-reforca-valorizacao-da-cultura-e-dos-sabores-de-rio-das-ostras\/"]}]},{"@type":"ImageObject","inLanguage":"pt-BR","@id":"https:\/\/rotario.com.br\/site\/evento-gastronomico-reforca-valorizacao-da-cultura-e-dos-sabores-de-rio-das-ostras\/#primaryimage","url":"https:\/\/rotario.com.br\/site\/wp-content\/uploads\/2026\/04\/WhatsApp-Image-2026-04-29-at-12.54.13-2.jpeg","contentUrl":"https:\/\/rotario.com.br\/site\/wp-content\/uploads\/2026\/04\/WhatsApp-Image-2026-04-29-at-12.54.13-2.jpeg","width":800,"height":600},{"@type":"BreadcrumbList","@id":"https:\/\/rotario.com.br\/site\/evento-gastronomico-reforca-valorizacao-da-cultura-e-dos-sabores-de-rio-das-ostras\/#breadcrumb","itemListElement":[{"@type":"ListItem","position":1,"name":"In\u00edcio","item":"https:\/\/rotario.com.br\/site\/"},{"@type":"ListItem","position":2,"name":"Evento gastron\u00f4mico refor\u00e7a valoriza\u00e7\u00e3o da cultura e dos sabores de Rio das Ostras"}]},{"@type":"WebSite","@id":"https:\/\/rotario.com.br\/site\/#website","url":"https:\/\/rotario.com.br\/site\/","name":"Rota Rio","description":"Aqui, o Rio de Janeiro \u00e9 a pauta!","publisher":{"@id":"https:\/\/rotario.com.br\/site\/#organization"},"potentialAction":[{"@type":"SearchAction","target":{"@type":"EntryPoint","urlTemplate":"https:\/\/rotario.com.br\/site\/?s={search_term_string}"},"query-input":{"@type":"PropertyValueSpecification","valueRequired":true,"valueName":"search_term_string"}}],"inLanguage":"pt-BR"},{"@type":"Organization","@id":"https:\/\/rotario.com.br\/site\/#organization","name":"Rota Rio","url":"https:\/\/rotario.com.br\/site\/","logo":{"@type":"ImageObject","inLanguage":"pt-BR","@id":"https:\/\/rotario.com.br\/site\/#\/schema\/logo\/image\/","url":"https:\/\/rotario.com.br\/site\/wp-content\/uploads\/2022\/04\/cropped-ROTARIO-LOGO-Prancheta-1-1-2048x654-1.png","contentUrl":"https:\/\/rotario.com.br\/site\/wp-content\/uploads\/2022\/04\/cropped-ROTARIO-LOGO-Prancheta-1-1-2048x654-1.png","width":2048,"height":654,"caption":"Rota Rio"},"image":{"@id":"https:\/\/rotario.com.br\/site\/#\/schema\/logo\/image\/"}},{"@type":"Person","@id":"https:\/\/rotario.com.br\/site\/#\/schema\/person\/fd89bbbf4136f7e8a21e0dd67b8a66c7","name":"Galv\u00e3o","url":"https:\/\/rotario.com.br\/site\/author\/daniel\/"}]}},"_links":{"self":[{"href":"https:\/\/rotario.com.br\/site\/wp-json\/wp\/v2\/posts\/35751","targetHints":{"allow":["GET"]}}],"collection":[{"href":"https:\/\/rotario.com.br\/site\/wp-json\/wp\/v2\/posts"}],"about":[{"href":"https:\/\/rotario.com.br\/site\/wp-json\/wp\/v2\/types\/post"}],"author":[{"embeddable":true,"href":"https:\/\/rotario.com.br\/site\/wp-json\/wp\/v2\/users\/2"}],"replies":[{"embeddable":true,"href":"https:\/\/rotario.com.br\/site\/wp-json\/wp\/v2\/comments?post=35751"}],"version-history":[{"count":2,"href":"https:\/\/rotario.com.br\/site\/wp-json\/wp\/v2\/posts\/35751\/revisions"}],"predecessor-version":[{"id":35754,"href":"https:\/\/rotario.com.br\/site\/wp-json\/wp\/v2\/posts\/35751\/revisions\/35754"}],"wp:featuredmedia":[{"embeddable":true,"href":"https:\/\/rotario.com.br\/site\/wp-json\/wp\/v2\/media\/35752"}],"wp:attachment":[{"href":"https:\/\/rotario.com.br\/site\/wp-json\/wp\/v2\/media?parent=35751"}],"wp:term":[{"taxonomy":"category","embeddable":true,"href":"https:\/\/rotario.com.br\/site\/wp-json\/wp\/v2\/categories?post=35751"},{"taxonomy":"post_tag","embeddable":true,"href":"https:\/\/rotario.com.br\/site\/wp-json\/wp\/v2\/tags?post=35751"}],"curies":[{"name":"wp","href":"https:\/\/api.w.org\/{rel}","templated":true}]}}